{"id":1043,"date":"2025-03-04T22:34:05","date_gmt":"2025-03-05T01:34:05","guid":{"rendered":"https:\/\/santaanadelosguacaras.gob.ar\/sitio\/?p=1043"},"modified":"2025-03-04T22:38:44","modified_gmt":"2025-03-05T01:38:44","slug":"ganadores-carnavales-2025-en-santa-ana-de-los-guacaras","status":"publish","type":"post","link":"https:\/\/santaanadelosguacaras.gob.ar\/sitio\/ganadores-carnavales-2025-en-santa-ana-de-los-guacaras\/","title":{"rendered":"Ganadores Carnavales 2025 en Santa Ana de los Gu\u00e1caras"},"content":{"rendered":"\n<p>Este lunes 3 de marzo se realiz\u00f3 el cierre de los Carnavales 2025, con entrega de premios a los ganadores, actuaci\u00f3n del grupo musical Mauri el Arranke y fiesta de la espuma.<\/p>\n\n\n\n<p>El jurado de los carnavales estuvo integrado por Gonzalo C\u00f3rdoba, Daiana Osuna, Luis Bogado.<\/p>\n\n\n\n<p>Los carnavales se realizaron del 28 de febrero al 3 de marzo,&nbsp; participaron las comparsas locales Santa Ana Por\u00e3, Jasy Koe y Samba Ingenio, quienes compitieron.<\/p>\n\n\n\n<p>Las comparsas invitadas fueron: Imperial, de Corrientes, Murga \u00abLas Turistas\u00bb, de San Cosme, Comparsa \u00abF\u00e9nix\u00bb, de El Sombrero, Agrupaci\u00f3n Musical Sarava, de Corrientes, Rayito de Sol, de San Cosme, Tah\u00fdi Bera, de San Cosme.<\/p>\n\n\n\n<p><strong>GANADORES:<\/strong><\/p>\n\n\n\n<p><strong>Menciones Especiales:<\/strong><\/p>\n\n\n\n<p>MIEREZ FRANCHESCA,&nbsp; de Santa Ana Por\u00e3.<\/p>\n\n\n\n<p>MICMACHER DARIA, de Jasy Koe,&nbsp; por destaque en danza.<\/p>\n\n\n\n<p>R\u00edOS LUC\u00edA, de Jasy Koe,&nbsp; por destaque en danza.<\/p>\n\n\n\n<p>AVALOS ROM\u00c1N, destaque por su actuaci\u00f3n en la Escuela de Samba de Santa Ana Por\u00e3.<br><br><br><\/p>\n\n\n\n<p><strong><u>ENTREGA DE PREMIOS<\/u><\/strong><\/p>\n\n\n\n<p><strong>CATEGOR\u00cdA INFANTIL:<\/strong><\/p>\n\n\n\n<p>1. MEJOR BASTONERA INFANTIL: ZALAZAR MICAELA, de Jasy Koe.<\/p>\n\n\n\n<p>2. MEJOR PASISTA INFANTIL: MICMACHER DARIA, de Jasy Koe.<\/p>\n\n\n\n<p>3. MEJOR DESTAQUE DE CARNAVAL INFANTIL: MARLENE ROMERO, de Santa Ana Por\u00e3.<\/p>\n\n\n\n<p>4. REY MOMO INFANTIL: VERA ROMERO SANTINO, de Santa Ana Por\u00e3.<\/p>\n\n\n\n<p>5. MEJOR GRUPO DE BAILE: LAS VAQUERITAS, de Jasy Koe.&nbsp; Mar\u00eda Celeste Mendoza, Morena Itat\u00ed Mendoza, Celina Elizabet Soto P\u00e9rez, Vidal Rodr\u00edguez Alfonsina y Goitia Ana Paz.<\/p>\n\n\n\n<p>6. MEJOR COREOGRAF\u00cdA Y M\u00daSICA INFANTIL: Santa Ana Por\u00e3.<\/p>\n\n\n\n<p>7. MEJOR VESTUARIO INFANTIL: Santa Ana Por\u00e3.<\/p>\n\n\n\n<p>8. EMBAJADORA INFANTIL DEL CARNAVAL: Empate entre Ram\u00edrez Sosa Lucero de Jasy Koe y Saucedo Yenifer, de Santa Ana Por\u00e3.<\/p>\n\n\n\n<p>9. ESP\u00cdRITU INFANTIL DEL CARNAVAL: Fern\u00e1ndez Mar\u00eda, de Jasy Koe.<\/p>\n\n\n\n<p>10. MEJOR SOLISTA INFANTIL: Micmacher Mercedes, de Jasy Koe.<\/p>\n\n\n\n<p>11. MEJOR D\u00daO INFANTIL: Representan los caballos y ellos son R\u00edos Gamarra Lucia y R\u00edos Gamarra Catalina, de Jasy Koe.&nbsp;<\/p>\n\n\n\n<p>12. MEJOR VESTUARIO MASCULINO INFANTIL: Vera Romero M\u00e1ximo, de Santa Ana Por\u00e3.<\/p>\n\n\n\n<p>13. REINA DE LA ELEGANCIA: ESPRIGITO YULIAT, de Samba Ingenio.<\/p>\n\n\n\n<p>14. REINA DE BELLEZA: Ram\u00edrez Maylen Luc\u00eda,&nbsp; de Jasy Koe.<\/p>\n\n\n\n<p>15. REINA DEL CARNAVAL: Leyes Francesca, de Santa Ana Por Por\u00e3.<\/p>\n\n\n\n<p><br>&nbsp;<strong>CATEGORIA MAYORES:<\/strong><\/p>\n\n\n\n<p>1. MEJOR ESTANDARTE:&nbsp; Representa a la CARPA DEL CIRCO con un payaso dando la bienvenida, de Santa Ana Por\u00e3.<\/p>\n\n\n\n<p>2. MEJOR PORTAESTANDARTE: LOPEZ HORACIO, de Santa Ana Por\u00e3.<\/p>\n\n\n\n<p>3. MEJOR BASTONERA: SERVIAN CINTIA, de Santa Ana Por\u00e3.<\/p>\n\n\n\n<p>4. MEJOR PASISTA:&nbsp; Empate entre MORALES MERCEDES,&nbsp; de Santa Ana Por\u00e3&nbsp; y RIOS GAMARRA TIZIANA, de Jasy Koe.<\/p>\n\n\n\n<p>5. MEJOR DESTAQUE DE CARNAVAL: ARGUELLO BRAIAN, de Jasy Koe.<\/p>\n\n\n\n<p>6. REY MOMO MAYORES: RAMIRO GAUNA,&nbsp; de Santa Ana Por\u00e3.<\/p>\n\n\n\n<p>&nbsp;7. MEJOR GRUPO DE BAILE: Representan las acrobacias con varillas. CAMA\u00d1O DAMARIS, DUR\u00c9 ANTONELLA, BEN\u00cdTEZ NICOLE, Y DUR\u00c9 LUDMILA, de Santa Ana Por\u00e3.<\/p>\n\n\n\n<p>8. MEJOR COREOGRAFIA Y MUSICA: Santa Ana Por\u00e3.<\/p>\n\n\n\n<p>9. MEJOR VESTUARIO DE COMPARSA: Santa Ana Por\u00e3.<\/p>\n\n\n\n<p>10. EMBAJADORA DEL CARNAVAL: ZALAZAR MILAGROS, de Jasy Koe.<\/p>\n\n\n\n<p>11. ESPIRITU DEL CARNAVAL: BRITEZ SUSANA,&nbsp; de Santa Ana Por\u00e3.<\/p>\n\n\n\n<p>12. MEJOR SOLISTA MAYORES: GARCIA ANELEI,&nbsp; de Santa Ana Por\u00e3.<\/p>\n\n\n\n<p>13. MEJOR DUO MAYORES: ESPINOSA NICOLAS Y DELGADO EMILIANO,&nbsp; de Santa Ana Por\u00e3.<\/p>\n\n\n\n<p>14. MEJOR VESTUARIO MASCULINO: AGUIRRE AGUSTIN, de Santa Ana Por\u00e3.<\/p>\n\n\n\n<p>15. REINA DE LA ELEGANCIA: VENDLER SOLEDA YANINA,&nbsp; de Samba Ingenio.<\/p>\n\n\n\n<p>16. REINA DE BELLEZA: ALDAVEZ MARYLIN, de Jasy Koe.<\/p>\n\n\n\n<p>17. REINA DEL CARNAVAL:&nbsp; GONZALEZ LUDMILA, de Santa Ana Por\u00e3.<\/p>\n\n\n\n<p>\u2713 MEJOR ESCUELA DE SAMBA: SAMBA INGENIO.<\/p>\n\n\n\n<p>\u2713 MEJOR CARROZA: SANTA ANA PORA.<\/p>\n\n\n\n<p>\u2713 MEJOR COMPARSA: JASY KOE.<\/p>\n\n\n\n<p>\u2713 BASTONERA DE ESCUELA DE SAMBA: SAMBA INGENIO.<\/p>\n\n\n\n<figure class=\"wp-block-gallery has-nested-images columns-default is-cropped wp-block-gallery-1 is-layout-flex wp-block-gallery-is-layout-flex\">\n<figure class=\"wp-block-image size-large\"><a href=\"https:\/\/santaanadelosguacaras.gob.ar\/sitio\/wp-content\/uploads\/2025\/03\/01-scaled.jpg\"><img loading=\"lazy\" decoding=\"async\" width=\"1024\" height=\"683\" data-id=\"1058\" src=\"https:\/\/santaanadelosguacaras.gob.ar\/sitio\/wp-content\/uploads\/2025\/03\/01-1024x683.jpg\" alt=\"\" class=\"wp-image-1058\" srcset=\"https:\/\/santaanadelosguacaras.gob.ar\/sitio\/wp-content\/uploads\/2025\/03\/01-1024x683.jpg 1024w, https:\/\/santaanadelosguacaras.gob.ar\/sitio\/wp-content\/uploads\/2025\/03\/01-300x200.jpg 300w, https:\/\/santaanadelosguacaras.gob.ar\/sitio\/wp-content\/uploads\/2025\/03\/01-768x512.jpg 768w, https:\/\/santaanadelosguacaras.gob.ar\/sitio\/wp-content\/uploads\/2025\/03\/01-1536x1024.jpg 1536w, https:\/\/santaanadelosguacaras.gob.ar\/sitio\/wp-content\/uploads\/2025\/03\/01-2048x1365.jpg 2048w\" sizes=\"auto, (max-width: 1024px) 100vw, 1024px\" \/><\/a><\/figure>\n\n\n\n<figure class=\"wp-block-image size-large\"><a href=\"https:\/\/santaanadelosguacaras.gob.ar\/sitio\/wp-content\/uploads\/2025\/03\/02-scaled.jpg\"><img loading=\"lazy\" decoding=\"async\" width=\"683\" height=\"1024\" data-id=\"1057\" src=\"https:\/\/santaanadelosguacaras.gob.ar\/sitio\/wp-content\/uploads\/2025\/03\/02-683x1024.jpg\" alt=\"\" class=\"wp-image-1057\" srcset=\"https:\/\/santaanadelosguacaras.gob.ar\/sitio\/wp-content\/uploads\/2025\/03\/02-683x1024.jpg 683w, https:\/\/santaanadelosguacaras.gob.ar\/sitio\/wp-content\/uploads\/2025\/03\/02-200x300.jpg 200w, https:\/\/santaanadelosguacaras.gob.ar\/sitio\/wp-content\/uploads\/2025\/03\/02-768x1152.jpg 768w, https:\/\/santaanadelosguacaras.gob.ar\/sitio\/wp-content\/uploads\/2025\/03\/02-1024x1536.jpg 1024w, https:\/\/santaanadelosguacaras.gob.ar\/sitio\/wp-content\/uploads\/2025\/03\/02-1365x2048.jpg 1365w, https:\/\/santaanadelosguacaras.gob.ar\/sitio\/wp-content\/uploads\/2025\/03\/02-scaled.jpg 1707w\" sizes=\"auto, (max-width: 683px) 100vw, 683px\" \/><\/a><\/figure>\n\n\n\n<figure class=\"wp-block-image size-large\"><a href=\"https:\/\/santaanadelosguacaras.gob.ar\/sitio\/wp-content\/uploads\/2025\/03\/03-scaled.jpg\"><img loading=\"lazy\" decoding=\"async\" width=\"588\" height=\"1024\" data-id=\"1056\" src=\"https:\/\/santaanadelosguacaras.gob.ar\/sitio\/wp-content\/uploads\/2025\/03\/03-588x1024.jpg\" alt=\"\" class=\"wp-image-1056\" srcset=\"https:\/\/santaanadelosguacaras.gob.ar\/sitio\/wp-content\/uploads\/2025\/03\/03-588x1024.jpg 588w, https:\/\/santaanadelosguacaras.gob.ar\/sitio\/wp-content\/uploads\/2025\/03\/03-172x300.jpg 172w, https:\/\/santaanadelosguacaras.gob.ar\/sitio\/wp-content\/uploads\/2025\/03\/03-768x1336.jpg 768w, https:\/\/santaanadelosguacaras.gob.ar\/sitio\/wp-content\/uploads\/2025\/03\/03-883x1536.jpg 883w, https:\/\/santaanadelosguacaras.gob.ar\/sitio\/wp-content\/uploads\/2025\/03\/03-1177x2048.jpg 1177w, https:\/\/santaanadelosguacaras.gob.ar\/sitio\/wp-content\/uploads\/2025\/03\/03-scaled.jpg 1471w\" sizes=\"auto, (max-width: 588px) 100vw, 588px\" \/><\/a><\/figure>\n\n\n\n<figure class=\"wp-block-image size-large\"><a href=\"https:\/\/santaanadelosguacaras.gob.ar\/sitio\/wp-content\/uploads\/2025\/03\/04-scaled.jpg\"><img loading=\"lazy\" decoding=\"async\" width=\"1024\" height=\"683\" data-id=\"1060\" src=\"https:\/\/santaanadelosguacaras.gob.ar\/sitio\/wp-content\/uploads\/2025\/03\/04-1024x683.jpg\" alt=\"\" class=\"wp-image-1060\" srcset=\"https:\/\/santaanadelosguacaras.gob.ar\/sitio\/wp-content\/uploads\/2025\/03\/04-1024x683.jpg 1024w, https:\/\/santaanadelosguacaras.gob.ar\/sitio\/wp-content\/uploads\/2025\/03\/04-300x200.jpg 300w, https:\/\/santaanadelosguacaras.gob.ar\/sitio\/wp-content\/uploads\/2025\/03\/04-768x512.jpg 768w, https:\/\/santaanadelosguacaras.gob.ar\/sitio\/wp-content\/uploads\/2025\/03\/04-1536x1024.jpg 1536w, https:\/\/santaanadelosguacaras.gob.ar\/sitio\/wp-content\/uploads\/2025\/03\/04-2048x1365.jpg 2048w\" sizes=\"auto, (max-width: 1024px) 100vw, 1024px\" \/><\/a><\/figure>\n\n\n\n<figure class=\"wp-block-image size-large\"><a href=\"https:\/\/santaanadelosguacaras.gob.ar\/sitio\/wp-content\/uploads\/2025\/03\/05-scaled.jpg\"><img loading=\"lazy\" decoding=\"async\" width=\"1024\" height=\"683\" data-id=\"1089\" src=\"https:\/\/santaanadelosguacaras.gob.ar\/sitio\/wp-content\/uploads\/2025\/03\/05-1024x683.jpg\" alt=\"\" class=\"wp-image-1089\" srcset=\"https:\/\/santaanadelosguacaras.gob.ar\/sitio\/wp-content\/uploads\/2025\/03\/05-1024x683.jpg 1024w, https:\/\/santaanadelosguacaras.gob.ar\/sitio\/wp-content\/uploads\/2025\/03\/05-300x200.jpg 300w, https:\/\/santaanadelosguacaras.gob.ar\/sitio\/wp-content\/uploads\/2025\/03\/05-768x512.jpg 768w, https:\/\/santaanadelosguacaras.gob.ar\/sitio\/wp-content\/uploads\/2025\/03\/05-1536x1024.jpg 1536w, https:\/\/santaanadelosguacaras.gob.ar\/sitio\/wp-content\/uploads\/2025\/03\/05-2048x1365.jpg 2048w\" sizes=\"auto, (max-width: 1024px) 100vw, 1024px\" \/><\/a><\/figure>\n\n\n\n<figure class=\"wp-block-image size-large\"><a href=\"https:\/\/santaanadelosguacaras.gob.ar\/sitio\/wp-content\/uploads\/2025\/03\/06-scaled.jpg\"><img loading=\"lazy\" decoding=\"async\" width=\"1024\" height=\"683\" data-id=\"1063\" src=\"https:\/\/santaanadelosguacaras.gob.ar\/sitio\/wp-content\/uploads\/2025\/03\/06-1024x683.jpg\" alt=\"\" class=\"wp-image-1063\" srcset=\"https:\/\/santaanadelosguacaras.gob.ar\/sitio\/wp-content\/uploads\/2025\/03\/06-1024x683.jpg 1024w, https:\/\/santaanadelosguacaras.gob.ar\/sitio\/wp-content\/uploads\/2025\/03\/06-300x200.jpg 300w, https:\/\/santaanadelosguacaras.gob.ar\/sitio\/wp-content\/uploads\/2025\/03\/06-768x512.jpg 768w, https:\/\/santaanadelosguacaras.gob.ar\/sitio\/wp-content\/uploads\/2025\/03\/06-1536x1024.jpg 1536w, https:\/\/santaanadelosguacaras.gob.ar\/sitio\/wp-content\/uploads\/2025\/03\/06-2048x1365.jpg 2048w\" sizes=\"auto, (max-width: 1024px) 100vw, 1024px\" \/><\/a><\/figure>\n\n\n\n<figure class=\"wp-block-image size-large\"><a href=\"https:\/\/santaanadelosguacaras.gob.ar\/sitio\/wp-content\/uploads\/2025\/03\/07-scaled.jpg\"><img loading=\"lazy\" decoding=\"async\" width=\"683\" height=\"1024\" data-id=\"1059\" src=\"https:\/\/santaanadelosguacaras.gob.ar\/sitio\/wp-content\/uploads\/2025\/03\/07-683x1024.jpg\" alt=\"\" class=\"wp-image-1059\" srcset=\"https:\/\/santaanadelosguacaras.gob.ar\/sitio\/wp-content\/uploads\/2025\/03\/07-683x1024.jpg 683w, https:\/\/santaanadelosguacaras.gob.ar\/sitio\/wp-content\/uploads\/2025\/03\/07-200x300.jpg 200w, https:\/\/santaanadelosguacaras.gob.ar\/sitio\/wp-content\/uploads\/2025\/03\/07-768x1152.jpg 768w, https:\/\/santaanadelosguacaras.gob.ar\/sitio\/wp-content\/uploads\/2025\/03\/07-1024x1536.jpg 1024w, https:\/\/santaanadelosguacaras.gob.ar\/sitio\/wp-content\/uploads\/2025\/03\/07-1365x2048.jpg 1365w, https:\/\/santaanadelosguacaras.gob.ar\/sitio\/wp-content\/uploads\/2025\/03\/07-scaled.jpg 1707w\" sizes=\"auto, (max-width: 683px) 100vw, 683px\" \/><\/a><\/figure>\n\n\n\n<figure class=\"wp-block-image size-large\"><a href=\"https:\/\/santaanadelosguacaras.gob.ar\/sitio\/wp-content\/uploads\/2025\/03\/08-scaled.jpg\"><img loading=\"lazy\" decoding=\"async\" width=\"683\" height=\"1024\" data-id=\"1071\" src=\"https:\/\/santaanadelosguacaras.gob.ar\/sitio\/wp-content\/uploads\/2025\/03\/08-683x1024.jpg\" alt=\"\" class=\"wp-image-1071\" srcset=\"https:\/\/santaanadelosguacaras.gob.ar\/sitio\/wp-content\/uploads\/2025\/03\/08-683x1024.jpg 683w, https:\/\/santaanadelosguacaras.gob.ar\/sitio\/wp-content\/uploads\/2025\/03\/08-200x300.jpg 200w, https:\/\/santaanadelosguacaras.gob.ar\/sitio\/wp-content\/uploads\/2025\/03\/08-768x1152.jpg 768w, https:\/\/santaanadelosguacaras.gob.ar\/sitio\/wp-content\/uploads\/2025\/03\/08-1024x1536.jpg 1024w, https:\/\/santaanadelosguacaras.gob.ar\/sitio\/wp-content\/uploads\/2025\/03\/08-1365x2048.jpg 1365w, https:\/\/santaanadelosguacaras.gob.ar\/sitio\/wp-content\/uploads\/2025\/03\/08-scaled.jpg 1707w\" sizes=\"auto, (max-width: 683px) 100vw, 683px\" \/><\/a><\/figure>\n\n\n\n<figure class=\"wp-block-image size-large\"><a href=\"https:\/\/santaanadelosguacaras.gob.ar\/sitio\/wp-content\/uploads\/2025\/03\/09-scaled.jpg\"><img loading=\"lazy\" decoding=\"async\" width=\"683\" height=\"1024\" data-id=\"1066\" src=\"https:\/\/santaanadelosguacaras.gob.ar\/sitio\/wp-content\/uploads\/2025\/03\/09-683x1024.jpg\" alt=\"\" class=\"wp-image-1066\" srcset=\"https:\/\/santaanadelosguacaras.gob.ar\/sitio\/wp-content\/uploads\/2025\/03\/09-683x1024.jpg 683w, https:\/\/santaanadelosguacaras.gob.ar\/sitio\/wp-content\/uploads\/2025\/03\/09-200x300.jpg 200w, https:\/\/santaanadelosguacaras.gob.ar\/sitio\/wp-content\/uploads\/2025\/03\/09-768x1152.jpg 768w, https:\/\/santaanadelosguacaras.gob.ar\/sitio\/wp-content\/uploads\/2025\/03\/09-1024x1536.jpg 1024w, https:\/\/santaanadelosguacaras.gob.ar\/sitio\/wp-content\/uploads\/2025\/03\/09-1365x2048.jpg 1365w, https:\/\/santaanadelosguacaras.gob.ar\/sitio\/wp-content\/uploads\/2025\/03\/09-scaled.jpg 1707w\" sizes=\"auto, (max-width: 683px) 100vw, 683px\" \/><\/a><\/figure>\n\n\n\n<figure class=\"wp-block-image size-large\"><a href=\"https:\/\/santaanadelosguacaras.gob.ar\/sitio\/wp-content\/uploads\/2025\/03\/10-scaled.jpg\"><img loading=\"lazy\" decoding=\"async\" width=\"683\" height=\"1024\" data-id=\"1074\" src=\"https:\/\/santaanadelosguacaras.gob.ar\/sitio\/wp-content\/uploads\/2025\/03\/10-683x1024.jpg\" alt=\"\" class=\"wp-image-1074\" srcset=\"https:\/\/santaanadelosguacaras.gob.ar\/sitio\/wp-content\/uploads\/2025\/03\/10-683x1024.jpg 683w, https:\/\/santaanadelosguacaras.gob.ar\/sitio\/wp-content\/uploads\/2025\/03\/10-200x300.jpg 200w, https:\/\/santaanadelosguacaras.gob.ar\/sitio\/wp-content\/uploads\/2025\/03\/10-768x1152.jpg 768w, https:\/\/santaanadelosguacaras.gob.ar\/sitio\/wp-content\/uploads\/2025\/03\/10-1024x1536.jpg 1024w, https:\/\/santaanadelosguacaras.gob.ar\/sitio\/wp-content\/uploads\/2025\/03\/10-1365x2048.jpg 1365w, https:\/\/santaanadelosguacaras.gob.ar\/sitio\/wp-content\/uploads\/2025\/03\/10-scaled.jpg 1707w\" sizes=\"auto, (max-width: 683px) 100vw, 683px\" \/><\/a><\/figure>\n\n\n\n<figure class=\"wp-block-image size-large\"><a href=\"https:\/\/santaanadelosguacaras.gob.ar\/sitio\/wp-content\/uploads\/2025\/03\/11-scaled.jpg\"><img loading=\"lazy\" decoding=\"async\" width=\"683\" height=\"1024\" data-id=\"1080\" src=\"https:\/\/santaanadelosguacaras.gob.ar\/sitio\/wp-content\/uploads\/2025\/03\/11-683x1024.jpg\" alt=\"\" class=\"wp-image-1080\" srcset=\"https:\/\/santaanadelosguacaras.gob.ar\/sitio\/wp-content\/uploads\/2025\/03\/11-683x1024.jpg 683w, https:\/\/santaanadelosguacaras.gob.ar\/sitio\/wp-content\/uploads\/2025\/03\/11-200x300.jpg 200w, https:\/\/santaanadelosguacaras.gob.ar\/sitio\/wp-content\/uploads\/2025\/03\/11-768x1152.jpg 768w, https:\/\/santaanadelosguacaras.gob.ar\/sitio\/wp-content\/uploads\/2025\/03\/11-1024x1536.jpg 1024w, https:\/\/santaanadelosguacaras.gob.ar\/sitio\/wp-content\/uploads\/2025\/03\/11-1365x2048.jpg 1365w, https:\/\/santaanadelosguacaras.gob.ar\/sitio\/wp-content\/uploads\/2025\/03\/11-scaled.jpg 1707w\" sizes=\"auto, (max-width: 683px) 100vw, 683px\" \/><\/a><\/figure>\n\n\n\n<figure class=\"wp-block-image size-large\"><a href=\"https:\/\/santaanadelosguacaras.gob.ar\/sitio\/wp-content\/uploads\/2025\/03\/12-scaled.jpg\"><img loading=\"lazy\" decoding=\"async\" width=\"683\" height=\"1024\" data-id=\"1062\" src=\"https:\/\/santaanadelosguacaras.gob.ar\/sitio\/wp-content\/uploads\/2025\/03\/12-683x1024.jpg\" alt=\"\" class=\"wp-image-1062\" srcset=\"https:\/\/santaanadelosguacaras.gob.ar\/sitio\/wp-content\/uploads\/2025\/03\/12-683x1024.jpg 683w, https:\/\/santaanadelosguacaras.gob.ar\/sitio\/wp-content\/uploads\/2025\/03\/12-200x300.jpg 200w, https:\/\/santaanadelosguacaras.gob.ar\/sitio\/wp-content\/uploads\/2025\/03\/12-768x1152.jpg 768w, https:\/\/santaanadelosguacaras.gob.ar\/sitio\/wp-content\/uploads\/2025\/03\/12-1024x1536.jpg 1024w, https:\/\/santaanadelosguacaras.gob.ar\/sitio\/wp-content\/uploads\/2025\/03\/12-1365x2048.jpg 1365w, https:\/\/santaanadelosguacaras.gob.ar\/sitio\/wp-content\/uploads\/2025\/03\/12-scaled.jpg 1707w\" sizes=\"auto, (max-width: 683px) 100vw, 683px\" \/><\/a><\/figure>\n\n\n\n<figure class=\"wp-block-image size-large\"><a href=\"https:\/\/santaanadelosguacaras.gob.ar\/sitio\/wp-content\/uploads\/2025\/03\/13-scaled.jpg\"><img loading=\"lazy\" decoding=\"async\" width=\"1024\" height=\"683\" data-id=\"1088\" src=\"https:\/\/santaanadelosguacaras.gob.ar\/sitio\/wp-content\/uploads\/2025\/03\/13-1024x683.jpg\" alt=\"\" class=\"wp-image-1088\" srcset=\"https:\/\/santaanadelosguacaras.gob.ar\/sitio\/wp-content\/uploads\/2025\/03\/13-1024x683.jpg 1024w, https:\/\/santaanadelosguacaras.gob.ar\/sitio\/wp-content\/uploads\/2025\/03\/13-300x200.jpg 300w, https:\/\/santaanadelosguacaras.gob.ar\/sitio\/wp-content\/uploads\/2025\/03\/13-768x512.jpg 768w, https:\/\/santaanadelosguacaras.gob.ar\/sitio\/wp-content\/uploads\/2025\/03\/13-1536x1024.jpg 1536w, https:\/\/santaanadelosguacaras.gob.ar\/sitio\/wp-content\/uploads\/2025\/03\/13-2048x1365.jpg 2048w\" sizes=\"auto, (max-width: 1024px) 100vw, 1024px\" \/><\/a><\/figure>\n\n\n\n<figure class=\"wp-block-image size-large\"><a href=\"https:\/\/santaanadelosguacaras.gob.ar\/sitio\/wp-content\/uploads\/2025\/03\/14-scaled.jpg\"><img loading=\"lazy\" decoding=\"async\" width=\"720\" height=\"1024\" data-id=\"1055\" src=\"https:\/\/santaanadelosguacaras.gob.ar\/sitio\/wp-content\/uploads\/2025\/03\/14-720x1024.jpg\" alt=\"\" class=\"wp-image-1055\" srcset=\"https:\/\/santaanadelosguacaras.gob.ar\/sitio\/wp-content\/uploads\/2025\/03\/14-720x1024.jpg 720w, https:\/\/santaanadelosguacaras.gob.ar\/sitio\/wp-content\/uploads\/2025\/03\/14-211x300.jpg 211w, https:\/\/santaanadelosguacaras.gob.ar\/sitio\/wp-content\/uploads\/2025\/03\/14-768x1092.jpg 768w, https:\/\/santaanadelosguacaras.gob.ar\/sitio\/wp-content\/uploads\/2025\/03\/14-1080x1536.jpg 1080w, https:\/\/santaanadelosguacaras.gob.ar\/sitio\/wp-content\/uploads\/2025\/03\/14-1440x2048.jpg 1440w, https:\/\/santaanadelosguacaras.gob.ar\/sitio\/wp-content\/uploads\/2025\/03\/14-scaled.jpg 1800w\" sizes=\"auto, (max-width: 720px) 100vw, 720px\" \/><\/a><\/figure>\n\n\n\n<figure class=\"wp-block-image size-large\"><a href=\"https:\/\/santaanadelosguacaras.gob.ar\/sitio\/wp-content\/uploads\/2025\/03\/15-scaled.jpg\"><img loading=\"lazy\" decoding=\"async\" width=\"683\" height=\"1024\" data-id=\"1095\" src=\"https:\/\/santaanadelosguacaras.gob.ar\/sitio\/wp-content\/uploads\/2025\/03\/15-683x1024.jpg\" alt=\"\" class=\"wp-image-1095\" srcset=\"https:\/\/santaanadelosguacaras.gob.ar\/sitio\/wp-content\/uploads\/2025\/03\/15-683x1024.jpg 683w, https:\/\/santaanadelosguacaras.gob.ar\/sitio\/wp-content\/uploads\/2025\/03\/15-200x300.jpg 200w, https:\/\/santaanadelosguacaras.gob.ar\/sitio\/wp-content\/uploads\/2025\/03\/15-768x1152.jpg 768w, https:\/\/santaanadelosguacaras.gob.ar\/sitio\/wp-content\/uploads\/2025\/03\/15-1024x1536.jpg 1024w, https:\/\/santaanadelosguacaras.gob.ar\/sitio\/wp-content\/uploads\/2025\/03\/15-1365x2048.jpg 1365w, https:\/\/santaanadelosguacaras.gob.ar\/sitio\/wp-content\/uploads\/2025\/03\/15-scaled.jpg 1707w\" sizes=\"auto, (max-width: 683px) 100vw, 683px\" \/><\/a><\/figure>\n\n\n\n<figure class=\"wp-block-image size-large\"><a href=\"https:\/\/santaanadelosguacaras.gob.ar\/sitio\/wp-content\/uploads\/2025\/03\/16-scaled.jpg\"><img loading=\"lazy\" decoding=\"async\" width=\"1024\" height=\"683\" data-id=\"1061\" src=\"https:\/\/santaanadelosguacaras.gob.ar\/sitio\/wp-content\/uploads\/2025\/03\/16-1024x683.jpg\" alt=\"\" class=\"wp-image-1061\" srcset=\"https:\/\/santaanadelosguacaras.gob.ar\/sitio\/wp-content\/uploads\/2025\/03\/16-1024x683.jpg 1024w, https:\/\/santaanadelosguacaras.gob.ar\/sitio\/wp-content\/uploads\/2025\/03\/16-300x200.jpg 300w, https:\/\/santaanadelosguacaras.gob.ar\/sitio\/wp-content\/uploads\/2025\/03\/16-768x512.jpg 768w, https:\/\/santaanadelosguacaras.gob.ar\/sitio\/wp-content\/uploads\/2025\/03\/16-1536x1024.jpg 1536w, https:\/\/santaanadelosguacaras.gob.ar\/sitio\/wp-content\/uploads\/2025\/03\/16-2048x1365.jpg 2048w\" sizes=\"auto, (max-width: 1024px) 100vw, 1024px\" \/><\/a><\/figure>\n\n\n\n<figure class=\"wp-block-image size-large\"><a href=\"https:\/\/santaanadelosguacaras.gob.ar\/sitio\/wp-content\/uploads\/2025\/03\/17-scaled.jpg\"><img loading=\"lazy\" decoding=\"async\" width=\"683\" height=\"1024\" data-id=\"1093\" src=\"https:\/\/santaanadelosguacaras.gob.ar\/sitio\/wp-content\/uploads\/2025\/03\/17-683x1024.jpg\" alt=\"\" class=\"wp-image-1093\" srcset=\"https:\/\/santaanadelosguacaras.gob.ar\/sitio\/wp-content\/uploads\/2025\/03\/17-683x1024.jpg 683w, https:\/\/santaanadelosguacaras.gob.ar\/sitio\/wp-content\/uploads\/2025\/03\/17-200x300.jpg 200w, https:\/\/santaanadelosguacaras.gob.ar\/sitio\/wp-content\/uploads\/2025\/03\/17-768x1152.jpg 768w, https:\/\/santaanadelosguacaras.gob.ar\/sitio\/wp-content\/uploads\/2025\/03\/17-1024x1536.jpg 1024w, https:\/\/santaanadelosguacaras.gob.ar\/sitio\/wp-content\/uploads\/2025\/03\/17-1365x2048.jpg 1365w, https:\/\/santaanadelosguacaras.gob.ar\/sitio\/wp-content\/uploads\/2025\/03\/17-scaled.jpg 1707w\" sizes=\"auto, (max-width: 683px) 100vw, 683px\" \/><\/a><\/figure>\n\n\n\n<figure class=\"wp-block-image size-large\"><a href=\"https:\/\/santaanadelosguacaras.gob.ar\/sitio\/wp-content\/uploads\/2025\/03\/18-scaled.jpg\"><img loading=\"lazy\" decoding=\"async\" width=\"683\" height=\"1024\" data-id=\"1067\" src=\"https:\/\/santaanadelosguacaras.gob.ar\/sitio\/wp-content\/uploads\/2025\/03\/18-683x1024.jpg\" alt=\"\" class=\"wp-image-1067\" srcset=\"https:\/\/santaanadelosguacaras.gob.ar\/sitio\/wp-content\/uploads\/2025\/03\/18-683x1024.jpg 683w, https:\/\/santaanadelosguacaras.gob.ar\/sitio\/wp-content\/uploads\/2025\/03\/18-200x300.jpg 200w, https:\/\/santaanadelosguacaras.gob.ar\/sitio\/wp-content\/uploads\/2025\/03\/18-768x1152.jpg 768w, https:\/\/santaanadelosguacaras.gob.ar\/sitio\/wp-content\/uploads\/2025\/03\/18-1024x1536.jpg 1024w, https:\/\/santaanadelosguacaras.gob.ar\/sitio\/wp-content\/uploads\/2025\/03\/18-1365x2048.jpg 1365w, https:\/\/santaanadelosguacaras.gob.ar\/sitio\/wp-content\/uploads\/2025\/03\/18-scaled.jpg 1707w\" sizes=\"auto, (max-width: 683px) 100vw, 683px\" \/><\/a><\/figure>\n\n\n\n<figure class=\"wp-block-image size-large\"><a href=\"https:\/\/santaanadelosguacaras.gob.ar\/sitio\/wp-content\/uploads\/2025\/03\/19-scaled.jpg\"><img loading=\"lazy\" decoding=\"async\" width=\"683\" height=\"1024\" data-id=\"1101\" src=\"https:\/\/santaanadelosguacaras.gob.ar\/sitio\/wp-content\/uploads\/2025\/03\/19-683x1024.jpg\" alt=\"\" class=\"wp-image-1101\" srcset=\"https:\/\/santaanadelosguacaras.gob.ar\/sitio\/wp-content\/uploads\/2025\/03\/19-683x1024.jpg 683w, https:\/\/santaanadelosguacaras.gob.ar\/sitio\/wp-content\/uploads\/2025\/03\/19-200x300.jpg 200w, https:\/\/santaanadelosguacaras.gob.ar\/sitio\/wp-content\/uploads\/2025\/03\/19-768x1152.jpg 768w, https:\/\/santaanadelosguacaras.gob.ar\/sitio\/wp-content\/uploads\/2025\/03\/19-1024x1536.jpg 1024w, https:\/\/santaanadelosguacaras.gob.ar\/sitio\/wp-content\/uploads\/2025\/03\/19-1365x2048.jpg 1365w, https:\/\/santaanadelosguacaras.gob.ar\/sitio\/wp-content\/uploads\/2025\/03\/19-scaled.jpg 1707w\" sizes=\"auto, (max-width: 683px) 100vw, 683px\" \/><\/a><\/figure>\n\n\n\n<figure class=\"wp-block-image size-large\"><a href=\"https:\/\/santaanadelosguacaras.gob.ar\/sitio\/wp-content\/uploads\/2025\/03\/20-scaled.jpg\"><img loading=\"lazy\" decoding=\"async\" width=\"1024\" height=\"683\" data-id=\"1111\" src=\"https:\/\/santaanadelosguacaras.gob.ar\/sitio\/wp-content\/uploads\/2025\/03\/20-1024x683.jpg\" alt=\"\" class=\"wp-image-1111\" srcset=\"https:\/\/santaanadelosguacaras.gob.ar\/sitio\/wp-content\/uploads\/2025\/03\/20-1024x683.jpg 1024w, https:\/\/santaanadelosguacaras.gob.ar\/sitio\/wp-content\/uploads\/2025\/03\/20-300x200.jpg 300w, https:\/\/santaanadelosguacaras.gob.ar\/sitio\/wp-content\/uploads\/2025\/03\/20-768x512.jpg 768w, https:\/\/santaanadelosguacaras.gob.ar\/sitio\/wp-content\/uploads\/2025\/03\/20-1536x1024.jpg 1536w, https:\/\/santaanadelosguacaras.gob.ar\/sitio\/wp-content\/uploads\/2025\/03\/20-2048x1365.jpg 2048w\" sizes=\"auto, (max-width: 1024px) 100vw, 1024px\" \/><\/a><\/figure>\n\n\n\n<figure class=\"wp-block-image size-large\"><a href=\"https:\/\/santaanadelosguacaras.gob.ar\/sitio\/wp-content\/uploads\/2025\/03\/21-scaled.jpg\"><img loading=\"lazy\" decoding=\"async\" width=\"683\" height=\"1024\" data-id=\"1084\" src=\"https:\/\/santaanadelosguacaras.gob.ar\/sitio\/wp-content\/uploads\/2025\/03\/21-683x1024.jpg\" alt=\"\" class=\"wp-image-1084\" srcset=\"https:\/\/santaanadelosguacaras.gob.ar\/sitio\/wp-content\/uploads\/2025\/03\/21-683x1024.jpg 683w, https:\/\/santaanadelosguacaras.gob.ar\/sitio\/wp-content\/uploads\/2025\/03\/21-200x300.jpg 200w, https:\/\/santaanadelosguacaras.gob.ar\/sitio\/wp-content\/uploads\/2025\/03\/21-768x1152.jpg 768w, https:\/\/santaanadelosguacaras.gob.ar\/sitio\/wp-content\/uploads\/2025\/03\/21-1024x1536.jpg 1024w, https:\/\/santaanadelosguacaras.gob.ar\/sitio\/wp-content\/uploads\/2025\/03\/21-1365x2048.jpg 1365w, https:\/\/santaanadelosguacaras.gob.ar\/sitio\/wp-content\/uploads\/2025\/03\/21-scaled.jpg 1707w\" sizes=\"auto, (max-width: 683px) 100vw, 683px\" \/><\/a><\/figure>\n\n\n\n<figure class=\"wp-block-image size-large\"><a href=\"https:\/\/santaanadelosguacaras.gob.ar\/sitio\/wp-content\/uploads\/2025\/03\/22-scaled.jpg\"><img loading=\"lazy\" decoding=\"async\" width=\"683\" height=\"1024\" data-id=\"1068\" src=\"https:\/\/santaanadelosguacaras.gob.ar\/sitio\/wp-content\/uploads\/2025\/03\/22-683x1024.jpg\" alt=\"\" class=\"wp-image-1068\" srcset=\"https:\/\/santaanadelosguacaras.gob.ar\/sitio\/wp-content\/uploads\/2025\/03\/22-683x1024.jpg 683w, https:\/\/santaanadelosguacaras.gob.ar\/sitio\/wp-content\/uploads\/2025\/03\/22-200x300.jpg 200w, https:\/\/santaanadelosguacaras.gob.ar\/sitio\/wp-content\/uploads\/2025\/03\/22-768x1152.jpg 768w, https:\/\/santaanadelosguacaras.gob.ar\/sitio\/wp-content\/uploads\/2025\/03\/22-1024x1536.jpg 1024w, https:\/\/santaanadelosguacaras.gob.ar\/sitio\/wp-content\/uploads\/2025\/03\/22-1365x2048.jpg 1365w, https:\/\/santaanadelosguacaras.gob.ar\/sitio\/wp-content\/uploads\/2025\/03\/22-scaled.jpg 1707w\" sizes=\"auto, (max-width: 683px) 100vw, 683px\" \/><\/a><\/figure>\n\n\n\n<figure class=\"wp-block-image size-large\"><a href=\"https:\/\/santaanadelosguacaras.gob.ar\/sitio\/wp-content\/uploads\/2025\/03\/23-scaled.jpg\"><img loading=\"lazy\" decoding=\"async\" width=\"683\" height=\"1024\" data-id=\"1065\" src=\"https:\/\/santaanadelosguacaras.gob.ar\/sitio\/wp-content\/uploads\/2025\/03\/23-683x1024.jpg\" alt=\"\" class=\"wp-image-1065\" srcset=\"https:\/\/santaanadelosguacaras.gob.ar\/sitio\/wp-content\/uploads\/2025\/03\/23-683x1024.jpg 683w, https:\/\/santaanadelosguacaras.gob.ar\/sitio\/wp-content\/uploads\/2025\/03\/23-200x300.jpg 200w, https:\/\/santaanadelosguacaras.gob.ar\/sitio\/wp-content\/uploads\/2025\/03\/23-768x1152.jpg 768w, https:\/\/santaanadelosguacaras.gob.ar\/sitio\/wp-content\/uploads\/2025\/03\/23-1024x1536.jpg 1024w, https:\/\/santaanadelosguacaras.gob.ar\/sitio\/wp-content\/uploads\/2025\/03\/23-1365x2048.jpg 1365w, https:\/\/santaanadelosguacaras.gob.ar\/sitio\/wp-content\/uploads\/2025\/03\/23-scaled.jpg 1707w\" sizes=\"auto, (max-width: 683px) 100vw, 683px\" \/><\/a><\/figure>\n\n\n\n<figure class=\"wp-block-image size-large\"><a href=\"https:\/\/santaanadelosguacaras.gob.ar\/sitio\/wp-content\/uploads\/2025\/03\/24-scaled.jpg\"><img loading=\"lazy\" decoding=\"async\" width=\"1024\" height=\"683\" data-id=\"1064\" src=\"https:\/\/santaanadelosguacaras.gob.ar\/sitio\/wp-content\/uploads\/2025\/03\/24-1024x683.jpg\" alt=\"\" class=\"wp-image-1064\" srcset=\"https:\/\/santaanadelosguacaras.gob.ar\/sitio\/wp-content\/uploads\/2025\/03\/24-1024x683.jpg 1024w, https:\/\/santaanadelosguacaras.gob.ar\/sitio\/wp-content\/uploads\/2025\/03\/24-300x200.jpg 300w, https:\/\/santaanadelosguacaras.gob.ar\/sitio\/wp-content\/uploads\/2025\/03\/24-768x512.jpg 768w, https:\/\/santaanadelosguacaras.gob.ar\/sitio\/wp-content\/uploads\/2025\/03\/24-1536x1024.jpg 1536w, https:\/\/santaanadelosguacaras.gob.ar\/sitio\/wp-content\/uploads\/2025\/03\/24-2048x1365.jpg 2048w\" sizes=\"auto, (max-width: 1024px) 100vw, 1024px\" \/><\/a><\/figure>\n\n\n\n<figure class=\"wp-block-image size-large\"><a href=\"https:\/\/santaanadelosguacaras.gob.ar\/sitio\/wp-content\/uploads\/2025\/03\/25-scaled.jpg\"><img loading=\"lazy\" decoding=\"async\" width=\"683\" height=\"1024\" data-id=\"1083\" src=\"https:\/\/santaanadelosguacaras.gob.ar\/sitio\/wp-content\/uploads\/2025\/03\/25-683x1024.jpg\" alt=\"\" class=\"wp-image-1083\" srcset=\"https:\/\/santaanadelosguacaras.gob.ar\/sitio\/wp-content\/uploads\/2025\/03\/25-683x1024.jpg 683w, https:\/\/santaanadelosguacaras.gob.ar\/sitio\/wp-content\/uploads\/2025\/03\/25-200x300.jpg 200w, https:\/\/santaanadelosguacaras.gob.ar\/sitio\/wp-content\/uploads\/2025\/03\/25-768x1152.jpg 768w, https:\/\/santaanadelosguacaras.gob.ar\/sitio\/wp-content\/uploads\/2025\/03\/25-1024x1536.jpg 1024w, https:\/\/santaanadelosguacaras.gob.ar\/sitio\/wp-content\/uploads\/2025\/03\/25-1365x2048.jpg 1365w, https:\/\/santaanadelosguacaras.gob.ar\/sitio\/wp-content\/uploads\/2025\/03\/25-scaled.jpg 1707w\" sizes=\"auto, (max-width: 683px) 100vw, 683px\" \/><\/a><\/figure>\n\n\n\n<figure class=\"wp-block-image size-large\"><a href=\"https:\/\/santaanadelosguacaras.gob.ar\/sitio\/wp-content\/uploads\/2025\/03\/26-scaled.jpg\"><img loading=\"lazy\" decoding=\"async\" width=\"1024\" height=\"683\" data-id=\"1086\" src=\"https:\/\/santaanadelosguacaras.gob.ar\/sitio\/wp-content\/uploads\/2025\/03\/26-1024x683.jpg\" alt=\"\" class=\"wp-image-1086\" srcset=\"https:\/\/santaanadelosguacaras.gob.ar\/sitio\/wp-content\/uploads\/2025\/03\/26-1024x683.jpg 1024w, https:\/\/santaanadelosguacaras.gob.ar\/sitio\/wp-content\/uploads\/2025\/03\/26-300x200.jpg 300w, https:\/\/santaanadelosguacaras.gob.ar\/sitio\/wp-content\/uploads\/2025\/03\/26-768x512.jpg 768w, https:\/\/santaanadelosguacaras.gob.ar\/sitio\/wp-content\/uploads\/2025\/03\/26-1536x1024.jpg 1536w, https:\/\/santaanadelosguacaras.gob.ar\/sitio\/wp-content\/uploads\/2025\/03\/26-2048x1365.jpg 2048w\" sizes=\"auto, (max-width: 1024px) 100vw, 1024px\" \/><\/a><\/figure>\n\n\n\n<figure class=\"wp-block-image size-large\"><a href=\"https:\/\/santaanadelosguacaras.gob.ar\/sitio\/wp-content\/uploads\/2025\/03\/27-scaled.jpg\"><img loading=\"lazy\" decoding=\"async\" width=\"683\" height=\"1024\" data-id=\"1070\" src=\"https:\/\/santaanadelosguacaras.gob.ar\/sitio\/wp-content\/uploads\/2025\/03\/27-683x1024.jpg\" alt=\"\" class=\"wp-image-1070\" srcset=\"https:\/\/santaanadelosguacaras.gob.ar\/sitio\/wp-content\/uploads\/2025\/03\/27-683x1024.jpg 683w, https:\/\/santaanadelosguacaras.gob.ar\/sitio\/wp-content\/uploads\/2025\/03\/27-200x300.jpg 200w, https:\/\/santaanadelosguacaras.gob.ar\/sitio\/wp-content\/uploads\/2025\/03\/27-768x1152.jpg 768w, https:\/\/santaanadelosguacaras.gob.ar\/sitio\/wp-content\/uploads\/2025\/03\/27-1024x1536.jpg 1024w, https:\/\/santaanadelosguacaras.gob.ar\/sitio\/wp-content\/uploads\/2025\/03\/27-1365x2048.jpg 1365w, https:\/\/santaanadelosguacaras.gob.ar\/sitio\/wp-content\/uploads\/2025\/03\/27-scaled.jpg 1707w\" sizes=\"auto, (max-width: 683px) 100vw, 683px\" \/><\/a><\/figure>\n\n\n\n<figure class=\"wp-block-image size-large\"><a href=\"https:\/\/santaanadelosguacaras.gob.ar\/sitio\/wp-content\/uploads\/2025\/03\/28-scaled.jpg\"><img loading=\"lazy\" decoding=\"async\" width=\"683\" height=\"1024\" data-id=\"1100\" src=\"https:\/\/santaanadelosguacaras.gob.ar\/sitio\/wp-content\/uploads\/2025\/03\/28-683x1024.jpg\" alt=\"\" class=\"wp-image-1100\" srcset=\"https:\/\/santaanadelosguacaras.gob.ar\/sitio\/wp-content\/uploads\/2025\/03\/28-683x1024.jpg 683w, https:\/\/santaanadelosguacaras.gob.ar\/sitio\/wp-content\/uploads\/2025\/03\/28-200x300.jpg 200w, https:\/\/santaanadelosguacaras.gob.ar\/sitio\/wp-content\/uploads\/2025\/03\/28-768x1152.jpg 768w, https:\/\/santaanadelosguacaras.gob.ar\/sitio\/wp-content\/uploads\/2025\/03\/28-1024x1536.jpg 1024w, https:\/\/santaanadelosguacaras.gob.ar\/sitio\/wp-content\/uploads\/2025\/03\/28-1365x2048.jpg 1365w, https:\/\/santaanadelosguacaras.gob.ar\/sitio\/wp-content\/uploads\/2025\/03\/28-scaled.jpg 1707w\" sizes=\"auto, (max-width: 683px) 100vw, 683px\" \/><\/a><\/figure>\n\n\n\n<figure class=\"wp-block-image size-large\"><a href=\"https:\/\/santaanadelosguacaras.gob.ar\/sitio\/wp-content\/uploads\/2025\/03\/29-scaled.jpg\"><img loading=\"lazy\" decoding=\"async\" width=\"683\" height=\"1024\" data-id=\"1072\" src=\"https:\/\/santaanadelosguacaras.gob.ar\/sitio\/wp-content\/uploads\/2025\/03\/29-683x1024.jpg\" alt=\"\" class=\"wp-image-1072\" srcset=\"https:\/\/santaanadelosguacaras.gob.ar\/sitio\/wp-content\/uploads\/2025\/03\/29-683x1024.jpg 683w, https:\/\/santaanadelosguacaras.gob.ar\/sitio\/wp-content\/uploads\/2025\/03\/29-200x300.jpg 200w, https:\/\/santaanadelosguacaras.gob.ar\/sitio\/wp-content\/uploads\/2025\/03\/29-768x1152.jpg 768w, https:\/\/santaanadelosguacaras.gob.ar\/sitio\/wp-content\/uploads\/2025\/03\/29-1024x1536.jpg 1024w, https:\/\/santaanadelosguacaras.gob.ar\/sitio\/wp-content\/uploads\/2025\/03\/29-1365x2048.jpg 1365w, https:\/\/santaanadelosguacaras.gob.ar\/sitio\/wp-content\/uploads\/2025\/03\/29-scaled.jpg 1707w\" sizes=\"auto, (max-width: 683px) 100vw, 683px\" \/><\/a><\/figure>\n\n\n\n<figure class=\"wp-block-image size-large\"><a href=\"https:\/\/santaanadelosguacaras.gob.ar\/sitio\/wp-content\/uploads\/2025\/03\/30-scaled.jpg\"><img loading=\"lazy\" decoding=\"async\" width=\"683\" height=\"1024\" data-id=\"1069\" src=\"https:\/\/santaanadelosguacaras.gob.ar\/sitio\/wp-content\/uploads\/2025\/03\/30-683x1024.jpg\" alt=\"\" class=\"wp-image-1069\" srcset=\"https:\/\/santaanadelosguacaras.gob.ar\/sitio\/wp-content\/uploads\/2025\/03\/30-683x1024.jpg 683w, https:\/\/santaanadelosguacaras.gob.ar\/sitio\/wp-content\/uploads\/2025\/03\/30-200x300.jpg 200w, https:\/\/santaanadelosguacaras.gob.ar\/sitio\/wp-content\/uploads\/2025\/03\/30-768x1152.jpg 768w, https:\/\/santaanadelosguacaras.gob.ar\/sitio\/wp-content\/uploads\/2025\/03\/30-1024x1536.jpg 1024w, https:\/\/santaanadelosguacaras.gob.ar\/sitio\/wp-content\/uploads\/2025\/03\/30-1365x2048.jpg 1365w, https:\/\/santaanadelosguacaras.gob.ar\/sitio\/wp-content\/uploads\/2025\/03\/30-scaled.jpg 1707w\" sizes=\"auto, (max-width: 683px) 100vw, 683px\" \/><\/a><\/figure>\n\n\n\n<figure class=\"wp-block-image size-large\"><a href=\"https:\/\/santaanadelosguacaras.gob.ar\/sitio\/wp-content\/uploads\/2025\/03\/31-scaled.jpg\"><img loading=\"lazy\" decoding=\"async\" width=\"683\" height=\"1024\" data-id=\"1096\" src=\"https:\/\/santaanadelosguacaras.gob.ar\/sitio\/wp-content\/uploads\/2025\/03\/31-683x1024.jpg\" alt=\"\" class=\"wp-image-1096\" srcset=\"https:\/\/santaanadelosguacaras.gob.ar\/sitio\/wp-content\/uploads\/2025\/03\/31-683x1024.jpg 683w, https:\/\/santaanadelosguacaras.gob.ar\/sitio\/wp-content\/uploads\/2025\/03\/31-200x300.jpg 200w, https:\/\/santaanadelosguacaras.gob.ar\/sitio\/wp-content\/uploads\/2025\/03\/31-768x1152.jpg 768w, https:\/\/santaanadelosguacaras.gob.ar\/sitio\/wp-content\/uploads\/2025\/03\/31-1024x1536.jpg 1024w, https:\/\/santaanadelosguacaras.gob.ar\/sitio\/wp-content\/uploads\/2025\/03\/31-1365x2048.jpg 1365w, https:\/\/santaanadelosguacaras.gob.ar\/sitio\/wp-content\/uploads\/2025\/03\/31-scaled.jpg 1707w\" sizes=\"auto, (max-width: 683px) 100vw, 683px\" \/><\/a><\/figure>\n\n\n\n<figure class=\"wp-block-image size-large\"><a href=\"https:\/\/santaanadelosguacaras.gob.ar\/sitio\/wp-content\/uploads\/2025\/03\/32-scaled.jpg\"><img loading=\"lazy\" decoding=\"async\" width=\"683\" height=\"1024\" data-id=\"1078\" src=\"https:\/\/santaanadelosguacaras.gob.ar\/sitio\/wp-content\/uploads\/2025\/03\/32-683x1024.jpg\" alt=\"\" class=\"wp-image-1078\" srcset=\"https:\/\/santaanadelosguacaras.gob.ar\/sitio\/wp-content\/uploads\/2025\/03\/32-683x1024.jpg 683w, https:\/\/santaanadelosguacaras.gob.ar\/sitio\/wp-content\/uploads\/2025\/03\/32-200x300.jpg 200w, https:\/\/santaanadelosguacaras.gob.ar\/sitio\/wp-content\/uploads\/2025\/03\/32-768x1152.jpg 768w, https:\/\/santaanadelosguacaras.gob.ar\/sitio\/wp-content\/uploads\/2025\/03\/32-1024x1536.jpg 1024w, https:\/\/santaanadelosguacaras.gob.ar\/sitio\/wp-content\/uploads\/2025\/03\/32-1365x2048.jpg 1365w, https:\/\/santaanadelosguacaras.gob.ar\/sitio\/wp-content\/uploads\/2025\/03\/32-scaled.jpg 1707w\" sizes=\"auto, (max-width: 683px) 100vw, 683px\" \/><\/a><\/figure>\n\n\n\n<figure class=\"wp-block-image size-large\"><a href=\"https:\/\/santaanadelosguacaras.gob.ar\/sitio\/wp-content\/uploads\/2025\/03\/33-scaled.jpg\"><img loading=\"lazy\" decoding=\"async\" width=\"1024\" height=\"683\" data-id=\"1082\" src=\"https:\/\/santaanadelosguacaras.gob.ar\/sitio\/wp-content\/uploads\/2025\/03\/33-1024x683.jpg\" alt=\"\" class=\"wp-image-1082\" srcset=\"https:\/\/santaanadelosguacaras.gob.ar\/sitio\/wp-content\/uploads\/2025\/03\/33-1024x683.jpg 1024w, https:\/\/santaanadelosguacaras.gob.ar\/sitio\/wp-content\/uploads\/2025\/03\/33-300x200.jpg 300w, https:\/\/santaanadelosguacaras.gob.ar\/sitio\/wp-content\/uploads\/2025\/03\/33-768x512.jpg 768w, https:\/\/santaanadelosguacaras.gob.ar\/sitio\/wp-content\/uploads\/2025\/03\/33-1536x1024.jpg 1536w, https:\/\/santaanadelosguacaras.gob.ar\/sitio\/wp-content\/uploads\/2025\/03\/33-2048x1365.jpg 2048w\" sizes=\"auto, (max-width: 1024px) 100vw, 1024px\" \/><\/a><\/figure>\n\n\n\n<figure class=\"wp-block-image size-large\"><a href=\"https:\/\/santaanadelosguacaras.gob.ar\/sitio\/wp-content\/uploads\/2025\/03\/34-scaled.jpg\"><img loading=\"lazy\" decoding=\"async\" width=\"1024\" height=\"683\" data-id=\"1085\" src=\"https:\/\/santaanadelosguacaras.gob.ar\/sitio\/wp-content\/uploads\/2025\/03\/34-1024x683.jpg\" alt=\"\" class=\"wp-image-1085\" srcset=\"https:\/\/santaanadelosguacaras.gob.ar\/sitio\/wp-content\/uploads\/2025\/03\/34-1024x683.jpg 1024w, https:\/\/santaanadelosguacaras.gob.ar\/sitio\/wp-content\/uploads\/2025\/03\/34-300x200.jpg 300w, https:\/\/santaanadelosguacaras.gob.ar\/sitio\/wp-content\/uploads\/2025\/03\/34-768x512.jpg 768w, https:\/\/santaanadelosguacaras.gob.ar\/sitio\/wp-content\/uploads\/2025\/03\/34-1536x1024.jpg 1536w, https:\/\/santaanadelosguacaras.gob.ar\/sitio\/wp-content\/uploads\/2025\/03\/34-2048x1365.jpg 2048w\" sizes=\"auto, (max-width: 1024px) 100vw, 1024px\" \/><\/a><\/figure>\n\n\n\n<figure class=\"wp-block-image size-large\"><a href=\"https:\/\/santaanadelosguacaras.gob.ar\/sitio\/wp-content\/uploads\/2025\/03\/35-scaled.jpg\"><img loading=\"lazy\" decoding=\"async\" width=\"683\" height=\"1024\" data-id=\"1103\" src=\"https:\/\/santaanadelosguacaras.gob.ar\/sitio\/wp-content\/uploads\/2025\/03\/35-683x1024.jpg\" alt=\"\" class=\"wp-image-1103\" srcset=\"https:\/\/santaanadelosguacaras.gob.ar\/sitio\/wp-content\/uploads\/2025\/03\/35-683x1024.jpg 683w, https:\/\/santaanadelosguacaras.gob.ar\/sitio\/wp-content\/uploads\/2025\/03\/35-200x300.jpg 200w, https:\/\/santaanadelosguacaras.gob.ar\/sitio\/wp-content\/uploads\/2025\/03\/35-768x1152.jpg 768w, https:\/\/santaanadelosguacaras.gob.ar\/sitio\/wp-content\/uploads\/2025\/03\/35-1024x1536.jpg 1024w, https:\/\/santaanadelosguacaras.gob.ar\/sitio\/wp-content\/uploads\/2025\/03\/35-1365x2048.jpg 1365w, https:\/\/santaanadelosguacaras.gob.ar\/sitio\/wp-content\/uploads\/2025\/03\/35-scaled.jpg 1707w\" sizes=\"auto, (max-width: 683px) 100vw, 683px\" \/><\/a><\/figure>\n\n\n\n<figure class=\"wp-block-image size-large\"><a href=\"https:\/\/santaanadelosguacaras.gob.ar\/sitio\/wp-content\/uploads\/2025\/03\/36-scaled.jpg\"><img loading=\"lazy\" decoding=\"async\" width=\"1024\" height=\"683\" data-id=\"1109\" src=\"https:\/\/santaanadelosguacaras.gob.ar\/sitio\/wp-content\/uploads\/2025\/03\/36-1024x683.jpg\" alt=\"\" class=\"wp-image-1109\" srcset=\"https:\/\/santaanadelosguacaras.gob.ar\/sitio\/wp-content\/uploads\/2025\/03\/36-1024x683.jpg 1024w, https:\/\/santaanadelosguacaras.gob.ar\/sitio\/wp-content\/uploads\/2025\/03\/36-300x200.jpg 300w, https:\/\/santaanadelosguacaras.gob.ar\/sitio\/wp-content\/uploads\/2025\/03\/36-768x512.jpg 768w, https:\/\/santaanadelosguacaras.gob.ar\/sitio\/wp-content\/uploads\/2025\/03\/36-1536x1024.jpg 1536w, https:\/\/santaanadelosguacaras.gob.ar\/sitio\/wp-content\/uploads\/2025\/03\/36-2048x1365.jpg 2048w\" sizes=\"auto, (max-width: 1024px) 100vw, 1024px\" \/><\/a><\/figure>\n\n\n\n<figure class=\"wp-block-image size-large\"><a href=\"https:\/\/santaanadelosguacaras.gob.ar\/sitio\/wp-content\/uploads\/2025\/03\/37-scaled.jpg\"><img loading=\"lazy\" decoding=\"async\" width=\"683\" height=\"1024\" data-id=\"1108\" src=\"https:\/\/santaanadelosguacaras.gob.ar\/sitio\/wp-content\/uploads\/2025\/03\/37-683x1024.jpg\" alt=\"\" class=\"wp-image-1108\" srcset=\"https:\/\/santaanadelosguacaras.gob.ar\/sitio\/wp-content\/uploads\/2025\/03\/37-683x1024.jpg 683w, https:\/\/santaanadelosguacaras.gob.ar\/sitio\/wp-content\/uploads\/2025\/03\/37-200x300.jpg 200w, https:\/\/santaanadelosguacaras.gob.ar\/sitio\/wp-content\/uploads\/2025\/03\/37-768x1152.jpg 768w, https:\/\/santaanadelosguacaras.gob.ar\/sitio\/wp-content\/uploads\/2025\/03\/37-1024x1536.jpg 1024w, https:\/\/santaanadelosguacaras.gob.ar\/sitio\/wp-content\/uploads\/2025\/03\/37-1365x2048.jpg 1365w, https:\/\/santaanadelosguacaras.gob.ar\/sitio\/wp-content\/uploads\/2025\/03\/37-scaled.jpg 1707w\" sizes=\"auto, (max-width: 683px) 100vw, 683px\" \/><\/a><\/figure>\n\n\n\n<figure class=\"wp-block-image size-large\"><a href=\"https:\/\/santaanadelosguacaras.gob.ar\/sitio\/wp-content\/uploads\/2025\/03\/38-scaled.jpg\"><img loading=\"lazy\" decoding=\"async\" width=\"683\" height=\"1024\" data-id=\"1090\" src=\"https:\/\/santaanadelosguacaras.gob.ar\/sitio\/wp-content\/uploads\/2025\/03\/38-683x1024.jpg\" alt=\"\" class=\"wp-image-1090\" srcset=\"https:\/\/santaanadelosguacaras.gob.ar\/sitio\/wp-content\/uploads\/2025\/03\/38-683x1024.jpg 683w, https:\/\/santaanadelosguacaras.gob.ar\/sitio\/wp-content\/uploads\/2025\/03\/38-200x300.jpg 200w, https:\/\/santaanadelosguacaras.gob.ar\/sitio\/wp-content\/uploads\/2025\/03\/38-768x1152.jpg 768w, https:\/\/santaanadelosguacaras.gob.ar\/sitio\/wp-content\/uploads\/2025\/03\/38-1024x1536.jpg 1024w, https:\/\/santaanadelosguacaras.gob.ar\/sitio\/wp-content\/uploads\/2025\/03\/38-1365x2048.jpg 1365w, https:\/\/santaanadelosguacaras.gob.ar\/sitio\/wp-content\/uploads\/2025\/03\/38-scaled.jpg 1707w\" sizes=\"auto, (max-width: 683px) 100vw, 683px\" \/><\/a><\/figure>\n\n\n\n<figure class=\"wp-block-image size-large\"><a href=\"https:\/\/santaanadelosguacaras.gob.ar\/sitio\/wp-content\/uploads\/2025\/03\/39-scaled.jpg\"><img loading=\"lazy\" decoding=\"async\" width=\"1024\" height=\"683\" data-id=\"1104\" src=\"https:\/\/santaanadelosguacaras.gob.ar\/sitio\/wp-content\/uploads\/2025\/03\/39-1024x683.jpg\" alt=\"\" class=\"wp-image-1104\" srcset=\"https:\/\/santaanadelosguacaras.gob.ar\/sitio\/wp-content\/uploads\/2025\/03\/39-1024x683.jpg 1024w, https:\/\/santaanadelosguacaras.gob.ar\/sitio\/wp-content\/uploads\/2025\/03\/39-300x200.jpg 300w, https:\/\/santaanadelosguacaras.gob.ar\/sitio\/wp-content\/uploads\/2025\/03\/39-768x512.jpg 768w, https:\/\/santaanadelosguacaras.gob.ar\/sitio\/wp-content\/uploads\/2025\/03\/39-1536x1024.jpg 1536w, https:\/\/santaanadelosguacaras.gob.ar\/sitio\/wp-content\/uploads\/2025\/03\/39-2048x1365.jpg 2048w\" sizes=\"auto, (max-width: 1024px) 100vw, 1024px\" \/><\/a><\/figure>\n\n\n\n<figure class=\"wp-block-image size-large\"><a href=\"https:\/\/santaanadelosguacaras.gob.ar\/sitio\/wp-content\/uploads\/2025\/03\/40-scaled.jpg\"><img loading=\"lazy\" decoding=\"async\" width=\"683\" height=\"1024\" data-id=\"1075\" src=\"https:\/\/santaanadelosguacaras.gob.ar\/sitio\/wp-content\/uploads\/2025\/03\/40-683x1024.jpg\" alt=\"\" class=\"wp-image-1075\" srcset=\"https:\/\/santaanadelosguacaras.gob.ar\/sitio\/wp-content\/uploads\/2025\/03\/40-683x1024.jpg 683w, https:\/\/santaanadelosguacaras.gob.ar\/sitio\/wp-content\/uploads\/2025\/03\/40-200x300.jpg 200w, https:\/\/santaanadelosguacaras.gob.ar\/sitio\/wp-content\/uploads\/2025\/03\/40-768x1152.jpg 768w, https:\/\/santaanadelosguacaras.gob.ar\/sitio\/wp-content\/uploads\/2025\/03\/40-1024x1536.jpg 1024w, https:\/\/santaanadelosguacaras.gob.ar\/sitio\/wp-content\/uploads\/2025\/03\/40-1365x2048.jpg 1365w, https:\/\/santaanadelosguacaras.gob.ar\/sitio\/wp-content\/uploads\/2025\/03\/40-scaled.jpg 1707w\" sizes=\"auto, (max-width: 683px) 100vw, 683px\" \/><\/a><\/figure>\n\n\n\n<figure class=\"wp-block-image size-large\"><a href=\"https:\/\/santaanadelosguacaras.gob.ar\/sitio\/wp-content\/uploads\/2025\/03\/41-scaled.jpg\"><img loading=\"lazy\" decoding=\"async\" width=\"1024\" height=\"683\" data-id=\"1110\" src=\"https:\/\/santaanadelosguacaras.gob.ar\/sitio\/wp-content\/uploads\/2025\/03\/41-1024x683.jpg\" alt=\"\" class=\"wp-image-1110\" srcset=\"https:\/\/santaanadelosguacaras.gob.ar\/sitio\/wp-content\/uploads\/2025\/03\/41-1024x683.jpg 1024w, https:\/\/santaanadelosguacaras.gob.ar\/sitio\/wp-content\/uploads\/2025\/03\/41-300x200.jpg 300w, https:\/\/santaanadelosguacaras.gob.ar\/sitio\/wp-content\/uploads\/2025\/03\/41-768x512.jpg 768w, https:\/\/santaanadelosguacaras.gob.ar\/sitio\/wp-content\/uploads\/2025\/03\/41-1536x1024.jpg 1536w, https:\/\/santaanadelosguacaras.gob.ar\/sitio\/wp-content\/uploads\/2025\/03\/41-2048x1365.jpg 2048w\" sizes=\"auto, (max-width: 1024px) 100vw, 1024px\" \/><\/a><\/figure>\n\n\n\n<figure class=\"wp-block-image size-large\"><a href=\"https:\/\/santaanadelosguacaras.gob.ar\/sitio\/wp-content\/uploads\/2025\/03\/42-scaled.jpg\"><img loading=\"lazy\" decoding=\"async\" width=\"683\" height=\"1024\" data-id=\"1081\" src=\"https:\/\/santaanadelosguacaras.gob.ar\/sitio\/wp-content\/uploads\/2025\/03\/42-683x1024.jpg\" alt=\"\" class=\"wp-image-1081\" srcset=\"https:\/\/santaanadelosguacaras.gob.ar\/sitio\/wp-content\/uploads\/2025\/03\/42-683x1024.jpg 683w, https:\/\/santaanadelosguacaras.gob.ar\/sitio\/wp-content\/uploads\/2025\/03\/42-200x300.jpg 200w, https:\/\/santaanadelosguacaras.gob.ar\/sitio\/wp-content\/uploads\/2025\/03\/42-768x1152.jpg 768w, https:\/\/santaanadelosguacaras.gob.ar\/sitio\/wp-content\/uploads\/2025\/03\/42-1024x1536.jpg 1024w, https:\/\/santaanadelosguacaras.gob.ar\/sitio\/wp-content\/uploads\/2025\/03\/42-1365x2048.jpg 1365w, https:\/\/santaanadelosguacaras.gob.ar\/sitio\/wp-content\/uploads\/2025\/03\/42-scaled.jpg 1707w\" sizes=\"auto, (max-width: 683px) 100vw, 683px\" \/><\/a><\/figure>\n\n\n\n<figure class=\"wp-block-image size-large\"><a href=\"https:\/\/santaanadelosguacaras.gob.ar\/sitio\/wp-content\/uploads\/2025\/03\/43.1.jpg\"><img loading=\"lazy\" decoding=\"async\" width=\"577\" height=\"1024\" data-id=\"1044\" src=\"https:\/\/santaanadelosguacaras.gob.ar\/sitio\/wp-content\/uploads\/2025\/03\/43.1-577x1024.jpg\" alt=\"\" class=\"wp-image-1044\" srcset=\"https:\/\/santaanadelosguacaras.gob.ar\/sitio\/wp-content\/uploads\/2025\/03\/43.1-577x1024.jpg 577w, https:\/\/santaanadelosguacaras.gob.ar\/sitio\/wp-content\/uploads\/2025\/03\/43.1-169x300.jpg 169w, https:\/\/santaanadelosguacaras.gob.ar\/sitio\/wp-content\/uploads\/2025\/03\/43.1-768x1364.jpg 768w, https:\/\/santaanadelosguacaras.gob.ar\/sitio\/wp-content\/uploads\/2025\/03\/43.1-865x1536.jpg 865w, https:\/\/santaanadelosguacaras.gob.ar\/sitio\/wp-content\/uploads\/2025\/03\/43.1.jpg 901w\" sizes=\"auto, (max-width: 577px) 100vw, 577px\" \/><\/a><\/figure>\n\n\n\n<figure class=\"wp-block-image size-large\"><a href=\"https:\/\/santaanadelosguacaras.gob.ar\/sitio\/wp-content\/uploads\/2025\/03\/43.2.jpg\"><img loading=\"lazy\" decoding=\"async\" width=\"577\" height=\"1024\" data-id=\"1045\" src=\"https:\/\/santaanadelosguacaras.gob.ar\/sitio\/wp-content\/uploads\/2025\/03\/43.2-577x1024.jpg\" alt=\"\" class=\"wp-image-1045\" srcset=\"https:\/\/santaanadelosguacaras.gob.ar\/sitio\/wp-content\/uploads\/2025\/03\/43.2-577x1024.jpg 577w, https:\/\/santaanadelosguacaras.gob.ar\/sitio\/wp-content\/uploads\/2025\/03\/43.2-169x300.jpg 169w, https:\/\/santaanadelosguacaras.gob.ar\/sitio\/wp-content\/uploads\/2025\/03\/43.2-768x1364.jpg 768w, https:\/\/santaanadelosguacaras.gob.ar\/sitio\/wp-content\/uploads\/2025\/03\/43.2-865x1536.jpg 865w, https:\/\/santaanadelosguacaras.gob.ar\/sitio\/wp-content\/uploads\/2025\/03\/43.2.jpg 901w\" sizes=\"auto, (max-width: 577px) 100vw, 577px\" \/><\/a><\/figure>\n\n\n\n<figure class=\"wp-block-image size-large\"><a href=\"https:\/\/santaanadelosguacaras.gob.ar\/sitio\/wp-content\/uploads\/2025\/03\/43-scaled.jpg\"><img loading=\"lazy\" decoding=\"async\" width=\"1024\" height=\"683\" data-id=\"1079\" src=\"https:\/\/santaanadelosguacaras.gob.ar\/sitio\/wp-content\/uploads\/2025\/03\/43-1024x683.jpg\" alt=\"\" class=\"wp-image-1079\" srcset=\"https:\/\/santaanadelosguacaras.gob.ar\/sitio\/wp-content\/uploads\/2025\/03\/43-1024x683.jpg 1024w, https:\/\/santaanadelosguacaras.gob.ar\/sitio\/wp-content\/uploads\/2025\/03\/43-300x200.jpg 300w, https:\/\/santaanadelosguacaras.gob.ar\/sitio\/wp-content\/uploads\/2025\/03\/43-768x512.jpg 768w, https:\/\/santaanadelosguacaras.gob.ar\/sitio\/wp-content\/uploads\/2025\/03\/43-1536x1024.jpg 1536w, https:\/\/santaanadelosguacaras.gob.ar\/sitio\/wp-content\/uploads\/2025\/03\/43-2048x1365.jpg 2048w\" sizes=\"auto, (max-width: 1024px) 100vw, 1024px\" \/><\/a><\/figure>\n\n\n\n<figure class=\"wp-block-image size-large\"><a href=\"https:\/\/santaanadelosguacaras.gob.ar\/sitio\/wp-content\/uploads\/2025\/03\/44-scaled.jpg\"><img loading=\"lazy\" decoding=\"async\" width=\"1024\" height=\"683\" data-id=\"1106\" src=\"https:\/\/santaanadelosguacaras.gob.ar\/sitio\/wp-content\/uploads\/2025\/03\/44-1024x683.jpg\" alt=\"\" class=\"wp-image-1106\" srcset=\"https:\/\/santaanadelosguacaras.gob.ar\/sitio\/wp-content\/uploads\/2025\/03\/44-1024x683.jpg 1024w, https:\/\/santaanadelosguacaras.gob.ar\/sitio\/wp-content\/uploads\/2025\/03\/44-300x200.jpg 300w, https:\/\/santaanadelosguacaras.gob.ar\/sitio\/wp-content\/uploads\/2025\/03\/44-768x512.jpg 768w, https:\/\/santaanadelosguacaras.gob.ar\/sitio\/wp-content\/uploads\/2025\/03\/44-1536x1024.jpg 1536w, https:\/\/santaanadelosguacaras.gob.ar\/sitio\/wp-content\/uploads\/2025\/03\/44-2048x1365.jpg 2048w\" sizes=\"auto, (max-width: 1024px) 100vw, 1024px\" \/><\/a><\/figure>\n\n\n\n<figure class=\"wp-block-image size-large\"><a href=\"https:\/\/santaanadelosguacaras.gob.ar\/sitio\/wp-content\/uploads\/2025\/03\/45-scaled.jpg\"><img loading=\"lazy\" decoding=\"async\" width=\"1024\" height=\"683\" data-id=\"1107\" src=\"https:\/\/santaanadelosguacaras.gob.ar\/sitio\/wp-content\/uploads\/2025\/03\/45-1024x683.jpg\" alt=\"\" class=\"wp-image-1107\" srcset=\"https:\/\/santaanadelosguacaras.gob.ar\/sitio\/wp-content\/uploads\/2025\/03\/45-1024x683.jpg 1024w, https:\/\/santaanadelosguacaras.gob.ar\/sitio\/wp-content\/uploads\/2025\/03\/45-300x200.jpg 300w, https:\/\/santaanadelosguacaras.gob.ar\/sitio\/wp-content\/uploads\/2025\/03\/45-768x512.jpg 768w, https:\/\/santaanadelosguacaras.gob.ar\/sitio\/wp-content\/uploads\/2025\/03\/45-1536x1024.jpg 1536w, https:\/\/santaanadelosguacaras.gob.ar\/sitio\/wp-content\/uploads\/2025\/03\/45-2048x1365.jpg 2048w\" sizes=\"auto, (max-width: 1024px) 100vw, 1024px\" \/><\/a><\/figure>\n\n\n\n<figure class=\"wp-block-image size-large\"><a href=\"https:\/\/santaanadelosguacaras.gob.ar\/sitio\/wp-content\/uploads\/2025\/03\/46-scaled.jpg\"><img loading=\"lazy\" decoding=\"async\" width=\"1024\" height=\"683\" data-id=\"1077\" src=\"https:\/\/santaanadelosguacaras.gob.ar\/sitio\/wp-content\/uploads\/2025\/03\/46-1024x683.jpg\" alt=\"\" class=\"wp-image-1077\" srcset=\"https:\/\/santaanadelosguacaras.gob.ar\/sitio\/wp-content\/uploads\/2025\/03\/46-1024x683.jpg 1024w, https:\/\/santaanadelosguacaras.gob.ar\/sitio\/wp-content\/uploads\/2025\/03\/46-300x200.jpg 300w, https:\/\/santaanadelosguacaras.gob.ar\/sitio\/wp-content\/uploads\/2025\/03\/46-768x512.jpg 768w, https:\/\/santaanadelosguacaras.gob.ar\/sitio\/wp-content\/uploads\/2025\/03\/46-1536x1024.jpg 1536w, https:\/\/santaanadelosguacaras.gob.ar\/sitio\/wp-content\/uploads\/2025\/03\/46-2048x1365.jpg 2048w\" sizes=\"auto, (max-width: 1024px) 100vw, 1024px\" \/><\/a><\/figure>\n\n\n\n<figure class=\"wp-block-image size-large\"><a href=\"https:\/\/santaanadelosguacaras.gob.ar\/sitio\/wp-content\/uploads\/2025\/03\/47-scaled.jpg\"><img loading=\"lazy\" decoding=\"async\" width=\"1024\" height=\"683\" data-id=\"1087\" src=\"https:\/\/santaanadelosguacaras.gob.ar\/sitio\/wp-content\/uploads\/2025\/03\/47-1024x683.jpg\" alt=\"\" class=\"wp-image-1087\" srcset=\"https:\/\/santaanadelosguacaras.gob.ar\/sitio\/wp-content\/uploads\/2025\/03\/47-1024x683.jpg 1024w, https:\/\/santaanadelosguacaras.gob.ar\/sitio\/wp-content\/uploads\/2025\/03\/47-300x200.jpg 300w, https:\/\/santaanadelosguacaras.gob.ar\/sitio\/wp-content\/uploads\/2025\/03\/47-768x512.jpg 768w, https:\/\/santaanadelosguacaras.gob.ar\/sitio\/wp-content\/uploads\/2025\/03\/47-1536x1024.jpg 1536w, https:\/\/santaanadelosguacaras.gob.ar\/sitio\/wp-content\/uploads\/2025\/03\/47-2048x1365.jpg 2048w\" sizes=\"auto, (max-width: 1024px) 100vw, 1024px\" \/><\/a><\/figure>\n\n\n\n<figure class=\"wp-block-image size-large\"><a href=\"https:\/\/santaanadelosguacaras.gob.ar\/sitio\/wp-content\/uploads\/2025\/03\/48-scaled.jpg\"><img loading=\"lazy\" decoding=\"async\" width=\"1024\" height=\"683\" data-id=\"1102\" src=\"https:\/\/santaanadelosguacaras.gob.ar\/sitio\/wp-content\/uploads\/2025\/03\/48-1024x683.jpg\" alt=\"\" class=\"wp-image-1102\" srcset=\"https:\/\/santaanadelosguacaras.gob.ar\/sitio\/wp-content\/uploads\/2025\/03\/48-1024x683.jpg 1024w, https:\/\/santaanadelosguacaras.gob.ar\/sitio\/wp-content\/uploads\/2025\/03\/48-300x200.jpg 300w, https:\/\/santaanadelosguacaras.gob.ar\/sitio\/wp-content\/uploads\/2025\/03\/48-768x512.jpg 768w, https:\/\/santaanadelosguacaras.gob.ar\/sitio\/wp-content\/uploads\/2025\/03\/48-1536x1024.jpg 1536w, https:\/\/santaanadelosguacaras.gob.ar\/sitio\/wp-content\/uploads\/2025\/03\/48-2048x1365.jpg 2048w\" sizes=\"auto, (max-width: 1024px) 100vw, 1024px\" \/><\/a><\/figure>\n\n\n\n<figure class=\"wp-block-image size-large\"><a href=\"https:\/\/santaanadelosguacaras.gob.ar\/sitio\/wp-content\/uploads\/2025\/03\/49-scaled.jpg\"><img loading=\"lazy\" decoding=\"async\" width=\"1024\" height=\"683\" data-id=\"1097\" src=\"https:\/\/santaanadelosguacaras.gob.ar\/sitio\/wp-content\/uploads\/2025\/03\/49-1024x683.jpg\" alt=\"\" class=\"wp-image-1097\" srcset=\"https:\/\/santaanadelosguacaras.gob.ar\/sitio\/wp-content\/uploads\/2025\/03\/49-1024x683.jpg 1024w, https:\/\/santaanadelosguacaras.gob.ar\/sitio\/wp-content\/uploads\/2025\/03\/49-300x200.jpg 300w, https:\/\/santaanadelosguacaras.gob.ar\/sitio\/wp-content\/uploads\/2025\/03\/49-768x512.jpg 768w, https:\/\/santaanadelosguacaras.gob.ar\/sitio\/wp-content\/uploads\/2025\/03\/49-1536x1024.jpg 1536w, https:\/\/santaanadelosguacaras.gob.ar\/sitio\/wp-content\/uploads\/2025\/03\/49-2048x1365.jpg 2048w\" sizes=\"auto, (max-width: 1024px) 100vw, 1024px\" \/><\/a><\/figure>\n\n\n\n<figure class=\"wp-block-image size-large\"><a href=\"https:\/\/santaanadelosguacaras.gob.ar\/sitio\/wp-content\/uploads\/2025\/03\/50-scaled.jpg\"><img loading=\"lazy\" decoding=\"async\" width=\"1024\" height=\"683\" data-id=\"1092\" src=\"https:\/\/santaanadelosguacaras.gob.ar\/sitio\/wp-content\/uploads\/2025\/03\/50-1024x683.jpg\" alt=\"\" class=\"wp-image-1092\" srcset=\"https:\/\/santaanadelosguacaras.gob.ar\/sitio\/wp-content\/uploads\/2025\/03\/50-1024x683.jpg 1024w, https:\/\/santaanadelosguacaras.gob.ar\/sitio\/wp-content\/uploads\/2025\/03\/50-300x200.jpg 300w, https:\/\/santaanadelosguacaras.gob.ar\/sitio\/wp-content\/uploads\/2025\/03\/50-768x512.jpg 768w, https:\/\/santaanadelosguacaras.gob.ar\/sitio\/wp-content\/uploads\/2025\/03\/50-1536x1024.jpg 1536w, https:\/\/santaanadelosguacaras.gob.ar\/sitio\/wp-content\/uploads\/2025\/03\/50-2048x1365.jpg 2048w\" sizes=\"auto, (max-width: 1024px) 100vw, 1024px\" \/><\/a><\/figure>\n\n\n\n<figure class=\"wp-block-image size-large\"><a href=\"https:\/\/santaanadelosguacaras.gob.ar\/sitio\/wp-content\/uploads\/2025\/03\/51-scaled.jpg\"><img loading=\"lazy\" decoding=\"async\" width=\"1024\" height=\"683\" data-id=\"1076\" src=\"https:\/\/santaanadelosguacaras.gob.ar\/sitio\/wp-content\/uploads\/2025\/03\/51-1024x683.jpg\" alt=\"\" class=\"wp-image-1076\" srcset=\"https:\/\/santaanadelosguacaras.gob.ar\/sitio\/wp-content\/uploads\/2025\/03\/51-1024x683.jpg 1024w, https:\/\/santaanadelosguacaras.gob.ar\/sitio\/wp-content\/uploads\/2025\/03\/51-300x200.jpg 300w, https:\/\/santaanadelosguacaras.gob.ar\/sitio\/wp-content\/uploads\/2025\/03\/51-768x512.jpg 768w, https:\/\/santaanadelosguacaras.gob.ar\/sitio\/wp-content\/uploads\/2025\/03\/51-1536x1024.jpg 1536w, https:\/\/santaanadelosguacaras.gob.ar\/sitio\/wp-content\/uploads\/2025\/03\/51-2048x1365.jpg 2048w\" sizes=\"auto, (max-width: 1024px) 100vw, 1024px\" \/><\/a><\/figure>\n\n\n\n<figure class=\"wp-block-image size-large\"><a href=\"https:\/\/santaanadelosguacaras.gob.ar\/sitio\/wp-content\/uploads\/2025\/03\/52-scaled.jpg\"><img loading=\"lazy\" decoding=\"async\" width=\"1024\" height=\"576\" data-id=\"1053\" src=\"https:\/\/santaanadelosguacaras.gob.ar\/sitio\/wp-content\/uploads\/2025\/03\/52-1024x576.jpg\" alt=\"\" class=\"wp-image-1053\" srcset=\"https:\/\/santaanadelosguacaras.gob.ar\/sitio\/wp-content\/uploads\/2025\/03\/52-1024x576.jpg 1024w, https:\/\/santaanadelosguacaras.gob.ar\/sitio\/wp-content\/uploads\/2025\/03\/52-300x169.jpg 300w, https:\/\/santaanadelosguacaras.gob.ar\/sitio\/wp-content\/uploads\/2025\/03\/52-768x432.jpg 768w, https:\/\/santaanadelosguacaras.gob.ar\/sitio\/wp-content\/uploads\/2025\/03\/52-1536x864.jpg 1536w, https:\/\/santaanadelosguacaras.gob.ar\/sitio\/wp-content\/uploads\/2025\/03\/52-2048x1152.jpg 2048w\" sizes=\"auto, (max-width: 1024px) 100vw, 1024px\" \/><\/a><\/figure>\n\n\n\n<figure class=\"wp-block-image size-large\"><a href=\"https:\/\/santaanadelosguacaras.gob.ar\/sitio\/wp-content\/uploads\/2025\/03\/53-scaled.jpg\"><img loading=\"lazy\" decoding=\"async\" width=\"1024\" height=\"683\" data-id=\"1091\" src=\"https:\/\/santaanadelosguacaras.gob.ar\/sitio\/wp-content\/uploads\/2025\/03\/53-1024x683.jpg\" alt=\"\" class=\"wp-image-1091\" srcset=\"https:\/\/santaanadelosguacaras.gob.ar\/sitio\/wp-content\/uploads\/2025\/03\/53-1024x683.jpg 1024w, https:\/\/santaanadelosguacaras.gob.ar\/sitio\/wp-content\/uploads\/2025\/03\/53-300x200.jpg 300w, https:\/\/santaanadelosguacaras.gob.ar\/sitio\/wp-content\/uploads\/2025\/03\/53-768x512.jpg 768w, https:\/\/santaanadelosguacaras.gob.ar\/sitio\/wp-content\/uploads\/2025\/03\/53-1536x1024.jpg 1536w, https:\/\/santaanadelosguacaras.gob.ar\/sitio\/wp-content\/uploads\/2025\/03\/53-2048x1365.jpg 2048w\" sizes=\"auto, (max-width: 1024px) 100vw, 1024px\" \/><\/a><\/figure>\n\n\n\n<figure class=\"wp-block-image size-large\"><a href=\"https:\/\/santaanadelosguacaras.gob.ar\/sitio\/wp-content\/uploads\/2025\/03\/54-scaled.jpg\"><img loading=\"lazy\" decoding=\"async\" width=\"1024\" height=\"683\" data-id=\"1073\" src=\"https:\/\/santaanadelosguacaras.gob.ar\/sitio\/wp-content\/uploads\/2025\/03\/54-1024x683.jpg\" alt=\"\" class=\"wp-image-1073\" srcset=\"https:\/\/santaanadelosguacaras.gob.ar\/sitio\/wp-content\/uploads\/2025\/03\/54-1024x683.jpg 1024w, https:\/\/santaanadelosguacaras.gob.ar\/sitio\/wp-content\/uploads\/2025\/03\/54-300x200.jpg 300w, https:\/\/santaanadelosguacaras.gob.ar\/sitio\/wp-content\/uploads\/2025\/03\/54-768x512.jpg 768w, https:\/\/santaanadelosguacaras.gob.ar\/sitio\/wp-content\/uploads\/2025\/03\/54-1536x1024.jpg 1536w, https:\/\/santaanadelosguacaras.gob.ar\/sitio\/wp-content\/uploads\/2025\/03\/54-2048x1365.jpg 2048w\" sizes=\"auto, (max-width: 1024px) 100vw, 1024px\" \/><\/a><\/figure>\n\n\n\n<figure class=\"wp-block-image size-large\"><a href=\"https:\/\/santaanadelosguacaras.gob.ar\/sitio\/wp-content\/uploads\/2025\/03\/55-scaled.jpg\"><img loading=\"lazy\" decoding=\"async\" width=\"1024\" height=\"683\" data-id=\"1099\" src=\"https:\/\/santaanadelosguacaras.gob.ar\/sitio\/wp-content\/uploads\/2025\/03\/55-1024x683.jpg\" alt=\"\" class=\"wp-image-1099\" srcset=\"https:\/\/santaanadelosguacaras.gob.ar\/sitio\/wp-content\/uploads\/2025\/03\/55-1024x683.jpg 1024w, https:\/\/santaanadelosguacaras.gob.ar\/sitio\/wp-content\/uploads\/2025\/03\/55-300x200.jpg 300w, https:\/\/santaanadelosguacaras.gob.ar\/sitio\/wp-content\/uploads\/2025\/03\/55-768x512.jpg 768w, https:\/\/santaanadelosguacaras.gob.ar\/sitio\/wp-content\/uploads\/2025\/03\/55-1536x1024.jpg 1536w, https:\/\/santaanadelosguacaras.gob.ar\/sitio\/wp-content\/uploads\/2025\/03\/55-2048x1365.jpg 2048w\" sizes=\"auto, (max-width: 1024px) 100vw, 1024px\" \/><\/a><\/figure>\n\n\n\n<figure class=\"wp-block-image size-large\"><a href=\"https:\/\/santaanadelosguacaras.gob.ar\/sitio\/wp-content\/uploads\/2025\/03\/56-scaled.jpg\"><img loading=\"lazy\" decoding=\"async\" width=\"1024\" height=\"683\" data-id=\"1098\" src=\"https:\/\/santaanadelosguacaras.gob.ar\/sitio\/wp-content\/uploads\/2025\/03\/56-1024x683.jpg\" alt=\"\" class=\"wp-image-1098\" srcset=\"https:\/\/santaanadelosguacaras.gob.ar\/sitio\/wp-content\/uploads\/2025\/03\/56-1024x683.jpg 1024w, https:\/\/santaanadelosguacaras.gob.ar\/sitio\/wp-content\/uploads\/2025\/03\/56-300x200.jpg 300w, https:\/\/santaanadelosguacaras.gob.ar\/sitio\/wp-content\/uploads\/2025\/03\/56-768x512.jpg 768w, https:\/\/santaanadelosguacaras.gob.ar\/sitio\/wp-content\/uploads\/2025\/03\/56-1536x1024.jpg 1536w, https:\/\/santaanadelosguacaras.gob.ar\/sitio\/wp-content\/uploads\/2025\/03\/56-2048x1365.jpg 2048w\" sizes=\"auto, (max-width: 1024px) 100vw, 1024px\" \/><\/a><\/figure>\n\n\n\n<figure class=\"wp-block-image size-large\"><a href=\"https:\/\/santaanadelosguacaras.gob.ar\/sitio\/wp-content\/uploads\/2025\/03\/57-scaled.jpg\"><img loading=\"lazy\" decoding=\"async\" width=\"1024\" height=\"683\" data-id=\"1094\" src=\"https:\/\/santaanadelosguacaras.gob.ar\/sitio\/wp-content\/uploads\/2025\/03\/57-1024x683.jpg\" alt=\"\" class=\"wp-image-1094\" srcset=\"https:\/\/santaanadelosguacaras.gob.ar\/sitio\/wp-content\/uploads\/2025\/03\/57-1024x683.jpg 1024w, https:\/\/santaanadelosguacaras.gob.ar\/sitio\/wp-content\/uploads\/2025\/03\/57-300x200.jpg 300w, https:\/\/santaanadelosguacaras.gob.ar\/sitio\/wp-content\/uploads\/2025\/03\/57-768x512.jpg 768w, https:\/\/santaanadelosguacaras.gob.ar\/sitio\/wp-content\/uploads\/2025\/03\/57-1536x1024.jpg 1536w, https:\/\/santaanadelosguacaras.gob.ar\/sitio\/wp-content\/uploads\/2025\/03\/57-2048x1365.jpg 2048w\" sizes=\"auto, (max-width: 1024px) 100vw, 1024px\" \/><\/a><\/figure>\n\n\n\n<figure class=\"wp-block-image size-large\"><a href=\"https:\/\/santaanadelosguacaras.gob.ar\/sitio\/wp-content\/uploads\/2025\/03\/58-scaled.jpg\"><img loading=\"lazy\" decoding=\"async\" width=\"1024\" height=\"683\" data-id=\"1105\" src=\"https:\/\/santaanadelosguacaras.gob.ar\/sitio\/wp-content\/uploads\/2025\/03\/58-1024x683.jpg\" alt=\"\" class=\"wp-image-1105\" srcset=\"https:\/\/santaanadelosguacaras.gob.ar\/sitio\/wp-content\/uploads\/2025\/03\/58-1024x683.jpg 1024w, https:\/\/santaanadelosguacaras.gob.ar\/sitio\/wp-content\/uploads\/2025\/03\/58-300x200.jpg 300w, https:\/\/santaanadelosguacaras.gob.ar\/sitio\/wp-content\/uploads\/2025\/03\/58-768x512.jpg 768w, https:\/\/santaanadelosguacaras.gob.ar\/sitio\/wp-content\/uploads\/2025\/03\/58-1536x1024.jpg 1536w, https:\/\/santaanadelosguacaras.gob.ar\/sitio\/wp-content\/uploads\/2025\/03\/58-2048x1365.jpg 2048w\" sizes=\"auto, (max-width: 1024px) 100vw, 1024px\" \/><\/a><\/figure>\n\n\n\n<figure class=\"wp-block-image size-large\"><a href=\"https:\/\/santaanadelosguacaras.gob.ar\/sitio\/wp-content\/uploads\/2025\/03\/59.jpg\"><img loading=\"lazy\" decoding=\"async\" width=\"1024\" height=\"577\" data-id=\"1052\" src=\"https:\/\/santaanadelosguacaras.gob.ar\/sitio\/wp-content\/uploads\/2025\/03\/59-1024x577.jpg\" alt=\"\" class=\"wp-image-1052\" srcset=\"https:\/\/santaanadelosguacaras.gob.ar\/sitio\/wp-content\/uploads\/2025\/03\/59-1024x577.jpg 1024w, https:\/\/santaanadelosguacaras.gob.ar\/sitio\/wp-content\/uploads\/2025\/03\/59-300x169.jpg 300w, https:\/\/santaanadelosguacaras.gob.ar\/sitio\/wp-content\/uploads\/2025\/03\/59-768x432.jpg 768w, https:\/\/santaanadelosguacaras.gob.ar\/sitio\/wp-content\/uploads\/2025\/03\/59-1536x865.jpg 1536w, https:\/\/santaanadelosguacaras.gob.ar\/sitio\/wp-content\/uploads\/2025\/03\/59.jpg 1600w\" sizes=\"auto, (max-width: 1024px) 100vw, 1024px\" \/><\/a><\/figure>\n\n\n\n<figure class=\"wp-block-image size-large\"><a href=\"https:\/\/santaanadelosguacaras.gob.ar\/sitio\/wp-content\/uploads\/2025\/03\/60-scaled.jpg\"><img loading=\"lazy\" decoding=\"async\" width=\"1024\" height=\"576\" data-id=\"1054\" src=\"https:\/\/santaanadelosguacaras.gob.ar\/sitio\/wp-content\/uploads\/2025\/03\/60-1024x576.jpg\" alt=\"\" class=\"wp-image-1054\" srcset=\"https:\/\/santaanadelosguacaras.gob.ar\/sitio\/wp-content\/uploads\/2025\/03\/60-1024x576.jpg 1024w, https:\/\/santaanadelosguacaras.gob.ar\/sitio\/wp-content\/uploads\/2025\/03\/60-300x169.jpg 300w, https:\/\/santaanadelosguacaras.gob.ar\/sitio\/wp-content\/uploads\/2025\/03\/60-768x432.jpg 768w, https:\/\/santaanadelosguacaras.gob.ar\/sitio\/wp-content\/uploads\/2025\/03\/60-1536x864.jpg 1536w, https:\/\/santaanadelosguacaras.gob.ar\/sitio\/wp-content\/uploads\/2025\/03\/60-2048x1152.jpg 2048w\" sizes=\"auto, (max-width: 1024px) 100vw, 1024px\" \/><\/a><\/figure>\n\n\n\n<figure class=\"wp-block-image size-large\"><a href=\"https:\/\/santaanadelosguacaras.gob.ar\/sitio\/wp-content\/uploads\/2025\/03\/61-scaled.jpg\"><img loading=\"lazy\" decoding=\"async\" width=\"1024\" height=\"683\" data-id=\"1112\" src=\"https:\/\/santaanadelosguacaras.gob.ar\/sitio\/wp-content\/uploads\/2025\/03\/61-1024x683.jpg\" alt=\"\" class=\"wp-image-1112\" srcset=\"https:\/\/santaanadelosguacaras.gob.ar\/sitio\/wp-content\/uploads\/2025\/03\/61-1024x683.jpg 1024w, https:\/\/santaanadelosguacaras.gob.ar\/sitio\/wp-content\/uploads\/2025\/03\/61-300x200.jpg 300w, https:\/\/santaanadelosguacaras.gob.ar\/sitio\/wp-content\/uploads\/2025\/03\/61-768x512.jpg 768w, https:\/\/santaanadelosguacaras.gob.ar\/sitio\/wp-content\/uploads\/2025\/03\/61-1536x1024.jpg 1536w, https:\/\/santaanadelosguacaras.gob.ar\/sitio\/wp-content\/uploads\/2025\/03\/61-2048x1365.jpg 2048w\" sizes=\"auto, (max-width: 1024px) 100vw, 1024px\" \/><\/a><\/figure>\n\n\n\n<figure class=\"wp-block-image size-large\"><a href=\"https:\/\/santaanadelosguacaras.gob.ar\/sitio\/wp-content\/uploads\/2025\/03\/63.jpg\"><img loading=\"lazy\" decoding=\"async\" width=\"1024\" height=\"577\" data-id=\"1048\" src=\"https:\/\/santaanadelosguacaras.gob.ar\/sitio\/wp-content\/uploads\/2025\/03\/63-1024x577.jpg\" alt=\"\" class=\"wp-image-1048\" srcset=\"https:\/\/santaanadelosguacaras.gob.ar\/sitio\/wp-content\/uploads\/2025\/03\/63-1024x577.jpg 1024w, https:\/\/santaanadelosguacaras.gob.ar\/sitio\/wp-content\/uploads\/2025\/03\/63-300x169.jpg 300w, https:\/\/santaanadelosguacaras.gob.ar\/sitio\/wp-content\/uploads\/2025\/03\/63-768x432.jpg 768w, https:\/\/santaanadelosguacaras.gob.ar\/sitio\/wp-content\/uploads\/2025\/03\/63-1536x865.jpg 1536w, https:\/\/santaanadelosguacaras.gob.ar\/sitio\/wp-content\/uploads\/2025\/03\/63.jpg 1600w\" sizes=\"auto, (max-width: 1024px) 100vw, 1024px\" \/><\/a><\/figure>\n\n\n\n<figure class=\"wp-block-image size-large\"><a href=\"https:\/\/santaanadelosguacaras.gob.ar\/sitio\/wp-content\/uploads\/2025\/03\/64.jpg\"><img loading=\"lazy\" decoding=\"async\" width=\"1024\" height=\"577\" data-id=\"1047\" src=\"https:\/\/santaanadelosguacaras.gob.ar\/sitio\/wp-content\/uploads\/2025\/03\/64-1024x577.jpg\" alt=\"\" class=\"wp-image-1047\" srcset=\"https:\/\/santaanadelosguacaras.gob.ar\/sitio\/wp-content\/uploads\/2025\/03\/64-1024x577.jpg 1024w, https:\/\/santaanadelosguacaras.gob.ar\/sitio\/wp-content\/uploads\/2025\/03\/64-300x169.jpg 300w, https:\/\/santaanadelosguacaras.gob.ar\/sitio\/wp-content\/uploads\/2025\/03\/64-768x432.jpg 768w, https:\/\/santaanadelosguacaras.gob.ar\/sitio\/wp-content\/uploads\/2025\/03\/64-1536x865.jpg 1536w, https:\/\/santaanadelosguacaras.gob.ar\/sitio\/wp-content\/uploads\/2025\/03\/64.jpg 1600w\" sizes=\"auto, (max-width: 1024px) 100vw, 1024px\" \/><\/a><\/figure>\n\n\n\n<figure class=\"wp-block-image size-large\"><a href=\"https:\/\/santaanadelosguacaras.gob.ar\/sitio\/wp-content\/uploads\/2025\/03\/65.jpg\"><img loading=\"lazy\" decoding=\"async\" width=\"683\" height=\"1024\" data-id=\"1050\" src=\"https:\/\/santaanadelosguacaras.gob.ar\/sitio\/wp-content\/uploads\/2025\/03\/65-683x1024.jpg\" alt=\"\" class=\"wp-image-1050\" srcset=\"https:\/\/santaanadelosguacaras.gob.ar\/sitio\/wp-content\/uploads\/2025\/03\/65-683x1024.jpg 683w, https:\/\/santaanadelosguacaras.gob.ar\/sitio\/wp-content\/uploads\/2025\/03\/65-200x300.jpg 200w, https:\/\/santaanadelosguacaras.gob.ar\/sitio\/wp-content\/uploads\/2025\/03\/65-768x1152.jpg 768w, https:\/\/santaanadelosguacaras.gob.ar\/sitio\/wp-content\/uploads\/2025\/03\/65-1024x1536.jpg 1024w, https:\/\/santaanadelosguacaras.gob.ar\/sitio\/wp-content\/uploads\/2025\/03\/65.jpg 1066w\" sizes=\"auto, (max-width: 683px) 100vw, 683px\" \/><\/a><\/figure>\n\n\n\n<figure class=\"wp-block-image size-large\"><a href=\"https:\/\/santaanadelosguacaras.gob.ar\/sitio\/wp-content\/uploads\/2025\/03\/66.jpg\"><img loading=\"lazy\" decoding=\"async\" width=\"1024\" height=\"683\" data-id=\"1049\" src=\"https:\/\/santaanadelosguacaras.gob.ar\/sitio\/wp-content\/uploads\/2025\/03\/66-1024x683.jpg\" alt=\"\" class=\"wp-image-1049\" srcset=\"https:\/\/santaanadelosguacaras.gob.ar\/sitio\/wp-content\/uploads\/2025\/03\/66-1024x683.jpg 1024w, https:\/\/santaanadelosguacaras.gob.ar\/sitio\/wp-content\/uploads\/2025\/03\/66-300x200.jpg 300w, https:\/\/santaanadelosguacaras.gob.ar\/sitio\/wp-content\/uploads\/2025\/03\/66-768x512.jpg 768w, https:\/\/santaanadelosguacaras.gob.ar\/sitio\/wp-content\/uploads\/2025\/03\/66-1536x1024.jpg 1536w, https:\/\/santaanadelosguacaras.gob.ar\/sitio\/wp-content\/uploads\/2025\/03\/66.jpg 1599w\" sizes=\"auto, (max-width: 1024px) 100vw, 1024px\" \/><\/a><\/figure>\n\n\n\n<figure class=\"wp-block-image size-large\"><a href=\"https:\/\/santaanadelosguacaras.gob.ar\/sitio\/wp-content\/uploads\/2025\/03\/67.jpg\"><img loading=\"lazy\" decoding=\"async\" width=\"1024\" height=\"683\" data-id=\"1046\" src=\"https:\/\/santaanadelosguacaras.gob.ar\/sitio\/wp-content\/uploads\/2025\/03\/67-1024x683.jpg\" alt=\"\" class=\"wp-image-1046\" srcset=\"https:\/\/santaanadelosguacaras.gob.ar\/sitio\/wp-content\/uploads\/2025\/03\/67-1024x683.jpg 1024w, https:\/\/santaanadelosguacaras.gob.ar\/sitio\/wp-content\/uploads\/2025\/03\/67-300x200.jpg 300w, https:\/\/santaanadelosguacaras.gob.ar\/sitio\/wp-content\/uploads\/2025\/03\/67-768x512.jpg 768w, https:\/\/santaanadelosguacaras.gob.ar\/sitio\/wp-content\/uploads\/2025\/03\/67-1536x1024.jpg 1536w, https:\/\/santaanadelosguacaras.gob.ar\/sitio\/wp-content\/uploads\/2025\/03\/67.jpg 1599w\" sizes=\"auto, (max-width: 1024px) 100vw, 1024px\" \/><\/a><\/figure>\n\n\n\n<figure class=\"wp-block-image size-large\"><a href=\"https:\/\/santaanadelosguacaras.gob.ar\/sitio\/wp-content\/uploads\/2025\/03\/68.jpg\"><img loading=\"lazy\" decoding=\"async\" width=\"1024\" height=\"577\" data-id=\"1051\" src=\"https:\/\/santaanadelosguacaras.gob.ar\/sitio\/wp-content\/uploads\/2025\/03\/68-1024x577.jpg\" alt=\"\" class=\"wp-image-1051\" srcset=\"https:\/\/santaanadelosguacaras.gob.ar\/sitio\/wp-content\/uploads\/2025\/03\/68-1024x577.jpg 1024w, https:\/\/santaanadelosguacaras.gob.ar\/sitio\/wp-content\/uploads\/2025\/03\/68-300x169.jpg 300w, https:\/\/santaanadelosguacaras.gob.ar\/sitio\/wp-content\/uploads\/2025\/03\/68-768x432.jpg 768w, https:\/\/santaanadelosguacaras.gob.ar\/sitio\/wp-content\/uploads\/2025\/03\/68-1536x865.jpg 1536w, https:\/\/santaanadelosguacaras.gob.ar\/sitio\/wp-content\/uploads\/2025\/03\/68.jpg 1600w\" sizes=\"auto, (max-width: 1024px) 100vw, 1024px\" \/><\/a><\/figure>\n<\/figure>\n","protected":false},"excerpt":{"rendered":"<p>Este lunes 3 de marzo se realiz\u00f3 el cierre de los Carnavales 2025, con entrega de premios a los ganadores, actuaci\u00f3n del grupo musical Mauri el Arranke y fiesta de&hellip; <\/p>\n","protected":false},"author":2,"featured_media":1058,"comment_status":"closed","ping_status":"open","sticky":false,"template":"","format":"standard","meta":{"footnotes":""},"categories":[3],"tags":[],"class_list":["post-1043","post","type-post","status-publish","format-standard","has-post-thumbnail","hentry","category-cultura-y-turismo"],"yoast_head":"<!-- This site is optimized with the Yoast SEO plugin v24.8.1 - https:\/\/yoast.com\/wordpress\/plugins\/seo\/ -->\n<title>Ganadores Carnavales 2025 en Santa Ana de los Gu\u00e1caras - Municipalidad de Santa Ana de los Gu\u00e1caras<\/title>\n<meta name=\"robots\" content=\"index, follow, max-snippet:-1, max-image-preview:large, max-video-preview:-1\" \/>\n<link rel=\"canonical\" href=\"https:\/\/santaanadelosguacaras.gob.ar\/sitio\/ganadores-carnavales-2025-en-santa-ana-de-los-guacaras\/\" \/>\n<meta property=\"og:locale\" content=\"es_ES\" \/>\n<meta property=\"og:type\" content=\"article\" \/>\n<meta property=\"og:title\" content=\"Ganadores Carnavales 2025 en Santa Ana de los Gu\u00e1caras - Municipalidad de Santa Ana de los Gu\u00e1caras\" \/>\n<meta property=\"og:description\" content=\"Este lunes 3 de marzo se realiz\u00f3 el cierre de los Carnavales 2025, con entrega de premios a los ganadores, actuaci\u00f3n del grupo musical Mauri el Arranke y fiesta de&hellip;\" \/>\n<meta property=\"og:url\" content=\"https:\/\/santaanadelosguacaras.gob.ar\/sitio\/ganadores-carnavales-2025-en-santa-ana-de-los-guacaras\/\" \/>\n<meta property=\"og:site_name\" content=\"Municipalidad de Santa Ana de los Gu\u00e1caras\" \/>\n<meta property=\"article:publisher\" content=\"https:\/\/www.facebook.com\/MuniSantaAnaDeLosGuacaras\" \/>\n<meta property=\"article:published_time\" content=\"2025-03-05T01:34:05+00:00\" \/>\n<meta property=\"article:modified_time\" content=\"2025-03-05T01:38:44+00:00\" \/>\n<meta property=\"og:image\" content=\"https:\/\/santaanadelosguacaras.gob.ar\/sitio\/wp-content\/uploads\/2025\/03\/01-scaled.jpg\" \/>\n\t<meta property=\"og:image:width\" content=\"2560\" \/>\n\t<meta property=\"og:image:height\" content=\"1707\" \/>\n\t<meta property=\"og:image:type\" content=\"image\/jpeg\" \/>\n<meta name=\"author\" content=\"Comunicaci\u00f3n\" \/>\n<meta name=\"twitter:card\" content=\"summary_large_image\" \/>\n<meta name=\"twitter:label1\" content=\"Escrito por\" \/>\n\t<meta name=\"twitter:data1\" content=\"Comunicaci\u00f3n\" \/>\n\t<meta name=\"twitter:label2\" content=\"Tiempo de lectura\" \/>\n\t<meta name=\"twitter:data2\" content=\"17 minutos\" \/>\n<script type=\"application\/ld+json\" class=\"yoast-schema-graph\">{\"@context\":\"https:\/\/schema.org\",\"@graph\":[{\"@type\":\"Article\",\"@id\":\"https:\/\/santaanadelosguacaras.gob.ar\/sitio\/ganadores-carnavales-2025-en-santa-ana-de-los-guacaras\/#article\",\"isPartOf\":{\"@id\":\"https:\/\/santaanadelosguacaras.gob.ar\/sitio\/ganadores-carnavales-2025-en-santa-ana-de-los-guacaras\/\"},\"author\":{\"name\":\"Comunicaci\u00f3n\",\"@id\":\"https:\/\/santaanadelosguacaras.gob.ar\/sitio\/#\/schema\/person\/aa85e53bbb5a7c7e19834c20ede5e205\"},\"headline\":\"Ganadores Carnavales 2025 en Santa Ana de los Gu\u00e1caras\",\"datePublished\":\"2025-03-05T01:34:05+00:00\",\"dateModified\":\"2025-03-05T01:38:44+00:00\",\"mainEntityOfPage\":{\"@id\":\"https:\/\/santaanadelosguacaras.gob.ar\/sitio\/ganadores-carnavales-2025-en-santa-ana-de-los-guacaras\/\"},\"wordCount\":578,\"publisher\":{\"@id\":\"https:\/\/santaanadelosguacaras.gob.ar\/sitio\/#organization\"},\"image\":{\"@id\":\"https:\/\/santaanadelosguacaras.gob.ar\/sitio\/ganadores-carnavales-2025-en-santa-ana-de-los-guacaras\/#primaryimage\"},\"thumbnailUrl\":\"https:\/\/santaanadelosguacaras.gob.ar\/sitio\/wp-content\/uploads\/2025\/03\/01-scaled.jpg\",\"articleSection\":[\"Cultura y Turismo\"],\"inLanguage\":\"es\"},{\"@type\":\"WebPage\",\"@id\":\"https:\/\/santaanadelosguacaras.gob.ar\/sitio\/ganadores-carnavales-2025-en-santa-ana-de-los-guacaras\/\",\"url\":\"https:\/\/santaanadelosguacaras.gob.ar\/sitio\/ganadores-carnavales-2025-en-santa-ana-de-los-guacaras\/\",\"name\":\"Ganadores Carnavales 2025 en Santa Ana de los Gu\u00e1caras - Municipalidad de Santa Ana de los Gu\u00e1caras\",\"isPartOf\":{\"@id\":\"https:\/\/santaanadelosguacaras.gob.ar\/sitio\/#website\"},\"primaryImageOfPage\":{\"@id\":\"https:\/\/santaanadelosguacaras.gob.ar\/sitio\/ganadores-carnavales-2025-en-santa-ana-de-los-guacaras\/#primaryimage\"},\"image\":{\"@id\":\"https:\/\/santaanadelosguacaras.gob.ar\/sitio\/ganadores-carnavales-2025-en-santa-ana-de-los-guacaras\/#primaryimage\"},\"thumbnailUrl\":\"https:\/\/santaanadelosguacaras.gob.ar\/sitio\/wp-content\/uploads\/2025\/03\/01-scaled.jpg\",\"datePublished\":\"2025-03-05T01:34:05+00:00\",\"dateModified\":\"2025-03-05T01:38:44+00:00\",\"breadcrumb\":{\"@id\":\"https:\/\/santaanadelosguacaras.gob.ar\/sitio\/ganadores-carnavales-2025-en-santa-ana-de-los-guacaras\/#breadcrumb\"},\"inLanguage\":\"es\",\"potentialAction\":[{\"@type\":\"ReadAction\",\"target\":[\"https:\/\/santaanadelosguacaras.gob.ar\/sitio\/ganadores-carnavales-2025-en-santa-ana-de-los-guacaras\/\"]}]},{\"@type\":\"ImageObject\",\"inLanguage\":\"es\",\"@id\":\"https:\/\/santaanadelosguacaras.gob.ar\/sitio\/ganadores-carnavales-2025-en-santa-ana-de-los-guacaras\/#primaryimage\",\"url\":\"https:\/\/santaanadelosguacaras.gob.ar\/sitio\/wp-content\/uploads\/2025\/03\/01-scaled.jpg\",\"contentUrl\":\"https:\/\/santaanadelosguacaras.gob.ar\/sitio\/wp-content\/uploads\/2025\/03\/01-scaled.jpg\",\"width\":2560,\"height\":1707},{\"@type\":\"BreadcrumbList\",\"@id\":\"https:\/\/santaanadelosguacaras.gob.ar\/sitio\/ganadores-carnavales-2025-en-santa-ana-de-los-guacaras\/#breadcrumb\",\"itemListElement\":[{\"@type\":\"ListItem\",\"position\":1,\"name\":\"Portada\",\"item\":\"https:\/\/santaanadelosguacaras.gob.ar\/sitio\/\"},{\"@type\":\"ListItem\",\"position\":2,\"name\":\"Ganadores Carnavales 2025 en Santa Ana de los Gu\u00e1caras\"}]},{\"@type\":\"WebSite\",\"@id\":\"https:\/\/santaanadelosguacaras.gob.ar\/sitio\/#website\",\"url\":\"https:\/\/santaanadelosguacaras.gob.ar\/sitio\/\",\"name\":\"Municipalidad de Santa Ana de los Gu\u00e1caras\",\"description\":\"Descubre Santa Ana de los Gu\u00e1caras, un rinc\u00f3n lleno de historia, cultura y naturaleza en Corrientes. Informaci\u00f3n oficial sobre eventos, turismo, servicios municipales y m\u00e1s. \u00a1Con\u00e9ctate con nuestra comunidad!\",\"publisher\":{\"@id\":\"https:\/\/santaanadelosguacaras.gob.ar\/sitio\/#organization\"},\"alternateName\":\"MuniSantaAna\",\"potentialAction\":[{\"@type\":\"SearchAction\",\"target\":{\"@type\":\"EntryPoint\",\"urlTemplate\":\"https:\/\/santaanadelosguacaras.gob.ar\/sitio\/?s={search_term_string}\"},\"query-input\":{\"@type\":\"PropertyValueSpecification\",\"valueRequired\":true,\"valueName\":\"search_term_string\"}}],\"inLanguage\":\"es\"},{\"@type\":\"Organization\",\"@id\":\"https:\/\/santaanadelosguacaras.gob.ar\/sitio\/#organization\",\"name\":\"Municipalidad de Santa Ana de los Gu\u00e1caras\",\"alternateName\":\"MuniSantaAna\",\"url\":\"https:\/\/santaanadelosguacaras.gob.ar\/sitio\/\",\"logo\":{\"@type\":\"ImageObject\",\"inLanguage\":\"es\",\"@id\":\"https:\/\/santaanadelosguacaras.gob.ar\/sitio\/#\/schema\/logo\/image\/\",\"url\":\"https:\/\/santaanadelosguacaras.gob.ar\/sitio\/wp-content\/uploads\/2024\/12\/cropped-logo_muni_250.png\",\"contentUrl\":\"https:\/\/santaanadelosguacaras.gob.ar\/sitio\/wp-content\/uploads\/2024\/12\/cropped-logo_muni_250.png\",\"width\":247,\"height\":95,\"caption\":\"Municipalidad de Santa Ana de los Gu\u00e1caras\"},\"image\":{\"@id\":\"https:\/\/santaanadelosguacaras.gob.ar\/sitio\/#\/schema\/logo\/image\/\"},\"sameAs\":[\"https:\/\/www.facebook.com\/MuniSantaAnaDeLosGuacaras\",\"https:\/\/www.instagram.com\/muni_santaana_ctes\"]},{\"@type\":\"Person\",\"@id\":\"https:\/\/santaanadelosguacaras.gob.ar\/sitio\/#\/schema\/person\/aa85e53bbb5a7c7e19834c20ede5e205\",\"name\":\"Comunicaci\u00f3n\",\"image\":{\"@type\":\"ImageObject\",\"inLanguage\":\"es\",\"@id\":\"https:\/\/santaanadelosguacaras.gob.ar\/sitio\/#\/schema\/person\/image\/\",\"url\":\"https:\/\/secure.gravatar.com\/avatar\/3e81e68b8dcb0733c78bbafb464befc4a66ce4135950c3e3ac0d3c09e53e7092?s=96&d=mm&r=g\",\"contentUrl\":\"https:\/\/secure.gravatar.com\/avatar\/3e81e68b8dcb0733c78bbafb464befc4a66ce4135950c3e3ac0d3c09e53e7092?s=96&d=mm&r=g\",\"caption\":\"Comunicaci\u00f3n\"}}]}<\/script>\n<!-- \/ Yoast SEO plugin. -->","yoast_head_json":{"title":"Ganadores Carnavales 2025 en Santa Ana de los Gu\u00e1caras - Municipalidad de Santa Ana de los Gu\u00e1caras","robots":{"index":"index","follow":"follow","max-snippet":"max-snippet:-1","max-image-preview":"max-image-preview:large","max-video-preview":"max-video-preview:-1"},"canonical":"https:\/\/santaanadelosguacaras.gob.ar\/sitio\/ganadores-carnavales-2025-en-santa-ana-de-los-guacaras\/","og_locale":"es_ES","og_type":"article","og_title":"Ganadores Carnavales 2025 en Santa Ana de los Gu\u00e1caras - Municipalidad de Santa Ana de los Gu\u00e1caras","og_description":"Este lunes 3 de marzo se realiz\u00f3 el cierre de los Carnavales 2025, con entrega de premios a los ganadores, actuaci\u00f3n del grupo musical Mauri el Arranke y fiesta de&hellip;","og_url":"https:\/\/santaanadelosguacaras.gob.ar\/sitio\/ganadores-carnavales-2025-en-santa-ana-de-los-guacaras\/","og_site_name":"Municipalidad de Santa Ana de los Gu\u00e1caras","article_publisher":"https:\/\/www.facebook.com\/MuniSantaAnaDeLosGuacaras","article_published_time":"2025-03-05T01:34:05+00:00","article_modified_time":"2025-03-05T01:38:44+00:00","og_image":[{"width":2560,"height":1707,"url":"https:\/\/santaanadelosguacaras.gob.ar\/sitio\/wp-content\/uploads\/2025\/03\/01-scaled.jpg","type":"image\/jpeg"}],"author":"Comunicaci\u00f3n","twitter_card":"summary_large_image","twitter_misc":{"Escrito por":"Comunicaci\u00f3n","Tiempo de lectura":"17 minutos"},"schema":{"@context":"https:\/\/schema.org","@graph":[{"@type":"Article","@id":"https:\/\/santaanadelosguacaras.gob.ar\/sitio\/ganadores-carnavales-2025-en-santa-ana-de-los-guacaras\/#article","isPartOf":{"@id":"https:\/\/santaanadelosguacaras.gob.ar\/sitio\/ganadores-carnavales-2025-en-santa-ana-de-los-guacaras\/"},"author":{"name":"Comunicaci\u00f3n","@id":"https:\/\/santaanadelosguacaras.gob.ar\/sitio\/#\/schema\/person\/aa85e53bbb5a7c7e19834c20ede5e205"},"headline":"Ganadores Carnavales 2025 en Santa Ana de los Gu\u00e1caras","datePublished":"2025-03-05T01:34:05+00:00","dateModified":"2025-03-05T01:38:44+00:00","mainEntityOfPage":{"@id":"https:\/\/santaanadelosguacaras.gob.ar\/sitio\/ganadores-carnavales-2025-en-santa-ana-de-los-guacaras\/"},"wordCount":578,"publisher":{"@id":"https:\/\/santaanadelosguacaras.gob.ar\/sitio\/#organization"},"image":{"@id":"https:\/\/santaanadelosguacaras.gob.ar\/sitio\/ganadores-carnavales-2025-en-santa-ana-de-los-guacaras\/#primaryimage"},"thumbnailUrl":"https:\/\/santaanadelosguacaras.gob.ar\/sitio\/wp-content\/uploads\/2025\/03\/01-scaled.jpg","articleSection":["Cultura y Turismo"],"inLanguage":"es"},{"@type":"WebPage","@id":"https:\/\/santaanadelosguacaras.gob.ar\/sitio\/ganadores-carnavales-2025-en-santa-ana-de-los-guacaras\/","url":"https:\/\/santaanadelosguacaras.gob.ar\/sitio\/ganadores-carnavales-2025-en-santa-ana-de-los-guacaras\/","name":"Ganadores Carnavales 2025 en Santa Ana de los Gu\u00e1caras - Municipalidad de Santa Ana de los Gu\u00e1caras","isPartOf":{"@id":"https:\/\/santaanadelosguacaras.gob.ar\/sitio\/#website"},"primaryImageOfPage":{"@id":"https:\/\/santaanadelosguacaras.gob.ar\/sitio\/ganadores-carnavales-2025-en-santa-ana-de-los-guacaras\/#primaryimage"},"image":{"@id":"https:\/\/santaanadelosguacaras.gob.ar\/sitio\/ganadores-carnavales-2025-en-santa-ana-de-los-guacaras\/#primaryimage"},"thumbnailUrl":"https:\/\/santaanadelosguacaras.gob.ar\/sitio\/wp-content\/uploads\/2025\/03\/01-scaled.jpg","datePublished":"2025-03-05T01:34:05+00:00","dateModified":"2025-03-05T01:38:44+00:00","breadcrumb":{"@id":"https:\/\/santaanadelosguacaras.gob.ar\/sitio\/ganadores-carnavales-2025-en-santa-ana-de-los-guacaras\/#breadcrumb"},"inLanguage":"es","potentialAction":[{"@type":"ReadAction","target":["https:\/\/santaanadelosguacaras.gob.ar\/sitio\/ganadores-carnavales-2025-en-santa-ana-de-los-guacaras\/"]}]},{"@type":"ImageObject","inLanguage":"es","@id":"https:\/\/santaanadelosguacaras.gob.ar\/sitio\/ganadores-carnavales-2025-en-santa-ana-de-los-guacaras\/#primaryimage","url":"https:\/\/santaanadelosguacaras.gob.ar\/sitio\/wp-content\/uploads\/2025\/03\/01-scaled.jpg","contentUrl":"https:\/\/santaanadelosguacaras.gob.ar\/sitio\/wp-content\/uploads\/2025\/03\/01-scaled.jpg","width":2560,"height":1707},{"@type":"BreadcrumbList","@id":"https:\/\/santaanadelosguacaras.gob.ar\/sitio\/ganadores-carnavales-2025-en-santa-ana-de-los-guacaras\/#breadcrumb","itemListElement":[{"@type":"ListItem","position":1,"name":"Portada","item":"https:\/\/santaanadelosguacaras.gob.ar\/sitio\/"},{"@type":"ListItem","position":2,"name":"Ganadores Carnavales 2025 en Santa Ana de los Gu\u00e1caras"}]},{"@type":"WebSite","@id":"https:\/\/santaanadelosguacaras.gob.ar\/sitio\/#website","url":"https:\/\/santaanadelosguacaras.gob.ar\/sitio\/","name":"Municipalidad de Santa Ana de los Gu\u00e1caras","description":"Descubre Santa Ana de los Gu\u00e1caras, un rinc\u00f3n lleno de historia, cultura y naturaleza en Corrientes. Informaci\u00f3n oficial sobre eventos, turismo, servicios municipales y m\u00e1s. \u00a1Con\u00e9ctate con nuestra comunidad!","publisher":{"@id":"https:\/\/santaanadelosguacaras.gob.ar\/sitio\/#organization"},"alternateName":"MuniSantaAna","potentialAction":[{"@type":"SearchAction","target":{"@type":"EntryPoint","urlTemplate":"https:\/\/santaanadelosguacaras.gob.ar\/sitio\/?s={search_term_string}"},"query-input":{"@type":"PropertyValueSpecification","valueRequired":true,"valueName":"search_term_string"}}],"inLanguage":"es"},{"@type":"Organization","@id":"https:\/\/santaanadelosguacaras.gob.ar\/sitio\/#organization","name":"Municipalidad de Santa Ana de los Gu\u00e1caras","alternateName":"MuniSantaAna","url":"https:\/\/santaanadelosguacaras.gob.ar\/sitio\/","logo":{"@type":"ImageObject","inLanguage":"es","@id":"https:\/\/santaanadelosguacaras.gob.ar\/sitio\/#\/schema\/logo\/image\/","url":"https:\/\/santaanadelosguacaras.gob.ar\/sitio\/wp-content\/uploads\/2024\/12\/cropped-logo_muni_250.png","contentUrl":"https:\/\/santaanadelosguacaras.gob.ar\/sitio\/wp-content\/uploads\/2024\/12\/cropped-logo_muni_250.png","width":247,"height":95,"caption":"Municipalidad de Santa Ana de los Gu\u00e1caras"},"image":{"@id":"https:\/\/santaanadelosguacaras.gob.ar\/sitio\/#\/schema\/logo\/image\/"},"sameAs":["https:\/\/www.facebook.com\/MuniSantaAnaDeLosGuacaras","https:\/\/www.instagram.com\/muni_santaana_ctes"]},{"@type":"Person","@id":"https:\/\/santaanadelosguacaras.gob.ar\/sitio\/#\/schema\/person\/aa85e53bbb5a7c7e19834c20ede5e205","name":"Comunicaci\u00f3n","image":{"@type":"ImageObject","inLanguage":"es","@id":"https:\/\/santaanadelosguacaras.gob.ar\/sitio\/#\/schema\/person\/image\/","url":"https:\/\/secure.gravatar.com\/avatar\/3e81e68b8dcb0733c78bbafb464befc4a66ce4135950c3e3ac0d3c09e53e7092?s=96&d=mm&r=g","contentUrl":"https:\/\/secure.gravatar.com\/avatar\/3e81e68b8dcb0733c78bbafb464befc4a66ce4135950c3e3ac0d3c09e53e7092?s=96&d=mm&r=g","caption":"Comunicaci\u00f3n"}}]}},"_links":{"self":[{"href":"https:\/\/santaanadelosguacaras.gob.ar\/sitio\/wp-json\/wp\/v2\/posts\/1043","targetHints":{"allow":["GET"]}}],"collection":[{"href":"https:\/\/santaanadelosguacaras.gob.ar\/sitio\/wp-json\/wp\/v2\/posts"}],"about":[{"href":"https:\/\/santaanadelosguacaras.gob.ar\/sitio\/wp-json\/wp\/v2\/types\/post"}],"author":[{"embeddable":true,"href":"https:\/\/santaanadelosguacaras.gob.ar\/sitio\/wp-json\/wp\/v2\/users\/2"}],"replies":[{"embeddable":true,"href":"https:\/\/santaanadelosguacaras.gob.ar\/sitio\/wp-json\/wp\/v2\/comments?post=1043"}],"version-history":[{"count":1,"href":"https:\/\/santaanadelosguacaras.gob.ar\/sitio\/wp-json\/wp\/v2\/posts\/1043\/revisions"}],"predecessor-version":[{"id":1113,"href":"https:\/\/santaanadelosguacaras.gob.ar\/sitio\/wp-json\/wp\/v2\/posts\/1043\/revisions\/1113"}],"wp:featuredmedia":[{"embeddable":true,"href":"https:\/\/santaanadelosguacaras.gob.ar\/sitio\/wp-json\/wp\/v2\/media\/1058"}],"wp:attachment":[{"href":"https:\/\/santaanadelosguacaras.gob.ar\/sitio\/wp-json\/wp\/v2\/media?parent=1043"}],"wp:term":[{"taxonomy":"category","embeddable":true,"href":"https:\/\/santaanadelosguacaras.gob.ar\/sitio\/wp-json\/wp\/v2\/categories?post=1043"},{"taxonomy":"post_tag","embeddable":true,"href":"https:\/\/santaanadelosguacaras.gob.ar\/sitio\/wp-json\/wp\/v2\/tags?post=1043"}],"curies":[{"name":"wp","href":"https:\/\/api.w.org\/{rel}","templated":true}]}}