{"id":1214,"date":"2025-03-15T11:11:49","date_gmt":"2025-03-15T14:11:49","guid":{"rendered":"https:\/\/santaanadelosguacaras.gob.ar\/sitio\/?p=1214"},"modified":"2025-03-15T11:11:50","modified_gmt":"2025-03-15T14:11:50","slug":"santa-ana-en-4to-encuentro-de-areas-mujer","status":"publish","type":"post","link":"https:\/\/santaanadelosguacaras.gob.ar\/sitio\/santa-ana-en-4to-encuentro-de-areas-mujer\/","title":{"rendered":"Santa Ana en 4to. Encuentro de \u00c1reas Mujer"},"content":{"rendered":"\n<p>La Direcci\u00f3n de la Mujer e Infancia de la Municipalidad De Santa Ana , a trav\u00e9s de su Directora Maria Beatriz Romero y la Asesora Legal, Dra. Rosalia Astorga, participaron del 4to. Encuentro \u00c1reas Mujer , este 14 de marzo, en la ciudad de Corrientes.<\/p>\n\n\n\n<p>El encuentro abord\u00f3 herramientas para la ejecuci\u00f3n de pol\u00edticas p\u00fablicas, con ponencias de profesionales del Centro Jur\u00eddico, Centro de Monitoreo, Juzgado de Familia, Ni\u00f1ez y Adolescencia, trabajadores sociales, psicol\u00f3gos, entre otros; y el intercambio de experiencias de gesti\u00f3n.<\/p>\n\n\n\n<p>En Santa Ana, la Direcci\u00f3n de la Mujer e Infancia, brinda asesoramiento legal, asistencia psicol\u00f3gica, gestiones para mujeres y ni\u00f1os.<\/p>\n\n\n\n<p>Tel\u00e9fono <a href=\"tel:3794866289\">3794866289<\/a>, oficina calles Iber\u00e1 y Constituci\u00f3n.<\/p>\n\n\n\n<figure class=\"wp-block-gallery has-nested-images columns-default is-cropped wp-block-gallery-1 is-layout-flex wp-block-gallery-is-layout-flex\">\n<figure class=\"wp-block-image size-large\"><a href=\"https:\/\/santaanadelosguacaras.gob.ar\/sitio\/wp-content\/uploads\/2025\/03\/2ffa0c34-3f44-4e37-8c81-32f8a199ba33.webp\"><img loading=\"lazy\" decoding=\"async\" width=\"960\" height=\"541\" data-id=\"1215\" src=\"https:\/\/santaanadelosguacaras.gob.ar\/sitio\/wp-content\/uploads\/2025\/03\/2ffa0c34-3f44-4e37-8c81-32f8a199ba33.webp\" alt=\"\" class=\"wp-image-1215\" srcset=\"https:\/\/santaanadelosguacaras.gob.ar\/sitio\/wp-content\/uploads\/2025\/03\/2ffa0c34-3f44-4e37-8c81-32f8a199ba33.webp 960w, https:\/\/santaanadelosguacaras.gob.ar\/sitio\/wp-content\/uploads\/2025\/03\/2ffa0c34-3f44-4e37-8c81-32f8a199ba33-300x169.webp 300w, https:\/\/santaanadelosguacaras.gob.ar\/sitio\/wp-content\/uploads\/2025\/03\/2ffa0c34-3f44-4e37-8c81-32f8a199ba33-768x433.webp 768w\" sizes=\"auto, (max-width: 960px) 100vw, 960px\" \/><\/a><\/figure>\n\n\n\n<figure class=\"wp-block-image size-large\"><a href=\"https:\/\/santaanadelosguacaras.gob.ar\/sitio\/wp-content\/uploads\/2025\/03\/4f00b214-038f-461a-b9d3-72c13a230c70.webp\"><img loading=\"lazy\" decoding=\"async\" width=\"960\" height=\"541\" data-id=\"1217\" src=\"https:\/\/santaanadelosguacaras.gob.ar\/sitio\/wp-content\/uploads\/2025\/03\/4f00b214-038f-461a-b9d3-72c13a230c70.webp\" alt=\"\" class=\"wp-image-1217\" srcset=\"https:\/\/santaanadelosguacaras.gob.ar\/sitio\/wp-content\/uploads\/2025\/03\/4f00b214-038f-461a-b9d3-72c13a230c70.webp 960w, https:\/\/santaanadelosguacaras.gob.ar\/sitio\/wp-content\/uploads\/2025\/03\/4f00b214-038f-461a-b9d3-72c13a230c70-300x169.webp 300w, https:\/\/santaanadelosguacaras.gob.ar\/sitio\/wp-content\/uploads\/2025\/03\/4f00b214-038f-461a-b9d3-72c13a230c70-768x433.webp 768w\" sizes=\"auto, (max-width: 960px) 100vw, 960px\" \/><\/a><\/figure>\n\n\n\n<figure class=\"wp-block-image size-large\"><a href=\"https:\/\/santaanadelosguacaras.gob.ar\/sitio\/wp-content\/uploads\/2025\/03\/715d6065-ab29-4da5-abba-c17b82e428c8.webp\"><img loading=\"lazy\" decoding=\"async\" width=\"960\" height=\"541\" data-id=\"1220\" src=\"https:\/\/santaanadelosguacaras.gob.ar\/sitio\/wp-content\/uploads\/2025\/03\/715d6065-ab29-4da5-abba-c17b82e428c8.webp\" alt=\"\" class=\"wp-image-1220\" srcset=\"https:\/\/santaanadelosguacaras.gob.ar\/sitio\/wp-content\/uploads\/2025\/03\/715d6065-ab29-4da5-abba-c17b82e428c8.webp 960w, https:\/\/santaanadelosguacaras.gob.ar\/sitio\/wp-content\/uploads\/2025\/03\/715d6065-ab29-4da5-abba-c17b82e428c8-300x169.webp 300w, https:\/\/santaanadelosguacaras.gob.ar\/sitio\/wp-content\/uploads\/2025\/03\/715d6065-ab29-4da5-abba-c17b82e428c8-768x433.webp 768w\" sizes=\"auto, (max-width: 960px) 100vw, 960px\" \/><\/a><\/figure>\n\n\n\n<figure class=\"wp-block-image size-large\"><a href=\"https:\/\/santaanadelosguacaras.gob.ar\/sitio\/wp-content\/uploads\/2025\/03\/196019a9-e2ce-4f20-bb48-64fb5a309c45.webp\"><img loading=\"lazy\" decoding=\"async\" width=\"960\" height=\"541\" data-id=\"1218\" src=\"https:\/\/santaanadelosguacaras.gob.ar\/sitio\/wp-content\/uploads\/2025\/03\/196019a9-e2ce-4f20-bb48-64fb5a309c45.webp\" alt=\"\" class=\"wp-image-1218\" srcset=\"https:\/\/santaanadelosguacaras.gob.ar\/sitio\/wp-content\/uploads\/2025\/03\/196019a9-e2ce-4f20-bb48-64fb5a309c45.webp 960w, https:\/\/santaanadelosguacaras.gob.ar\/sitio\/wp-content\/uploads\/2025\/03\/196019a9-e2ce-4f20-bb48-64fb5a309c45-300x169.webp 300w, https:\/\/santaanadelosguacaras.gob.ar\/sitio\/wp-content\/uploads\/2025\/03\/196019a9-e2ce-4f20-bb48-64fb5a309c45-768x433.webp 768w\" sizes=\"auto, (max-width: 960px) 100vw, 960px\" \/><\/a><\/figure>\n\n\n\n<figure class=\"wp-block-image size-large\"><a href=\"https:\/\/santaanadelosguacaras.gob.ar\/sitio\/wp-content\/uploads\/2025\/03\/a0c8316d-c463-47f5-8b6c-c083452fe3a0.webp\"><img loading=\"lazy\" decoding=\"async\" width=\"960\" height=\"541\" data-id=\"1219\" src=\"https:\/\/santaanadelosguacaras.gob.ar\/sitio\/wp-content\/uploads\/2025\/03\/a0c8316d-c463-47f5-8b6c-c083452fe3a0.webp\" alt=\"\" class=\"wp-image-1219\" srcset=\"https:\/\/santaanadelosguacaras.gob.ar\/sitio\/wp-content\/uploads\/2025\/03\/a0c8316d-c463-47f5-8b6c-c083452fe3a0.webp 960w, https:\/\/santaanadelosguacaras.gob.ar\/sitio\/wp-content\/uploads\/2025\/03\/a0c8316d-c463-47f5-8b6c-c083452fe3a0-300x169.webp 300w, https:\/\/santaanadelosguacaras.gob.ar\/sitio\/wp-content\/uploads\/2025\/03\/a0c8316d-c463-47f5-8b6c-c083452fe3a0-768x433.webp 768w\" sizes=\"auto, (max-width: 960px) 100vw, 960px\" \/><\/a><\/figure>\n\n\n\n<figure class=\"wp-block-image size-large\"><a href=\"https:\/\/santaanadelosguacaras.gob.ar\/sitio\/wp-content\/uploads\/2025\/03\/cbf424db-17dc-4de4-8409-f8707a137ff7.webp\"><img loading=\"lazy\" decoding=\"async\" width=\"960\" height=\"541\" data-id=\"1221\" src=\"https:\/\/santaanadelosguacaras.gob.ar\/sitio\/wp-content\/uploads\/2025\/03\/cbf424db-17dc-4de4-8409-f8707a137ff7.webp\" alt=\"\" class=\"wp-image-1221\" srcset=\"https:\/\/santaanadelosguacaras.gob.ar\/sitio\/wp-content\/uploads\/2025\/03\/cbf424db-17dc-4de4-8409-f8707a137ff7.webp 960w, https:\/\/santaanadelosguacaras.gob.ar\/sitio\/wp-content\/uploads\/2025\/03\/cbf424db-17dc-4de4-8409-f8707a137ff7-300x169.webp 300w, https:\/\/santaanadelosguacaras.gob.ar\/sitio\/wp-content\/uploads\/2025\/03\/cbf424db-17dc-4de4-8409-f8707a137ff7-768x433.webp 768w\" sizes=\"auto, (max-width: 960px) 100vw, 960px\" \/><\/a><\/figure>\n\n\n\n<figure class=\"wp-block-image size-large\"><a href=\"https:\/\/santaanadelosguacaras.gob.ar\/sitio\/wp-content\/uploads\/2025\/03\/e9972222-235f-47bc-a86c-4543094fe50f.webp\"><img loading=\"lazy\" decoding=\"async\" width=\"960\" height=\"541\" data-id=\"1216\" src=\"https:\/\/santaanadelosguacaras.gob.ar\/sitio\/wp-content\/uploads\/2025\/03\/e9972222-235f-47bc-a86c-4543094fe50f.webp\" alt=\"\" class=\"wp-image-1216\" srcset=\"https:\/\/santaanadelosguacaras.gob.ar\/sitio\/wp-content\/uploads\/2025\/03\/e9972222-235f-47bc-a86c-4543094fe50f.webp 960w, https:\/\/santaanadelosguacaras.gob.ar\/sitio\/wp-content\/uploads\/2025\/03\/e9972222-235f-47bc-a86c-4543094fe50f-300x169.webp 300w, https:\/\/santaanadelosguacaras.gob.ar\/sitio\/wp-content\/uploads\/2025\/03\/e9972222-235f-47bc-a86c-4543094fe50f-768x433.webp 768w\" sizes=\"auto, (max-width: 960px) 100vw, 960px\" \/><\/a><\/figure>\n\n\n\n<figure class=\"wp-block-image size-large\"><a href=\"https:\/\/santaanadelosguacaras.gob.ar\/sitio\/wp-content\/uploads\/2025\/03\/efc26366-54fe-42ed-b044-823055d67f2a.webp\"><img loading=\"lazy\" decoding=\"async\" width=\"960\" height=\"541\" data-id=\"1222\" src=\"https:\/\/santaanadelosguacaras.gob.ar\/sitio\/wp-content\/uploads\/2025\/03\/efc26366-54fe-42ed-b044-823055d67f2a.webp\" alt=\"\" class=\"wp-image-1222\" srcset=\"https:\/\/santaanadelosguacaras.gob.ar\/sitio\/wp-content\/uploads\/2025\/03\/efc26366-54fe-42ed-b044-823055d67f2a.webp 960w, https:\/\/santaanadelosguacaras.gob.ar\/sitio\/wp-content\/uploads\/2025\/03\/efc26366-54fe-42ed-b044-823055d67f2a-300x169.webp 300w, https:\/\/santaanadelosguacaras.gob.ar\/sitio\/wp-content\/uploads\/2025\/03\/efc26366-54fe-42ed-b044-823055d67f2a-768x433.webp 768w\" sizes=\"auto, (max-width: 960px) 100vw, 960px\" \/><\/a><\/figure>\n<\/figure>\n","protected":false},"excerpt":{"rendered":"<p>La Direcci\u00f3n de la Mujer e Infancia de la Municipalidad De Santa Ana , a trav\u00e9s de su Directora Maria Beatriz Romero y la Asesora Legal, Dra. Rosalia Astorga, participaron&hellip; <\/p>\n","protected":false},"author":2,"featured_media":1215,"comment_status":"closed","ping_status":"open","sticky":false,"template":"","format":"standard","meta":{"footnotes":""},"categories":[7],"tags":[],"class_list":["post-1214","post","type-post","status-publish","format-standard","has-post-thumbnail","hentry","category-mujer-e-infancia"],"yoast_head":"<!-- This site is optimized with the Yoast SEO plugin v24.8.1 - https:\/\/yoast.com\/wordpress\/plugins\/seo\/ -->\n<title>Santa Ana en 4to. Encuentro de \u00c1reas Mujer - Municipalidad de Santa Ana de los Gu\u00e1caras<\/title>\n<meta name=\"robots\" content=\"index, follow, max-snippet:-1, max-image-preview:large, max-video-preview:-1\" \/>\n<link rel=\"canonical\" href=\"https:\/\/santaanadelosguacaras.gob.ar\/sitio\/santa-ana-en-4to-encuentro-de-areas-mujer\/\" \/>\n<meta property=\"og:locale\" content=\"es_ES\" \/>\n<meta property=\"og:type\" content=\"article\" \/>\n<meta property=\"og:title\" content=\"Santa Ana en 4to. Encuentro de \u00c1reas Mujer - Municipalidad de Santa Ana de los Gu\u00e1caras\" \/>\n<meta property=\"og:description\" content=\"La Direcci\u00f3n de la Mujer e Infancia de la Municipalidad De Santa Ana , a trav\u00e9s de su Directora Maria Beatriz Romero y la Asesora Legal, Dra. Rosalia Astorga, participaron&hellip;\" \/>\n<meta property=\"og:url\" content=\"https:\/\/santaanadelosguacaras.gob.ar\/sitio\/santa-ana-en-4to-encuentro-de-areas-mujer\/\" \/>\n<meta property=\"og:site_name\" content=\"Municipalidad de Santa Ana de los Gu\u00e1caras\" \/>\n<meta property=\"article:publisher\" content=\"https:\/\/www.facebook.com\/MuniSantaAnaDeLosGuacaras\" \/>\n<meta property=\"article:published_time\" content=\"2025-03-15T14:11:49+00:00\" \/>\n<meta property=\"article:modified_time\" content=\"2025-03-15T14:11:50+00:00\" \/>\n<meta property=\"og:image\" content=\"https:\/\/santaanadelosguacaras.gob.ar\/sitio\/wp-content\/uploads\/2025\/03\/2ffa0c34-3f44-4e37-8c81-32f8a199ba33.webp\" \/>\n\t<meta property=\"og:image:width\" content=\"960\" \/>\n\t<meta property=\"og:image:height\" content=\"541\" \/>\n\t<meta property=\"og:image:type\" content=\"image\/webp\" \/>\n<meta name=\"author\" content=\"Comunicaci\u00f3n\" \/>\n<meta name=\"twitter:card\" content=\"summary_large_image\" \/>\n<meta name=\"twitter:label1\" content=\"Escrito por\" \/>\n\t<meta name=\"twitter:data1\" content=\"Comunicaci\u00f3n\" \/>\n\t<meta name=\"twitter:label2\" content=\"Tiempo de lectura\" \/>\n\t<meta name=\"twitter:data2\" content=\"3 minutos\" \/>\n<script type=\"application\/ld+json\" class=\"yoast-schema-graph\">{\"@context\":\"https:\/\/schema.org\",\"@graph\":[{\"@type\":\"Article\",\"@id\":\"https:\/\/santaanadelosguacaras.gob.ar\/sitio\/santa-ana-en-4to-encuentro-de-areas-mujer\/#article\",\"isPartOf\":{\"@id\":\"https:\/\/santaanadelosguacaras.gob.ar\/sitio\/santa-ana-en-4to-encuentro-de-areas-mujer\/\"},\"author\":{\"name\":\"Comunicaci\u00f3n\",\"@id\":\"https:\/\/santaanadelosguacaras.gob.ar\/sitio\/#\/schema\/person\/aa85e53bbb5a7c7e19834c20ede5e205\"},\"headline\":\"Santa Ana en 4to. Encuentro de \u00c1reas Mujer\",\"datePublished\":\"2025-03-15T14:11:49+00:00\",\"dateModified\":\"2025-03-15T14:11:50+00:00\",\"mainEntityOfPage\":{\"@id\":\"https:\/\/santaanadelosguacaras.gob.ar\/sitio\/santa-ana-en-4to-encuentro-de-areas-mujer\/\"},\"wordCount\":128,\"publisher\":{\"@id\":\"https:\/\/santaanadelosguacaras.gob.ar\/sitio\/#organization\"},\"image\":{\"@id\":\"https:\/\/santaanadelosguacaras.gob.ar\/sitio\/santa-ana-en-4to-encuentro-de-areas-mujer\/#primaryimage\"},\"thumbnailUrl\":\"https:\/\/santaanadelosguacaras.gob.ar\/sitio\/wp-content\/uploads\/2025\/03\/2ffa0c34-3f44-4e37-8c81-32f8a199ba33.webp\",\"articleSection\":[\"Mujer e Infancia\"],\"inLanguage\":\"es\"},{\"@type\":\"WebPage\",\"@id\":\"https:\/\/santaanadelosguacaras.gob.ar\/sitio\/santa-ana-en-4to-encuentro-de-areas-mujer\/\",\"url\":\"https:\/\/santaanadelosguacaras.gob.ar\/sitio\/santa-ana-en-4to-encuentro-de-areas-mujer\/\",\"name\":\"Santa Ana en 4to. Encuentro de \u00c1reas Mujer - Municipalidad de Santa Ana de los Gu\u00e1caras\",\"isPartOf\":{\"@id\":\"https:\/\/santaanadelosguacaras.gob.ar\/sitio\/#website\"},\"primaryImageOfPage\":{\"@id\":\"https:\/\/santaanadelosguacaras.gob.ar\/sitio\/santa-ana-en-4to-encuentro-de-areas-mujer\/#primaryimage\"},\"image\":{\"@id\":\"https:\/\/santaanadelosguacaras.gob.ar\/sitio\/santa-ana-en-4to-encuentro-de-areas-mujer\/#primaryimage\"},\"thumbnailUrl\":\"https:\/\/santaanadelosguacaras.gob.ar\/sitio\/wp-content\/uploads\/2025\/03\/2ffa0c34-3f44-4e37-8c81-32f8a199ba33.webp\",\"datePublished\":\"2025-03-15T14:11:49+00:00\",\"dateModified\":\"2025-03-15T14:11:50+00:00\",\"breadcrumb\":{\"@id\":\"https:\/\/santaanadelosguacaras.gob.ar\/sitio\/santa-ana-en-4to-encuentro-de-areas-mujer\/#breadcrumb\"},\"inLanguage\":\"es\",\"potentialAction\":[{\"@type\":\"ReadAction\",\"target\":[\"https:\/\/santaanadelosguacaras.gob.ar\/sitio\/santa-ana-en-4to-encuentro-de-areas-mujer\/\"]}]},{\"@type\":\"ImageObject\",\"inLanguage\":\"es\",\"@id\":\"https:\/\/santaanadelosguacaras.gob.ar\/sitio\/santa-ana-en-4to-encuentro-de-areas-mujer\/#primaryimage\",\"url\":\"https:\/\/santaanadelosguacaras.gob.ar\/sitio\/wp-content\/uploads\/2025\/03\/2ffa0c34-3f44-4e37-8c81-32f8a199ba33.webp\",\"contentUrl\":\"https:\/\/santaanadelosguacaras.gob.ar\/sitio\/wp-content\/uploads\/2025\/03\/2ffa0c34-3f44-4e37-8c81-32f8a199ba33.webp\",\"width\":960,\"height\":541},{\"@type\":\"BreadcrumbList\",\"@id\":\"https:\/\/santaanadelosguacaras.gob.ar\/sitio\/santa-ana-en-4to-encuentro-de-areas-mujer\/#breadcrumb\",\"itemListElement\":[{\"@type\":\"ListItem\",\"position\":1,\"name\":\"Portada\",\"item\":\"https:\/\/santaanadelosguacaras.gob.ar\/sitio\/\"},{\"@type\":\"ListItem\",\"position\":2,\"name\":\"Santa Ana en 4to. Encuentro de \u00c1reas Mujer\"}]},{\"@type\":\"WebSite\",\"@id\":\"https:\/\/santaanadelosguacaras.gob.ar\/sitio\/#website\",\"url\":\"https:\/\/santaanadelosguacaras.gob.ar\/sitio\/\",\"name\":\"Municipalidad de Santa Ana de los Gu\u00e1caras\",\"description\":\"Descubre Santa Ana de los Gu\u00e1caras, un rinc\u00f3n lleno de historia, cultura y naturaleza en Corrientes. Informaci\u00f3n oficial sobre eventos, turismo, servicios municipales y m\u00e1s. \u00a1Con\u00e9ctate con nuestra comunidad!\",\"publisher\":{\"@id\":\"https:\/\/santaanadelosguacaras.gob.ar\/sitio\/#organization\"},\"alternateName\":\"MuniSantaAna\",\"potentialAction\":[{\"@type\":\"SearchAction\",\"target\":{\"@type\":\"EntryPoint\",\"urlTemplate\":\"https:\/\/santaanadelosguacaras.gob.ar\/sitio\/?s={search_term_string}\"},\"query-input\":{\"@type\":\"PropertyValueSpecification\",\"valueRequired\":true,\"valueName\":\"search_term_string\"}}],\"inLanguage\":\"es\"},{\"@type\":\"Organization\",\"@id\":\"https:\/\/santaanadelosguacaras.gob.ar\/sitio\/#organization\",\"name\":\"Municipalidad de Santa Ana de los Gu\u00e1caras\",\"alternateName\":\"MuniSantaAna\",\"url\":\"https:\/\/santaanadelosguacaras.gob.ar\/sitio\/\",\"logo\":{\"@type\":\"ImageObject\",\"inLanguage\":\"es\",\"@id\":\"https:\/\/santaanadelosguacaras.gob.ar\/sitio\/#\/schema\/logo\/image\/\",\"url\":\"https:\/\/santaanadelosguacaras.gob.ar\/sitio\/wp-content\/uploads\/2024\/12\/cropped-logo_muni_250.png\",\"contentUrl\":\"https:\/\/santaanadelosguacaras.gob.ar\/sitio\/wp-content\/uploads\/2024\/12\/cropped-logo_muni_250.png\",\"width\":247,\"height\":95,\"caption\":\"Municipalidad de Santa Ana de los Gu\u00e1caras\"},\"image\":{\"@id\":\"https:\/\/santaanadelosguacaras.gob.ar\/sitio\/#\/schema\/logo\/image\/\"},\"sameAs\":[\"https:\/\/www.facebook.com\/MuniSantaAnaDeLosGuacaras\",\"https:\/\/www.instagram.com\/muni_santaana_ctes\"]},{\"@type\":\"Person\",\"@id\":\"https:\/\/santaanadelosguacaras.gob.ar\/sitio\/#\/schema\/person\/aa85e53bbb5a7c7e19834c20ede5e205\",\"name\":\"Comunicaci\u00f3n\",\"image\":{\"@type\":\"ImageObject\",\"inLanguage\":\"es\",\"@id\":\"https:\/\/santaanadelosguacaras.gob.ar\/sitio\/#\/schema\/person\/image\/\",\"url\":\"https:\/\/secure.gravatar.com\/avatar\/3e81e68b8dcb0733c78bbafb464befc4a66ce4135950c3e3ac0d3c09e53e7092?s=96&d=mm&r=g\",\"contentUrl\":\"https:\/\/secure.gravatar.com\/avatar\/3e81e68b8dcb0733c78bbafb464befc4a66ce4135950c3e3ac0d3c09e53e7092?s=96&d=mm&r=g\",\"caption\":\"Comunicaci\u00f3n\"}}]}<\/script>\n<!-- \/ Yoast SEO plugin. -->","yoast_head_json":{"title":"Santa Ana en 4to. Encuentro de \u00c1reas Mujer - Municipalidad de Santa Ana de los Gu\u00e1caras","robots":{"index":"index","follow":"follow","max-snippet":"max-snippet:-1","max-image-preview":"max-image-preview:large","max-video-preview":"max-video-preview:-1"},"canonical":"https:\/\/santaanadelosguacaras.gob.ar\/sitio\/santa-ana-en-4to-encuentro-de-areas-mujer\/","og_locale":"es_ES","og_type":"article","og_title":"Santa Ana en 4to. Encuentro de \u00c1reas Mujer - Municipalidad de Santa Ana de los Gu\u00e1caras","og_description":"La Direcci\u00f3n de la Mujer e Infancia de la Municipalidad De Santa Ana , a trav\u00e9s de su Directora Maria Beatriz Romero y la Asesora Legal, Dra. Rosalia Astorga, participaron&hellip;","og_url":"https:\/\/santaanadelosguacaras.gob.ar\/sitio\/santa-ana-en-4to-encuentro-de-areas-mujer\/","og_site_name":"Municipalidad de Santa Ana de los Gu\u00e1caras","article_publisher":"https:\/\/www.facebook.com\/MuniSantaAnaDeLosGuacaras","article_published_time":"2025-03-15T14:11:49+00:00","article_modified_time":"2025-03-15T14:11:50+00:00","og_image":[{"width":960,"height":541,"url":"https:\/\/santaanadelosguacaras.gob.ar\/sitio\/wp-content\/uploads\/2025\/03\/2ffa0c34-3f44-4e37-8c81-32f8a199ba33.webp","type":"image\/webp"}],"author":"Comunicaci\u00f3n","twitter_card":"summary_large_image","twitter_misc":{"Escrito por":"Comunicaci\u00f3n","Tiempo de lectura":"3 minutos"},"schema":{"@context":"https:\/\/schema.org","@graph":[{"@type":"Article","@id":"https:\/\/santaanadelosguacaras.gob.ar\/sitio\/santa-ana-en-4to-encuentro-de-areas-mujer\/#article","isPartOf":{"@id":"https:\/\/santaanadelosguacaras.gob.ar\/sitio\/santa-ana-en-4to-encuentro-de-areas-mujer\/"},"author":{"name":"Comunicaci\u00f3n","@id":"https:\/\/santaanadelosguacaras.gob.ar\/sitio\/#\/schema\/person\/aa85e53bbb5a7c7e19834c20ede5e205"},"headline":"Santa Ana en 4to. Encuentro de \u00c1reas Mujer","datePublished":"2025-03-15T14:11:49+00:00","dateModified":"2025-03-15T14:11:50+00:00","mainEntityOfPage":{"@id":"https:\/\/santaanadelosguacaras.gob.ar\/sitio\/santa-ana-en-4to-encuentro-de-areas-mujer\/"},"wordCount":128,"publisher":{"@id":"https:\/\/santaanadelosguacaras.gob.ar\/sitio\/#organization"},"image":{"@id":"https:\/\/santaanadelosguacaras.gob.ar\/sitio\/santa-ana-en-4to-encuentro-de-areas-mujer\/#primaryimage"},"thumbnailUrl":"https:\/\/santaanadelosguacaras.gob.ar\/sitio\/wp-content\/uploads\/2025\/03\/2ffa0c34-3f44-4e37-8c81-32f8a199ba33.webp","articleSection":["Mujer e Infancia"],"inLanguage":"es"},{"@type":"WebPage","@id":"https:\/\/santaanadelosguacaras.gob.ar\/sitio\/santa-ana-en-4to-encuentro-de-areas-mujer\/","url":"https:\/\/santaanadelosguacaras.gob.ar\/sitio\/santa-ana-en-4to-encuentro-de-areas-mujer\/","name":"Santa Ana en 4to. Encuentro de \u00c1reas Mujer - Municipalidad de Santa Ana de los Gu\u00e1caras","isPartOf":{"@id":"https:\/\/santaanadelosguacaras.gob.ar\/sitio\/#website"},"primaryImageOfPage":{"@id":"https:\/\/santaanadelosguacaras.gob.ar\/sitio\/santa-ana-en-4to-encuentro-de-areas-mujer\/#primaryimage"},"image":{"@id":"https:\/\/santaanadelosguacaras.gob.ar\/sitio\/santa-ana-en-4to-encuentro-de-areas-mujer\/#primaryimage"},"thumbnailUrl":"https:\/\/santaanadelosguacaras.gob.ar\/sitio\/wp-content\/uploads\/2025\/03\/2ffa0c34-3f44-4e37-8c81-32f8a199ba33.webp","datePublished":"2025-03-15T14:11:49+00:00","dateModified":"2025-03-15T14:11:50+00:00","breadcrumb":{"@id":"https:\/\/santaanadelosguacaras.gob.ar\/sitio\/santa-ana-en-4to-encuentro-de-areas-mujer\/#breadcrumb"},"inLanguage":"es","potentialAction":[{"@type":"ReadAction","target":["https:\/\/santaanadelosguacaras.gob.ar\/sitio\/santa-ana-en-4to-encuentro-de-areas-mujer\/"]}]},{"@type":"ImageObject","inLanguage":"es","@id":"https:\/\/santaanadelosguacaras.gob.ar\/sitio\/santa-ana-en-4to-encuentro-de-areas-mujer\/#primaryimage","url":"https:\/\/santaanadelosguacaras.gob.ar\/sitio\/wp-content\/uploads\/2025\/03\/2ffa0c34-3f44-4e37-8c81-32f8a199ba33.webp","contentUrl":"https:\/\/santaanadelosguacaras.gob.ar\/sitio\/wp-content\/uploads\/2025\/03\/2ffa0c34-3f44-4e37-8c81-32f8a199ba33.webp","width":960,"height":541},{"@type":"BreadcrumbList","@id":"https:\/\/santaanadelosguacaras.gob.ar\/sitio\/santa-ana-en-4to-encuentro-de-areas-mujer\/#breadcrumb","itemListElement":[{"@type":"ListItem","position":1,"name":"Portada","item":"https:\/\/santaanadelosguacaras.gob.ar\/sitio\/"},{"@type":"ListItem","position":2,"name":"Santa Ana en 4to. Encuentro de \u00c1reas Mujer"}]},{"@type":"WebSite","@id":"https:\/\/santaanadelosguacaras.gob.ar\/sitio\/#website","url":"https:\/\/santaanadelosguacaras.gob.ar\/sitio\/","name":"Municipalidad de Santa Ana de los Gu\u00e1caras","description":"Descubre Santa Ana de los Gu\u00e1caras, un rinc\u00f3n lleno de historia, cultura y naturaleza en Corrientes. Informaci\u00f3n oficial sobre eventos, turismo, servicios municipales y m\u00e1s. \u00a1Con\u00e9ctate con nuestra comunidad!","publisher":{"@id":"https:\/\/santaanadelosguacaras.gob.ar\/sitio\/#organization"},"alternateName":"MuniSantaAna","potentialAction":[{"@type":"SearchAction","target":{"@type":"EntryPoint","urlTemplate":"https:\/\/santaanadelosguacaras.gob.ar\/sitio\/?s={search_term_string}"},"query-input":{"@type":"PropertyValueSpecification","valueRequired":true,"valueName":"search_term_string"}}],"inLanguage":"es"},{"@type":"Organization","@id":"https:\/\/santaanadelosguacaras.gob.ar\/sitio\/#organization","name":"Municipalidad de Santa Ana de los Gu\u00e1caras","alternateName":"MuniSantaAna","url":"https:\/\/santaanadelosguacaras.gob.ar\/sitio\/","logo":{"@type":"ImageObject","inLanguage":"es","@id":"https:\/\/santaanadelosguacaras.gob.ar\/sitio\/#\/schema\/logo\/image\/","url":"https:\/\/santaanadelosguacaras.gob.ar\/sitio\/wp-content\/uploads\/2024\/12\/cropped-logo_muni_250.png","contentUrl":"https:\/\/santaanadelosguacaras.gob.ar\/sitio\/wp-content\/uploads\/2024\/12\/cropped-logo_muni_250.png","width":247,"height":95,"caption":"Municipalidad de Santa Ana de los Gu\u00e1caras"},"image":{"@id":"https:\/\/santaanadelosguacaras.gob.ar\/sitio\/#\/schema\/logo\/image\/"},"sameAs":["https:\/\/www.facebook.com\/MuniSantaAnaDeLosGuacaras","https:\/\/www.instagram.com\/muni_santaana_ctes"]},{"@type":"Person","@id":"https:\/\/santaanadelosguacaras.gob.ar\/sitio\/#\/schema\/person\/aa85e53bbb5a7c7e19834c20ede5e205","name":"Comunicaci\u00f3n","image":{"@type":"ImageObject","inLanguage":"es","@id":"https:\/\/santaanadelosguacaras.gob.ar\/sitio\/#\/schema\/person\/image\/","url":"https:\/\/secure.gravatar.com\/avatar\/3e81e68b8dcb0733c78bbafb464befc4a66ce4135950c3e3ac0d3c09e53e7092?s=96&d=mm&r=g","contentUrl":"https:\/\/secure.gravatar.com\/avatar\/3e81e68b8dcb0733c78bbafb464befc4a66ce4135950c3e3ac0d3c09e53e7092?s=96&d=mm&r=g","caption":"Comunicaci\u00f3n"}}]}},"_links":{"self":[{"href":"https:\/\/santaanadelosguacaras.gob.ar\/sitio\/wp-json\/wp\/v2\/posts\/1214","targetHints":{"allow":["GET"]}}],"collection":[{"href":"https:\/\/santaanadelosguacaras.gob.ar\/sitio\/wp-json\/wp\/v2\/posts"}],"about":[{"href":"https:\/\/santaanadelosguacaras.gob.ar\/sitio\/wp-json\/wp\/v2\/types\/post"}],"author":[{"embeddable":true,"href":"https:\/\/santaanadelosguacaras.gob.ar\/sitio\/wp-json\/wp\/v2\/users\/2"}],"replies":[{"embeddable":true,"href":"https:\/\/santaanadelosguacaras.gob.ar\/sitio\/wp-json\/wp\/v2\/comments?post=1214"}],"version-history":[{"count":1,"href":"https:\/\/santaanadelosguacaras.gob.ar\/sitio\/wp-json\/wp\/v2\/posts\/1214\/revisions"}],"predecessor-version":[{"id":1223,"href":"https:\/\/santaanadelosguacaras.gob.ar\/sitio\/wp-json\/wp\/v2\/posts\/1214\/revisions\/1223"}],"wp:featuredmedia":[{"embeddable":true,"href":"https:\/\/santaanadelosguacaras.gob.ar\/sitio\/wp-json\/wp\/v2\/media\/1215"}],"wp:attachment":[{"href":"https:\/\/santaanadelosguacaras.gob.ar\/sitio\/wp-json\/wp\/v2\/media?parent=1214"}],"wp:term":[{"taxonomy":"category","embeddable":true,"href":"https:\/\/santaanadelosguacaras.gob.ar\/sitio\/wp-json\/wp\/v2\/categories?post=1214"},{"taxonomy":"post_tag","embeddable":true,"href":"https:\/\/santaanadelosguacaras.gob.ar\/sitio\/wp-json\/wp\/v2\/tags?post=1214"}],"curies":[{"name":"wp","href":"https:\/\/api.w.org\/{rel}","templated":true}]}}