{"id":1668,"date":"2025-04-19T22:46:59","date_gmt":"2025-04-20T01:46:59","guid":{"rendered":"https:\/\/santaanadelosguacaras.gob.ar\/sitio\/?p=1668"},"modified":"2025-04-20T22:47:15","modified_gmt":"2025-04-21T01:47:15","slug":"recomendaciones-para-cuidar-la-salud","status":"publish","type":"post","link":"https:\/\/santaanadelosguacaras.gob.ar\/sitio\/recomendaciones-para-cuidar-la-salud\/","title":{"rendered":"Recomendaciones para cuidar la salud"},"content":{"rendered":"\n<p>En el marco de la 125\u00b0 Peregrinaci\u00f3n de los \u00abTres Pueblos\u00bb, el \u00c1rea de Salud Municipal comparte las siguientes recomendaciones para cuidar su salud durante el recorrido.<\/p>\n\n\n\n<p>Buena peregrinaci\u00f3n para todos, en fe y en comunidad.<\/p>\n\n\n\n<figure class=\"wp-block-video\"><video height=\"1280\" style=\"aspect-ratio: 720 \/ 1280;\" width=\"720\" controls src=\"https:\/\/santaanadelosguacaras.gob.ar\/sitio\/wp-content\/uploads\/2025\/04\/AQNNtnxIadis2l3yehduhaJIhXnUG-xZidWIdGwZXJt3RZ_afsPRqyWrq0GJN0_vj8Gg7S-C0F0jbCScFLqSXFoK.mp4\"><\/video><\/figure>\n","protected":false},"excerpt":{"rendered":"<p>En el marco de la 125\u00b0 Peregrinaci\u00f3n de los \u00abTres Pueblos\u00bb, el \u00c1rea de Salud Municipal comparte las siguientes recomendaciones para cuidar su salud durante el recorrido. Buena peregrinaci\u00f3n para&hellip; <\/p>\n","protected":false},"author":2,"featured_media":1654,"comment_status":"closed","ping_status":"open","sticky":false,"template":"","format":"standard","meta":{"footnotes":""},"categories":[34],"tags":[],"class_list":["post-1668","post","type-post","status-publish","format-standard","has-post-thumbnail","hentry","category-salud"],"yoast_head":"<!-- This site is optimized with the Yoast SEO plugin v24.8.1 - https:\/\/yoast.com\/wordpress\/plugins\/seo\/ -->\n<title>Recomendaciones para cuidar la salud - Municipalidad de Santa Ana de los Gu\u00e1caras<\/title>\n<meta name=\"robots\" content=\"index, follow, max-snippet:-1, max-image-preview:large, max-video-preview:-1\" \/>\n<link rel=\"canonical\" href=\"https:\/\/santaanadelosguacaras.gob.ar\/sitio\/recomendaciones-para-cuidar-la-salud\/\" \/>\n<meta property=\"og:locale\" content=\"es_ES\" \/>\n<meta property=\"og:type\" content=\"article\" \/>\n<meta property=\"og:title\" content=\"Recomendaciones para cuidar la salud - Municipalidad de Santa Ana de los Gu\u00e1caras\" \/>\n<meta property=\"og:description\" content=\"En el marco de la 125\u00b0 Peregrinaci\u00f3n de los \u00abTres Pueblos\u00bb, el \u00c1rea de Salud Municipal comparte las siguientes recomendaciones para cuidar su salud durante el recorrido. Buena peregrinaci\u00f3n para&hellip;\" \/>\n<meta property=\"og:url\" content=\"https:\/\/santaanadelosguacaras.gob.ar\/sitio\/recomendaciones-para-cuidar-la-salud\/\" \/>\n<meta property=\"og:site_name\" content=\"Municipalidad de Santa Ana de los Gu\u00e1caras\" \/>\n<meta property=\"article:publisher\" content=\"https:\/\/www.facebook.com\/MuniSantaAnaDeLosGuacaras\" \/>\n<meta property=\"article:published_time\" content=\"2025-04-20T01:46:59+00:00\" \/>\n<meta property=\"article:modified_time\" content=\"2025-04-21T01:47:15+00:00\" \/>\n<meta property=\"og:image\" content=\"https:\/\/santaanadelosguacaras.gob.ar\/sitio\/wp-content\/uploads\/2025\/04\/492343403_1030220122540500_3662076248998472511_n.jpg\" \/>\n\t<meta property=\"og:image:width\" content=\"960\" \/>\n\t<meta property=\"og:image:height\" content=\"541\" \/>\n\t<meta property=\"og:image:type\" content=\"image\/jpeg\" \/>\n<meta name=\"author\" content=\"Comunicaci\u00f3n\" \/>\n<meta name=\"twitter:card\" content=\"summary_large_image\" \/>\n<meta name=\"twitter:label1\" content=\"Escrito por\" \/>\n\t<meta name=\"twitter:data1\" content=\"Comunicaci\u00f3n\" \/>\n\t<meta name=\"twitter:label2\" content=\"Tiempo de lectura\" \/>\n\t<meta name=\"twitter:data2\" content=\"1 minuto\" \/>\n<script type=\"application\/ld+json\" class=\"yoast-schema-graph\">{\"@context\":\"https:\/\/schema.org\",\"@graph\":[{\"@type\":\"Article\",\"@id\":\"https:\/\/santaanadelosguacaras.gob.ar\/sitio\/recomendaciones-para-cuidar-la-salud\/#article\",\"isPartOf\":{\"@id\":\"https:\/\/santaanadelosguacaras.gob.ar\/sitio\/recomendaciones-para-cuidar-la-salud\/\"},\"author\":{\"name\":\"Comunicaci\u00f3n\",\"@id\":\"https:\/\/santaanadelosguacaras.gob.ar\/sitio\/#\/schema\/person\/aa85e53bbb5a7c7e19834c20ede5e205\"},\"headline\":\"Recomendaciones para cuidar la salud\",\"datePublished\":\"2025-04-20T01:46:59+00:00\",\"dateModified\":\"2025-04-21T01:47:15+00:00\",\"mainEntityOfPage\":{\"@id\":\"https:\/\/santaanadelosguacaras.gob.ar\/sitio\/recomendaciones-para-cuidar-la-salud\/\"},\"wordCount\":42,\"publisher\":{\"@id\":\"https:\/\/santaanadelosguacaras.gob.ar\/sitio\/#organization\"},\"image\":{\"@id\":\"https:\/\/santaanadelosguacaras.gob.ar\/sitio\/recomendaciones-para-cuidar-la-salud\/#primaryimage\"},\"thumbnailUrl\":\"https:\/\/santaanadelosguacaras.gob.ar\/sitio\/wp-content\/uploads\/2025\/04\/492343403_1030220122540500_3662076248998472511_n.jpg\",\"articleSection\":[\"Salud\"],\"inLanguage\":\"es\"},{\"@type\":\"WebPage\",\"@id\":\"https:\/\/santaanadelosguacaras.gob.ar\/sitio\/recomendaciones-para-cuidar-la-salud\/\",\"url\":\"https:\/\/santaanadelosguacaras.gob.ar\/sitio\/recomendaciones-para-cuidar-la-salud\/\",\"name\":\"Recomendaciones para cuidar la salud - Municipalidad de Santa Ana de los Gu\u00e1caras\",\"isPartOf\":{\"@id\":\"https:\/\/santaanadelosguacaras.gob.ar\/sitio\/#website\"},\"primaryImageOfPage\":{\"@id\":\"https:\/\/santaanadelosguacaras.gob.ar\/sitio\/recomendaciones-para-cuidar-la-salud\/#primaryimage\"},\"image\":{\"@id\":\"https:\/\/santaanadelosguacaras.gob.ar\/sitio\/recomendaciones-para-cuidar-la-salud\/#primaryimage\"},\"thumbnailUrl\":\"https:\/\/santaanadelosguacaras.gob.ar\/sitio\/wp-content\/uploads\/2025\/04\/492343403_1030220122540500_3662076248998472511_n.jpg\",\"datePublished\":\"2025-04-20T01:46:59+00:00\",\"dateModified\":\"2025-04-21T01:47:15+00:00\",\"breadcrumb\":{\"@id\":\"https:\/\/santaanadelosguacaras.gob.ar\/sitio\/recomendaciones-para-cuidar-la-salud\/#breadcrumb\"},\"inLanguage\":\"es\",\"potentialAction\":[{\"@type\":\"ReadAction\",\"target\":[\"https:\/\/santaanadelosguacaras.gob.ar\/sitio\/recomendaciones-para-cuidar-la-salud\/\"]}]},{\"@type\":\"ImageObject\",\"inLanguage\":\"es\",\"@id\":\"https:\/\/santaanadelosguacaras.gob.ar\/sitio\/recomendaciones-para-cuidar-la-salud\/#primaryimage\",\"url\":\"https:\/\/santaanadelosguacaras.gob.ar\/sitio\/wp-content\/uploads\/2025\/04\/492343403_1030220122540500_3662076248998472511_n.jpg\",\"contentUrl\":\"https:\/\/santaanadelosguacaras.gob.ar\/sitio\/wp-content\/uploads\/2025\/04\/492343403_1030220122540500_3662076248998472511_n.jpg\",\"width\":960,\"height\":541},{\"@type\":\"BreadcrumbList\",\"@id\":\"https:\/\/santaanadelosguacaras.gob.ar\/sitio\/recomendaciones-para-cuidar-la-salud\/#breadcrumb\",\"itemListElement\":[{\"@type\":\"ListItem\",\"position\":1,\"name\":\"Portada\",\"item\":\"https:\/\/santaanadelosguacaras.gob.ar\/sitio\/\"},{\"@type\":\"ListItem\",\"position\":2,\"name\":\"Recomendaciones para cuidar la salud\"}]},{\"@type\":\"WebSite\",\"@id\":\"https:\/\/santaanadelosguacaras.gob.ar\/sitio\/#website\",\"url\":\"https:\/\/santaanadelosguacaras.gob.ar\/sitio\/\",\"name\":\"Municipalidad de Santa Ana de los Gu\u00e1caras\",\"description\":\"Descubre Santa Ana de los Gu\u00e1caras, un rinc\u00f3n lleno de historia, cultura y naturaleza en Corrientes. Informaci\u00f3n oficial sobre eventos, turismo, servicios municipales y m\u00e1s. \u00a1Con\u00e9ctate con nuestra comunidad!\",\"publisher\":{\"@id\":\"https:\/\/santaanadelosguacaras.gob.ar\/sitio\/#organization\"},\"alternateName\":\"MuniSantaAna\",\"potentialAction\":[{\"@type\":\"SearchAction\",\"target\":{\"@type\":\"EntryPoint\",\"urlTemplate\":\"https:\/\/santaanadelosguacaras.gob.ar\/sitio\/?s={search_term_string}\"},\"query-input\":{\"@type\":\"PropertyValueSpecification\",\"valueRequired\":true,\"valueName\":\"search_term_string\"}}],\"inLanguage\":\"es\"},{\"@type\":\"Organization\",\"@id\":\"https:\/\/santaanadelosguacaras.gob.ar\/sitio\/#organization\",\"name\":\"Municipalidad de Santa Ana de los Gu\u00e1caras\",\"alternateName\":\"MuniSantaAna\",\"url\":\"https:\/\/santaanadelosguacaras.gob.ar\/sitio\/\",\"logo\":{\"@type\":\"ImageObject\",\"inLanguage\":\"es\",\"@id\":\"https:\/\/santaanadelosguacaras.gob.ar\/sitio\/#\/schema\/logo\/image\/\",\"url\":\"https:\/\/santaanadelosguacaras.gob.ar\/sitio\/wp-content\/uploads\/2024\/12\/cropped-logo_muni_250.png\",\"contentUrl\":\"https:\/\/santaanadelosguacaras.gob.ar\/sitio\/wp-content\/uploads\/2024\/12\/cropped-logo_muni_250.png\",\"width\":247,\"height\":95,\"caption\":\"Municipalidad de Santa Ana de los Gu\u00e1caras\"},\"image\":{\"@id\":\"https:\/\/santaanadelosguacaras.gob.ar\/sitio\/#\/schema\/logo\/image\/\"},\"sameAs\":[\"https:\/\/www.facebook.com\/MuniSantaAnaDeLosGuacaras\",\"https:\/\/www.instagram.com\/muni_santaana_ctes\"]},{\"@type\":\"Person\",\"@id\":\"https:\/\/santaanadelosguacaras.gob.ar\/sitio\/#\/schema\/person\/aa85e53bbb5a7c7e19834c20ede5e205\",\"name\":\"Comunicaci\u00f3n\",\"image\":{\"@type\":\"ImageObject\",\"inLanguage\":\"es\",\"@id\":\"https:\/\/santaanadelosguacaras.gob.ar\/sitio\/#\/schema\/person\/image\/\",\"url\":\"https:\/\/secure.gravatar.com\/avatar\/3e81e68b8dcb0733c78bbafb464befc4a66ce4135950c3e3ac0d3c09e53e7092?s=96&d=mm&r=g\",\"contentUrl\":\"https:\/\/secure.gravatar.com\/avatar\/3e81e68b8dcb0733c78bbafb464befc4a66ce4135950c3e3ac0d3c09e53e7092?s=96&d=mm&r=g\",\"caption\":\"Comunicaci\u00f3n\"}}]}<\/script>\n<!-- \/ Yoast SEO plugin. -->","yoast_head_json":{"title":"Recomendaciones para cuidar la salud - Municipalidad de Santa Ana de los Gu\u00e1caras","robots":{"index":"index","follow":"follow","max-snippet":"max-snippet:-1","max-image-preview":"max-image-preview:large","max-video-preview":"max-video-preview:-1"},"canonical":"https:\/\/santaanadelosguacaras.gob.ar\/sitio\/recomendaciones-para-cuidar-la-salud\/","og_locale":"es_ES","og_type":"article","og_title":"Recomendaciones para cuidar la salud - Municipalidad de Santa Ana de los Gu\u00e1caras","og_description":"En el marco de la 125\u00b0 Peregrinaci\u00f3n de los \u00abTres Pueblos\u00bb, el \u00c1rea de Salud Municipal comparte las siguientes recomendaciones para cuidar su salud durante el recorrido. Buena peregrinaci\u00f3n para&hellip;","og_url":"https:\/\/santaanadelosguacaras.gob.ar\/sitio\/recomendaciones-para-cuidar-la-salud\/","og_site_name":"Municipalidad de Santa Ana de los Gu\u00e1caras","article_publisher":"https:\/\/www.facebook.com\/MuniSantaAnaDeLosGuacaras","article_published_time":"2025-04-20T01:46:59+00:00","article_modified_time":"2025-04-21T01:47:15+00:00","og_image":[{"width":960,"height":541,"url":"https:\/\/santaanadelosguacaras.gob.ar\/sitio\/wp-content\/uploads\/2025\/04\/492343403_1030220122540500_3662076248998472511_n.jpg","type":"image\/jpeg"}],"author":"Comunicaci\u00f3n","twitter_card":"summary_large_image","twitter_misc":{"Escrito por":"Comunicaci\u00f3n","Tiempo de lectura":"1 minuto"},"schema":{"@context":"https:\/\/schema.org","@graph":[{"@type":"Article","@id":"https:\/\/santaanadelosguacaras.gob.ar\/sitio\/recomendaciones-para-cuidar-la-salud\/#article","isPartOf":{"@id":"https:\/\/santaanadelosguacaras.gob.ar\/sitio\/recomendaciones-para-cuidar-la-salud\/"},"author":{"name":"Comunicaci\u00f3n","@id":"https:\/\/santaanadelosguacaras.gob.ar\/sitio\/#\/schema\/person\/aa85e53bbb5a7c7e19834c20ede5e205"},"headline":"Recomendaciones para cuidar la salud","datePublished":"2025-04-20T01:46:59+00:00","dateModified":"2025-04-21T01:47:15+00:00","mainEntityOfPage":{"@id":"https:\/\/santaanadelosguacaras.gob.ar\/sitio\/recomendaciones-para-cuidar-la-salud\/"},"wordCount":42,"publisher":{"@id":"https:\/\/santaanadelosguacaras.gob.ar\/sitio\/#organization"},"image":{"@id":"https:\/\/santaanadelosguacaras.gob.ar\/sitio\/recomendaciones-para-cuidar-la-salud\/#primaryimage"},"thumbnailUrl":"https:\/\/santaanadelosguacaras.gob.ar\/sitio\/wp-content\/uploads\/2025\/04\/492343403_1030220122540500_3662076248998472511_n.jpg","articleSection":["Salud"],"inLanguage":"es"},{"@type":"WebPage","@id":"https:\/\/santaanadelosguacaras.gob.ar\/sitio\/recomendaciones-para-cuidar-la-salud\/","url":"https:\/\/santaanadelosguacaras.gob.ar\/sitio\/recomendaciones-para-cuidar-la-salud\/","name":"Recomendaciones para cuidar la salud - Municipalidad de Santa Ana de los Gu\u00e1caras","isPartOf":{"@id":"https:\/\/santaanadelosguacaras.gob.ar\/sitio\/#website"},"primaryImageOfPage":{"@id":"https:\/\/santaanadelosguacaras.gob.ar\/sitio\/recomendaciones-para-cuidar-la-salud\/#primaryimage"},"image":{"@id":"https:\/\/santaanadelosguacaras.gob.ar\/sitio\/recomendaciones-para-cuidar-la-salud\/#primaryimage"},"thumbnailUrl":"https:\/\/santaanadelosguacaras.gob.ar\/sitio\/wp-content\/uploads\/2025\/04\/492343403_1030220122540500_3662076248998472511_n.jpg","datePublished":"2025-04-20T01:46:59+00:00","dateModified":"2025-04-21T01:47:15+00:00","breadcrumb":{"@id":"https:\/\/santaanadelosguacaras.gob.ar\/sitio\/recomendaciones-para-cuidar-la-salud\/#breadcrumb"},"inLanguage":"es","potentialAction":[{"@type":"ReadAction","target":["https:\/\/santaanadelosguacaras.gob.ar\/sitio\/recomendaciones-para-cuidar-la-salud\/"]}]},{"@type":"ImageObject","inLanguage":"es","@id":"https:\/\/santaanadelosguacaras.gob.ar\/sitio\/recomendaciones-para-cuidar-la-salud\/#primaryimage","url":"https:\/\/santaanadelosguacaras.gob.ar\/sitio\/wp-content\/uploads\/2025\/04\/492343403_1030220122540500_3662076248998472511_n.jpg","contentUrl":"https:\/\/santaanadelosguacaras.gob.ar\/sitio\/wp-content\/uploads\/2025\/04\/492343403_1030220122540500_3662076248998472511_n.jpg","width":960,"height":541},{"@type":"BreadcrumbList","@id":"https:\/\/santaanadelosguacaras.gob.ar\/sitio\/recomendaciones-para-cuidar-la-salud\/#breadcrumb","itemListElement":[{"@type":"ListItem","position":1,"name":"Portada","item":"https:\/\/santaanadelosguacaras.gob.ar\/sitio\/"},{"@type":"ListItem","position":2,"name":"Recomendaciones para cuidar la salud"}]},{"@type":"WebSite","@id":"https:\/\/santaanadelosguacaras.gob.ar\/sitio\/#website","url":"https:\/\/santaanadelosguacaras.gob.ar\/sitio\/","name":"Municipalidad de Santa Ana de los Gu\u00e1caras","description":"Descubre Santa Ana de los Gu\u00e1caras, un rinc\u00f3n lleno de historia, cultura y naturaleza en Corrientes. Informaci\u00f3n oficial sobre eventos, turismo, servicios municipales y m\u00e1s. \u00a1Con\u00e9ctate con nuestra comunidad!","publisher":{"@id":"https:\/\/santaanadelosguacaras.gob.ar\/sitio\/#organization"},"alternateName":"MuniSantaAna","potentialAction":[{"@type":"SearchAction","target":{"@type":"EntryPoint","urlTemplate":"https:\/\/santaanadelosguacaras.gob.ar\/sitio\/?s={search_term_string}"},"query-input":{"@type":"PropertyValueSpecification","valueRequired":true,"valueName":"search_term_string"}}],"inLanguage":"es"},{"@type":"Organization","@id":"https:\/\/santaanadelosguacaras.gob.ar\/sitio\/#organization","name":"Municipalidad de Santa Ana de los Gu\u00e1caras","alternateName":"MuniSantaAna","url":"https:\/\/santaanadelosguacaras.gob.ar\/sitio\/","logo":{"@type":"ImageObject","inLanguage":"es","@id":"https:\/\/santaanadelosguacaras.gob.ar\/sitio\/#\/schema\/logo\/image\/","url":"https:\/\/santaanadelosguacaras.gob.ar\/sitio\/wp-content\/uploads\/2024\/12\/cropped-logo_muni_250.png","contentUrl":"https:\/\/santaanadelosguacaras.gob.ar\/sitio\/wp-content\/uploads\/2024\/12\/cropped-logo_muni_250.png","width":247,"height":95,"caption":"Municipalidad de Santa Ana de los Gu\u00e1caras"},"image":{"@id":"https:\/\/santaanadelosguacaras.gob.ar\/sitio\/#\/schema\/logo\/image\/"},"sameAs":["https:\/\/www.facebook.com\/MuniSantaAnaDeLosGuacaras","https:\/\/www.instagram.com\/muni_santaana_ctes"]},{"@type":"Person","@id":"https:\/\/santaanadelosguacaras.gob.ar\/sitio\/#\/schema\/person\/aa85e53bbb5a7c7e19834c20ede5e205","name":"Comunicaci\u00f3n","image":{"@type":"ImageObject","inLanguage":"es","@id":"https:\/\/santaanadelosguacaras.gob.ar\/sitio\/#\/schema\/person\/image\/","url":"https:\/\/secure.gravatar.com\/avatar\/3e81e68b8dcb0733c78bbafb464befc4a66ce4135950c3e3ac0d3c09e53e7092?s=96&d=mm&r=g","contentUrl":"https:\/\/secure.gravatar.com\/avatar\/3e81e68b8dcb0733c78bbafb464befc4a66ce4135950c3e3ac0d3c09e53e7092?s=96&d=mm&r=g","caption":"Comunicaci\u00f3n"}}]}},"_links":{"self":[{"href":"https:\/\/santaanadelosguacaras.gob.ar\/sitio\/wp-json\/wp\/v2\/posts\/1668","targetHints":{"allow":["GET"]}}],"collection":[{"href":"https:\/\/santaanadelosguacaras.gob.ar\/sitio\/wp-json\/wp\/v2\/posts"}],"about":[{"href":"https:\/\/santaanadelosguacaras.gob.ar\/sitio\/wp-json\/wp\/v2\/types\/post"}],"author":[{"embeddable":true,"href":"https:\/\/santaanadelosguacaras.gob.ar\/sitio\/wp-json\/wp\/v2\/users\/2"}],"replies":[{"embeddable":true,"href":"https:\/\/santaanadelosguacaras.gob.ar\/sitio\/wp-json\/wp\/v2\/comments?post=1668"}],"version-history":[{"count":1,"href":"https:\/\/santaanadelosguacaras.gob.ar\/sitio\/wp-json\/wp\/v2\/posts\/1668\/revisions"}],"predecessor-version":[{"id":1670,"href":"https:\/\/santaanadelosguacaras.gob.ar\/sitio\/wp-json\/wp\/v2\/posts\/1668\/revisions\/1670"}],"wp:featuredmedia":[{"embeddable":true,"href":"https:\/\/santaanadelosguacaras.gob.ar\/sitio\/wp-json\/wp\/v2\/media\/1654"}],"wp:attachment":[{"href":"https:\/\/santaanadelosguacaras.gob.ar\/sitio\/wp-json\/wp\/v2\/media?parent=1668"}],"wp:term":[{"taxonomy":"category","embeddable":true,"href":"https:\/\/santaanadelosguacaras.gob.ar\/sitio\/wp-json\/wp\/v2\/categories?post=1668"},{"taxonomy":"post_tag","embeddable":true,"href":"https:\/\/santaanadelosguacaras.gob.ar\/sitio\/wp-json\/wp\/v2\/tags?post=1668"}],"curies":[{"name":"wp","href":"https:\/\/api.w.org\/{rel}","templated":true}]}}