{"id":2028,"date":"2025-05-30T08:29:04","date_gmt":"2025-05-30T11:29:04","guid":{"rendered":"https:\/\/santaanadelosguacaras.gob.ar\/sitio\/?p=2028"},"modified":"2025-05-30T08:29:05","modified_gmt":"2025-05-30T11:29:05","slug":"centro-de-salud-del-ingenio-primer-correntino-imposicion-de-nombre-y-asuncion-de-director","status":"publish","type":"post","link":"https:\/\/santaanadelosguacaras.gob.ar\/sitio\/centro-de-salud-del-ingenio-primer-correntino-imposicion-de-nombre-y-asuncion-de-director\/","title":{"rendered":"Centro de Salud del Ingenio Primer Correntino &#8211; Imposici\u00f3n de Nombre y Asunci\u00f3n de Director"},"content":{"rendered":"\n<p>Por Ordenanza N.\u00ba 168\/2024 del Honorable Concejo Deliberante, el Centro de Salud de la localidad de Ingenio Primer Correntino recibi\u00f3 oficialmente el nombre \u00abAna Mar\u00eda Escalante de Almir\u00f3n\u00bb, proyecto aprobado por dicho Concejo, en homenaje a quien en vida fuera directora de la instituci\u00f3n y dedicara su labor profesional al cuidado de la salud y al bienestar de los vecinos de la comunidad.<\/p>\n\n\n\n<p>Durante la jornada, mediante Resoluci\u00f3n 3304, el Ministro de Salud P\u00fablica de Corrientes, Dr. Ricardo Cardozo, puso en funciones al nuevo director de este Centro, Dr. Rodrigo Almir\u00f3n, quien asume el trabajo de seguir fortaleciendo la salud comunitaria.<\/p>\n\n\n\n<figure class=\"wp-block-gallery has-nested-images columns-default is-cropped wp-block-gallery-1 is-layout-flex wp-block-gallery-is-layout-flex\">\n<figure class=\"wp-block-image size-large\"><a href=\"https:\/\/santaanadelosguacaras.gob.ar\/sitio\/wp-content\/uploads\/2025\/05\/502421660_1059623062898803_5766597614392309263_n.webp\"><img loading=\"lazy\" decoding=\"async\" width=\"1024\" height=\"754\" data-id=\"2036\" src=\"https:\/\/santaanadelosguacaras.gob.ar\/sitio\/wp-content\/uploads\/2025\/05\/502421660_1059623062898803_5766597614392309263_n-1024x754.webp\" alt=\"\" class=\"wp-image-2036\" srcset=\"https:\/\/santaanadelosguacaras.gob.ar\/sitio\/wp-content\/uploads\/2025\/05\/502421660_1059623062898803_5766597614392309263_n-1024x754.webp 1024w, https:\/\/santaanadelosguacaras.gob.ar\/sitio\/wp-content\/uploads\/2025\/05\/502421660_1059623062898803_5766597614392309263_n-300x221.webp 300w, https:\/\/santaanadelosguacaras.gob.ar\/sitio\/wp-content\/uploads\/2025\/05\/502421660_1059623062898803_5766597614392309263_n-768x566.webp 768w, https:\/\/santaanadelosguacaras.gob.ar\/sitio\/wp-content\/uploads\/2025\/05\/502421660_1059623062898803_5766597614392309263_n.webp 1158w\" sizes=\"auto, (max-width: 1024px) 100vw, 1024px\" \/><\/a><\/figure>\n\n\n\n<figure class=\"wp-block-image size-large\"><a href=\"https:\/\/santaanadelosguacaras.gob.ar\/sitio\/wp-content\/uploads\/2025\/05\/500728800_1059623382898771_341821793987565976_n.webp\"><img loading=\"lazy\" decoding=\"async\" width=\"1024\" height=\"577\" data-id=\"2030\" src=\"https:\/\/santaanadelosguacaras.gob.ar\/sitio\/wp-content\/uploads\/2025\/05\/500728800_1059623382898771_341821793987565976_n-1024x577.webp\" alt=\"\" class=\"wp-image-2030\" srcset=\"https:\/\/santaanadelosguacaras.gob.ar\/sitio\/wp-content\/uploads\/2025\/05\/500728800_1059623382898771_341821793987565976_n-1024x577.webp 1024w, https:\/\/santaanadelosguacaras.gob.ar\/sitio\/wp-content\/uploads\/2025\/05\/500728800_1059623382898771_341821793987565976_n-300x169.webp 300w, https:\/\/santaanadelosguacaras.gob.ar\/sitio\/wp-content\/uploads\/2025\/05\/500728800_1059623382898771_341821793987565976_n-768x432.webp 768w, https:\/\/santaanadelosguacaras.gob.ar\/sitio\/wp-content\/uploads\/2025\/05\/500728800_1059623382898771_341821793987565976_n-1536x865.webp 1536w, https:\/\/santaanadelosguacaras.gob.ar\/sitio\/wp-content\/uploads\/2025\/05\/500728800_1059623382898771_341821793987565976_n.webp 1600w\" sizes=\"auto, (max-width: 1024px) 100vw, 1024px\" \/><\/a><\/figure>\n\n\n\n<figure class=\"wp-block-image size-large\"><a href=\"https:\/\/santaanadelosguacaras.gob.ar\/sitio\/wp-content\/uploads\/2025\/05\/500797065_1059623252898784_5778710021263997029_n.webp\"><img loading=\"lazy\" decoding=\"async\" width=\"1024\" height=\"682\" data-id=\"2039\" src=\"https:\/\/santaanadelosguacaras.gob.ar\/sitio\/wp-content\/uploads\/2025\/05\/500797065_1059623252898784_5778710021263997029_n-1024x682.webp\" alt=\"\" class=\"wp-image-2039\" srcset=\"https:\/\/santaanadelosguacaras.gob.ar\/sitio\/wp-content\/uploads\/2025\/05\/500797065_1059623252898784_5778710021263997029_n-1024x682.webp 1024w, https:\/\/santaanadelosguacaras.gob.ar\/sitio\/wp-content\/uploads\/2025\/05\/500797065_1059623252898784_5778710021263997029_n-300x200.webp 300w, https:\/\/santaanadelosguacaras.gob.ar\/sitio\/wp-content\/uploads\/2025\/05\/500797065_1059623252898784_5778710021263997029_n-768x512.webp 768w, https:\/\/santaanadelosguacaras.gob.ar\/sitio\/wp-content\/uploads\/2025\/05\/500797065_1059623252898784_5778710021263997029_n.webp 1280w\" sizes=\"auto, (max-width: 1024px) 100vw, 1024px\" \/><\/a><\/figure>\n\n\n\n<figure class=\"wp-block-image size-large\"><a href=\"https:\/\/santaanadelosguacaras.gob.ar\/sitio\/wp-content\/uploads\/2025\/05\/500900159_1059623422898767_3120961198894118960_n.webp\"><img loading=\"lazy\" decoding=\"async\" width=\"1024\" height=\"682\" data-id=\"2031\" src=\"https:\/\/santaanadelosguacaras.gob.ar\/sitio\/wp-content\/uploads\/2025\/05\/500900159_1059623422898767_3120961198894118960_n-1024x682.webp\" alt=\"\" class=\"wp-image-2031\" srcset=\"https:\/\/santaanadelosguacaras.gob.ar\/sitio\/wp-content\/uploads\/2025\/05\/500900159_1059623422898767_3120961198894118960_n-1024x682.webp 1024w, https:\/\/santaanadelosguacaras.gob.ar\/sitio\/wp-content\/uploads\/2025\/05\/500900159_1059623422898767_3120961198894118960_n-300x200.webp 300w, https:\/\/santaanadelosguacaras.gob.ar\/sitio\/wp-content\/uploads\/2025\/05\/500900159_1059623422898767_3120961198894118960_n-768x512.webp 768w, https:\/\/santaanadelosguacaras.gob.ar\/sitio\/wp-content\/uploads\/2025\/05\/500900159_1059623422898767_3120961198894118960_n.webp 1280w\" sizes=\"auto, (max-width: 1024px) 100vw, 1024px\" \/><\/a><\/figure>\n\n\n\n<figure class=\"wp-block-image size-large\"><a href=\"https:\/\/santaanadelosguacaras.gob.ar\/sitio\/wp-content\/uploads\/2025\/05\/502496648_1059623506232092_1188952729930610624_n.webp\"><img loading=\"lazy\" decoding=\"async\" width=\"1024\" height=\"682\" data-id=\"2037\" src=\"https:\/\/santaanadelosguacaras.gob.ar\/sitio\/wp-content\/uploads\/2025\/05\/502496648_1059623506232092_1188952729930610624_n-1024x682.webp\" alt=\"\" class=\"wp-image-2037\" srcset=\"https:\/\/santaanadelosguacaras.gob.ar\/sitio\/wp-content\/uploads\/2025\/05\/502496648_1059623506232092_1188952729930610624_n-1024x682.webp 1024w, https:\/\/santaanadelosguacaras.gob.ar\/sitio\/wp-content\/uploads\/2025\/05\/502496648_1059623506232092_1188952729930610624_n-300x200.webp 300w, https:\/\/santaanadelosguacaras.gob.ar\/sitio\/wp-content\/uploads\/2025\/05\/502496648_1059623506232092_1188952729930610624_n-768x512.webp 768w, https:\/\/santaanadelosguacaras.gob.ar\/sitio\/wp-content\/uploads\/2025\/05\/502496648_1059623506232092_1188952729930610624_n.webp 1280w\" sizes=\"auto, (max-width: 1024px) 100vw, 1024px\" \/><\/a><\/figure>\n\n\n\n<figure class=\"wp-block-image size-large\"><a href=\"https:\/\/santaanadelosguacaras.gob.ar\/sitio\/wp-content\/uploads\/2025\/05\/501427301_1059623476232095_6619361964082078485_n-1.webp\"><img loading=\"lazy\" decoding=\"async\" width=\"1024\" height=\"682\" data-id=\"2035\" src=\"https:\/\/santaanadelosguacaras.gob.ar\/sitio\/wp-content\/uploads\/2025\/05\/501427301_1059623476232095_6619361964082078485_n-1-1024x682.webp\" alt=\"\" class=\"wp-image-2035\" srcset=\"https:\/\/santaanadelosguacaras.gob.ar\/sitio\/wp-content\/uploads\/2025\/05\/501427301_1059623476232095_6619361964082078485_n-1-1024x682.webp 1024w, https:\/\/santaanadelosguacaras.gob.ar\/sitio\/wp-content\/uploads\/2025\/05\/501427301_1059623476232095_6619361964082078485_n-1-300x200.webp 300w, https:\/\/santaanadelosguacaras.gob.ar\/sitio\/wp-content\/uploads\/2025\/05\/501427301_1059623476232095_6619361964082078485_n-1-768x512.webp 768w, https:\/\/santaanadelosguacaras.gob.ar\/sitio\/wp-content\/uploads\/2025\/05\/501427301_1059623476232095_6619361964082078485_n-1.webp 1280w\" sizes=\"auto, (max-width: 1024px) 100vw, 1024px\" \/><\/a><\/figure>\n\n\n\n<figure class=\"wp-block-image size-large\"><a href=\"https:\/\/santaanadelosguacaras.gob.ar\/sitio\/wp-content\/uploads\/2025\/05\/502526860_1059623542898755_6415258347912446932_n.webp\"><img loading=\"lazy\" decoding=\"async\" width=\"1024\" height=\"682\" data-id=\"2033\" src=\"https:\/\/santaanadelosguacaras.gob.ar\/sitio\/wp-content\/uploads\/2025\/05\/502526860_1059623542898755_6415258347912446932_n-1024x682.webp\" alt=\"\" class=\"wp-image-2033\" srcset=\"https:\/\/santaanadelosguacaras.gob.ar\/sitio\/wp-content\/uploads\/2025\/05\/502526860_1059623542898755_6415258347912446932_n-1024x682.webp 1024w, https:\/\/santaanadelosguacaras.gob.ar\/sitio\/wp-content\/uploads\/2025\/05\/502526860_1059623542898755_6415258347912446932_n-300x200.webp 300w, https:\/\/santaanadelosguacaras.gob.ar\/sitio\/wp-content\/uploads\/2025\/05\/502526860_1059623542898755_6415258347912446932_n-768x512.webp 768w, https:\/\/santaanadelosguacaras.gob.ar\/sitio\/wp-content\/uploads\/2025\/05\/502526860_1059623542898755_6415258347912446932_n.webp 1280w\" sizes=\"auto, (max-width: 1024px) 100vw, 1024px\" \/><\/a><\/figure>\n\n\n\n<figure class=\"wp-block-image size-large\"><a href=\"https:\/\/santaanadelosguacaras.gob.ar\/sitio\/wp-content\/uploads\/2025\/05\/502584657_1059623459565430_6236017466044441953_n.webp\"><img loading=\"lazy\" decoding=\"async\" width=\"1024\" height=\"682\" data-id=\"2040\" src=\"https:\/\/santaanadelosguacaras.gob.ar\/sitio\/wp-content\/uploads\/2025\/05\/502584657_1059623459565430_6236017466044441953_n-1024x682.webp\" alt=\"\" class=\"wp-image-2040\" srcset=\"https:\/\/santaanadelosguacaras.gob.ar\/sitio\/wp-content\/uploads\/2025\/05\/502584657_1059623459565430_6236017466044441953_n-1024x682.webp 1024w, https:\/\/santaanadelosguacaras.gob.ar\/sitio\/wp-content\/uploads\/2025\/05\/502584657_1059623459565430_6236017466044441953_n-300x200.webp 300w, https:\/\/santaanadelosguacaras.gob.ar\/sitio\/wp-content\/uploads\/2025\/05\/502584657_1059623459565430_6236017466044441953_n-768x512.webp 768w, https:\/\/santaanadelosguacaras.gob.ar\/sitio\/wp-content\/uploads\/2025\/05\/502584657_1059623459565430_6236017466044441953_n.webp 1280w\" sizes=\"auto, (max-width: 1024px) 100vw, 1024px\" \/><\/a><\/figure>\n\n\n\n<figure class=\"wp-block-image size-large\"><a href=\"https:\/\/santaanadelosguacaras.gob.ar\/sitio\/wp-content\/uploads\/2025\/05\/502585832_1059623306232112_784417348051592312_n.webp\"><img loading=\"lazy\" decoding=\"async\" width=\"1024\" height=\"756\" data-id=\"2038\" src=\"https:\/\/santaanadelosguacaras.gob.ar\/sitio\/wp-content\/uploads\/2025\/05\/502585832_1059623306232112_784417348051592312_n-1024x756.webp\" alt=\"\" class=\"wp-image-2038\" srcset=\"https:\/\/santaanadelosguacaras.gob.ar\/sitio\/wp-content\/uploads\/2025\/05\/502585832_1059623306232112_784417348051592312_n-1024x756.webp 1024w, https:\/\/santaanadelosguacaras.gob.ar\/sitio\/wp-content\/uploads\/2025\/05\/502585832_1059623306232112_784417348051592312_n-300x222.webp 300w, https:\/\/santaanadelosguacaras.gob.ar\/sitio\/wp-content\/uploads\/2025\/05\/502585832_1059623306232112_784417348051592312_n-768x567.webp 768w, https:\/\/santaanadelosguacaras.gob.ar\/sitio\/wp-content\/uploads\/2025\/05\/502585832_1059623306232112_784417348051592312_n.webp 1155w\" sizes=\"auto, (max-width: 1024px) 100vw, 1024px\" \/><\/a><\/figure>\n\n\n\n<figure class=\"wp-block-image size-large\"><a href=\"https:\/\/santaanadelosguacaras.gob.ar\/sitio\/wp-content\/uploads\/2025\/05\/502585858_1059623172898792_3410402851333988306_n.webp\"><img loading=\"lazy\" decoding=\"async\" width=\"1024\" height=\"682\" data-id=\"2032\" src=\"https:\/\/santaanadelosguacaras.gob.ar\/sitio\/wp-content\/uploads\/2025\/05\/502585858_1059623172898792_3410402851333988306_n-1024x682.webp\" alt=\"\" class=\"wp-image-2032\" srcset=\"https:\/\/santaanadelosguacaras.gob.ar\/sitio\/wp-content\/uploads\/2025\/05\/502585858_1059623172898792_3410402851333988306_n-1024x682.webp 1024w, https:\/\/santaanadelosguacaras.gob.ar\/sitio\/wp-content\/uploads\/2025\/05\/502585858_1059623172898792_3410402851333988306_n-300x200.webp 300w, https:\/\/santaanadelosguacaras.gob.ar\/sitio\/wp-content\/uploads\/2025\/05\/502585858_1059623172898792_3410402851333988306_n-768x512.webp 768w, https:\/\/santaanadelosguacaras.gob.ar\/sitio\/wp-content\/uploads\/2025\/05\/502585858_1059623172898792_3410402851333988306_n.webp 1280w\" sizes=\"auto, (max-width: 1024px) 100vw, 1024px\" \/><\/a><\/figure>\n\n\n\n<figure class=\"wp-block-image size-large\"><a href=\"https:\/\/santaanadelosguacaras.gob.ar\/sitio\/wp-content\/uploads\/2025\/05\/502586543_1059623349565441_2513224468628707557_n.webp\"><img loading=\"lazy\" decoding=\"async\" width=\"1024\" height=\"727\" data-id=\"2034\" src=\"https:\/\/santaanadelosguacaras.gob.ar\/sitio\/wp-content\/uploads\/2025\/05\/502586543_1059623349565441_2513224468628707557_n-1024x727.webp\" alt=\"\" class=\"wp-image-2034\" srcset=\"https:\/\/santaanadelosguacaras.gob.ar\/sitio\/wp-content\/uploads\/2025\/05\/502586543_1059623349565441_2513224468628707557_n-1024x727.webp 1024w, https:\/\/santaanadelosguacaras.gob.ar\/sitio\/wp-content\/uploads\/2025\/05\/502586543_1059623349565441_2513224468628707557_n-300x213.webp 300w, https:\/\/santaanadelosguacaras.gob.ar\/sitio\/wp-content\/uploads\/2025\/05\/502586543_1059623349565441_2513224468628707557_n-768x545.webp 768w, https:\/\/santaanadelosguacaras.gob.ar\/sitio\/wp-content\/uploads\/2025\/05\/502586543_1059623349565441_2513224468628707557_n.webp 1173w\" sizes=\"auto, (max-width: 1024px) 100vw, 1024px\" \/><\/a><\/figure>\n<\/figure>\n","protected":false},"excerpt":{"rendered":"<p>Por Ordenanza N.\u00ba 168\/2024 del Honorable Concejo Deliberante, el Centro de Salud de la localidad de Ingenio Primer Correntino recibi\u00f3 oficialmente el nombre \u00abAna Mar\u00eda Escalante de Almir\u00f3n\u00bb, proyecto aprobado&hellip; <\/p>\n","protected":false},"author":2,"featured_media":2036,"comment_status":"closed","ping_status":"open","sticky":false,"template":"","format":"standard","meta":{"footnotes":""},"categories":[15,34],"tags":[],"class_list":["post-2028","post","type-post","status-publish","format-standard","has-post-thumbnail","hentry","category-gestion","category-salud"],"yoast_head":"<!-- This site is optimized with the Yoast SEO plugin v24.8.1 - https:\/\/yoast.com\/wordpress\/plugins\/seo\/ -->\n<title>Centro de Salud del Ingenio Primer Correntino - Imposici\u00f3n de Nombre y Asunci\u00f3n de Director - Municipalidad de Santa Ana de los Gu\u00e1caras<\/title>\n<meta name=\"robots\" content=\"index, follow, max-snippet:-1, max-image-preview:large, max-video-preview:-1\" \/>\n<link rel=\"canonical\" href=\"https:\/\/santaanadelosguacaras.gob.ar\/sitio\/centro-de-salud-del-ingenio-primer-correntino-imposicion-de-nombre-y-asuncion-de-director\/\" \/>\n<meta property=\"og:locale\" content=\"es_ES\" \/>\n<meta property=\"og:type\" content=\"article\" \/>\n<meta property=\"og:title\" content=\"Centro de Salud del Ingenio Primer Correntino - Imposici\u00f3n de Nombre y Asunci\u00f3n de Director - Municipalidad de Santa Ana de los Gu\u00e1caras\" \/>\n<meta property=\"og:description\" content=\"Por Ordenanza N.\u00ba 168\/2024 del Honorable Concejo Deliberante, el Centro de Salud de la localidad de Ingenio Primer Correntino recibi\u00f3 oficialmente el nombre \u00abAna Mar\u00eda Escalante de Almir\u00f3n\u00bb, proyecto aprobado&hellip;\" \/>\n<meta property=\"og:url\" content=\"https:\/\/santaanadelosguacaras.gob.ar\/sitio\/centro-de-salud-del-ingenio-primer-correntino-imposicion-de-nombre-y-asuncion-de-director\/\" \/>\n<meta property=\"og:site_name\" content=\"Municipalidad de Santa Ana de los Gu\u00e1caras\" \/>\n<meta property=\"article:publisher\" content=\"https:\/\/www.facebook.com\/MuniSantaAnaDeLosGuacaras\" \/>\n<meta property=\"article:published_time\" content=\"2025-05-30T11:29:04+00:00\" \/>\n<meta property=\"article:modified_time\" content=\"2025-05-30T11:29:05+00:00\" \/>\n<meta property=\"og:image\" content=\"https:\/\/santaanadelosguacaras.gob.ar\/sitio\/wp-content\/uploads\/2025\/05\/502421660_1059623062898803_5766597614392309263_n.webp\" \/>\n\t<meta property=\"og:image:width\" content=\"1158\" \/>\n\t<meta property=\"og:image:height\" content=\"853\" \/>\n\t<meta property=\"og:image:type\" content=\"image\/webp\" \/>\n<meta name=\"author\" content=\"Comunicaci\u00f3n\" \/>\n<meta name=\"twitter:card\" content=\"summary_large_image\" \/>\n<meta name=\"twitter:label1\" content=\"Escrito por\" \/>\n\t<meta name=\"twitter:data1\" content=\"Comunicaci\u00f3n\" \/>\n\t<meta name=\"twitter:label2\" content=\"Tiempo de lectura\" \/>\n\t<meta name=\"twitter:data2\" content=\"3 minutos\" \/>\n<script type=\"application\/ld+json\" class=\"yoast-schema-graph\">{\"@context\":\"https:\/\/schema.org\",\"@graph\":[{\"@type\":\"Article\",\"@id\":\"https:\/\/santaanadelosguacaras.gob.ar\/sitio\/centro-de-salud-del-ingenio-primer-correntino-imposicion-de-nombre-y-asuncion-de-director\/#article\",\"isPartOf\":{\"@id\":\"https:\/\/santaanadelosguacaras.gob.ar\/sitio\/centro-de-salud-del-ingenio-primer-correntino-imposicion-de-nombre-y-asuncion-de-director\/\"},\"author\":{\"name\":\"Comunicaci\u00f3n\",\"@id\":\"https:\/\/santaanadelosguacaras.gob.ar\/sitio\/#\/schema\/person\/aa85e53bbb5a7c7e19834c20ede5e205\"},\"headline\":\"Centro de Salud del Ingenio Primer Correntino &#8211; Imposici\u00f3n de Nombre y Asunci\u00f3n de Director\",\"datePublished\":\"2025-05-30T11:29:04+00:00\",\"dateModified\":\"2025-05-30T11:29:05+00:00\",\"mainEntityOfPage\":{\"@id\":\"https:\/\/santaanadelosguacaras.gob.ar\/sitio\/centro-de-salud-del-ingenio-primer-correntino-imposicion-de-nombre-y-asuncion-de-director\/\"},\"wordCount\":122,\"publisher\":{\"@id\":\"https:\/\/santaanadelosguacaras.gob.ar\/sitio\/#organization\"},\"image\":{\"@id\":\"https:\/\/santaanadelosguacaras.gob.ar\/sitio\/centro-de-salud-del-ingenio-primer-correntino-imposicion-de-nombre-y-asuncion-de-director\/#primaryimage\"},\"thumbnailUrl\":\"https:\/\/santaanadelosguacaras.gob.ar\/sitio\/wp-content\/uploads\/2025\/05\/502421660_1059623062898803_5766597614392309263_n.webp\",\"articleSection\":[\"Gesti\u00f3n\",\"Salud\"],\"inLanguage\":\"es\"},{\"@type\":\"WebPage\",\"@id\":\"https:\/\/santaanadelosguacaras.gob.ar\/sitio\/centro-de-salud-del-ingenio-primer-correntino-imposicion-de-nombre-y-asuncion-de-director\/\",\"url\":\"https:\/\/santaanadelosguacaras.gob.ar\/sitio\/centro-de-salud-del-ingenio-primer-correntino-imposicion-de-nombre-y-asuncion-de-director\/\",\"name\":\"Centro de Salud del Ingenio Primer Correntino - Imposici\u00f3n de Nombre y Asunci\u00f3n de Director - Municipalidad de Santa Ana de los Gu\u00e1caras\",\"isPartOf\":{\"@id\":\"https:\/\/santaanadelosguacaras.gob.ar\/sitio\/#website\"},\"primaryImageOfPage\":{\"@id\":\"https:\/\/santaanadelosguacaras.gob.ar\/sitio\/centro-de-salud-del-ingenio-primer-correntino-imposicion-de-nombre-y-asuncion-de-director\/#primaryimage\"},\"image\":{\"@id\":\"https:\/\/santaanadelosguacaras.gob.ar\/sitio\/centro-de-salud-del-ingenio-primer-correntino-imposicion-de-nombre-y-asuncion-de-director\/#primaryimage\"},\"thumbnailUrl\":\"https:\/\/santaanadelosguacaras.gob.ar\/sitio\/wp-content\/uploads\/2025\/05\/502421660_1059623062898803_5766597614392309263_n.webp\",\"datePublished\":\"2025-05-30T11:29:04+00:00\",\"dateModified\":\"2025-05-30T11:29:05+00:00\",\"breadcrumb\":{\"@id\":\"https:\/\/santaanadelosguacaras.gob.ar\/sitio\/centro-de-salud-del-ingenio-primer-correntino-imposicion-de-nombre-y-asuncion-de-director\/#breadcrumb\"},\"inLanguage\":\"es\",\"potentialAction\":[{\"@type\":\"ReadAction\",\"target\":[\"https:\/\/santaanadelosguacaras.gob.ar\/sitio\/centro-de-salud-del-ingenio-primer-correntino-imposicion-de-nombre-y-asuncion-de-director\/\"]}]},{\"@type\":\"ImageObject\",\"inLanguage\":\"es\",\"@id\":\"https:\/\/santaanadelosguacaras.gob.ar\/sitio\/centro-de-salud-del-ingenio-primer-correntino-imposicion-de-nombre-y-asuncion-de-director\/#primaryimage\",\"url\":\"https:\/\/santaanadelosguacaras.gob.ar\/sitio\/wp-content\/uploads\/2025\/05\/502421660_1059623062898803_5766597614392309263_n.webp\",\"contentUrl\":\"https:\/\/santaanadelosguacaras.gob.ar\/sitio\/wp-content\/uploads\/2025\/05\/502421660_1059623062898803_5766597614392309263_n.webp\",\"width\":1158,\"height\":853},{\"@type\":\"BreadcrumbList\",\"@id\":\"https:\/\/santaanadelosguacaras.gob.ar\/sitio\/centro-de-salud-del-ingenio-primer-correntino-imposicion-de-nombre-y-asuncion-de-director\/#breadcrumb\",\"itemListElement\":[{\"@type\":\"ListItem\",\"position\":1,\"name\":\"Portada\",\"item\":\"https:\/\/santaanadelosguacaras.gob.ar\/sitio\/\"},{\"@type\":\"ListItem\",\"position\":2,\"name\":\"Centro de Salud del Ingenio Primer Correntino &#8211; Imposici\u00f3n de Nombre y Asunci\u00f3n de Director\"}]},{\"@type\":\"WebSite\",\"@id\":\"https:\/\/santaanadelosguacaras.gob.ar\/sitio\/#website\",\"url\":\"https:\/\/santaanadelosguacaras.gob.ar\/sitio\/\",\"name\":\"Municipalidad de Santa Ana de los Gu\u00e1caras\",\"description\":\"Descubre Santa Ana de los Gu\u00e1caras, un rinc\u00f3n lleno de historia, cultura y naturaleza en Corrientes. Informaci\u00f3n oficial sobre eventos, turismo, servicios municipales y m\u00e1s. \u00a1Con\u00e9ctate con nuestra comunidad!\",\"publisher\":{\"@id\":\"https:\/\/santaanadelosguacaras.gob.ar\/sitio\/#organization\"},\"alternateName\":\"MuniSantaAna\",\"potentialAction\":[{\"@type\":\"SearchAction\",\"target\":{\"@type\":\"EntryPoint\",\"urlTemplate\":\"https:\/\/santaanadelosguacaras.gob.ar\/sitio\/?s={search_term_string}\"},\"query-input\":{\"@type\":\"PropertyValueSpecification\",\"valueRequired\":true,\"valueName\":\"search_term_string\"}}],\"inLanguage\":\"es\"},{\"@type\":\"Organization\",\"@id\":\"https:\/\/santaanadelosguacaras.gob.ar\/sitio\/#organization\",\"name\":\"Municipalidad de Santa Ana de los Gu\u00e1caras\",\"alternateName\":\"MuniSantaAna\",\"url\":\"https:\/\/santaanadelosguacaras.gob.ar\/sitio\/\",\"logo\":{\"@type\":\"ImageObject\",\"inLanguage\":\"es\",\"@id\":\"https:\/\/santaanadelosguacaras.gob.ar\/sitio\/#\/schema\/logo\/image\/\",\"url\":\"https:\/\/santaanadelosguacaras.gob.ar\/sitio\/wp-content\/uploads\/2024\/12\/cropped-logo_muni_250.png\",\"contentUrl\":\"https:\/\/santaanadelosguacaras.gob.ar\/sitio\/wp-content\/uploads\/2024\/12\/cropped-logo_muni_250.png\",\"width\":247,\"height\":95,\"caption\":\"Municipalidad de Santa Ana de los Gu\u00e1caras\"},\"image\":{\"@id\":\"https:\/\/santaanadelosguacaras.gob.ar\/sitio\/#\/schema\/logo\/image\/\"},\"sameAs\":[\"https:\/\/www.facebook.com\/MuniSantaAnaDeLosGuacaras\",\"https:\/\/www.instagram.com\/muni_santaana_ctes\"]},{\"@type\":\"Person\",\"@id\":\"https:\/\/santaanadelosguacaras.gob.ar\/sitio\/#\/schema\/person\/aa85e53bbb5a7c7e19834c20ede5e205\",\"name\":\"Comunicaci\u00f3n\",\"image\":{\"@type\":\"ImageObject\",\"inLanguage\":\"es\",\"@id\":\"https:\/\/santaanadelosguacaras.gob.ar\/sitio\/#\/schema\/person\/image\/\",\"url\":\"https:\/\/secure.gravatar.com\/avatar\/3e81e68b8dcb0733c78bbafb464befc4a66ce4135950c3e3ac0d3c09e53e7092?s=96&d=mm&r=g\",\"contentUrl\":\"https:\/\/secure.gravatar.com\/avatar\/3e81e68b8dcb0733c78bbafb464befc4a66ce4135950c3e3ac0d3c09e53e7092?s=96&d=mm&r=g\",\"caption\":\"Comunicaci\u00f3n\"}}]}<\/script>\n<!-- \/ Yoast SEO plugin. -->","yoast_head_json":{"title":"Centro de Salud del Ingenio Primer Correntino - Imposici\u00f3n de Nombre y Asunci\u00f3n de Director - Municipalidad de Santa Ana de los Gu\u00e1caras","robots":{"index":"index","follow":"follow","max-snippet":"max-snippet:-1","max-image-preview":"max-image-preview:large","max-video-preview":"max-video-preview:-1"},"canonical":"https:\/\/santaanadelosguacaras.gob.ar\/sitio\/centro-de-salud-del-ingenio-primer-correntino-imposicion-de-nombre-y-asuncion-de-director\/","og_locale":"es_ES","og_type":"article","og_title":"Centro de Salud del Ingenio Primer Correntino - Imposici\u00f3n de Nombre y Asunci\u00f3n de Director - Municipalidad de Santa Ana de los Gu\u00e1caras","og_description":"Por Ordenanza N.\u00ba 168\/2024 del Honorable Concejo Deliberante, el Centro de Salud de la localidad de Ingenio Primer Correntino recibi\u00f3 oficialmente el nombre \u00abAna Mar\u00eda Escalante de Almir\u00f3n\u00bb, proyecto aprobado&hellip;","og_url":"https:\/\/santaanadelosguacaras.gob.ar\/sitio\/centro-de-salud-del-ingenio-primer-correntino-imposicion-de-nombre-y-asuncion-de-director\/","og_site_name":"Municipalidad de Santa Ana de los Gu\u00e1caras","article_publisher":"https:\/\/www.facebook.com\/MuniSantaAnaDeLosGuacaras","article_published_time":"2025-05-30T11:29:04+00:00","article_modified_time":"2025-05-30T11:29:05+00:00","og_image":[{"width":1158,"height":853,"url":"https:\/\/santaanadelosguacaras.gob.ar\/sitio\/wp-content\/uploads\/2025\/05\/502421660_1059623062898803_5766597614392309263_n.webp","type":"image\/webp"}],"author":"Comunicaci\u00f3n","twitter_card":"summary_large_image","twitter_misc":{"Escrito por":"Comunicaci\u00f3n","Tiempo de lectura":"3 minutos"},"schema":{"@context":"https:\/\/schema.org","@graph":[{"@type":"Article","@id":"https:\/\/santaanadelosguacaras.gob.ar\/sitio\/centro-de-salud-del-ingenio-primer-correntino-imposicion-de-nombre-y-asuncion-de-director\/#article","isPartOf":{"@id":"https:\/\/santaanadelosguacaras.gob.ar\/sitio\/centro-de-salud-del-ingenio-primer-correntino-imposicion-de-nombre-y-asuncion-de-director\/"},"author":{"name":"Comunicaci\u00f3n","@id":"https:\/\/santaanadelosguacaras.gob.ar\/sitio\/#\/schema\/person\/aa85e53bbb5a7c7e19834c20ede5e205"},"headline":"Centro de Salud del Ingenio Primer Correntino &#8211; Imposici\u00f3n de Nombre y Asunci\u00f3n de Director","datePublished":"2025-05-30T11:29:04+00:00","dateModified":"2025-05-30T11:29:05+00:00","mainEntityOfPage":{"@id":"https:\/\/santaanadelosguacaras.gob.ar\/sitio\/centro-de-salud-del-ingenio-primer-correntino-imposicion-de-nombre-y-asuncion-de-director\/"},"wordCount":122,"publisher":{"@id":"https:\/\/santaanadelosguacaras.gob.ar\/sitio\/#organization"},"image":{"@id":"https:\/\/santaanadelosguacaras.gob.ar\/sitio\/centro-de-salud-del-ingenio-primer-correntino-imposicion-de-nombre-y-asuncion-de-director\/#primaryimage"},"thumbnailUrl":"https:\/\/santaanadelosguacaras.gob.ar\/sitio\/wp-content\/uploads\/2025\/05\/502421660_1059623062898803_5766597614392309263_n.webp","articleSection":["Gesti\u00f3n","Salud"],"inLanguage":"es"},{"@type":"WebPage","@id":"https:\/\/santaanadelosguacaras.gob.ar\/sitio\/centro-de-salud-del-ingenio-primer-correntino-imposicion-de-nombre-y-asuncion-de-director\/","url":"https:\/\/santaanadelosguacaras.gob.ar\/sitio\/centro-de-salud-del-ingenio-primer-correntino-imposicion-de-nombre-y-asuncion-de-director\/","name":"Centro de Salud del Ingenio Primer Correntino - Imposici\u00f3n de Nombre y Asunci\u00f3n de Director - Municipalidad de Santa Ana de los Gu\u00e1caras","isPartOf":{"@id":"https:\/\/santaanadelosguacaras.gob.ar\/sitio\/#website"},"primaryImageOfPage":{"@id":"https:\/\/santaanadelosguacaras.gob.ar\/sitio\/centro-de-salud-del-ingenio-primer-correntino-imposicion-de-nombre-y-asuncion-de-director\/#primaryimage"},"image":{"@id":"https:\/\/santaanadelosguacaras.gob.ar\/sitio\/centro-de-salud-del-ingenio-primer-correntino-imposicion-de-nombre-y-asuncion-de-director\/#primaryimage"},"thumbnailUrl":"https:\/\/santaanadelosguacaras.gob.ar\/sitio\/wp-content\/uploads\/2025\/05\/502421660_1059623062898803_5766597614392309263_n.webp","datePublished":"2025-05-30T11:29:04+00:00","dateModified":"2025-05-30T11:29:05+00:00","breadcrumb":{"@id":"https:\/\/santaanadelosguacaras.gob.ar\/sitio\/centro-de-salud-del-ingenio-primer-correntino-imposicion-de-nombre-y-asuncion-de-director\/#breadcrumb"},"inLanguage":"es","potentialAction":[{"@type":"ReadAction","target":["https:\/\/santaanadelosguacaras.gob.ar\/sitio\/centro-de-salud-del-ingenio-primer-correntino-imposicion-de-nombre-y-asuncion-de-director\/"]}]},{"@type":"ImageObject","inLanguage":"es","@id":"https:\/\/santaanadelosguacaras.gob.ar\/sitio\/centro-de-salud-del-ingenio-primer-correntino-imposicion-de-nombre-y-asuncion-de-director\/#primaryimage","url":"https:\/\/santaanadelosguacaras.gob.ar\/sitio\/wp-content\/uploads\/2025\/05\/502421660_1059623062898803_5766597614392309263_n.webp","contentUrl":"https:\/\/santaanadelosguacaras.gob.ar\/sitio\/wp-content\/uploads\/2025\/05\/502421660_1059623062898803_5766597614392309263_n.webp","width":1158,"height":853},{"@type":"BreadcrumbList","@id":"https:\/\/santaanadelosguacaras.gob.ar\/sitio\/centro-de-salud-del-ingenio-primer-correntino-imposicion-de-nombre-y-asuncion-de-director\/#breadcrumb","itemListElement":[{"@type":"ListItem","position":1,"name":"Portada","item":"https:\/\/santaanadelosguacaras.gob.ar\/sitio\/"},{"@type":"ListItem","position":2,"name":"Centro de Salud del Ingenio Primer Correntino &#8211; Imposici\u00f3n de Nombre y Asunci\u00f3n de Director"}]},{"@type":"WebSite","@id":"https:\/\/santaanadelosguacaras.gob.ar\/sitio\/#website","url":"https:\/\/santaanadelosguacaras.gob.ar\/sitio\/","name":"Municipalidad de Santa Ana de los Gu\u00e1caras","description":"Descubre Santa Ana de los Gu\u00e1caras, un rinc\u00f3n lleno de historia, cultura y naturaleza en Corrientes. Informaci\u00f3n oficial sobre eventos, turismo, servicios municipales y m\u00e1s. \u00a1Con\u00e9ctate con nuestra comunidad!","publisher":{"@id":"https:\/\/santaanadelosguacaras.gob.ar\/sitio\/#organization"},"alternateName":"MuniSantaAna","potentialAction":[{"@type":"SearchAction","target":{"@type":"EntryPoint","urlTemplate":"https:\/\/santaanadelosguacaras.gob.ar\/sitio\/?s={search_term_string}"},"query-input":{"@type":"PropertyValueSpecification","valueRequired":true,"valueName":"search_term_string"}}],"inLanguage":"es"},{"@type":"Organization","@id":"https:\/\/santaanadelosguacaras.gob.ar\/sitio\/#organization","name":"Municipalidad de Santa Ana de los Gu\u00e1caras","alternateName":"MuniSantaAna","url":"https:\/\/santaanadelosguacaras.gob.ar\/sitio\/","logo":{"@type":"ImageObject","inLanguage":"es","@id":"https:\/\/santaanadelosguacaras.gob.ar\/sitio\/#\/schema\/logo\/image\/","url":"https:\/\/santaanadelosguacaras.gob.ar\/sitio\/wp-content\/uploads\/2024\/12\/cropped-logo_muni_250.png","contentUrl":"https:\/\/santaanadelosguacaras.gob.ar\/sitio\/wp-content\/uploads\/2024\/12\/cropped-logo_muni_250.png","width":247,"height":95,"caption":"Municipalidad de Santa Ana de los Gu\u00e1caras"},"image":{"@id":"https:\/\/santaanadelosguacaras.gob.ar\/sitio\/#\/schema\/logo\/image\/"},"sameAs":["https:\/\/www.facebook.com\/MuniSantaAnaDeLosGuacaras","https:\/\/www.instagram.com\/muni_santaana_ctes"]},{"@type":"Person","@id":"https:\/\/santaanadelosguacaras.gob.ar\/sitio\/#\/schema\/person\/aa85e53bbb5a7c7e19834c20ede5e205","name":"Comunicaci\u00f3n","image":{"@type":"ImageObject","inLanguage":"es","@id":"https:\/\/santaanadelosguacaras.gob.ar\/sitio\/#\/schema\/person\/image\/","url":"https:\/\/secure.gravatar.com\/avatar\/3e81e68b8dcb0733c78bbafb464befc4a66ce4135950c3e3ac0d3c09e53e7092?s=96&d=mm&r=g","contentUrl":"https:\/\/secure.gravatar.com\/avatar\/3e81e68b8dcb0733c78bbafb464befc4a66ce4135950c3e3ac0d3c09e53e7092?s=96&d=mm&r=g","caption":"Comunicaci\u00f3n"}}]}},"_links":{"self":[{"href":"https:\/\/santaanadelosguacaras.gob.ar\/sitio\/wp-json\/wp\/v2\/posts\/2028","targetHints":{"allow":["GET"]}}],"collection":[{"href":"https:\/\/santaanadelosguacaras.gob.ar\/sitio\/wp-json\/wp\/v2\/posts"}],"about":[{"href":"https:\/\/santaanadelosguacaras.gob.ar\/sitio\/wp-json\/wp\/v2\/types\/post"}],"author":[{"embeddable":true,"href":"https:\/\/santaanadelosguacaras.gob.ar\/sitio\/wp-json\/wp\/v2\/users\/2"}],"replies":[{"embeddable":true,"href":"https:\/\/santaanadelosguacaras.gob.ar\/sitio\/wp-json\/wp\/v2\/comments?post=2028"}],"version-history":[{"count":1,"href":"https:\/\/santaanadelosguacaras.gob.ar\/sitio\/wp-json\/wp\/v2\/posts\/2028\/revisions"}],"predecessor-version":[{"id":2041,"href":"https:\/\/santaanadelosguacaras.gob.ar\/sitio\/wp-json\/wp\/v2\/posts\/2028\/revisions\/2041"}],"wp:featuredmedia":[{"embeddable":true,"href":"https:\/\/santaanadelosguacaras.gob.ar\/sitio\/wp-json\/wp\/v2\/media\/2036"}],"wp:attachment":[{"href":"https:\/\/santaanadelosguacaras.gob.ar\/sitio\/wp-json\/wp\/v2\/media?parent=2028"}],"wp:term":[{"taxonomy":"category","embeddable":true,"href":"https:\/\/santaanadelosguacaras.gob.ar\/sitio\/wp-json\/wp\/v2\/categories?post=2028"},{"taxonomy":"post_tag","embeddable":true,"href":"https:\/\/santaanadelosguacaras.gob.ar\/sitio\/wp-json\/wp\/v2\/tags?post=2028"}],"curies":[{"name":"wp","href":"https:\/\/api.w.org\/{rel}","templated":true}]}}