{"id":2112,"date":"2025-06-04T11:50:05","date_gmt":"2025-06-04T14:50:05","guid":{"rendered":"https:\/\/santaanadelosguacaras.gob.ar\/sitio\/?p=2112"},"modified":"2025-06-05T11:52:40","modified_gmt":"2025-06-05T14:52:40","slug":"exitoso-taller-de-manipulacion-segura-de-alimentos","status":"publish","type":"post","link":"https:\/\/santaanadelosguacaras.gob.ar\/sitio\/exitoso-taller-de-manipulacion-segura-de-alimentos\/","title":{"rendered":"Exitoso Taller de Manipulaci\u00f3n Segura de Alimentos"},"content":{"rendered":"\n<p>Con una gran concurrencia, se realiz\u00f3 el taller de Manipulaci\u00f3n Segura de Alimentos, organizado por la Direcci\u00f3n de Bromatolog\u00eda de la Municipalidad de Santa Ana de los Gu\u00e1caras.<\/p>\n\n\n\n<p>Durante las dos jornadas se ense\u00f1aron pr\u00e1cticas higi\u00e9nicas, sanitarias, de la preparaci\u00f3n y manejo de alimentos.<\/p>\n\n\n\n<p>La gesti\u00f3n de la intendente Silvana Almir\u00f3n promueve estas capacitaciones, sin costo para los participantes, fortaleciendo la educaci\u00f3n sanitaria local.<\/p>\n\n\n\n<p>La Municipalidad de Santa Ana agradece a la doctora Mar\u00eda Irigoyen, Directora de Saneamiento Ambiental del Ministerio de Salud de Corrientes; ingeniera Florencia Pav\u00f3n, doctores Luis Insaurralde, Julio Rodas, por las productivas jornadas de aprendizajes; al Gobernador Gustavo Vald\u00e9s y Ministro de Salud Ricardo Cardozo, por las gestiones conjuntas para la salud comunitaria.<\/p>\n\n\n\n<figure class=\"wp-block-gallery has-nested-images columns-default is-cropped wp-block-gallery-1 is-layout-flex wp-block-gallery-is-layout-flex\">\n<figure class=\"wp-block-image size-large\"><a href=\"https:\/\/santaanadelosguacaras.gob.ar\/sitio\/wp-content\/uploads\/2025\/06\/503273716_1062799625949216_6577686167049454826_n.webp\"><img loading=\"lazy\" decoding=\"async\" width=\"1024\" height=\"495\" data-id=\"2113\" src=\"https:\/\/santaanadelosguacaras.gob.ar\/sitio\/wp-content\/uploads\/2025\/06\/503273716_1062799625949216_6577686167049454826_n-1024x495.webp\" alt=\"\" class=\"wp-image-2113\" srcset=\"https:\/\/santaanadelosguacaras.gob.ar\/sitio\/wp-content\/uploads\/2025\/06\/503273716_1062799625949216_6577686167049454826_n-1024x495.webp 1024w, https:\/\/santaanadelosguacaras.gob.ar\/sitio\/wp-content\/uploads\/2025\/06\/503273716_1062799625949216_6577686167049454826_n-300x145.webp 300w, https:\/\/santaanadelosguacaras.gob.ar\/sitio\/wp-content\/uploads\/2025\/06\/503273716_1062799625949216_6577686167049454826_n-768x371.webp 768w, https:\/\/santaanadelosguacaras.gob.ar\/sitio\/wp-content\/uploads\/2025\/06\/503273716_1062799625949216_6577686167049454826_n.webp 1325w\" sizes=\"auto, (max-width: 1024px) 100vw, 1024px\" \/><\/a><\/figure>\n\n\n\n<figure class=\"wp-block-image size-large\"><a href=\"https:\/\/santaanadelosguacaras.gob.ar\/sitio\/wp-content\/uploads\/2025\/06\/503275746_1062799509282561_8657343557111408081_n.webp\"><img loading=\"lazy\" decoding=\"async\" width=\"960\" height=\"544\" data-id=\"2115\" src=\"https:\/\/santaanadelosguacaras.gob.ar\/sitio\/wp-content\/uploads\/2025\/06\/503275746_1062799509282561_8657343557111408081_n.webp\" alt=\"\" class=\"wp-image-2115\" srcset=\"https:\/\/santaanadelosguacaras.gob.ar\/sitio\/wp-content\/uploads\/2025\/06\/503275746_1062799509282561_8657343557111408081_n.webp 960w, https:\/\/santaanadelosguacaras.gob.ar\/sitio\/wp-content\/uploads\/2025\/06\/503275746_1062799509282561_8657343557111408081_n-300x170.webp 300w, https:\/\/santaanadelosguacaras.gob.ar\/sitio\/wp-content\/uploads\/2025\/06\/503275746_1062799509282561_8657343557111408081_n-768x435.webp 768w\" sizes=\"auto, (max-width: 960px) 100vw, 960px\" \/><\/a><\/figure>\n\n\n\n<figure class=\"wp-block-image size-large\"><a href=\"https:\/\/santaanadelosguacaras.gob.ar\/sitio\/wp-content\/uploads\/2025\/06\/503783569_1062799589282553_5961992718595242341_n.webp\"><img loading=\"lazy\" decoding=\"async\" width=\"960\" height=\"541\" data-id=\"2118\" src=\"https:\/\/santaanadelosguacaras.gob.ar\/sitio\/wp-content\/uploads\/2025\/06\/503783569_1062799589282553_5961992718595242341_n.webp\" alt=\"\" class=\"wp-image-2118\" srcset=\"https:\/\/santaanadelosguacaras.gob.ar\/sitio\/wp-content\/uploads\/2025\/06\/503783569_1062799589282553_5961992718595242341_n.webp 960w, https:\/\/santaanadelosguacaras.gob.ar\/sitio\/wp-content\/uploads\/2025\/06\/503783569_1062799589282553_5961992718595242341_n-300x169.webp 300w, https:\/\/santaanadelosguacaras.gob.ar\/sitio\/wp-content\/uploads\/2025\/06\/503783569_1062799589282553_5961992718595242341_n-768x433.webp 768w\" sizes=\"auto, (max-width: 960px) 100vw, 960px\" \/><\/a><\/figure>\n\n\n\n<figure class=\"wp-block-image size-large\"><a href=\"https:\/\/santaanadelosguacaras.gob.ar\/sitio\/wp-content\/uploads\/2025\/06\/504148713_1062799549282557_1947647096210040670_n.webp\"><img loading=\"lazy\" decoding=\"async\" width=\"1024\" height=\"502\" data-id=\"2116\" src=\"https:\/\/santaanadelosguacaras.gob.ar\/sitio\/wp-content\/uploads\/2025\/06\/504148713_1062799549282557_1947647096210040670_n-1024x502.webp\" alt=\"\" class=\"wp-image-2116\" srcset=\"https:\/\/santaanadelosguacaras.gob.ar\/sitio\/wp-content\/uploads\/2025\/06\/504148713_1062799549282557_1947647096210040670_n-1024x502.webp 1024w, https:\/\/santaanadelosguacaras.gob.ar\/sitio\/wp-content\/uploads\/2025\/06\/504148713_1062799549282557_1947647096210040670_n-300x147.webp 300w, https:\/\/santaanadelosguacaras.gob.ar\/sitio\/wp-content\/uploads\/2025\/06\/504148713_1062799549282557_1947647096210040670_n-768x377.webp 768w, https:\/\/santaanadelosguacaras.gob.ar\/sitio\/wp-content\/uploads\/2025\/06\/504148713_1062799549282557_1947647096210040670_n.webp 1305w\" sizes=\"auto, (max-width: 1024px) 100vw, 1024px\" \/><\/a><\/figure>\n\n\n\n<figure class=\"wp-block-image size-large\"><a href=\"https:\/\/santaanadelosguacaras.gob.ar\/sitio\/wp-content\/uploads\/2025\/06\/504183086_1062799665949212_7403150233097156664_n.webp\"><img loading=\"lazy\" decoding=\"async\" width=\"960\" height=\"540\" data-id=\"2114\" src=\"https:\/\/santaanadelosguacaras.gob.ar\/sitio\/wp-content\/uploads\/2025\/06\/504183086_1062799665949212_7403150233097156664_n.webp\" alt=\"\" class=\"wp-image-2114\" srcset=\"https:\/\/santaanadelosguacaras.gob.ar\/sitio\/wp-content\/uploads\/2025\/06\/504183086_1062799665949212_7403150233097156664_n.webp 960w, https:\/\/santaanadelosguacaras.gob.ar\/sitio\/wp-content\/uploads\/2025\/06\/504183086_1062799665949212_7403150233097156664_n-300x169.webp 300w, https:\/\/santaanadelosguacaras.gob.ar\/sitio\/wp-content\/uploads\/2025\/06\/504183086_1062799665949212_7403150233097156664_n-768x432.webp 768w\" sizes=\"auto, (max-width: 960px) 100vw, 960px\" \/><\/a><\/figure>\n\n\n\n<figure class=\"wp-block-image size-large\"><a href=\"https:\/\/santaanadelosguacaras.gob.ar\/sitio\/wp-content\/uploads\/2025\/06\/504121495_1062799699282542_2114191169697380614_n.webp\"><img loading=\"lazy\" decoding=\"async\" width=\"1024\" height=\"458\" data-id=\"2117\" src=\"https:\/\/santaanadelosguacaras.gob.ar\/sitio\/wp-content\/uploads\/2025\/06\/504121495_1062799699282542_2114191169697380614_n-1024x458.webp\" alt=\"\" class=\"wp-image-2117\" srcset=\"https:\/\/santaanadelosguacaras.gob.ar\/sitio\/wp-content\/uploads\/2025\/06\/504121495_1062799699282542_2114191169697380614_n-1024x458.webp 1024w, https:\/\/santaanadelosguacaras.gob.ar\/sitio\/wp-content\/uploads\/2025\/06\/504121495_1062799699282542_2114191169697380614_n-300x134.webp 300w, https:\/\/santaanadelosguacaras.gob.ar\/sitio\/wp-content\/uploads\/2025\/06\/504121495_1062799699282542_2114191169697380614_n-768x343.webp 768w, https:\/\/santaanadelosguacaras.gob.ar\/sitio\/wp-content\/uploads\/2025\/06\/504121495_1062799699282542_2114191169697380614_n.webp 1280w\" sizes=\"auto, (max-width: 1024px) 100vw, 1024px\" \/><\/a><\/figure>\n<\/figure>\n\n\n\n<p><\/p>\n","protected":false},"excerpt":{"rendered":"<p>Con una gran concurrencia, se realiz\u00f3 el taller de Manipulaci\u00f3n Segura de Alimentos, organizado por la Direcci\u00f3n de Bromatolog\u00eda de la Municipalidad de Santa Ana de los Gu\u00e1caras. Durante las&hellip; <\/p>\n","protected":false},"author":2,"featured_media":2115,"comment_status":"closed","ping_status":"open","sticky":false,"template":"","format":"standard","meta":{"footnotes":""},"categories":[14],"tags":[],"class_list":["post-2112","post","type-post","status-publish","format-standard","has-post-thumbnail","hentry","category-eventos"],"yoast_head":"<!-- This site is optimized with the Yoast SEO plugin v24.8.1 - https:\/\/yoast.com\/wordpress\/plugins\/seo\/ -->\n<title>Exitoso Taller de Manipulaci\u00f3n Segura de Alimentos - Municipalidad de Santa Ana de los Gu\u00e1caras<\/title>\n<meta name=\"robots\" content=\"index, follow, max-snippet:-1, max-image-preview:large, max-video-preview:-1\" \/>\n<link rel=\"canonical\" href=\"https:\/\/santaanadelosguacaras.gob.ar\/sitio\/exitoso-taller-de-manipulacion-segura-de-alimentos\/\" \/>\n<meta property=\"og:locale\" content=\"es_ES\" \/>\n<meta property=\"og:type\" content=\"article\" \/>\n<meta property=\"og:title\" content=\"Exitoso Taller de Manipulaci\u00f3n Segura de Alimentos - Municipalidad de Santa Ana de los Gu\u00e1caras\" \/>\n<meta property=\"og:description\" content=\"Con una gran concurrencia, se realiz\u00f3 el taller de Manipulaci\u00f3n Segura de Alimentos, organizado por la Direcci\u00f3n de Bromatolog\u00eda de la Municipalidad de Santa Ana de los Gu\u00e1caras. Durante las&hellip;\" \/>\n<meta property=\"og:url\" content=\"https:\/\/santaanadelosguacaras.gob.ar\/sitio\/exitoso-taller-de-manipulacion-segura-de-alimentos\/\" \/>\n<meta property=\"og:site_name\" content=\"Municipalidad de Santa Ana de los Gu\u00e1caras\" \/>\n<meta property=\"article:publisher\" content=\"https:\/\/www.facebook.com\/MuniSantaAnaDeLosGuacaras\" \/>\n<meta property=\"article:published_time\" content=\"2025-06-04T14:50:05+00:00\" \/>\n<meta property=\"article:modified_time\" content=\"2025-06-05T14:52:40+00:00\" \/>\n<meta property=\"og:image\" content=\"https:\/\/santaanadelosguacaras.gob.ar\/sitio\/wp-content\/uploads\/2025\/06\/503275746_1062799509282561_8657343557111408081_n.webp\" \/>\n\t<meta property=\"og:image:width\" content=\"960\" \/>\n\t<meta property=\"og:image:height\" content=\"544\" \/>\n\t<meta property=\"og:image:type\" content=\"image\/webp\" \/>\n<meta name=\"author\" content=\"Comunicaci\u00f3n\" \/>\n<meta name=\"twitter:card\" content=\"summary_large_image\" \/>\n<meta name=\"twitter:label1\" content=\"Escrito por\" \/>\n\t<meta name=\"twitter:data1\" content=\"Comunicaci\u00f3n\" \/>\n\t<meta name=\"twitter:label2\" content=\"Tiempo de lectura\" \/>\n\t<meta name=\"twitter:data2\" content=\"2 minutos\" \/>\n<script type=\"application\/ld+json\" class=\"yoast-schema-graph\">{\"@context\":\"https:\/\/schema.org\",\"@graph\":[{\"@type\":\"Article\",\"@id\":\"https:\/\/santaanadelosguacaras.gob.ar\/sitio\/exitoso-taller-de-manipulacion-segura-de-alimentos\/#article\",\"isPartOf\":{\"@id\":\"https:\/\/santaanadelosguacaras.gob.ar\/sitio\/exitoso-taller-de-manipulacion-segura-de-alimentos\/\"},\"author\":{\"name\":\"Comunicaci\u00f3n\",\"@id\":\"https:\/\/santaanadelosguacaras.gob.ar\/sitio\/#\/schema\/person\/aa85e53bbb5a7c7e19834c20ede5e205\"},\"headline\":\"Exitoso Taller de Manipulaci\u00f3n Segura de Alimentos\",\"datePublished\":\"2025-06-04T14:50:05+00:00\",\"dateModified\":\"2025-06-05T14:52:40+00:00\",\"mainEntityOfPage\":{\"@id\":\"https:\/\/santaanadelosguacaras.gob.ar\/sitio\/exitoso-taller-de-manipulacion-segura-de-alimentos\/\"},\"wordCount\":139,\"publisher\":{\"@id\":\"https:\/\/santaanadelosguacaras.gob.ar\/sitio\/#organization\"},\"image\":{\"@id\":\"https:\/\/santaanadelosguacaras.gob.ar\/sitio\/exitoso-taller-de-manipulacion-segura-de-alimentos\/#primaryimage\"},\"thumbnailUrl\":\"https:\/\/santaanadelosguacaras.gob.ar\/sitio\/wp-content\/uploads\/2025\/06\/503275746_1062799509282561_8657343557111408081_n.webp\",\"articleSection\":[\"Eventos\"],\"inLanguage\":\"es\"},{\"@type\":\"WebPage\",\"@id\":\"https:\/\/santaanadelosguacaras.gob.ar\/sitio\/exitoso-taller-de-manipulacion-segura-de-alimentos\/\",\"url\":\"https:\/\/santaanadelosguacaras.gob.ar\/sitio\/exitoso-taller-de-manipulacion-segura-de-alimentos\/\",\"name\":\"Exitoso Taller de Manipulaci\u00f3n Segura de Alimentos - Municipalidad de Santa Ana de los Gu\u00e1caras\",\"isPartOf\":{\"@id\":\"https:\/\/santaanadelosguacaras.gob.ar\/sitio\/#website\"},\"primaryImageOfPage\":{\"@id\":\"https:\/\/santaanadelosguacaras.gob.ar\/sitio\/exitoso-taller-de-manipulacion-segura-de-alimentos\/#primaryimage\"},\"image\":{\"@id\":\"https:\/\/santaanadelosguacaras.gob.ar\/sitio\/exitoso-taller-de-manipulacion-segura-de-alimentos\/#primaryimage\"},\"thumbnailUrl\":\"https:\/\/santaanadelosguacaras.gob.ar\/sitio\/wp-content\/uploads\/2025\/06\/503275746_1062799509282561_8657343557111408081_n.webp\",\"datePublished\":\"2025-06-04T14:50:05+00:00\",\"dateModified\":\"2025-06-05T14:52:40+00:00\",\"breadcrumb\":{\"@id\":\"https:\/\/santaanadelosguacaras.gob.ar\/sitio\/exitoso-taller-de-manipulacion-segura-de-alimentos\/#breadcrumb\"},\"inLanguage\":\"es\",\"potentialAction\":[{\"@type\":\"ReadAction\",\"target\":[\"https:\/\/santaanadelosguacaras.gob.ar\/sitio\/exitoso-taller-de-manipulacion-segura-de-alimentos\/\"]}]},{\"@type\":\"ImageObject\",\"inLanguage\":\"es\",\"@id\":\"https:\/\/santaanadelosguacaras.gob.ar\/sitio\/exitoso-taller-de-manipulacion-segura-de-alimentos\/#primaryimage\",\"url\":\"https:\/\/santaanadelosguacaras.gob.ar\/sitio\/wp-content\/uploads\/2025\/06\/503275746_1062799509282561_8657343557111408081_n.webp\",\"contentUrl\":\"https:\/\/santaanadelosguacaras.gob.ar\/sitio\/wp-content\/uploads\/2025\/06\/503275746_1062799509282561_8657343557111408081_n.webp\",\"width\":960,\"height\":544},{\"@type\":\"BreadcrumbList\",\"@id\":\"https:\/\/santaanadelosguacaras.gob.ar\/sitio\/exitoso-taller-de-manipulacion-segura-de-alimentos\/#breadcrumb\",\"itemListElement\":[{\"@type\":\"ListItem\",\"position\":1,\"name\":\"Portada\",\"item\":\"https:\/\/santaanadelosguacaras.gob.ar\/sitio\/\"},{\"@type\":\"ListItem\",\"position\":2,\"name\":\"Exitoso Taller de Manipulaci\u00f3n Segura de Alimentos\"}]},{\"@type\":\"WebSite\",\"@id\":\"https:\/\/santaanadelosguacaras.gob.ar\/sitio\/#website\",\"url\":\"https:\/\/santaanadelosguacaras.gob.ar\/sitio\/\",\"name\":\"Municipalidad de Santa Ana de los Gu\u00e1caras\",\"description\":\"Descubre Santa Ana de los Gu\u00e1caras, un rinc\u00f3n lleno de historia, cultura y naturaleza en Corrientes. Informaci\u00f3n oficial sobre eventos, turismo, servicios municipales y m\u00e1s. \u00a1Con\u00e9ctate con nuestra comunidad!\",\"publisher\":{\"@id\":\"https:\/\/santaanadelosguacaras.gob.ar\/sitio\/#organization\"},\"alternateName\":\"MuniSantaAna\",\"potentialAction\":[{\"@type\":\"SearchAction\",\"target\":{\"@type\":\"EntryPoint\",\"urlTemplate\":\"https:\/\/santaanadelosguacaras.gob.ar\/sitio\/?s={search_term_string}\"},\"query-input\":{\"@type\":\"PropertyValueSpecification\",\"valueRequired\":true,\"valueName\":\"search_term_string\"}}],\"inLanguage\":\"es\"},{\"@type\":\"Organization\",\"@id\":\"https:\/\/santaanadelosguacaras.gob.ar\/sitio\/#organization\",\"name\":\"Municipalidad de Santa Ana de los Gu\u00e1caras\",\"alternateName\":\"MuniSantaAna\",\"url\":\"https:\/\/santaanadelosguacaras.gob.ar\/sitio\/\",\"logo\":{\"@type\":\"ImageObject\",\"inLanguage\":\"es\",\"@id\":\"https:\/\/santaanadelosguacaras.gob.ar\/sitio\/#\/schema\/logo\/image\/\",\"url\":\"https:\/\/santaanadelosguacaras.gob.ar\/sitio\/wp-content\/uploads\/2024\/12\/cropped-logo_muni_250.png\",\"contentUrl\":\"https:\/\/santaanadelosguacaras.gob.ar\/sitio\/wp-content\/uploads\/2024\/12\/cropped-logo_muni_250.png\",\"width\":247,\"height\":95,\"caption\":\"Municipalidad de Santa Ana de los Gu\u00e1caras\"},\"image\":{\"@id\":\"https:\/\/santaanadelosguacaras.gob.ar\/sitio\/#\/schema\/logo\/image\/\"},\"sameAs\":[\"https:\/\/www.facebook.com\/MuniSantaAnaDeLosGuacaras\",\"https:\/\/www.instagram.com\/muni_santaana_ctes\"]},{\"@type\":\"Person\",\"@id\":\"https:\/\/santaanadelosguacaras.gob.ar\/sitio\/#\/schema\/person\/aa85e53bbb5a7c7e19834c20ede5e205\",\"name\":\"Comunicaci\u00f3n\",\"image\":{\"@type\":\"ImageObject\",\"inLanguage\":\"es\",\"@id\":\"https:\/\/santaanadelosguacaras.gob.ar\/sitio\/#\/schema\/person\/image\/\",\"url\":\"https:\/\/secure.gravatar.com\/avatar\/3e81e68b8dcb0733c78bbafb464befc4a66ce4135950c3e3ac0d3c09e53e7092?s=96&d=mm&r=g\",\"contentUrl\":\"https:\/\/secure.gravatar.com\/avatar\/3e81e68b8dcb0733c78bbafb464befc4a66ce4135950c3e3ac0d3c09e53e7092?s=96&d=mm&r=g\",\"caption\":\"Comunicaci\u00f3n\"}}]}<\/script>\n<!-- \/ Yoast SEO plugin. -->","yoast_head_json":{"title":"Exitoso Taller de Manipulaci\u00f3n Segura de Alimentos - Municipalidad de Santa Ana de los Gu\u00e1caras","robots":{"index":"index","follow":"follow","max-snippet":"max-snippet:-1","max-image-preview":"max-image-preview:large","max-video-preview":"max-video-preview:-1"},"canonical":"https:\/\/santaanadelosguacaras.gob.ar\/sitio\/exitoso-taller-de-manipulacion-segura-de-alimentos\/","og_locale":"es_ES","og_type":"article","og_title":"Exitoso Taller de Manipulaci\u00f3n Segura de Alimentos - Municipalidad de Santa Ana de los Gu\u00e1caras","og_description":"Con una gran concurrencia, se realiz\u00f3 el taller de Manipulaci\u00f3n Segura de Alimentos, organizado por la Direcci\u00f3n de Bromatolog\u00eda de la Municipalidad de Santa Ana de los Gu\u00e1caras. Durante las&hellip;","og_url":"https:\/\/santaanadelosguacaras.gob.ar\/sitio\/exitoso-taller-de-manipulacion-segura-de-alimentos\/","og_site_name":"Municipalidad de Santa Ana de los Gu\u00e1caras","article_publisher":"https:\/\/www.facebook.com\/MuniSantaAnaDeLosGuacaras","article_published_time":"2025-06-04T14:50:05+00:00","article_modified_time":"2025-06-05T14:52:40+00:00","og_image":[{"width":960,"height":544,"url":"https:\/\/santaanadelosguacaras.gob.ar\/sitio\/wp-content\/uploads\/2025\/06\/503275746_1062799509282561_8657343557111408081_n.webp","type":"image\/webp"}],"author":"Comunicaci\u00f3n","twitter_card":"summary_large_image","twitter_misc":{"Escrito por":"Comunicaci\u00f3n","Tiempo de lectura":"2 minutos"},"schema":{"@context":"https:\/\/schema.org","@graph":[{"@type":"Article","@id":"https:\/\/santaanadelosguacaras.gob.ar\/sitio\/exitoso-taller-de-manipulacion-segura-de-alimentos\/#article","isPartOf":{"@id":"https:\/\/santaanadelosguacaras.gob.ar\/sitio\/exitoso-taller-de-manipulacion-segura-de-alimentos\/"},"author":{"name":"Comunicaci\u00f3n","@id":"https:\/\/santaanadelosguacaras.gob.ar\/sitio\/#\/schema\/person\/aa85e53bbb5a7c7e19834c20ede5e205"},"headline":"Exitoso Taller de Manipulaci\u00f3n Segura de Alimentos","datePublished":"2025-06-04T14:50:05+00:00","dateModified":"2025-06-05T14:52:40+00:00","mainEntityOfPage":{"@id":"https:\/\/santaanadelosguacaras.gob.ar\/sitio\/exitoso-taller-de-manipulacion-segura-de-alimentos\/"},"wordCount":139,"publisher":{"@id":"https:\/\/santaanadelosguacaras.gob.ar\/sitio\/#organization"},"image":{"@id":"https:\/\/santaanadelosguacaras.gob.ar\/sitio\/exitoso-taller-de-manipulacion-segura-de-alimentos\/#primaryimage"},"thumbnailUrl":"https:\/\/santaanadelosguacaras.gob.ar\/sitio\/wp-content\/uploads\/2025\/06\/503275746_1062799509282561_8657343557111408081_n.webp","articleSection":["Eventos"],"inLanguage":"es"},{"@type":"WebPage","@id":"https:\/\/santaanadelosguacaras.gob.ar\/sitio\/exitoso-taller-de-manipulacion-segura-de-alimentos\/","url":"https:\/\/santaanadelosguacaras.gob.ar\/sitio\/exitoso-taller-de-manipulacion-segura-de-alimentos\/","name":"Exitoso Taller de Manipulaci\u00f3n Segura de Alimentos - Municipalidad de Santa Ana de los Gu\u00e1caras","isPartOf":{"@id":"https:\/\/santaanadelosguacaras.gob.ar\/sitio\/#website"},"primaryImageOfPage":{"@id":"https:\/\/santaanadelosguacaras.gob.ar\/sitio\/exitoso-taller-de-manipulacion-segura-de-alimentos\/#primaryimage"},"image":{"@id":"https:\/\/santaanadelosguacaras.gob.ar\/sitio\/exitoso-taller-de-manipulacion-segura-de-alimentos\/#primaryimage"},"thumbnailUrl":"https:\/\/santaanadelosguacaras.gob.ar\/sitio\/wp-content\/uploads\/2025\/06\/503275746_1062799509282561_8657343557111408081_n.webp","datePublished":"2025-06-04T14:50:05+00:00","dateModified":"2025-06-05T14:52:40+00:00","breadcrumb":{"@id":"https:\/\/santaanadelosguacaras.gob.ar\/sitio\/exitoso-taller-de-manipulacion-segura-de-alimentos\/#breadcrumb"},"inLanguage":"es","potentialAction":[{"@type":"ReadAction","target":["https:\/\/santaanadelosguacaras.gob.ar\/sitio\/exitoso-taller-de-manipulacion-segura-de-alimentos\/"]}]},{"@type":"ImageObject","inLanguage":"es","@id":"https:\/\/santaanadelosguacaras.gob.ar\/sitio\/exitoso-taller-de-manipulacion-segura-de-alimentos\/#primaryimage","url":"https:\/\/santaanadelosguacaras.gob.ar\/sitio\/wp-content\/uploads\/2025\/06\/503275746_1062799509282561_8657343557111408081_n.webp","contentUrl":"https:\/\/santaanadelosguacaras.gob.ar\/sitio\/wp-content\/uploads\/2025\/06\/503275746_1062799509282561_8657343557111408081_n.webp","width":960,"height":544},{"@type":"BreadcrumbList","@id":"https:\/\/santaanadelosguacaras.gob.ar\/sitio\/exitoso-taller-de-manipulacion-segura-de-alimentos\/#breadcrumb","itemListElement":[{"@type":"ListItem","position":1,"name":"Portada","item":"https:\/\/santaanadelosguacaras.gob.ar\/sitio\/"},{"@type":"ListItem","position":2,"name":"Exitoso Taller de Manipulaci\u00f3n Segura de Alimentos"}]},{"@type":"WebSite","@id":"https:\/\/santaanadelosguacaras.gob.ar\/sitio\/#website","url":"https:\/\/santaanadelosguacaras.gob.ar\/sitio\/","name":"Municipalidad de Santa Ana de los Gu\u00e1caras","description":"Descubre Santa Ana de los Gu\u00e1caras, un rinc\u00f3n lleno de historia, cultura y naturaleza en Corrientes. Informaci\u00f3n oficial sobre eventos, turismo, servicios municipales y m\u00e1s. \u00a1Con\u00e9ctate con nuestra comunidad!","publisher":{"@id":"https:\/\/santaanadelosguacaras.gob.ar\/sitio\/#organization"},"alternateName":"MuniSantaAna","potentialAction":[{"@type":"SearchAction","target":{"@type":"EntryPoint","urlTemplate":"https:\/\/santaanadelosguacaras.gob.ar\/sitio\/?s={search_term_string}"},"query-input":{"@type":"PropertyValueSpecification","valueRequired":true,"valueName":"search_term_string"}}],"inLanguage":"es"},{"@type":"Organization","@id":"https:\/\/santaanadelosguacaras.gob.ar\/sitio\/#organization","name":"Municipalidad de Santa Ana de los Gu\u00e1caras","alternateName":"MuniSantaAna","url":"https:\/\/santaanadelosguacaras.gob.ar\/sitio\/","logo":{"@type":"ImageObject","inLanguage":"es","@id":"https:\/\/santaanadelosguacaras.gob.ar\/sitio\/#\/schema\/logo\/image\/","url":"https:\/\/santaanadelosguacaras.gob.ar\/sitio\/wp-content\/uploads\/2024\/12\/cropped-logo_muni_250.png","contentUrl":"https:\/\/santaanadelosguacaras.gob.ar\/sitio\/wp-content\/uploads\/2024\/12\/cropped-logo_muni_250.png","width":247,"height":95,"caption":"Municipalidad de Santa Ana de los Gu\u00e1caras"},"image":{"@id":"https:\/\/santaanadelosguacaras.gob.ar\/sitio\/#\/schema\/logo\/image\/"},"sameAs":["https:\/\/www.facebook.com\/MuniSantaAnaDeLosGuacaras","https:\/\/www.instagram.com\/muni_santaana_ctes"]},{"@type":"Person","@id":"https:\/\/santaanadelosguacaras.gob.ar\/sitio\/#\/schema\/person\/aa85e53bbb5a7c7e19834c20ede5e205","name":"Comunicaci\u00f3n","image":{"@type":"ImageObject","inLanguage":"es","@id":"https:\/\/santaanadelosguacaras.gob.ar\/sitio\/#\/schema\/person\/image\/","url":"https:\/\/secure.gravatar.com\/avatar\/3e81e68b8dcb0733c78bbafb464befc4a66ce4135950c3e3ac0d3c09e53e7092?s=96&d=mm&r=g","contentUrl":"https:\/\/secure.gravatar.com\/avatar\/3e81e68b8dcb0733c78bbafb464befc4a66ce4135950c3e3ac0d3c09e53e7092?s=96&d=mm&r=g","caption":"Comunicaci\u00f3n"}}]}},"_links":{"self":[{"href":"https:\/\/santaanadelosguacaras.gob.ar\/sitio\/wp-json\/wp\/v2\/posts\/2112","targetHints":{"allow":["GET"]}}],"collection":[{"href":"https:\/\/santaanadelosguacaras.gob.ar\/sitio\/wp-json\/wp\/v2\/posts"}],"about":[{"href":"https:\/\/santaanadelosguacaras.gob.ar\/sitio\/wp-json\/wp\/v2\/types\/post"}],"author":[{"embeddable":true,"href":"https:\/\/santaanadelosguacaras.gob.ar\/sitio\/wp-json\/wp\/v2\/users\/2"}],"replies":[{"embeddable":true,"href":"https:\/\/santaanadelosguacaras.gob.ar\/sitio\/wp-json\/wp\/v2\/comments?post=2112"}],"version-history":[{"count":1,"href":"https:\/\/santaanadelosguacaras.gob.ar\/sitio\/wp-json\/wp\/v2\/posts\/2112\/revisions"}],"predecessor-version":[{"id":2119,"href":"https:\/\/santaanadelosguacaras.gob.ar\/sitio\/wp-json\/wp\/v2\/posts\/2112\/revisions\/2119"}],"wp:featuredmedia":[{"embeddable":true,"href":"https:\/\/santaanadelosguacaras.gob.ar\/sitio\/wp-json\/wp\/v2\/media\/2115"}],"wp:attachment":[{"href":"https:\/\/santaanadelosguacaras.gob.ar\/sitio\/wp-json\/wp\/v2\/media?parent=2112"}],"wp:term":[{"taxonomy":"category","embeddable":true,"href":"https:\/\/santaanadelosguacaras.gob.ar\/sitio\/wp-json\/wp\/v2\/categories?post=2112"},{"taxonomy":"post_tag","embeddable":true,"href":"https:\/\/santaanadelosguacaras.gob.ar\/sitio\/wp-json\/wp\/v2\/tags?post=2112"}],"curies":[{"name":"wp","href":"https:\/\/api.w.org\/{rel}","templated":true}]}}