{"id":2300,"date":"2025-06-27T08:33:13","date_gmt":"2025-06-27T11:33:13","guid":{"rendered":"https:\/\/santaanadelosguacaras.gob.ar\/sitio\/?p=2300"},"modified":"2025-06-27T09:08:20","modified_gmt":"2025-06-27T12:08:20","slug":"mas-vecinos-se-suman-a-la-recoleccion-diferenciada","status":"publish","type":"post","link":"https:\/\/santaanadelosguacaras.gob.ar\/sitio\/mas-vecinos-se-suman-a-la-recoleccion-diferenciada\/","title":{"rendered":"M\u00e1s vecinos se suman a la Recolecci\u00f3n Diferenciada"},"content":{"rendered":"\n<p>Agradecemos a los vecinos que ya forman parte de la recolecci\u00f3n diferenciada de residuos. Su compromiso es fundamental para construir una comunidad m\u00e1s limpia, saludable y sostenible.<\/p>\n\n\n\n<p>Les recordamos que este servicio se realiza todos los martes y jueves, desde las 15 hs. Puede solicitarlo, sin costo, a la Direcci\u00f3n de Ambiente de Santa Ana, al celular 3795344177.<\/p>\n\n\n\n<p>Separar los residuos en origen no solo ayuda a reducir la contaminaci\u00f3n, tambi\u00e9n impulsa la econom\u00eda circular, generando oportunidades para la reutilizaci\u00f3n y el reciclaje.<\/p>\n\n\n\n<p>Entre todos, estamos haciendo de Santa Ana de los Gu\u00e1caras un lugar mejor.<\/p>\n\n\n\n<figure class=\"wp-block-gallery has-nested-images columns-default is-cropped wp-block-gallery-1 is-layout-flex wp-block-gallery-is-layout-flex\">\n<figure class=\"wp-block-image size-large\"><a href=\"https:\/\/santaanadelosguacaras.gob.ar\/sitio\/wp-content\/uploads\/2025\/06\/1fcb7f14-e385-45ba-ab1a-c43f297911b9-1.webp\"><img loading=\"lazy\" decoding=\"async\" width=\"1024\" height=\"1024\" data-id=\"2306\" src=\"https:\/\/santaanadelosguacaras.gob.ar\/sitio\/wp-content\/uploads\/2025\/06\/1fcb7f14-e385-45ba-ab1a-c43f297911b9-1-1024x1024.webp\" alt=\"\" class=\"wp-image-2306\" srcset=\"https:\/\/santaanadelosguacaras.gob.ar\/sitio\/wp-content\/uploads\/2025\/06\/1fcb7f14-e385-45ba-ab1a-c43f297911b9-1-1024x1024.webp 1024w, https:\/\/santaanadelosguacaras.gob.ar\/sitio\/wp-content\/uploads\/2025\/06\/1fcb7f14-e385-45ba-ab1a-c43f297911b9-1-300x300.webp 300w, https:\/\/santaanadelosguacaras.gob.ar\/sitio\/wp-content\/uploads\/2025\/06\/1fcb7f14-e385-45ba-ab1a-c43f297911b9-1-150x150.webp 150w, https:\/\/santaanadelosguacaras.gob.ar\/sitio\/wp-content\/uploads\/2025\/06\/1fcb7f14-e385-45ba-ab1a-c43f297911b9-1-768x769.webp 768w, https:\/\/santaanadelosguacaras.gob.ar\/sitio\/wp-content\/uploads\/2025\/06\/1fcb7f14-e385-45ba-ab1a-c43f297911b9-1.webp 1048w\" sizes=\"auto, (max-width: 1024px) 100vw, 1024px\" \/><\/a><\/figure>\n\n\n\n<figure class=\"wp-block-image size-large\"><a href=\"https:\/\/santaanadelosguacaras.gob.ar\/sitio\/wp-content\/uploads\/2025\/06\/6d1ec9bc-de30-492b-b2b3-17f44c012d01.webp\"><img loading=\"lazy\" decoding=\"async\" width=\"1016\" height=\"1024\" data-id=\"2303\" src=\"https:\/\/santaanadelosguacaras.gob.ar\/sitio\/wp-content\/uploads\/2025\/06\/6d1ec9bc-de30-492b-b2b3-17f44c012d01-1016x1024.webp\" alt=\"\" class=\"wp-image-2303\" srcset=\"https:\/\/santaanadelosguacaras.gob.ar\/sitio\/wp-content\/uploads\/2025\/06\/6d1ec9bc-de30-492b-b2b3-17f44c012d01-1016x1024.webp 1016w, https:\/\/santaanadelosguacaras.gob.ar\/sitio\/wp-content\/uploads\/2025\/06\/6d1ec9bc-de30-492b-b2b3-17f44c012d01-298x300.webp 298w, https:\/\/santaanadelosguacaras.gob.ar\/sitio\/wp-content\/uploads\/2025\/06\/6d1ec9bc-de30-492b-b2b3-17f44c012d01-150x150.webp 150w, https:\/\/santaanadelosguacaras.gob.ar\/sitio\/wp-content\/uploads\/2025\/06\/6d1ec9bc-de30-492b-b2b3-17f44c012d01-768x774.webp 768w, https:\/\/santaanadelosguacaras.gob.ar\/sitio\/wp-content\/uploads\/2025\/06\/6d1ec9bc-de30-492b-b2b3-17f44c012d01.webp 1080w\" sizes=\"auto, (max-width: 1016px) 100vw, 1016px\" \/><\/a><\/figure>\n\n\n\n<figure class=\"wp-block-image size-large\"><a href=\"https:\/\/santaanadelosguacaras.gob.ar\/sitio\/wp-content\/uploads\/2025\/06\/22640654-f0f7-4ce2-a779-0a57cce6e68c.webp\"><img loading=\"lazy\" decoding=\"async\" width=\"1019\" height=\"1024\" data-id=\"2305\" src=\"https:\/\/santaanadelosguacaras.gob.ar\/sitio\/wp-content\/uploads\/2025\/06\/22640654-f0f7-4ce2-a779-0a57cce6e68c-1019x1024.webp\" alt=\"\" class=\"wp-image-2305\" srcset=\"https:\/\/santaanadelosguacaras.gob.ar\/sitio\/wp-content\/uploads\/2025\/06\/22640654-f0f7-4ce2-a779-0a57cce6e68c-1019x1024.webp 1019w, https:\/\/santaanadelosguacaras.gob.ar\/sitio\/wp-content\/uploads\/2025\/06\/22640654-f0f7-4ce2-a779-0a57cce6e68c-300x300.webp 300w, https:\/\/santaanadelosguacaras.gob.ar\/sitio\/wp-content\/uploads\/2025\/06\/22640654-f0f7-4ce2-a779-0a57cce6e68c-150x150.webp 150w, https:\/\/santaanadelosguacaras.gob.ar\/sitio\/wp-content\/uploads\/2025\/06\/22640654-f0f7-4ce2-a779-0a57cce6e68c-768x772.webp 768w, https:\/\/santaanadelosguacaras.gob.ar\/sitio\/wp-content\/uploads\/2025\/06\/22640654-f0f7-4ce2-a779-0a57cce6e68c.webp 1080w\" sizes=\"auto, (max-width: 1019px) 100vw, 1019px\" \/><\/a><\/figure>\n\n\n\n<figure class=\"wp-block-image size-large\"><a href=\"https:\/\/santaanadelosguacaras.gob.ar\/sitio\/wp-content\/uploads\/2025\/06\/76e7fe25-48b8-414a-8c00-32b351d1e062.webp\"><img loading=\"lazy\" decoding=\"async\" width=\"1024\" height=\"1022\" data-id=\"2309\" src=\"https:\/\/santaanadelosguacaras.gob.ar\/sitio\/wp-content\/uploads\/2025\/06\/76e7fe25-48b8-414a-8c00-32b351d1e062-1024x1022.webp\" alt=\"\" class=\"wp-image-2309\" srcset=\"https:\/\/santaanadelosguacaras.gob.ar\/sitio\/wp-content\/uploads\/2025\/06\/76e7fe25-48b8-414a-8c00-32b351d1e062-1024x1022.webp 1024w, https:\/\/santaanadelosguacaras.gob.ar\/sitio\/wp-content\/uploads\/2025\/06\/76e7fe25-48b8-414a-8c00-32b351d1e062-300x300.webp 300w, https:\/\/santaanadelosguacaras.gob.ar\/sitio\/wp-content\/uploads\/2025\/06\/76e7fe25-48b8-414a-8c00-32b351d1e062-150x150.webp 150w, https:\/\/santaanadelosguacaras.gob.ar\/sitio\/wp-content\/uploads\/2025\/06\/76e7fe25-48b8-414a-8c00-32b351d1e062-768x767.webp 768w, https:\/\/santaanadelosguacaras.gob.ar\/sitio\/wp-content\/uploads\/2025\/06\/76e7fe25-48b8-414a-8c00-32b351d1e062.webp 1080w\" sizes=\"auto, (max-width: 1024px) 100vw, 1024px\" \/><\/a><\/figure>\n\n\n\n<figure class=\"wp-block-image size-large\"><a href=\"https:\/\/santaanadelosguacaras.gob.ar\/sitio\/wp-content\/uploads\/2025\/06\/2be6e6ab-dbf3-4f26-8a85-e7f98937af86.webp\"><img loading=\"lazy\" decoding=\"async\" width=\"1019\" height=\"1024\" data-id=\"2304\" src=\"https:\/\/santaanadelosguacaras.gob.ar\/sitio\/wp-content\/uploads\/2025\/06\/2be6e6ab-dbf3-4f26-8a85-e7f98937af86-1019x1024.webp\" alt=\"\" class=\"wp-image-2304\" srcset=\"https:\/\/santaanadelosguacaras.gob.ar\/sitio\/wp-content\/uploads\/2025\/06\/2be6e6ab-dbf3-4f26-8a85-e7f98937af86-1019x1024.webp 1019w, https:\/\/santaanadelosguacaras.gob.ar\/sitio\/wp-content\/uploads\/2025\/06\/2be6e6ab-dbf3-4f26-8a85-e7f98937af86-300x300.webp 300w, https:\/\/santaanadelosguacaras.gob.ar\/sitio\/wp-content\/uploads\/2025\/06\/2be6e6ab-dbf3-4f26-8a85-e7f98937af86-150x150.webp 150w, https:\/\/santaanadelosguacaras.gob.ar\/sitio\/wp-content\/uploads\/2025\/06\/2be6e6ab-dbf3-4f26-8a85-e7f98937af86-768x772.webp 768w, https:\/\/santaanadelosguacaras.gob.ar\/sitio\/wp-content\/uploads\/2025\/06\/2be6e6ab-dbf3-4f26-8a85-e7f98937af86.webp 1080w\" sizes=\"auto, (max-width: 1019px) 100vw, 1019px\" \/><\/a><\/figure>\n\n\n\n<figure class=\"wp-block-image size-large\"><a href=\"https:\/\/santaanadelosguacaras.gob.ar\/sitio\/wp-content\/uploads\/2025\/06\/7fec8209-ce43-4372-9cf5-1d9a60e83627.webp\"><img loading=\"lazy\" decoding=\"async\" width=\"1016\" height=\"1024\" data-id=\"2308\" src=\"https:\/\/santaanadelosguacaras.gob.ar\/sitio\/wp-content\/uploads\/2025\/06\/7fec8209-ce43-4372-9cf5-1d9a60e83627-1016x1024.webp\" alt=\"\" class=\"wp-image-2308\" srcset=\"https:\/\/santaanadelosguacaras.gob.ar\/sitio\/wp-content\/uploads\/2025\/06\/7fec8209-ce43-4372-9cf5-1d9a60e83627-1016x1024.webp 1016w, https:\/\/santaanadelosguacaras.gob.ar\/sitio\/wp-content\/uploads\/2025\/06\/7fec8209-ce43-4372-9cf5-1d9a60e83627-298x300.webp 298w, https:\/\/santaanadelosguacaras.gob.ar\/sitio\/wp-content\/uploads\/2025\/06\/7fec8209-ce43-4372-9cf5-1d9a60e83627-150x150.webp 150w, https:\/\/santaanadelosguacaras.gob.ar\/sitio\/wp-content\/uploads\/2025\/06\/7fec8209-ce43-4372-9cf5-1d9a60e83627-768x774.webp 768w, https:\/\/santaanadelosguacaras.gob.ar\/sitio\/wp-content\/uploads\/2025\/06\/7fec8209-ce43-4372-9cf5-1d9a60e83627.webp 1080w\" sizes=\"auto, (max-width: 1016px) 100vw, 1016px\" \/><\/a><\/figure>\n\n\n\n<figure class=\"wp-block-image size-large\"><a href=\"https:\/\/santaanadelosguacaras.gob.ar\/sitio\/wp-content\/uploads\/2025\/06\/d26c0b17-7043-4fdb-a693-b848285de5d9.webp\"><img loading=\"lazy\" decoding=\"async\" width=\"1016\" height=\"1024\" data-id=\"2310\" src=\"https:\/\/santaanadelosguacaras.gob.ar\/sitio\/wp-content\/uploads\/2025\/06\/d26c0b17-7043-4fdb-a693-b848285de5d9-1016x1024.webp\" alt=\"\" class=\"wp-image-2310\" srcset=\"https:\/\/santaanadelosguacaras.gob.ar\/sitio\/wp-content\/uploads\/2025\/06\/d26c0b17-7043-4fdb-a693-b848285de5d9-1016x1024.webp 1016w, https:\/\/santaanadelosguacaras.gob.ar\/sitio\/wp-content\/uploads\/2025\/06\/d26c0b17-7043-4fdb-a693-b848285de5d9-298x300.webp 298w, https:\/\/santaanadelosguacaras.gob.ar\/sitio\/wp-content\/uploads\/2025\/06\/d26c0b17-7043-4fdb-a693-b848285de5d9-150x150.webp 150w, https:\/\/santaanadelosguacaras.gob.ar\/sitio\/wp-content\/uploads\/2025\/06\/d26c0b17-7043-4fdb-a693-b848285de5d9-768x774.webp 768w, https:\/\/santaanadelosguacaras.gob.ar\/sitio\/wp-content\/uploads\/2025\/06\/d26c0b17-7043-4fdb-a693-b848285de5d9.webp 1080w\" sizes=\"auto, (max-width: 1016px) 100vw, 1016px\" \/><\/a><\/figure>\n<\/figure>\n\n\n\n<figure class=\"wp-block-image size-large\"><a href=\"https:\/\/santaanadelosguacaras.gob.ar\/sitio\/wp-content\/uploads\/2025\/06\/0b19ea54-05e5-4848-9fe1-0300385b6583.webp\"><img loading=\"lazy\" decoding=\"async\" width=\"576\" height=\"1024\" src=\"https:\/\/santaanadelosguacaras.gob.ar\/sitio\/wp-content\/uploads\/2025\/06\/0b19ea54-05e5-4848-9fe1-0300385b6583-576x1024.webp\" alt=\"\" class=\"wp-image-2307\" srcset=\"https:\/\/santaanadelosguacaras.gob.ar\/sitio\/wp-content\/uploads\/2025\/06\/0b19ea54-05e5-4848-9fe1-0300385b6583-576x1024.webp 576w, https:\/\/santaanadelosguacaras.gob.ar\/sitio\/wp-content\/uploads\/2025\/06\/0b19ea54-05e5-4848-9fe1-0300385b6583-169x300.webp 169w, https:\/\/santaanadelosguacaras.gob.ar\/sitio\/wp-content\/uploads\/2025\/06\/0b19ea54-05e5-4848-9fe1-0300385b6583-768x1366.webp 768w, https:\/\/santaanadelosguacaras.gob.ar\/sitio\/wp-content\/uploads\/2025\/06\/0b19ea54-05e5-4848-9fe1-0300385b6583-864x1536.webp 864w, https:\/\/santaanadelosguacaras.gob.ar\/sitio\/wp-content\/uploads\/2025\/06\/0b19ea54-05e5-4848-9fe1-0300385b6583.webp 899w\" sizes=\"auto, (max-width: 576px) 100vw, 576px\" \/><\/a><\/figure>\n","protected":false},"excerpt":{"rendered":"<p>Agradecemos a los vecinos que ya forman parte de la recolecci\u00f3n diferenciada de residuos. Su compromiso es fundamental para construir una comunidad m\u00e1s limpia, saludable y sostenible. Les recordamos que&hellip; <\/p>\n","protected":false},"author":2,"featured_media":2301,"comment_status":"closed","ping_status":"open","sticky":false,"template":"","format":"standard","meta":{"footnotes":""},"categories":[19],"tags":[],"class_list":["post-2300","post","type-post","status-publish","format-standard","has-post-thumbnail","hentry","category-ambiente"],"yoast_head":"<!-- This site is optimized with the Yoast SEO plugin v24.8.1 - https:\/\/yoast.com\/wordpress\/plugins\/seo\/ -->\n<title>M\u00e1s vecinos se suman a la Recolecci\u00f3n Diferenciada - Municipalidad de Santa Ana de los Gu\u00e1caras<\/title>\n<meta name=\"robots\" content=\"index, follow, max-snippet:-1, max-image-preview:large, max-video-preview:-1\" \/>\n<link rel=\"canonical\" href=\"https:\/\/santaanadelosguacaras.gob.ar\/sitio\/mas-vecinos-se-suman-a-la-recoleccion-diferenciada\/\" \/>\n<meta property=\"og:locale\" content=\"es_ES\" \/>\n<meta property=\"og:type\" content=\"article\" \/>\n<meta property=\"og:title\" content=\"M\u00e1s vecinos se suman a la Recolecci\u00f3n Diferenciada - Municipalidad de Santa Ana de los Gu\u00e1caras\" \/>\n<meta property=\"og:description\" content=\"Agradecemos a los vecinos que ya forman parte de la recolecci\u00f3n diferenciada de residuos. Su compromiso es fundamental para construir una comunidad m\u00e1s limpia, saludable y sostenible. Les recordamos que&hellip;\" \/>\n<meta property=\"og:url\" content=\"https:\/\/santaanadelosguacaras.gob.ar\/sitio\/mas-vecinos-se-suman-a-la-recoleccion-diferenciada\/\" \/>\n<meta property=\"og:site_name\" content=\"Municipalidad de Santa Ana de los Gu\u00e1caras\" \/>\n<meta property=\"article:publisher\" content=\"https:\/\/www.facebook.com\/MuniSantaAnaDeLosGuacaras\" \/>\n<meta property=\"article:published_time\" content=\"2025-06-27T11:33:13+00:00\" \/>\n<meta property=\"article:modified_time\" content=\"2025-06-27T12:08:20+00:00\" \/>\n<meta property=\"og:image\" content=\"https:\/\/santaanadelosguacaras.gob.ar\/sitio\/wp-content\/uploads\/2025\/06\/1fcb7f14-e385-45ba-ab1a-c43f297911b9.webp\" \/>\n\t<meta property=\"og:image:width\" content=\"1048\" \/>\n\t<meta property=\"og:image:height\" content=\"1049\" \/>\n\t<meta property=\"og:image:type\" content=\"image\/webp\" \/>\n<meta name=\"author\" content=\"Comunicaci\u00f3n\" \/>\n<meta name=\"twitter:card\" content=\"summary_large_image\" \/>\n<meta name=\"twitter:label1\" content=\"Escrito por\" \/>\n\t<meta name=\"twitter:data1\" content=\"Comunicaci\u00f3n\" \/>\n\t<meta name=\"twitter:label2\" content=\"Tiempo de lectura\" \/>\n\t<meta name=\"twitter:data2\" content=\"3 minutos\" \/>\n<script type=\"application\/ld+json\" class=\"yoast-schema-graph\">{\"@context\":\"https:\/\/schema.org\",\"@graph\":[{\"@type\":\"Article\",\"@id\":\"https:\/\/santaanadelosguacaras.gob.ar\/sitio\/mas-vecinos-se-suman-a-la-recoleccion-diferenciada\/#article\",\"isPartOf\":{\"@id\":\"https:\/\/santaanadelosguacaras.gob.ar\/sitio\/mas-vecinos-se-suman-a-la-recoleccion-diferenciada\/\"},\"author\":{\"name\":\"Comunicaci\u00f3n\",\"@id\":\"https:\/\/santaanadelosguacaras.gob.ar\/sitio\/#\/schema\/person\/aa85e53bbb5a7c7e19834c20ede5e205\"},\"headline\":\"M\u00e1s vecinos se suman a la Recolecci\u00f3n Diferenciada\",\"datePublished\":\"2025-06-27T11:33:13+00:00\",\"dateModified\":\"2025-06-27T12:08:20+00:00\",\"mainEntityOfPage\":{\"@id\":\"https:\/\/santaanadelosguacaras.gob.ar\/sitio\/mas-vecinos-se-suman-a-la-recoleccion-diferenciada\/\"},\"wordCount\":112,\"publisher\":{\"@id\":\"https:\/\/santaanadelosguacaras.gob.ar\/sitio\/#organization\"},\"image\":{\"@id\":\"https:\/\/santaanadelosguacaras.gob.ar\/sitio\/mas-vecinos-se-suman-a-la-recoleccion-diferenciada\/#primaryimage\"},\"thumbnailUrl\":\"https:\/\/santaanadelosguacaras.gob.ar\/sitio\/wp-content\/uploads\/2025\/06\/1fcb7f14-e385-45ba-ab1a-c43f297911b9.webp\",\"articleSection\":[\"Ambiente\"],\"inLanguage\":\"es\"},{\"@type\":\"WebPage\",\"@id\":\"https:\/\/santaanadelosguacaras.gob.ar\/sitio\/mas-vecinos-se-suman-a-la-recoleccion-diferenciada\/\",\"url\":\"https:\/\/santaanadelosguacaras.gob.ar\/sitio\/mas-vecinos-se-suman-a-la-recoleccion-diferenciada\/\",\"name\":\"M\u00e1s vecinos se suman a la Recolecci\u00f3n Diferenciada - Municipalidad de Santa Ana de los Gu\u00e1caras\",\"isPartOf\":{\"@id\":\"https:\/\/santaanadelosguacaras.gob.ar\/sitio\/#website\"},\"primaryImageOfPage\":{\"@id\":\"https:\/\/santaanadelosguacaras.gob.ar\/sitio\/mas-vecinos-se-suman-a-la-recoleccion-diferenciada\/#primaryimage\"},\"image\":{\"@id\":\"https:\/\/santaanadelosguacaras.gob.ar\/sitio\/mas-vecinos-se-suman-a-la-recoleccion-diferenciada\/#primaryimage\"},\"thumbnailUrl\":\"https:\/\/santaanadelosguacaras.gob.ar\/sitio\/wp-content\/uploads\/2025\/06\/1fcb7f14-e385-45ba-ab1a-c43f297911b9.webp\",\"datePublished\":\"2025-06-27T11:33:13+00:00\",\"dateModified\":\"2025-06-27T12:08:20+00:00\",\"breadcrumb\":{\"@id\":\"https:\/\/santaanadelosguacaras.gob.ar\/sitio\/mas-vecinos-se-suman-a-la-recoleccion-diferenciada\/#breadcrumb\"},\"inLanguage\":\"es\",\"potentialAction\":[{\"@type\":\"ReadAction\",\"target\":[\"https:\/\/santaanadelosguacaras.gob.ar\/sitio\/mas-vecinos-se-suman-a-la-recoleccion-diferenciada\/\"]}]},{\"@type\":\"ImageObject\",\"inLanguage\":\"es\",\"@id\":\"https:\/\/santaanadelosguacaras.gob.ar\/sitio\/mas-vecinos-se-suman-a-la-recoleccion-diferenciada\/#primaryimage\",\"url\":\"https:\/\/santaanadelosguacaras.gob.ar\/sitio\/wp-content\/uploads\/2025\/06\/1fcb7f14-e385-45ba-ab1a-c43f297911b9.webp\",\"contentUrl\":\"https:\/\/santaanadelosguacaras.gob.ar\/sitio\/wp-content\/uploads\/2025\/06\/1fcb7f14-e385-45ba-ab1a-c43f297911b9.webp\",\"width\":1048,\"height\":1049},{\"@type\":\"BreadcrumbList\",\"@id\":\"https:\/\/santaanadelosguacaras.gob.ar\/sitio\/mas-vecinos-se-suman-a-la-recoleccion-diferenciada\/#breadcrumb\",\"itemListElement\":[{\"@type\":\"ListItem\",\"position\":1,\"name\":\"Portada\",\"item\":\"https:\/\/santaanadelosguacaras.gob.ar\/sitio\/\"},{\"@type\":\"ListItem\",\"position\":2,\"name\":\"M\u00e1s vecinos se suman a la Recolecci\u00f3n Diferenciada\"}]},{\"@type\":\"WebSite\",\"@id\":\"https:\/\/santaanadelosguacaras.gob.ar\/sitio\/#website\",\"url\":\"https:\/\/santaanadelosguacaras.gob.ar\/sitio\/\",\"name\":\"Municipalidad de Santa Ana de los Gu\u00e1caras\",\"description\":\"Descubre Santa Ana de los Gu\u00e1caras, un rinc\u00f3n lleno de historia, cultura y naturaleza en Corrientes. Informaci\u00f3n oficial sobre eventos, turismo, servicios municipales y m\u00e1s. \u00a1Con\u00e9ctate con nuestra comunidad!\",\"publisher\":{\"@id\":\"https:\/\/santaanadelosguacaras.gob.ar\/sitio\/#organization\"},\"alternateName\":\"MuniSantaAna\",\"potentialAction\":[{\"@type\":\"SearchAction\",\"target\":{\"@type\":\"EntryPoint\",\"urlTemplate\":\"https:\/\/santaanadelosguacaras.gob.ar\/sitio\/?s={search_term_string}\"},\"query-input\":{\"@type\":\"PropertyValueSpecification\",\"valueRequired\":true,\"valueName\":\"search_term_string\"}}],\"inLanguage\":\"es\"},{\"@type\":\"Organization\",\"@id\":\"https:\/\/santaanadelosguacaras.gob.ar\/sitio\/#organization\",\"name\":\"Municipalidad de Santa Ana de los Gu\u00e1caras\",\"alternateName\":\"MuniSantaAna\",\"url\":\"https:\/\/santaanadelosguacaras.gob.ar\/sitio\/\",\"logo\":{\"@type\":\"ImageObject\",\"inLanguage\":\"es\",\"@id\":\"https:\/\/santaanadelosguacaras.gob.ar\/sitio\/#\/schema\/logo\/image\/\",\"url\":\"https:\/\/santaanadelosguacaras.gob.ar\/sitio\/wp-content\/uploads\/2024\/12\/cropped-logo_muni_250.png\",\"contentUrl\":\"https:\/\/santaanadelosguacaras.gob.ar\/sitio\/wp-content\/uploads\/2024\/12\/cropped-logo_muni_250.png\",\"width\":247,\"height\":95,\"caption\":\"Municipalidad de Santa Ana de los Gu\u00e1caras\"},\"image\":{\"@id\":\"https:\/\/santaanadelosguacaras.gob.ar\/sitio\/#\/schema\/logo\/image\/\"},\"sameAs\":[\"https:\/\/www.facebook.com\/MuniSantaAnaDeLosGuacaras\",\"https:\/\/www.instagram.com\/muni_santaana_ctes\"]},{\"@type\":\"Person\",\"@id\":\"https:\/\/santaanadelosguacaras.gob.ar\/sitio\/#\/schema\/person\/aa85e53bbb5a7c7e19834c20ede5e205\",\"name\":\"Comunicaci\u00f3n\",\"image\":{\"@type\":\"ImageObject\",\"inLanguage\":\"es\",\"@id\":\"https:\/\/santaanadelosguacaras.gob.ar\/sitio\/#\/schema\/person\/image\/\",\"url\":\"https:\/\/secure.gravatar.com\/avatar\/3e81e68b8dcb0733c78bbafb464befc4a66ce4135950c3e3ac0d3c09e53e7092?s=96&d=mm&r=g\",\"contentUrl\":\"https:\/\/secure.gravatar.com\/avatar\/3e81e68b8dcb0733c78bbafb464befc4a66ce4135950c3e3ac0d3c09e53e7092?s=96&d=mm&r=g\",\"caption\":\"Comunicaci\u00f3n\"}}]}<\/script>\n<!-- \/ Yoast SEO plugin. -->","yoast_head_json":{"title":"M\u00e1s vecinos se suman a la Recolecci\u00f3n Diferenciada - Municipalidad de Santa Ana de los Gu\u00e1caras","robots":{"index":"index","follow":"follow","max-snippet":"max-snippet:-1","max-image-preview":"max-image-preview:large","max-video-preview":"max-video-preview:-1"},"canonical":"https:\/\/santaanadelosguacaras.gob.ar\/sitio\/mas-vecinos-se-suman-a-la-recoleccion-diferenciada\/","og_locale":"es_ES","og_type":"article","og_title":"M\u00e1s vecinos se suman a la Recolecci\u00f3n Diferenciada - Municipalidad de Santa Ana de los Gu\u00e1caras","og_description":"Agradecemos a los vecinos que ya forman parte de la recolecci\u00f3n diferenciada de residuos. Su compromiso es fundamental para construir una comunidad m\u00e1s limpia, saludable y sostenible. Les recordamos que&hellip;","og_url":"https:\/\/santaanadelosguacaras.gob.ar\/sitio\/mas-vecinos-se-suman-a-la-recoleccion-diferenciada\/","og_site_name":"Municipalidad de Santa Ana de los Gu\u00e1caras","article_publisher":"https:\/\/www.facebook.com\/MuniSantaAnaDeLosGuacaras","article_published_time":"2025-06-27T11:33:13+00:00","article_modified_time":"2025-06-27T12:08:20+00:00","og_image":[{"width":1048,"height":1049,"url":"https:\/\/santaanadelosguacaras.gob.ar\/sitio\/wp-content\/uploads\/2025\/06\/1fcb7f14-e385-45ba-ab1a-c43f297911b9.webp","type":"image\/webp"}],"author":"Comunicaci\u00f3n","twitter_card":"summary_large_image","twitter_misc":{"Escrito por":"Comunicaci\u00f3n","Tiempo de lectura":"3 minutos"},"schema":{"@context":"https:\/\/schema.org","@graph":[{"@type":"Article","@id":"https:\/\/santaanadelosguacaras.gob.ar\/sitio\/mas-vecinos-se-suman-a-la-recoleccion-diferenciada\/#article","isPartOf":{"@id":"https:\/\/santaanadelosguacaras.gob.ar\/sitio\/mas-vecinos-se-suman-a-la-recoleccion-diferenciada\/"},"author":{"name":"Comunicaci\u00f3n","@id":"https:\/\/santaanadelosguacaras.gob.ar\/sitio\/#\/schema\/person\/aa85e53bbb5a7c7e19834c20ede5e205"},"headline":"M\u00e1s vecinos se suman a la Recolecci\u00f3n Diferenciada","datePublished":"2025-06-27T11:33:13+00:00","dateModified":"2025-06-27T12:08:20+00:00","mainEntityOfPage":{"@id":"https:\/\/santaanadelosguacaras.gob.ar\/sitio\/mas-vecinos-se-suman-a-la-recoleccion-diferenciada\/"},"wordCount":112,"publisher":{"@id":"https:\/\/santaanadelosguacaras.gob.ar\/sitio\/#organization"},"image":{"@id":"https:\/\/santaanadelosguacaras.gob.ar\/sitio\/mas-vecinos-se-suman-a-la-recoleccion-diferenciada\/#primaryimage"},"thumbnailUrl":"https:\/\/santaanadelosguacaras.gob.ar\/sitio\/wp-content\/uploads\/2025\/06\/1fcb7f14-e385-45ba-ab1a-c43f297911b9.webp","articleSection":["Ambiente"],"inLanguage":"es"},{"@type":"WebPage","@id":"https:\/\/santaanadelosguacaras.gob.ar\/sitio\/mas-vecinos-se-suman-a-la-recoleccion-diferenciada\/","url":"https:\/\/santaanadelosguacaras.gob.ar\/sitio\/mas-vecinos-se-suman-a-la-recoleccion-diferenciada\/","name":"M\u00e1s vecinos se suman a la Recolecci\u00f3n Diferenciada - Municipalidad de Santa Ana de los Gu\u00e1caras","isPartOf":{"@id":"https:\/\/santaanadelosguacaras.gob.ar\/sitio\/#website"},"primaryImageOfPage":{"@id":"https:\/\/santaanadelosguacaras.gob.ar\/sitio\/mas-vecinos-se-suman-a-la-recoleccion-diferenciada\/#primaryimage"},"image":{"@id":"https:\/\/santaanadelosguacaras.gob.ar\/sitio\/mas-vecinos-se-suman-a-la-recoleccion-diferenciada\/#primaryimage"},"thumbnailUrl":"https:\/\/santaanadelosguacaras.gob.ar\/sitio\/wp-content\/uploads\/2025\/06\/1fcb7f14-e385-45ba-ab1a-c43f297911b9.webp","datePublished":"2025-06-27T11:33:13+00:00","dateModified":"2025-06-27T12:08:20+00:00","breadcrumb":{"@id":"https:\/\/santaanadelosguacaras.gob.ar\/sitio\/mas-vecinos-se-suman-a-la-recoleccion-diferenciada\/#breadcrumb"},"inLanguage":"es","potentialAction":[{"@type":"ReadAction","target":["https:\/\/santaanadelosguacaras.gob.ar\/sitio\/mas-vecinos-se-suman-a-la-recoleccion-diferenciada\/"]}]},{"@type":"ImageObject","inLanguage":"es","@id":"https:\/\/santaanadelosguacaras.gob.ar\/sitio\/mas-vecinos-se-suman-a-la-recoleccion-diferenciada\/#primaryimage","url":"https:\/\/santaanadelosguacaras.gob.ar\/sitio\/wp-content\/uploads\/2025\/06\/1fcb7f14-e385-45ba-ab1a-c43f297911b9.webp","contentUrl":"https:\/\/santaanadelosguacaras.gob.ar\/sitio\/wp-content\/uploads\/2025\/06\/1fcb7f14-e385-45ba-ab1a-c43f297911b9.webp","width":1048,"height":1049},{"@type":"BreadcrumbList","@id":"https:\/\/santaanadelosguacaras.gob.ar\/sitio\/mas-vecinos-se-suman-a-la-recoleccion-diferenciada\/#breadcrumb","itemListElement":[{"@type":"ListItem","position":1,"name":"Portada","item":"https:\/\/santaanadelosguacaras.gob.ar\/sitio\/"},{"@type":"ListItem","position":2,"name":"M\u00e1s vecinos se suman a la Recolecci\u00f3n Diferenciada"}]},{"@type":"WebSite","@id":"https:\/\/santaanadelosguacaras.gob.ar\/sitio\/#website","url":"https:\/\/santaanadelosguacaras.gob.ar\/sitio\/","name":"Municipalidad de Santa Ana de los Gu\u00e1caras","description":"Descubre Santa Ana de los Gu\u00e1caras, un rinc\u00f3n lleno de historia, cultura y naturaleza en Corrientes. Informaci\u00f3n oficial sobre eventos, turismo, servicios municipales y m\u00e1s. \u00a1Con\u00e9ctate con nuestra comunidad!","publisher":{"@id":"https:\/\/santaanadelosguacaras.gob.ar\/sitio\/#organization"},"alternateName":"MuniSantaAna","potentialAction":[{"@type":"SearchAction","target":{"@type":"EntryPoint","urlTemplate":"https:\/\/santaanadelosguacaras.gob.ar\/sitio\/?s={search_term_string}"},"query-input":{"@type":"PropertyValueSpecification","valueRequired":true,"valueName":"search_term_string"}}],"inLanguage":"es"},{"@type":"Organization","@id":"https:\/\/santaanadelosguacaras.gob.ar\/sitio\/#organization","name":"Municipalidad de Santa Ana de los Gu\u00e1caras","alternateName":"MuniSantaAna","url":"https:\/\/santaanadelosguacaras.gob.ar\/sitio\/","logo":{"@type":"ImageObject","inLanguage":"es","@id":"https:\/\/santaanadelosguacaras.gob.ar\/sitio\/#\/schema\/logo\/image\/","url":"https:\/\/santaanadelosguacaras.gob.ar\/sitio\/wp-content\/uploads\/2024\/12\/cropped-logo_muni_250.png","contentUrl":"https:\/\/santaanadelosguacaras.gob.ar\/sitio\/wp-content\/uploads\/2024\/12\/cropped-logo_muni_250.png","width":247,"height":95,"caption":"Municipalidad de Santa Ana de los Gu\u00e1caras"},"image":{"@id":"https:\/\/santaanadelosguacaras.gob.ar\/sitio\/#\/schema\/logo\/image\/"},"sameAs":["https:\/\/www.facebook.com\/MuniSantaAnaDeLosGuacaras","https:\/\/www.instagram.com\/muni_santaana_ctes"]},{"@type":"Person","@id":"https:\/\/santaanadelosguacaras.gob.ar\/sitio\/#\/schema\/person\/aa85e53bbb5a7c7e19834c20ede5e205","name":"Comunicaci\u00f3n","image":{"@type":"ImageObject","inLanguage":"es","@id":"https:\/\/santaanadelosguacaras.gob.ar\/sitio\/#\/schema\/person\/image\/","url":"https:\/\/secure.gravatar.com\/avatar\/3e81e68b8dcb0733c78bbafb464befc4a66ce4135950c3e3ac0d3c09e53e7092?s=96&d=mm&r=g","contentUrl":"https:\/\/secure.gravatar.com\/avatar\/3e81e68b8dcb0733c78bbafb464befc4a66ce4135950c3e3ac0d3c09e53e7092?s=96&d=mm&r=g","caption":"Comunicaci\u00f3n"}}]}},"_links":{"self":[{"href":"https:\/\/santaanadelosguacaras.gob.ar\/sitio\/wp-json\/wp\/v2\/posts\/2300","targetHints":{"allow":["GET"]}}],"collection":[{"href":"https:\/\/santaanadelosguacaras.gob.ar\/sitio\/wp-json\/wp\/v2\/posts"}],"about":[{"href":"https:\/\/santaanadelosguacaras.gob.ar\/sitio\/wp-json\/wp\/v2\/types\/post"}],"author":[{"embeddable":true,"href":"https:\/\/santaanadelosguacaras.gob.ar\/sitio\/wp-json\/wp\/v2\/users\/2"}],"replies":[{"embeddable":true,"href":"https:\/\/santaanadelosguacaras.gob.ar\/sitio\/wp-json\/wp\/v2\/comments?post=2300"}],"version-history":[{"count":2,"href":"https:\/\/santaanadelosguacaras.gob.ar\/sitio\/wp-json\/wp\/v2\/posts\/2300\/revisions"}],"predecessor-version":[{"id":2312,"href":"https:\/\/santaanadelosguacaras.gob.ar\/sitio\/wp-json\/wp\/v2\/posts\/2300\/revisions\/2312"}],"wp:featuredmedia":[{"embeddable":true,"href":"https:\/\/santaanadelosguacaras.gob.ar\/sitio\/wp-json\/wp\/v2\/media\/2301"}],"wp:attachment":[{"href":"https:\/\/santaanadelosguacaras.gob.ar\/sitio\/wp-json\/wp\/v2\/media?parent=2300"}],"wp:term":[{"taxonomy":"category","embeddable":true,"href":"https:\/\/santaanadelosguacaras.gob.ar\/sitio\/wp-json\/wp\/v2\/categories?post=2300"},{"taxonomy":"post_tag","embeddable":true,"href":"https:\/\/santaanadelosguacaras.gob.ar\/sitio\/wp-json\/wp\/v2\/tags?post=2300"}],"curies":[{"name":"wp","href":"https:\/\/api.w.org\/{rel}","templated":true}]}}