{"id":2314,"date":"2025-06-29T18:07:16","date_gmt":"2025-06-29T21:07:16","guid":{"rendered":"https:\/\/santaanadelosguacaras.gob.ar\/sitio\/?p=2314"},"modified":"2025-07-04T08:38:18","modified_gmt":"2025-07-04T11:38:18","slug":"iv-encuentro-del-chipa-cuerito-y-torta-parrilla","status":"publish","type":"post","link":"https:\/\/santaanadelosguacaras.gob.ar\/sitio\/iv-encuentro-del-chipa-cuerito-y-torta-parrilla\/","title":{"rendered":"IV Encuentro del Chip\u00e1 Cuerito y Torta Parrilla"},"content":{"rendered":"\n<p>En el Ingenio \u201cPrimer Correntino\u201d vamos a compartir el 4to. Encuentro del Chip\u00e1 Cuerito y Torta Parrilla, un evento para toda la familia, con entrada libre y gratuita.<\/p>\n\n\n\n<p>Desde las 10.30 horas, podr\u00e1s disfrutar de actividades recreativas, espect\u00e1culo musical, feria de emprendedores, recorridas guiadas y, desde las 14 horas, la imperdible competencia gastron\u00f3mica con las mejores e innovadoras recetas de chip\u00e1 cuerito y torta parrilla.<\/p>\n\n\n\n<p>Adem\u00e1s, habr\u00e1 taller para ni\u00f1os, donde podr\u00e1n aprender jugando sobre estas recetas tradicionales.<\/p>\n\n\n\n<p><strong>Inscripciones Concurso:<br><\/strong>Arm\u00e1 tu equipo y sumate al concurso, las inscripciones ya est\u00e1n abiertas del 26 de junio al 3 de julio.<\/p>\n\n\n\n<p><strong>Inscripciones para Stand de Emprendedores:<\/strong><br>Si ten\u00e9s un producto o servicio que quieras comercializar, tambi\u00e9n est\u00e1s invitado a participar en el stand de emprendedores.<\/p>\n\n\n\n<p>Inscripciones concurso, stand de emprendimientos y consultas:<br><a href=\"tel:3794366760\">3794366760<\/a> &#8211; <a href=\"tel:3795344176\">3795344176<\/a>.<\/p>\n\n\n\n<figure class=\"wp-block-image size-large\"><a href=\"https:\/\/santaanadelosguacaras.gob.ar\/sitio\/wp-content\/uploads\/2025\/06\/chipa_cuerito_torta_parrilla_iv.webp\"><img loading=\"lazy\" decoding=\"async\" width=\"1024\" height=\"1024\" src=\"https:\/\/santaanadelosguacaras.gob.ar\/sitio\/wp-content\/uploads\/2025\/06\/chipa_cuerito_torta_parrilla_iv-1024x1024.webp\" alt=\"\" class=\"wp-image-2315\" srcset=\"https:\/\/santaanadelosguacaras.gob.ar\/sitio\/wp-content\/uploads\/2025\/06\/chipa_cuerito_torta_parrilla_iv-1024x1024.webp 1024w, https:\/\/santaanadelosguacaras.gob.ar\/sitio\/wp-content\/uploads\/2025\/06\/chipa_cuerito_torta_parrilla_iv-300x300.webp 300w, https:\/\/santaanadelosguacaras.gob.ar\/sitio\/wp-content\/uploads\/2025\/06\/chipa_cuerito_torta_parrilla_iv-150x150.webp 150w, https:\/\/santaanadelosguacaras.gob.ar\/sitio\/wp-content\/uploads\/2025\/06\/chipa_cuerito_torta_parrilla_iv-768x768.webp 768w, https:\/\/santaanadelosguacaras.gob.ar\/sitio\/wp-content\/uploads\/2025\/06\/chipa_cuerito_torta_parrilla_iv-1536x1536.webp 1536w, https:\/\/santaanadelosguacaras.gob.ar\/sitio\/wp-content\/uploads\/2025\/06\/chipa_cuerito_torta_parrilla_iv.webp 1600w\" sizes=\"auto, (max-width: 1024px) 100vw, 1024px\" \/><\/a><\/figure>\n\n\n\n<figure class=\"wp-block-image size-large\"><a href=\"https:\/\/santaanadelosguacaras.gob.ar\/sitio\/wp-content\/uploads\/2025\/06\/chipa_cuerito_torta_parrilla_iv_competencia.webp\"><img loading=\"lazy\" decoding=\"async\" width=\"1024\" height=\"1024\" src=\"https:\/\/santaanadelosguacaras.gob.ar\/sitio\/wp-content\/uploads\/2025\/06\/chipa_cuerito_torta_parrilla_iv_competencia-1024x1024.webp\" alt=\"\" class=\"wp-image-2316\" srcset=\"https:\/\/santaanadelosguacaras.gob.ar\/sitio\/wp-content\/uploads\/2025\/06\/chipa_cuerito_torta_parrilla_iv_competencia-1024x1024.webp 1024w, https:\/\/santaanadelosguacaras.gob.ar\/sitio\/wp-content\/uploads\/2025\/06\/chipa_cuerito_torta_parrilla_iv_competencia-300x300.webp 300w, https:\/\/santaanadelosguacaras.gob.ar\/sitio\/wp-content\/uploads\/2025\/06\/chipa_cuerito_torta_parrilla_iv_competencia-150x150.webp 150w, https:\/\/santaanadelosguacaras.gob.ar\/sitio\/wp-content\/uploads\/2025\/06\/chipa_cuerito_torta_parrilla_iv_competencia-768x768.webp 768w, https:\/\/santaanadelosguacaras.gob.ar\/sitio\/wp-content\/uploads\/2025\/06\/chipa_cuerito_torta_parrilla_iv_competencia.webp 1080w\" sizes=\"auto, (max-width: 1024px) 100vw, 1024px\" \/><\/a><\/figure>\n\n\n\n<figure class=\"wp-block-image size-large\"><a href=\"https:\/\/santaanadelosguacaras.gob.ar\/sitio\/wp-content\/uploads\/2025\/07\/eb5c0bc1-a62a-49ca-8de2-39ab67ad3e8a.webp\"><img loading=\"lazy\" decoding=\"async\" width=\"482\" height=\"1024\" src=\"https:\/\/santaanadelosguacaras.gob.ar\/sitio\/wp-content\/uploads\/2025\/07\/eb5c0bc1-a62a-49ca-8de2-39ab67ad3e8a-482x1024.webp\" alt=\"\" class=\"wp-image-2404\" srcset=\"https:\/\/santaanadelosguacaras.gob.ar\/sitio\/wp-content\/uploads\/2025\/07\/eb5c0bc1-a62a-49ca-8de2-39ab67ad3e8a-482x1024.webp 482w, https:\/\/santaanadelosguacaras.gob.ar\/sitio\/wp-content\/uploads\/2025\/07\/eb5c0bc1-a62a-49ca-8de2-39ab67ad3e8a-141x300.webp 141w, https:\/\/santaanadelosguacaras.gob.ar\/sitio\/wp-content\/uploads\/2025\/07\/eb5c0bc1-a62a-49ca-8de2-39ab67ad3e8a.webp 603w\" sizes=\"auto, (max-width: 482px) 100vw, 482px\" \/><\/a><\/figure>\n\n\n\n<figure class=\"wp-block-video\"><video height=\"360\" style=\"aspect-ratio: 640 \/ 360;\" width=\"640\" controls src=\"https:\/\/santaanadelosguacaras.gob.ar\/sitio\/wp-content\/uploads\/2025\/07\/Spot-Chipa.mp4\"><\/video><\/figure>\n","protected":false},"excerpt":{"rendered":"<p>En el Ingenio \u201cPrimer Correntino\u201d vamos a compartir el 4to. Encuentro del Chip\u00e1 Cuerito y Torta Parrilla, un evento para toda la familia, con entrada libre y gratuita. Desde las&hellip; <\/p>\n","protected":false},"author":2,"featured_media":2320,"comment_status":"closed","ping_status":"open","sticky":false,"template":"","format":"standard","meta":{"footnotes":""},"categories":[3,5,14],"tags":[],"class_list":["post-2314","post","type-post","status-publish","format-standard","has-post-thumbnail","hentry","category-cultura-y-turismo","category-emprendedores","category-eventos"],"yoast_head":"<!-- This site is optimized with the Yoast SEO plugin v24.8.1 - https:\/\/yoast.com\/wordpress\/plugins\/seo\/ -->\n<title>IV Encuentro del Chip\u00e1 Cuerito y Torta Parrilla - Municipalidad de Santa Ana de los Gu\u00e1caras<\/title>\n<meta name=\"robots\" content=\"index, follow, max-snippet:-1, max-image-preview:large, max-video-preview:-1\" \/>\n<link rel=\"canonical\" href=\"https:\/\/santaanadelosguacaras.gob.ar\/sitio\/iv-encuentro-del-chipa-cuerito-y-torta-parrilla\/\" \/>\n<meta property=\"og:locale\" content=\"es_ES\" \/>\n<meta property=\"og:type\" content=\"article\" \/>\n<meta property=\"og:title\" content=\"IV Encuentro del Chip\u00e1 Cuerito y Torta Parrilla - Municipalidad de Santa Ana de los Gu\u00e1caras\" \/>\n<meta property=\"og:description\" content=\"En el Ingenio \u201cPrimer Correntino\u201d vamos a compartir el 4to. Encuentro del Chip\u00e1 Cuerito y Torta Parrilla, un evento para toda la familia, con entrada libre y gratuita. Desde las&hellip;\" \/>\n<meta property=\"og:url\" content=\"https:\/\/santaanadelosguacaras.gob.ar\/sitio\/iv-encuentro-del-chipa-cuerito-y-torta-parrilla\/\" \/>\n<meta property=\"og:site_name\" content=\"Municipalidad de Santa Ana de los Gu\u00e1caras\" \/>\n<meta property=\"article:publisher\" content=\"https:\/\/www.facebook.com\/MuniSantaAnaDeLosGuacaras\" \/>\n<meta property=\"article:published_time\" content=\"2025-06-29T21:07:16+00:00\" \/>\n<meta property=\"article:modified_time\" content=\"2025-07-04T11:38:18+00:00\" \/>\n<meta property=\"og:image\" content=\"https:\/\/santaanadelosguacaras.gob.ar\/sitio\/wp-content\/uploads\/2025\/06\/chipa_cuerito_torta_parrilla_iv_portada.webp\" \/>\n\t<meta property=\"og:image:width\" content=\"1458\" \/>\n\t<meta property=\"og:image:height\" content=\"923\" \/>\n\t<meta property=\"og:image:type\" content=\"image\/webp\" \/>\n<meta name=\"author\" content=\"Comunicaci\u00f3n\" \/>\n<meta name=\"twitter:card\" content=\"summary_large_image\" \/>\n<meta name=\"twitter:label1\" content=\"Escrito por\" \/>\n\t<meta name=\"twitter:data1\" content=\"Comunicaci\u00f3n\" \/>\n\t<meta name=\"twitter:label2\" content=\"Tiempo de lectura\" \/>\n\t<meta name=\"twitter:data2\" content=\"2 minutos\" \/>\n<script type=\"application\/ld+json\" class=\"yoast-schema-graph\">{\"@context\":\"https:\/\/schema.org\",\"@graph\":[{\"@type\":\"Article\",\"@id\":\"https:\/\/santaanadelosguacaras.gob.ar\/sitio\/iv-encuentro-del-chipa-cuerito-y-torta-parrilla\/#article\",\"isPartOf\":{\"@id\":\"https:\/\/santaanadelosguacaras.gob.ar\/sitio\/iv-encuentro-del-chipa-cuerito-y-torta-parrilla\/\"},\"author\":{\"name\":\"Comunicaci\u00f3n\",\"@id\":\"https:\/\/santaanadelosguacaras.gob.ar\/sitio\/#\/schema\/person\/aa85e53bbb5a7c7e19834c20ede5e205\"},\"headline\":\"IV Encuentro del Chip\u00e1 Cuerito y Torta Parrilla\",\"datePublished\":\"2025-06-29T21:07:16+00:00\",\"dateModified\":\"2025-07-04T11:38:18+00:00\",\"mainEntityOfPage\":{\"@id\":\"https:\/\/santaanadelosguacaras.gob.ar\/sitio\/iv-encuentro-del-chipa-cuerito-y-torta-parrilla\/\"},\"wordCount\":146,\"publisher\":{\"@id\":\"https:\/\/santaanadelosguacaras.gob.ar\/sitio\/#organization\"},\"image\":{\"@id\":\"https:\/\/santaanadelosguacaras.gob.ar\/sitio\/iv-encuentro-del-chipa-cuerito-y-torta-parrilla\/#primaryimage\"},\"thumbnailUrl\":\"https:\/\/santaanadelosguacaras.gob.ar\/sitio\/wp-content\/uploads\/2025\/06\/chipa_cuerito_torta_parrilla_iv_portada.webp\",\"articleSection\":[\"Cultura y Turismo\",\"Emprendedores\",\"Eventos\"],\"inLanguage\":\"es\"},{\"@type\":\"WebPage\",\"@id\":\"https:\/\/santaanadelosguacaras.gob.ar\/sitio\/iv-encuentro-del-chipa-cuerito-y-torta-parrilla\/\",\"url\":\"https:\/\/santaanadelosguacaras.gob.ar\/sitio\/iv-encuentro-del-chipa-cuerito-y-torta-parrilla\/\",\"name\":\"IV Encuentro del Chip\u00e1 Cuerito y Torta Parrilla - Municipalidad de Santa Ana de los Gu\u00e1caras\",\"isPartOf\":{\"@id\":\"https:\/\/santaanadelosguacaras.gob.ar\/sitio\/#website\"},\"primaryImageOfPage\":{\"@id\":\"https:\/\/santaanadelosguacaras.gob.ar\/sitio\/iv-encuentro-del-chipa-cuerito-y-torta-parrilla\/#primaryimage\"},\"image\":{\"@id\":\"https:\/\/santaanadelosguacaras.gob.ar\/sitio\/iv-encuentro-del-chipa-cuerito-y-torta-parrilla\/#primaryimage\"},\"thumbnailUrl\":\"https:\/\/santaanadelosguacaras.gob.ar\/sitio\/wp-content\/uploads\/2025\/06\/chipa_cuerito_torta_parrilla_iv_portada.webp\",\"datePublished\":\"2025-06-29T21:07:16+00:00\",\"dateModified\":\"2025-07-04T11:38:18+00:00\",\"breadcrumb\":{\"@id\":\"https:\/\/santaanadelosguacaras.gob.ar\/sitio\/iv-encuentro-del-chipa-cuerito-y-torta-parrilla\/#breadcrumb\"},\"inLanguage\":\"es\",\"potentialAction\":[{\"@type\":\"ReadAction\",\"target\":[\"https:\/\/santaanadelosguacaras.gob.ar\/sitio\/iv-encuentro-del-chipa-cuerito-y-torta-parrilla\/\"]}]},{\"@type\":\"ImageObject\",\"inLanguage\":\"es\",\"@id\":\"https:\/\/santaanadelosguacaras.gob.ar\/sitio\/iv-encuentro-del-chipa-cuerito-y-torta-parrilla\/#primaryimage\",\"url\":\"https:\/\/santaanadelosguacaras.gob.ar\/sitio\/wp-content\/uploads\/2025\/06\/chipa_cuerito_torta_parrilla_iv_portada.webp\",\"contentUrl\":\"https:\/\/santaanadelosguacaras.gob.ar\/sitio\/wp-content\/uploads\/2025\/06\/chipa_cuerito_torta_parrilla_iv_portada.webp\",\"width\":1458,\"height\":923},{\"@type\":\"BreadcrumbList\",\"@id\":\"https:\/\/santaanadelosguacaras.gob.ar\/sitio\/iv-encuentro-del-chipa-cuerito-y-torta-parrilla\/#breadcrumb\",\"itemListElement\":[{\"@type\":\"ListItem\",\"position\":1,\"name\":\"Portada\",\"item\":\"https:\/\/santaanadelosguacaras.gob.ar\/sitio\/\"},{\"@type\":\"ListItem\",\"position\":2,\"name\":\"IV Encuentro del Chip\u00e1 Cuerito y Torta Parrilla\"}]},{\"@type\":\"WebSite\",\"@id\":\"https:\/\/santaanadelosguacaras.gob.ar\/sitio\/#website\",\"url\":\"https:\/\/santaanadelosguacaras.gob.ar\/sitio\/\",\"name\":\"Municipalidad de Santa Ana de los Gu\u00e1caras\",\"description\":\"Descubre Santa Ana de los Gu\u00e1caras, un rinc\u00f3n lleno de historia, cultura y naturaleza en Corrientes. Informaci\u00f3n oficial sobre eventos, turismo, servicios municipales y m\u00e1s. \u00a1Con\u00e9ctate con nuestra comunidad!\",\"publisher\":{\"@id\":\"https:\/\/santaanadelosguacaras.gob.ar\/sitio\/#organization\"},\"alternateName\":\"MuniSantaAna\",\"potentialAction\":[{\"@type\":\"SearchAction\",\"target\":{\"@type\":\"EntryPoint\",\"urlTemplate\":\"https:\/\/santaanadelosguacaras.gob.ar\/sitio\/?s={search_term_string}\"},\"query-input\":{\"@type\":\"PropertyValueSpecification\",\"valueRequired\":true,\"valueName\":\"search_term_string\"}}],\"inLanguage\":\"es\"},{\"@type\":\"Organization\",\"@id\":\"https:\/\/santaanadelosguacaras.gob.ar\/sitio\/#organization\",\"name\":\"Municipalidad de Santa Ana de los Gu\u00e1caras\",\"alternateName\":\"MuniSantaAna\",\"url\":\"https:\/\/santaanadelosguacaras.gob.ar\/sitio\/\",\"logo\":{\"@type\":\"ImageObject\",\"inLanguage\":\"es\",\"@id\":\"https:\/\/santaanadelosguacaras.gob.ar\/sitio\/#\/schema\/logo\/image\/\",\"url\":\"https:\/\/santaanadelosguacaras.gob.ar\/sitio\/wp-content\/uploads\/2024\/12\/cropped-logo_muni_250.png\",\"contentUrl\":\"https:\/\/santaanadelosguacaras.gob.ar\/sitio\/wp-content\/uploads\/2024\/12\/cropped-logo_muni_250.png\",\"width\":247,\"height\":95,\"caption\":\"Municipalidad de Santa Ana de los Gu\u00e1caras\"},\"image\":{\"@id\":\"https:\/\/santaanadelosguacaras.gob.ar\/sitio\/#\/schema\/logo\/image\/\"},\"sameAs\":[\"https:\/\/www.facebook.com\/MuniSantaAnaDeLosGuacaras\",\"https:\/\/www.instagram.com\/muni_santaana_ctes\"]},{\"@type\":\"Person\",\"@id\":\"https:\/\/santaanadelosguacaras.gob.ar\/sitio\/#\/schema\/person\/aa85e53bbb5a7c7e19834c20ede5e205\",\"name\":\"Comunicaci\u00f3n\",\"image\":{\"@type\":\"ImageObject\",\"inLanguage\":\"es\",\"@id\":\"https:\/\/santaanadelosguacaras.gob.ar\/sitio\/#\/schema\/person\/image\/\",\"url\":\"https:\/\/secure.gravatar.com\/avatar\/3e81e68b8dcb0733c78bbafb464befc4a66ce4135950c3e3ac0d3c09e53e7092?s=96&d=mm&r=g\",\"contentUrl\":\"https:\/\/secure.gravatar.com\/avatar\/3e81e68b8dcb0733c78bbafb464befc4a66ce4135950c3e3ac0d3c09e53e7092?s=96&d=mm&r=g\",\"caption\":\"Comunicaci\u00f3n\"}}]}<\/script>\n<!-- \/ Yoast SEO plugin. -->","yoast_head_json":{"title":"IV Encuentro del Chip\u00e1 Cuerito y Torta Parrilla - Municipalidad de Santa Ana de los Gu\u00e1caras","robots":{"index":"index","follow":"follow","max-snippet":"max-snippet:-1","max-image-preview":"max-image-preview:large","max-video-preview":"max-video-preview:-1"},"canonical":"https:\/\/santaanadelosguacaras.gob.ar\/sitio\/iv-encuentro-del-chipa-cuerito-y-torta-parrilla\/","og_locale":"es_ES","og_type":"article","og_title":"IV Encuentro del Chip\u00e1 Cuerito y Torta Parrilla - Municipalidad de Santa Ana de los Gu\u00e1caras","og_description":"En el Ingenio \u201cPrimer Correntino\u201d vamos a compartir el 4to. Encuentro del Chip\u00e1 Cuerito y Torta Parrilla, un evento para toda la familia, con entrada libre y gratuita. Desde las&hellip;","og_url":"https:\/\/santaanadelosguacaras.gob.ar\/sitio\/iv-encuentro-del-chipa-cuerito-y-torta-parrilla\/","og_site_name":"Municipalidad de Santa Ana de los Gu\u00e1caras","article_publisher":"https:\/\/www.facebook.com\/MuniSantaAnaDeLosGuacaras","article_published_time":"2025-06-29T21:07:16+00:00","article_modified_time":"2025-07-04T11:38:18+00:00","og_image":[{"width":1458,"height":923,"url":"https:\/\/santaanadelosguacaras.gob.ar\/sitio\/wp-content\/uploads\/2025\/06\/chipa_cuerito_torta_parrilla_iv_portada.webp","type":"image\/webp"}],"author":"Comunicaci\u00f3n","twitter_card":"summary_large_image","twitter_misc":{"Escrito por":"Comunicaci\u00f3n","Tiempo de lectura":"2 minutos"},"schema":{"@context":"https:\/\/schema.org","@graph":[{"@type":"Article","@id":"https:\/\/santaanadelosguacaras.gob.ar\/sitio\/iv-encuentro-del-chipa-cuerito-y-torta-parrilla\/#article","isPartOf":{"@id":"https:\/\/santaanadelosguacaras.gob.ar\/sitio\/iv-encuentro-del-chipa-cuerito-y-torta-parrilla\/"},"author":{"name":"Comunicaci\u00f3n","@id":"https:\/\/santaanadelosguacaras.gob.ar\/sitio\/#\/schema\/person\/aa85e53bbb5a7c7e19834c20ede5e205"},"headline":"IV Encuentro del Chip\u00e1 Cuerito y Torta Parrilla","datePublished":"2025-06-29T21:07:16+00:00","dateModified":"2025-07-04T11:38:18+00:00","mainEntityOfPage":{"@id":"https:\/\/santaanadelosguacaras.gob.ar\/sitio\/iv-encuentro-del-chipa-cuerito-y-torta-parrilla\/"},"wordCount":146,"publisher":{"@id":"https:\/\/santaanadelosguacaras.gob.ar\/sitio\/#organization"},"image":{"@id":"https:\/\/santaanadelosguacaras.gob.ar\/sitio\/iv-encuentro-del-chipa-cuerito-y-torta-parrilla\/#primaryimage"},"thumbnailUrl":"https:\/\/santaanadelosguacaras.gob.ar\/sitio\/wp-content\/uploads\/2025\/06\/chipa_cuerito_torta_parrilla_iv_portada.webp","articleSection":["Cultura y Turismo","Emprendedores","Eventos"],"inLanguage":"es"},{"@type":"WebPage","@id":"https:\/\/santaanadelosguacaras.gob.ar\/sitio\/iv-encuentro-del-chipa-cuerito-y-torta-parrilla\/","url":"https:\/\/santaanadelosguacaras.gob.ar\/sitio\/iv-encuentro-del-chipa-cuerito-y-torta-parrilla\/","name":"IV Encuentro del Chip\u00e1 Cuerito y Torta Parrilla - Municipalidad de Santa Ana de los Gu\u00e1caras","isPartOf":{"@id":"https:\/\/santaanadelosguacaras.gob.ar\/sitio\/#website"},"primaryImageOfPage":{"@id":"https:\/\/santaanadelosguacaras.gob.ar\/sitio\/iv-encuentro-del-chipa-cuerito-y-torta-parrilla\/#primaryimage"},"image":{"@id":"https:\/\/santaanadelosguacaras.gob.ar\/sitio\/iv-encuentro-del-chipa-cuerito-y-torta-parrilla\/#primaryimage"},"thumbnailUrl":"https:\/\/santaanadelosguacaras.gob.ar\/sitio\/wp-content\/uploads\/2025\/06\/chipa_cuerito_torta_parrilla_iv_portada.webp","datePublished":"2025-06-29T21:07:16+00:00","dateModified":"2025-07-04T11:38:18+00:00","breadcrumb":{"@id":"https:\/\/santaanadelosguacaras.gob.ar\/sitio\/iv-encuentro-del-chipa-cuerito-y-torta-parrilla\/#breadcrumb"},"inLanguage":"es","potentialAction":[{"@type":"ReadAction","target":["https:\/\/santaanadelosguacaras.gob.ar\/sitio\/iv-encuentro-del-chipa-cuerito-y-torta-parrilla\/"]}]},{"@type":"ImageObject","inLanguage":"es","@id":"https:\/\/santaanadelosguacaras.gob.ar\/sitio\/iv-encuentro-del-chipa-cuerito-y-torta-parrilla\/#primaryimage","url":"https:\/\/santaanadelosguacaras.gob.ar\/sitio\/wp-content\/uploads\/2025\/06\/chipa_cuerito_torta_parrilla_iv_portada.webp","contentUrl":"https:\/\/santaanadelosguacaras.gob.ar\/sitio\/wp-content\/uploads\/2025\/06\/chipa_cuerito_torta_parrilla_iv_portada.webp","width":1458,"height":923},{"@type":"BreadcrumbList","@id":"https:\/\/santaanadelosguacaras.gob.ar\/sitio\/iv-encuentro-del-chipa-cuerito-y-torta-parrilla\/#breadcrumb","itemListElement":[{"@type":"ListItem","position":1,"name":"Portada","item":"https:\/\/santaanadelosguacaras.gob.ar\/sitio\/"},{"@type":"ListItem","position":2,"name":"IV Encuentro del Chip\u00e1 Cuerito y Torta Parrilla"}]},{"@type":"WebSite","@id":"https:\/\/santaanadelosguacaras.gob.ar\/sitio\/#website","url":"https:\/\/santaanadelosguacaras.gob.ar\/sitio\/","name":"Municipalidad de Santa Ana de los Gu\u00e1caras","description":"Descubre Santa Ana de los Gu\u00e1caras, un rinc\u00f3n lleno de historia, cultura y naturaleza en Corrientes. Informaci\u00f3n oficial sobre eventos, turismo, servicios municipales y m\u00e1s. \u00a1Con\u00e9ctate con nuestra comunidad!","publisher":{"@id":"https:\/\/santaanadelosguacaras.gob.ar\/sitio\/#organization"},"alternateName":"MuniSantaAna","potentialAction":[{"@type":"SearchAction","target":{"@type":"EntryPoint","urlTemplate":"https:\/\/santaanadelosguacaras.gob.ar\/sitio\/?s={search_term_string}"},"query-input":{"@type":"PropertyValueSpecification","valueRequired":true,"valueName":"search_term_string"}}],"inLanguage":"es"},{"@type":"Organization","@id":"https:\/\/santaanadelosguacaras.gob.ar\/sitio\/#organization","name":"Municipalidad de Santa Ana de los Gu\u00e1caras","alternateName":"MuniSantaAna","url":"https:\/\/santaanadelosguacaras.gob.ar\/sitio\/","logo":{"@type":"ImageObject","inLanguage":"es","@id":"https:\/\/santaanadelosguacaras.gob.ar\/sitio\/#\/schema\/logo\/image\/","url":"https:\/\/santaanadelosguacaras.gob.ar\/sitio\/wp-content\/uploads\/2024\/12\/cropped-logo_muni_250.png","contentUrl":"https:\/\/santaanadelosguacaras.gob.ar\/sitio\/wp-content\/uploads\/2024\/12\/cropped-logo_muni_250.png","width":247,"height":95,"caption":"Municipalidad de Santa Ana de los Gu\u00e1caras"},"image":{"@id":"https:\/\/santaanadelosguacaras.gob.ar\/sitio\/#\/schema\/logo\/image\/"},"sameAs":["https:\/\/www.facebook.com\/MuniSantaAnaDeLosGuacaras","https:\/\/www.instagram.com\/muni_santaana_ctes"]},{"@type":"Person","@id":"https:\/\/santaanadelosguacaras.gob.ar\/sitio\/#\/schema\/person\/aa85e53bbb5a7c7e19834c20ede5e205","name":"Comunicaci\u00f3n","image":{"@type":"ImageObject","inLanguage":"es","@id":"https:\/\/santaanadelosguacaras.gob.ar\/sitio\/#\/schema\/person\/image\/","url":"https:\/\/secure.gravatar.com\/avatar\/3e81e68b8dcb0733c78bbafb464befc4a66ce4135950c3e3ac0d3c09e53e7092?s=96&d=mm&r=g","contentUrl":"https:\/\/secure.gravatar.com\/avatar\/3e81e68b8dcb0733c78bbafb464befc4a66ce4135950c3e3ac0d3c09e53e7092?s=96&d=mm&r=g","caption":"Comunicaci\u00f3n"}}]}},"_links":{"self":[{"href":"https:\/\/santaanadelosguacaras.gob.ar\/sitio\/wp-json\/wp\/v2\/posts\/2314","targetHints":{"allow":["GET"]}}],"collection":[{"href":"https:\/\/santaanadelosguacaras.gob.ar\/sitio\/wp-json\/wp\/v2\/posts"}],"about":[{"href":"https:\/\/santaanadelosguacaras.gob.ar\/sitio\/wp-json\/wp\/v2\/types\/post"}],"author":[{"embeddable":true,"href":"https:\/\/santaanadelosguacaras.gob.ar\/sitio\/wp-json\/wp\/v2\/users\/2"}],"replies":[{"embeddable":true,"href":"https:\/\/santaanadelosguacaras.gob.ar\/sitio\/wp-json\/wp\/v2\/comments?post=2314"}],"version-history":[{"count":2,"href":"https:\/\/santaanadelosguacaras.gob.ar\/sitio\/wp-json\/wp\/v2\/posts\/2314\/revisions"}],"predecessor-version":[{"id":2409,"href":"https:\/\/santaanadelosguacaras.gob.ar\/sitio\/wp-json\/wp\/v2\/posts\/2314\/revisions\/2409"}],"wp:featuredmedia":[{"embeddable":true,"href":"https:\/\/santaanadelosguacaras.gob.ar\/sitio\/wp-json\/wp\/v2\/media\/2320"}],"wp:attachment":[{"href":"https:\/\/santaanadelosguacaras.gob.ar\/sitio\/wp-json\/wp\/v2\/media?parent=2314"}],"wp:term":[{"taxonomy":"category","embeddable":true,"href":"https:\/\/santaanadelosguacaras.gob.ar\/sitio\/wp-json\/wp\/v2\/categories?post=2314"},{"taxonomy":"post_tag","embeddable":true,"href":"https:\/\/santaanadelosguacaras.gob.ar\/sitio\/wp-json\/wp\/v2\/tags?post=2314"}],"curies":[{"name":"wp","href":"https:\/\/api.w.org\/{rel}","templated":true}]}}