{"id":2439,"date":"2025-07-05T08:43:35","date_gmt":"2025-07-05T11:43:35","guid":{"rendered":"https:\/\/santaanadelosguacaras.gob.ar\/sitio\/?p=2439"},"modified":"2025-07-07T08:47:36","modified_gmt":"2025-07-07T11:47:36","slug":"ingenio-primer-correntino-y-santa-ana-de-los-guacaras-al-provincial-en-tejo-y-sapo","status":"publish","type":"post","link":"https:\/\/santaanadelosguacaras.gob.ar\/sitio\/ingenio-primer-correntino-y-santa-ana-de-los-guacaras-al-provincial-en-tejo-y-sapo\/","title":{"rendered":"Ingenio Primer Correntino y Santa Ana de los Guacaras al Provincial en Tejo y Sapo"},"content":{"rendered":"\n<p>Deportistas adultos mayores de Santa Ana y del Ingenio Primer Correntino lograron los primeros puestos y clasificaron al provincial de los Juegos Correntinos, en las disciplinas de tejo y sapo.<\/p>\n\n\n\n<p><strong>Tejo<\/strong><\/p>\n\n\n\n<p>Primer puesto: Equipo femenino.<\/p>\n\n\n\n<p>Segundo puesto: Equipo masculino.<\/p>\n\n\n\n<p><strong>Sapo<\/strong><\/p>\n\n\n\n<p>Primer puesto: Guillermina Barrios.<\/p>\n\n\n\n<p>Felicitaciones por sus logros y por estar entre los mejores deportistas de Corrientes.<\/p>\n\n\n\n<p>La gesti\u00f3n de la intendente <a href=\"https:\/\/web.facebook.com\/silvanaalmironoficial?__cft__[0]=AZVl_yX4ktGbhErDpfcVHTZ4Lrvxypcnb-wGHp7w1AGVEorHAFUYl7fq5UiXh_eE-pxaqxzWxoGto_LgfCYRYxQyQ6BcuSSPz1BR7QQk0Ti-9qmUcILjJZBXXxkffxTy2Y6rSYcP-05NM4pagTEuTEs_ZIrDClSy-4Yws5CYI9hyJtXOLRYB0UoGyjAV7nZrfd3usOSwMNVKZtO-tCdwjVyU&amp;__tn__=-]K-R\">Silvana Almir\u00f3n<\/a>, a trav\u00e9s de la Direcci\u00f3n de Deportes, promueve el bienestar de los adultos mayores, a trav\u00e9s del deporte, y colabora con transporte para sus participaciones en estos eventos deportivos.<\/p>\n\n\n\n<figure class=\"wp-block-gallery has-nested-images columns-default is-cropped wp-block-gallery-1 is-layout-flex wp-block-gallery-is-layout-flex\">\n<figure class=\"wp-block-image size-large\"><a href=\"https:\/\/santaanadelosguacaras.gob.ar\/sitio\/wp-content\/uploads\/2025\/07\/516111888_1085317177030794_418086368190070397_n.webp\"><img loading=\"lazy\" decoding=\"async\" width=\"572\" height=\"1024\" data-id=\"2519\" src=\"https:\/\/santaanadelosguacaras.gob.ar\/sitio\/wp-content\/uploads\/2025\/07\/516111888_1085317177030794_418086368190070397_n-572x1024.webp\" alt=\"\" class=\"wp-image-2519\" srcset=\"https:\/\/santaanadelosguacaras.gob.ar\/sitio\/wp-content\/uploads\/2025\/07\/516111888_1085317177030794_418086368190070397_n-572x1024.webp 572w, https:\/\/santaanadelosguacaras.gob.ar\/sitio\/wp-content\/uploads\/2025\/07\/516111888_1085317177030794_418086368190070397_n-168x300.webp 168w, https:\/\/santaanadelosguacaras.gob.ar\/sitio\/wp-content\/uploads\/2025\/07\/516111888_1085317177030794_418086368190070397_n-768x1375.webp 768w, https:\/\/santaanadelosguacaras.gob.ar\/sitio\/wp-content\/uploads\/2025\/07\/516111888_1085317177030794_418086368190070397_n.webp 773w\" sizes=\"auto, (max-width: 572px) 100vw, 572px\" \/><\/a><\/figure>\n\n\n\n<figure class=\"wp-block-image size-large\"><a href=\"https:\/\/santaanadelosguacaras.gob.ar\/sitio\/wp-content\/uploads\/2025\/07\/515067401_1085317217030790_741890443398432776_n.webp\"><img loading=\"lazy\" decoding=\"async\" width=\"750\" height=\"1024\" data-id=\"2518\" src=\"https:\/\/santaanadelosguacaras.gob.ar\/sitio\/wp-content\/uploads\/2025\/07\/515067401_1085317217030790_741890443398432776_n-750x1024.webp\" alt=\"\" class=\"wp-image-2518\" srcset=\"https:\/\/santaanadelosguacaras.gob.ar\/sitio\/wp-content\/uploads\/2025\/07\/515067401_1085317217030790_741890443398432776_n-750x1024.webp 750w, https:\/\/santaanadelosguacaras.gob.ar\/sitio\/wp-content\/uploads\/2025\/07\/515067401_1085317217030790_741890443398432776_n-220x300.webp 220w, https:\/\/santaanadelosguacaras.gob.ar\/sitio\/wp-content\/uploads\/2025\/07\/515067401_1085317217030790_741890443398432776_n-768x1049.webp 768w, https:\/\/santaanadelosguacaras.gob.ar\/sitio\/wp-content\/uploads\/2025\/07\/515067401_1085317217030790_741890443398432776_n.webp 782w\" sizes=\"auto, (max-width: 750px) 100vw, 750px\" \/><\/a><\/figure>\n\n\n\n<figure class=\"wp-block-image size-large\"><a href=\"https:\/\/santaanadelosguacaras.gob.ar\/sitio\/wp-content\/uploads\/2025\/07\/515017485_1085317247030787_3317958154278392108_n.webp\"><img loading=\"lazy\" decoding=\"async\" width=\"542\" height=\"1012\" data-id=\"2517\" src=\"https:\/\/santaanadelosguacaras.gob.ar\/sitio\/wp-content\/uploads\/2025\/07\/515017485_1085317247030787_3317958154278392108_n.webp\" alt=\"\" class=\"wp-image-2517\" srcset=\"https:\/\/santaanadelosguacaras.gob.ar\/sitio\/wp-content\/uploads\/2025\/07\/515017485_1085317247030787_3317958154278392108_n.webp 542w, https:\/\/santaanadelosguacaras.gob.ar\/sitio\/wp-content\/uploads\/2025\/07\/515017485_1085317247030787_3317958154278392108_n-161x300.webp 161w\" sizes=\"auto, (max-width: 542px) 100vw, 542px\" \/><\/a><\/figure>\n<\/figure>\n","protected":false},"excerpt":{"rendered":"<p>Deportistas adultos mayores de Santa Ana y del Ingenio Primer Correntino lograron los primeros puestos y clasificaron al provincial de los Juegos Correntinos, en las disciplinas de tejo y sapo.&hellip; <\/p>\n","protected":false},"author":2,"featured_media":2517,"comment_status":"closed","ping_status":"open","sticky":false,"template":"","format":"standard","meta":{"footnotes":""},"categories":[10],"tags":[],"class_list":["post-2439","post","type-post","status-publish","format-standard","has-post-thumbnail","hentry","category-deportes"],"yoast_head":"<!-- This site is optimized with the Yoast SEO plugin v24.8.1 - https:\/\/yoast.com\/wordpress\/plugins\/seo\/ -->\n<title>Ingenio Primer Correntino y Santa Ana de los Guacaras al Provincial en Tejo y Sapo - Municipalidad de Santa Ana de los Gu\u00e1caras<\/title>\n<meta name=\"robots\" content=\"index, follow, max-snippet:-1, max-image-preview:large, max-video-preview:-1\" \/>\n<link rel=\"canonical\" href=\"https:\/\/santaanadelosguacaras.gob.ar\/sitio\/ingenio-primer-correntino-y-santa-ana-de-los-guacaras-al-provincial-en-tejo-y-sapo\/\" \/>\n<meta property=\"og:locale\" content=\"es_ES\" \/>\n<meta property=\"og:type\" content=\"article\" \/>\n<meta property=\"og:title\" content=\"Ingenio Primer Correntino y Santa Ana de los Guacaras al Provincial en Tejo y Sapo - Municipalidad de Santa Ana de los Gu\u00e1caras\" \/>\n<meta property=\"og:description\" content=\"Deportistas adultos mayores de Santa Ana y del Ingenio Primer Correntino lograron los primeros puestos y clasificaron al provincial de los Juegos Correntinos, en las disciplinas de tejo y sapo.&hellip;\" \/>\n<meta property=\"og:url\" content=\"https:\/\/santaanadelosguacaras.gob.ar\/sitio\/ingenio-primer-correntino-y-santa-ana-de-los-guacaras-al-provincial-en-tejo-y-sapo\/\" \/>\n<meta property=\"og:site_name\" content=\"Municipalidad de Santa Ana de los Gu\u00e1caras\" \/>\n<meta property=\"article:publisher\" content=\"https:\/\/www.facebook.com\/MuniSantaAnaDeLosGuacaras\" \/>\n<meta property=\"article:published_time\" content=\"2025-07-05T11:43:35+00:00\" \/>\n<meta property=\"article:modified_time\" content=\"2025-07-07T11:47:36+00:00\" \/>\n<meta property=\"og:image\" content=\"https:\/\/santaanadelosguacaras.gob.ar\/sitio\/wp-content\/uploads\/2025\/07\/515017485_1085317247030787_3317958154278392108_n.webp\" \/>\n\t<meta property=\"og:image:width\" content=\"542\" \/>\n\t<meta property=\"og:image:height\" content=\"1012\" \/>\n\t<meta property=\"og:image:type\" content=\"image\/webp\" \/>\n<meta name=\"author\" content=\"Comunicaci\u00f3n\" \/>\n<meta name=\"twitter:card\" content=\"summary_large_image\" \/>\n<meta name=\"twitter:label1\" content=\"Escrito por\" \/>\n\t<meta name=\"twitter:data1\" content=\"Comunicaci\u00f3n\" \/>\n\t<meta name=\"twitter:label2\" content=\"Tiempo de lectura\" \/>\n\t<meta name=\"twitter:data2\" content=\"2 minutos\" \/>\n<script type=\"application\/ld+json\" class=\"yoast-schema-graph\">{\"@context\":\"https:\/\/schema.org\",\"@graph\":[{\"@type\":\"Article\",\"@id\":\"https:\/\/santaanadelosguacaras.gob.ar\/sitio\/ingenio-primer-correntino-y-santa-ana-de-los-guacaras-al-provincial-en-tejo-y-sapo\/#article\",\"isPartOf\":{\"@id\":\"https:\/\/santaanadelosguacaras.gob.ar\/sitio\/ingenio-primer-correntino-y-santa-ana-de-los-guacaras-al-provincial-en-tejo-y-sapo\/\"},\"author\":{\"name\":\"Comunicaci\u00f3n\",\"@id\":\"https:\/\/santaanadelosguacaras.gob.ar\/sitio\/#\/schema\/person\/aa85e53bbb5a7c7e19834c20ede5e205\"},\"headline\":\"Ingenio Primer Correntino y Santa Ana de los Guacaras al Provincial en Tejo y Sapo\",\"datePublished\":\"2025-07-05T11:43:35+00:00\",\"dateModified\":\"2025-07-07T11:47:36+00:00\",\"mainEntityOfPage\":{\"@id\":\"https:\/\/santaanadelosguacaras.gob.ar\/sitio\/ingenio-primer-correntino-y-santa-ana-de-los-guacaras-al-provincial-en-tejo-y-sapo\/\"},\"wordCount\":113,\"publisher\":{\"@id\":\"https:\/\/santaanadelosguacaras.gob.ar\/sitio\/#organization\"},\"image\":{\"@id\":\"https:\/\/santaanadelosguacaras.gob.ar\/sitio\/ingenio-primer-correntino-y-santa-ana-de-los-guacaras-al-provincial-en-tejo-y-sapo\/#primaryimage\"},\"thumbnailUrl\":\"https:\/\/santaanadelosguacaras.gob.ar\/sitio\/wp-content\/uploads\/2025\/07\/515017485_1085317247030787_3317958154278392108_n.webp\",\"articleSection\":[\"Deportes\"],\"inLanguage\":\"es\"},{\"@type\":\"WebPage\",\"@id\":\"https:\/\/santaanadelosguacaras.gob.ar\/sitio\/ingenio-primer-correntino-y-santa-ana-de-los-guacaras-al-provincial-en-tejo-y-sapo\/\",\"url\":\"https:\/\/santaanadelosguacaras.gob.ar\/sitio\/ingenio-primer-correntino-y-santa-ana-de-los-guacaras-al-provincial-en-tejo-y-sapo\/\",\"name\":\"Ingenio Primer Correntino y Santa Ana de los Guacaras al Provincial en Tejo y Sapo - Municipalidad de Santa Ana de los Gu\u00e1caras\",\"isPartOf\":{\"@id\":\"https:\/\/santaanadelosguacaras.gob.ar\/sitio\/#website\"},\"primaryImageOfPage\":{\"@id\":\"https:\/\/santaanadelosguacaras.gob.ar\/sitio\/ingenio-primer-correntino-y-santa-ana-de-los-guacaras-al-provincial-en-tejo-y-sapo\/#primaryimage\"},\"image\":{\"@id\":\"https:\/\/santaanadelosguacaras.gob.ar\/sitio\/ingenio-primer-correntino-y-santa-ana-de-los-guacaras-al-provincial-en-tejo-y-sapo\/#primaryimage\"},\"thumbnailUrl\":\"https:\/\/santaanadelosguacaras.gob.ar\/sitio\/wp-content\/uploads\/2025\/07\/515017485_1085317247030787_3317958154278392108_n.webp\",\"datePublished\":\"2025-07-05T11:43:35+00:00\",\"dateModified\":\"2025-07-07T11:47:36+00:00\",\"breadcrumb\":{\"@id\":\"https:\/\/santaanadelosguacaras.gob.ar\/sitio\/ingenio-primer-correntino-y-santa-ana-de-los-guacaras-al-provincial-en-tejo-y-sapo\/#breadcrumb\"},\"inLanguage\":\"es\",\"potentialAction\":[{\"@type\":\"ReadAction\",\"target\":[\"https:\/\/santaanadelosguacaras.gob.ar\/sitio\/ingenio-primer-correntino-y-santa-ana-de-los-guacaras-al-provincial-en-tejo-y-sapo\/\"]}]},{\"@type\":\"ImageObject\",\"inLanguage\":\"es\",\"@id\":\"https:\/\/santaanadelosguacaras.gob.ar\/sitio\/ingenio-primer-correntino-y-santa-ana-de-los-guacaras-al-provincial-en-tejo-y-sapo\/#primaryimage\",\"url\":\"https:\/\/santaanadelosguacaras.gob.ar\/sitio\/wp-content\/uploads\/2025\/07\/515017485_1085317247030787_3317958154278392108_n.webp\",\"contentUrl\":\"https:\/\/santaanadelosguacaras.gob.ar\/sitio\/wp-content\/uploads\/2025\/07\/515017485_1085317247030787_3317958154278392108_n.webp\",\"width\":542,\"height\":1012},{\"@type\":\"BreadcrumbList\",\"@id\":\"https:\/\/santaanadelosguacaras.gob.ar\/sitio\/ingenio-primer-correntino-y-santa-ana-de-los-guacaras-al-provincial-en-tejo-y-sapo\/#breadcrumb\",\"itemListElement\":[{\"@type\":\"ListItem\",\"position\":1,\"name\":\"Portada\",\"item\":\"https:\/\/santaanadelosguacaras.gob.ar\/sitio\/\"},{\"@type\":\"ListItem\",\"position\":2,\"name\":\"Ingenio Primer Correntino y Santa Ana de los Guacaras al Provincial en Tejo y Sapo\"}]},{\"@type\":\"WebSite\",\"@id\":\"https:\/\/santaanadelosguacaras.gob.ar\/sitio\/#website\",\"url\":\"https:\/\/santaanadelosguacaras.gob.ar\/sitio\/\",\"name\":\"Municipalidad de Santa Ana de los Gu\u00e1caras\",\"description\":\"Descubre Santa Ana de los Gu\u00e1caras, un rinc\u00f3n lleno de historia, cultura y naturaleza en Corrientes. Informaci\u00f3n oficial sobre eventos, turismo, servicios municipales y m\u00e1s. \u00a1Con\u00e9ctate con nuestra comunidad!\",\"publisher\":{\"@id\":\"https:\/\/santaanadelosguacaras.gob.ar\/sitio\/#organization\"},\"alternateName\":\"MuniSantaAna\",\"potentialAction\":[{\"@type\":\"SearchAction\",\"target\":{\"@type\":\"EntryPoint\",\"urlTemplate\":\"https:\/\/santaanadelosguacaras.gob.ar\/sitio\/?s={search_term_string}\"},\"query-input\":{\"@type\":\"PropertyValueSpecification\",\"valueRequired\":true,\"valueName\":\"search_term_string\"}}],\"inLanguage\":\"es\"},{\"@type\":\"Organization\",\"@id\":\"https:\/\/santaanadelosguacaras.gob.ar\/sitio\/#organization\",\"name\":\"Municipalidad de Santa Ana de los Gu\u00e1caras\",\"alternateName\":\"MuniSantaAna\",\"url\":\"https:\/\/santaanadelosguacaras.gob.ar\/sitio\/\",\"logo\":{\"@type\":\"ImageObject\",\"inLanguage\":\"es\",\"@id\":\"https:\/\/santaanadelosguacaras.gob.ar\/sitio\/#\/schema\/logo\/image\/\",\"url\":\"https:\/\/santaanadelosguacaras.gob.ar\/sitio\/wp-content\/uploads\/2024\/12\/cropped-logo_muni_250.png\",\"contentUrl\":\"https:\/\/santaanadelosguacaras.gob.ar\/sitio\/wp-content\/uploads\/2024\/12\/cropped-logo_muni_250.png\",\"width\":247,\"height\":95,\"caption\":\"Municipalidad de Santa Ana de los Gu\u00e1caras\"},\"image\":{\"@id\":\"https:\/\/santaanadelosguacaras.gob.ar\/sitio\/#\/schema\/logo\/image\/\"},\"sameAs\":[\"https:\/\/www.facebook.com\/MuniSantaAnaDeLosGuacaras\",\"https:\/\/www.instagram.com\/muni_santaana_ctes\"]},{\"@type\":\"Person\",\"@id\":\"https:\/\/santaanadelosguacaras.gob.ar\/sitio\/#\/schema\/person\/aa85e53bbb5a7c7e19834c20ede5e205\",\"name\":\"Comunicaci\u00f3n\",\"image\":{\"@type\":\"ImageObject\",\"inLanguage\":\"es\",\"@id\":\"https:\/\/santaanadelosguacaras.gob.ar\/sitio\/#\/schema\/person\/image\/\",\"url\":\"https:\/\/secure.gravatar.com\/avatar\/3e81e68b8dcb0733c78bbafb464befc4a66ce4135950c3e3ac0d3c09e53e7092?s=96&d=mm&r=g\",\"contentUrl\":\"https:\/\/secure.gravatar.com\/avatar\/3e81e68b8dcb0733c78bbafb464befc4a66ce4135950c3e3ac0d3c09e53e7092?s=96&d=mm&r=g\",\"caption\":\"Comunicaci\u00f3n\"}}]}<\/script>\n<!-- \/ Yoast SEO plugin. -->","yoast_head_json":{"title":"Ingenio Primer Correntino y Santa Ana de los Guacaras al Provincial en Tejo y Sapo - Municipalidad de Santa Ana de los Gu\u00e1caras","robots":{"index":"index","follow":"follow","max-snippet":"max-snippet:-1","max-image-preview":"max-image-preview:large","max-video-preview":"max-video-preview:-1"},"canonical":"https:\/\/santaanadelosguacaras.gob.ar\/sitio\/ingenio-primer-correntino-y-santa-ana-de-los-guacaras-al-provincial-en-tejo-y-sapo\/","og_locale":"es_ES","og_type":"article","og_title":"Ingenio Primer Correntino y Santa Ana de los Guacaras al Provincial en Tejo y Sapo - Municipalidad de Santa Ana de los Gu\u00e1caras","og_description":"Deportistas adultos mayores de Santa Ana y del Ingenio Primer Correntino lograron los primeros puestos y clasificaron al provincial de los Juegos Correntinos, en las disciplinas de tejo y sapo.&hellip;","og_url":"https:\/\/santaanadelosguacaras.gob.ar\/sitio\/ingenio-primer-correntino-y-santa-ana-de-los-guacaras-al-provincial-en-tejo-y-sapo\/","og_site_name":"Municipalidad de Santa Ana de los Gu\u00e1caras","article_publisher":"https:\/\/www.facebook.com\/MuniSantaAnaDeLosGuacaras","article_published_time":"2025-07-05T11:43:35+00:00","article_modified_time":"2025-07-07T11:47:36+00:00","og_image":[{"width":542,"height":1012,"url":"https:\/\/santaanadelosguacaras.gob.ar\/sitio\/wp-content\/uploads\/2025\/07\/515017485_1085317247030787_3317958154278392108_n.webp","type":"image\/webp"}],"author":"Comunicaci\u00f3n","twitter_card":"summary_large_image","twitter_misc":{"Escrito por":"Comunicaci\u00f3n","Tiempo de lectura":"2 minutos"},"schema":{"@context":"https:\/\/schema.org","@graph":[{"@type":"Article","@id":"https:\/\/santaanadelosguacaras.gob.ar\/sitio\/ingenio-primer-correntino-y-santa-ana-de-los-guacaras-al-provincial-en-tejo-y-sapo\/#article","isPartOf":{"@id":"https:\/\/santaanadelosguacaras.gob.ar\/sitio\/ingenio-primer-correntino-y-santa-ana-de-los-guacaras-al-provincial-en-tejo-y-sapo\/"},"author":{"name":"Comunicaci\u00f3n","@id":"https:\/\/santaanadelosguacaras.gob.ar\/sitio\/#\/schema\/person\/aa85e53bbb5a7c7e19834c20ede5e205"},"headline":"Ingenio Primer Correntino y Santa Ana de los Guacaras al Provincial en Tejo y Sapo","datePublished":"2025-07-05T11:43:35+00:00","dateModified":"2025-07-07T11:47:36+00:00","mainEntityOfPage":{"@id":"https:\/\/santaanadelosguacaras.gob.ar\/sitio\/ingenio-primer-correntino-y-santa-ana-de-los-guacaras-al-provincial-en-tejo-y-sapo\/"},"wordCount":113,"publisher":{"@id":"https:\/\/santaanadelosguacaras.gob.ar\/sitio\/#organization"},"image":{"@id":"https:\/\/santaanadelosguacaras.gob.ar\/sitio\/ingenio-primer-correntino-y-santa-ana-de-los-guacaras-al-provincial-en-tejo-y-sapo\/#primaryimage"},"thumbnailUrl":"https:\/\/santaanadelosguacaras.gob.ar\/sitio\/wp-content\/uploads\/2025\/07\/515017485_1085317247030787_3317958154278392108_n.webp","articleSection":["Deportes"],"inLanguage":"es"},{"@type":"WebPage","@id":"https:\/\/santaanadelosguacaras.gob.ar\/sitio\/ingenio-primer-correntino-y-santa-ana-de-los-guacaras-al-provincial-en-tejo-y-sapo\/","url":"https:\/\/santaanadelosguacaras.gob.ar\/sitio\/ingenio-primer-correntino-y-santa-ana-de-los-guacaras-al-provincial-en-tejo-y-sapo\/","name":"Ingenio Primer Correntino y Santa Ana de los Guacaras al Provincial en Tejo y Sapo - Municipalidad de Santa Ana de los Gu\u00e1caras","isPartOf":{"@id":"https:\/\/santaanadelosguacaras.gob.ar\/sitio\/#website"},"primaryImageOfPage":{"@id":"https:\/\/santaanadelosguacaras.gob.ar\/sitio\/ingenio-primer-correntino-y-santa-ana-de-los-guacaras-al-provincial-en-tejo-y-sapo\/#primaryimage"},"image":{"@id":"https:\/\/santaanadelosguacaras.gob.ar\/sitio\/ingenio-primer-correntino-y-santa-ana-de-los-guacaras-al-provincial-en-tejo-y-sapo\/#primaryimage"},"thumbnailUrl":"https:\/\/santaanadelosguacaras.gob.ar\/sitio\/wp-content\/uploads\/2025\/07\/515017485_1085317247030787_3317958154278392108_n.webp","datePublished":"2025-07-05T11:43:35+00:00","dateModified":"2025-07-07T11:47:36+00:00","breadcrumb":{"@id":"https:\/\/santaanadelosguacaras.gob.ar\/sitio\/ingenio-primer-correntino-y-santa-ana-de-los-guacaras-al-provincial-en-tejo-y-sapo\/#breadcrumb"},"inLanguage":"es","potentialAction":[{"@type":"ReadAction","target":["https:\/\/santaanadelosguacaras.gob.ar\/sitio\/ingenio-primer-correntino-y-santa-ana-de-los-guacaras-al-provincial-en-tejo-y-sapo\/"]}]},{"@type":"ImageObject","inLanguage":"es","@id":"https:\/\/santaanadelosguacaras.gob.ar\/sitio\/ingenio-primer-correntino-y-santa-ana-de-los-guacaras-al-provincial-en-tejo-y-sapo\/#primaryimage","url":"https:\/\/santaanadelosguacaras.gob.ar\/sitio\/wp-content\/uploads\/2025\/07\/515017485_1085317247030787_3317958154278392108_n.webp","contentUrl":"https:\/\/santaanadelosguacaras.gob.ar\/sitio\/wp-content\/uploads\/2025\/07\/515017485_1085317247030787_3317958154278392108_n.webp","width":542,"height":1012},{"@type":"BreadcrumbList","@id":"https:\/\/santaanadelosguacaras.gob.ar\/sitio\/ingenio-primer-correntino-y-santa-ana-de-los-guacaras-al-provincial-en-tejo-y-sapo\/#breadcrumb","itemListElement":[{"@type":"ListItem","position":1,"name":"Portada","item":"https:\/\/santaanadelosguacaras.gob.ar\/sitio\/"},{"@type":"ListItem","position":2,"name":"Ingenio Primer Correntino y Santa Ana de los Guacaras al Provincial en Tejo y Sapo"}]},{"@type":"WebSite","@id":"https:\/\/santaanadelosguacaras.gob.ar\/sitio\/#website","url":"https:\/\/santaanadelosguacaras.gob.ar\/sitio\/","name":"Municipalidad de Santa Ana de los Gu\u00e1caras","description":"Descubre Santa Ana de los Gu\u00e1caras, un rinc\u00f3n lleno de historia, cultura y naturaleza en Corrientes. Informaci\u00f3n oficial sobre eventos, turismo, servicios municipales y m\u00e1s. \u00a1Con\u00e9ctate con nuestra comunidad!","publisher":{"@id":"https:\/\/santaanadelosguacaras.gob.ar\/sitio\/#organization"},"alternateName":"MuniSantaAna","potentialAction":[{"@type":"SearchAction","target":{"@type":"EntryPoint","urlTemplate":"https:\/\/santaanadelosguacaras.gob.ar\/sitio\/?s={search_term_string}"},"query-input":{"@type":"PropertyValueSpecification","valueRequired":true,"valueName":"search_term_string"}}],"inLanguage":"es"},{"@type":"Organization","@id":"https:\/\/santaanadelosguacaras.gob.ar\/sitio\/#organization","name":"Municipalidad de Santa Ana de los Gu\u00e1caras","alternateName":"MuniSantaAna","url":"https:\/\/santaanadelosguacaras.gob.ar\/sitio\/","logo":{"@type":"ImageObject","inLanguage":"es","@id":"https:\/\/santaanadelosguacaras.gob.ar\/sitio\/#\/schema\/logo\/image\/","url":"https:\/\/santaanadelosguacaras.gob.ar\/sitio\/wp-content\/uploads\/2024\/12\/cropped-logo_muni_250.png","contentUrl":"https:\/\/santaanadelosguacaras.gob.ar\/sitio\/wp-content\/uploads\/2024\/12\/cropped-logo_muni_250.png","width":247,"height":95,"caption":"Municipalidad de Santa Ana de los Gu\u00e1caras"},"image":{"@id":"https:\/\/santaanadelosguacaras.gob.ar\/sitio\/#\/schema\/logo\/image\/"},"sameAs":["https:\/\/www.facebook.com\/MuniSantaAnaDeLosGuacaras","https:\/\/www.instagram.com\/muni_santaana_ctes"]},{"@type":"Person","@id":"https:\/\/santaanadelosguacaras.gob.ar\/sitio\/#\/schema\/person\/aa85e53bbb5a7c7e19834c20ede5e205","name":"Comunicaci\u00f3n","image":{"@type":"ImageObject","inLanguage":"es","@id":"https:\/\/santaanadelosguacaras.gob.ar\/sitio\/#\/schema\/person\/image\/","url":"https:\/\/secure.gravatar.com\/avatar\/3e81e68b8dcb0733c78bbafb464befc4a66ce4135950c3e3ac0d3c09e53e7092?s=96&d=mm&r=g","contentUrl":"https:\/\/secure.gravatar.com\/avatar\/3e81e68b8dcb0733c78bbafb464befc4a66ce4135950c3e3ac0d3c09e53e7092?s=96&d=mm&r=g","caption":"Comunicaci\u00f3n"}}]}},"_links":{"self":[{"href":"https:\/\/santaanadelosguacaras.gob.ar\/sitio\/wp-json\/wp\/v2\/posts\/2439","targetHints":{"allow":["GET"]}}],"collection":[{"href":"https:\/\/santaanadelosguacaras.gob.ar\/sitio\/wp-json\/wp\/v2\/posts"}],"about":[{"href":"https:\/\/santaanadelosguacaras.gob.ar\/sitio\/wp-json\/wp\/v2\/types\/post"}],"author":[{"embeddable":true,"href":"https:\/\/santaanadelosguacaras.gob.ar\/sitio\/wp-json\/wp\/v2\/users\/2"}],"replies":[{"embeddable":true,"href":"https:\/\/santaanadelosguacaras.gob.ar\/sitio\/wp-json\/wp\/v2\/comments?post=2439"}],"version-history":[{"count":2,"href":"https:\/\/santaanadelosguacaras.gob.ar\/sitio\/wp-json\/wp\/v2\/posts\/2439\/revisions"}],"predecessor-version":[{"id":2520,"href":"https:\/\/santaanadelosguacaras.gob.ar\/sitio\/wp-json\/wp\/v2\/posts\/2439\/revisions\/2520"}],"wp:featuredmedia":[{"embeddable":true,"href":"https:\/\/santaanadelosguacaras.gob.ar\/sitio\/wp-json\/wp\/v2\/media\/2517"}],"wp:attachment":[{"href":"https:\/\/santaanadelosguacaras.gob.ar\/sitio\/wp-json\/wp\/v2\/media?parent=2439"}],"wp:term":[{"taxonomy":"category","embeddable":true,"href":"https:\/\/santaanadelosguacaras.gob.ar\/sitio\/wp-json\/wp\/v2\/categories?post=2439"},{"taxonomy":"post_tag","embeddable":true,"href":"https:\/\/santaanadelosguacaras.gob.ar\/sitio\/wp-json\/wp\/v2\/tags?post=2439"}],"curies":[{"name":"wp","href":"https:\/\/api.w.org\/{rel}","templated":true}]}}