{"id":2624,"date":"2025-07-25T10:32:06","date_gmt":"2025-07-25T13:32:06","guid":{"rendered":"https:\/\/santaanadelosguacaras.gob.ar\/sitio\/?p=2624"},"modified":"2025-07-27T10:40:31","modified_gmt":"2025-07-27T13:40:31","slug":"40-anos-del-colegio-secundario-escribano-pedro-leconte","status":"publish","type":"post","link":"https:\/\/santaanadelosguacaras.gob.ar\/sitio\/40-anos-del-colegio-secundario-escribano-pedro-leconte\/","title":{"rendered":"40 A\u00f1os del Colegio Secundario \u201cEscribano Pedro Leconte\u201d"},"content":{"rendered":"\n<p>Este 25 de julio, el Colegio Secundario \u201cEscribano Pedro Leconte\u201d celebr\u00f3 sus 40 a\u00f1os de vida institucional en Santa Ana, con un emotivo acto que reuni\u00f3 a autoridades, docentes, estudiantes y vecinos.<\/p>\n\n\n\n<p>La intendente Silvana Almir\u00f3n y Gabinete participaron del evento, que homenaje\u00f3 a los pioneros de este proyecto educativo, se rememor\u00f3 su historia, se entregaron placas recordatorias a docentes jubilados, estudiantes, colaboradores y se interpret\u00f3 el himno de la instituci\u00f3n.<\/p>\n\n\n\n<p>Engalanaron con su presencia la Banda de M\u00fasica de la Polic\u00eda de Corrientes.<\/p>\n\n\n\n<p>La intendente agradece la invitaci\u00f3n a las autoridades y expresa sus felicitaciones a toda esta comunidad educativa.<\/p>\n\n\n\n<figure class=\"wp-block-gallery has-nested-images columns-default is-cropped wp-block-gallery-1 is-layout-flex wp-block-gallery-is-layout-flex\">\n<figure class=\"wp-block-image size-large\"><a href=\"https:\/\/santaanadelosguacaras.gob.ar\/sitio\/wp-content\/uploads\/2025\/07\/522208459_1101128455449666_6182009169117582381_n.webp\"><img loading=\"lazy\" decoding=\"async\" width=\"1024\" height=\"577\" data-id=\"2637\" src=\"https:\/\/santaanadelosguacaras.gob.ar\/sitio\/wp-content\/uploads\/2025\/07\/522208459_1101128455449666_6182009169117582381_n-1024x577.webp\" alt=\"\" class=\"wp-image-2637\" srcset=\"https:\/\/santaanadelosguacaras.gob.ar\/sitio\/wp-content\/uploads\/2025\/07\/522208459_1101128455449666_6182009169117582381_n-1024x577.webp 1024w, https:\/\/santaanadelosguacaras.gob.ar\/sitio\/wp-content\/uploads\/2025\/07\/522208459_1101128455449666_6182009169117582381_n-300x169.webp 300w, https:\/\/santaanadelosguacaras.gob.ar\/sitio\/wp-content\/uploads\/2025\/07\/522208459_1101128455449666_6182009169117582381_n-768x432.webp 768w, https:\/\/santaanadelosguacaras.gob.ar\/sitio\/wp-content\/uploads\/2025\/07\/522208459_1101128455449666_6182009169117582381_n.webp 1156w\" sizes=\"auto, (max-width: 1024px) 100vw, 1024px\" \/><\/a><\/figure>\n\n\n\n<figure class=\"wp-block-image size-large\"><a href=\"https:\/\/santaanadelosguacaras.gob.ar\/sitio\/wp-content\/uploads\/2025\/07\/516811960_1101128492116329_7010483032204245059_n.jpg\"><img loading=\"lazy\" decoding=\"async\" width=\"1024\" height=\"658\" data-id=\"2640\" src=\"https:\/\/santaanadelosguacaras.gob.ar\/sitio\/wp-content\/uploads\/2025\/07\/516811960_1101128492116329_7010483032204245059_n-1024x658.jpg\" alt=\"\" class=\"wp-image-2640\" srcset=\"https:\/\/santaanadelosguacaras.gob.ar\/sitio\/wp-content\/uploads\/2025\/07\/516811960_1101128492116329_7010483032204245059_n-1024x658.jpg 1024w, https:\/\/santaanadelosguacaras.gob.ar\/sitio\/wp-content\/uploads\/2025\/07\/516811960_1101128492116329_7010483032204245059_n-300x193.jpg 300w, https:\/\/santaanadelosguacaras.gob.ar\/sitio\/wp-content\/uploads\/2025\/07\/516811960_1101128492116329_7010483032204245059_n-768x494.jpg 768w, https:\/\/santaanadelosguacaras.gob.ar\/sitio\/wp-content\/uploads\/2025\/07\/516811960_1101128492116329_7010483032204245059_n-1536x987.jpg 1536w, https:\/\/santaanadelosguacaras.gob.ar\/sitio\/wp-content\/uploads\/2025\/07\/516811960_1101128492116329_7010483032204245059_n.jpg 2026w\" sizes=\"auto, (max-width: 1024px) 100vw, 1024px\" \/><\/a><\/figure>\n\n\n\n<figure class=\"wp-block-image size-large\"><a href=\"https:\/\/santaanadelosguacaras.gob.ar\/sitio\/wp-content\/uploads\/2025\/07\/522643856_1101128735449638_6500066807785011262_n.webp\"><img loading=\"lazy\" decoding=\"async\" width=\"1024\" height=\"577\" data-id=\"2632\" src=\"https:\/\/santaanadelosguacaras.gob.ar\/sitio\/wp-content\/uploads\/2025\/07\/522643856_1101128735449638_6500066807785011262_n-1024x577.webp\" alt=\"\" class=\"wp-image-2632\" srcset=\"https:\/\/santaanadelosguacaras.gob.ar\/sitio\/wp-content\/uploads\/2025\/07\/522643856_1101128735449638_6500066807785011262_n-1024x577.webp 1024w, https:\/\/santaanadelosguacaras.gob.ar\/sitio\/wp-content\/uploads\/2025\/07\/522643856_1101128735449638_6500066807785011262_n-300x169.webp 300w, https:\/\/santaanadelosguacaras.gob.ar\/sitio\/wp-content\/uploads\/2025\/07\/522643856_1101128735449638_6500066807785011262_n-768x432.webp 768w, https:\/\/santaanadelosguacaras.gob.ar\/sitio\/wp-content\/uploads\/2025\/07\/522643856_1101128735449638_6500066807785011262_n.webp 1156w\" sizes=\"auto, (max-width: 1024px) 100vw, 1024px\" \/><\/a><\/figure>\n\n\n\n<figure class=\"wp-block-image size-large\"><a href=\"https:\/\/santaanadelosguacaras.gob.ar\/sitio\/wp-content\/uploads\/2025\/07\/523359131_1101128778782967_5409594040291257003_n.webp\"><img loading=\"lazy\" decoding=\"async\" width=\"1024\" height=\"577\" data-id=\"2641\" src=\"https:\/\/santaanadelosguacaras.gob.ar\/sitio\/wp-content\/uploads\/2025\/07\/523359131_1101128778782967_5409594040291257003_n-1024x577.webp\" alt=\"\" class=\"wp-image-2641\" srcset=\"https:\/\/santaanadelosguacaras.gob.ar\/sitio\/wp-content\/uploads\/2025\/07\/523359131_1101128778782967_5409594040291257003_n-1024x577.webp 1024w, https:\/\/santaanadelosguacaras.gob.ar\/sitio\/wp-content\/uploads\/2025\/07\/523359131_1101128778782967_5409594040291257003_n-300x169.webp 300w, https:\/\/santaanadelosguacaras.gob.ar\/sitio\/wp-content\/uploads\/2025\/07\/523359131_1101128778782967_5409594040291257003_n-768x432.webp 768w, https:\/\/santaanadelosguacaras.gob.ar\/sitio\/wp-content\/uploads\/2025\/07\/523359131_1101128778782967_5409594040291257003_n.webp 1156w\" sizes=\"auto, (max-width: 1024px) 100vw, 1024px\" \/><\/a><\/figure>\n\n\n\n<figure class=\"wp-block-image size-large\"><a href=\"https:\/\/santaanadelosguacaras.gob.ar\/sitio\/wp-content\/uploads\/2025\/07\/520540005_1101128865449625_8591213902604144175_n.webp\"><img loading=\"lazy\" decoding=\"async\" width=\"1024\" height=\"577\" data-id=\"2642\" src=\"https:\/\/santaanadelosguacaras.gob.ar\/sitio\/wp-content\/uploads\/2025\/07\/520540005_1101128865449625_8591213902604144175_n-1024x577.webp\" alt=\"\" class=\"wp-image-2642\" srcset=\"https:\/\/santaanadelosguacaras.gob.ar\/sitio\/wp-content\/uploads\/2025\/07\/520540005_1101128865449625_8591213902604144175_n-1024x577.webp 1024w, https:\/\/santaanadelosguacaras.gob.ar\/sitio\/wp-content\/uploads\/2025\/07\/520540005_1101128865449625_8591213902604144175_n-300x169.webp 300w, https:\/\/santaanadelosguacaras.gob.ar\/sitio\/wp-content\/uploads\/2025\/07\/520540005_1101128865449625_8591213902604144175_n-768x432.webp 768w, https:\/\/santaanadelosguacaras.gob.ar\/sitio\/wp-content\/uploads\/2025\/07\/520540005_1101128865449625_8591213902604144175_n.webp 1156w\" sizes=\"auto, (max-width: 1024px) 100vw, 1024px\" \/><\/a><\/figure>\n\n\n\n<figure class=\"wp-block-image size-large\"><a href=\"https:\/\/santaanadelosguacaras.gob.ar\/sitio\/wp-content\/uploads\/2025\/07\/522609024_1101128908782954_2554298205031011555_n.webp\"><img loading=\"lazy\" decoding=\"async\" width=\"1024\" height=\"577\" data-id=\"2638\" src=\"https:\/\/santaanadelosguacaras.gob.ar\/sitio\/wp-content\/uploads\/2025\/07\/522609024_1101128908782954_2554298205031011555_n-1024x577.webp\" alt=\"\" class=\"wp-image-2638\" srcset=\"https:\/\/santaanadelosguacaras.gob.ar\/sitio\/wp-content\/uploads\/2025\/07\/522609024_1101128908782954_2554298205031011555_n-1024x577.webp 1024w, https:\/\/santaanadelosguacaras.gob.ar\/sitio\/wp-content\/uploads\/2025\/07\/522609024_1101128908782954_2554298205031011555_n-300x169.webp 300w, https:\/\/santaanadelosguacaras.gob.ar\/sitio\/wp-content\/uploads\/2025\/07\/522609024_1101128908782954_2554298205031011555_n-768x432.webp 768w, https:\/\/santaanadelosguacaras.gob.ar\/sitio\/wp-content\/uploads\/2025\/07\/522609024_1101128908782954_2554298205031011555_n.webp 1156w\" sizes=\"auto, (max-width: 1024px) 100vw, 1024px\" \/><\/a><\/figure>\n\n\n\n<figure class=\"wp-block-image size-large\"><a href=\"https:\/\/santaanadelosguacaras.gob.ar\/sitio\/wp-content\/uploads\/2025\/07\/524131552_1101128952116283_6332347329155661725_n.webp\"><img loading=\"lazy\" decoding=\"async\" width=\"1024\" height=\"577\" data-id=\"2643\" src=\"https:\/\/santaanadelosguacaras.gob.ar\/sitio\/wp-content\/uploads\/2025\/07\/524131552_1101128952116283_6332347329155661725_n-1024x577.webp\" alt=\"\" class=\"wp-image-2643\" srcset=\"https:\/\/santaanadelosguacaras.gob.ar\/sitio\/wp-content\/uploads\/2025\/07\/524131552_1101128952116283_6332347329155661725_n-1024x577.webp 1024w, https:\/\/santaanadelosguacaras.gob.ar\/sitio\/wp-content\/uploads\/2025\/07\/524131552_1101128952116283_6332347329155661725_n-300x169.webp 300w, https:\/\/santaanadelosguacaras.gob.ar\/sitio\/wp-content\/uploads\/2025\/07\/524131552_1101128952116283_6332347329155661725_n-768x432.webp 768w, https:\/\/santaanadelosguacaras.gob.ar\/sitio\/wp-content\/uploads\/2025\/07\/524131552_1101128952116283_6332347329155661725_n.webp 1156w\" sizes=\"auto, (max-width: 1024px) 100vw, 1024px\" \/><\/a><\/figure>\n\n\n\n<figure class=\"wp-block-image size-large\"><a href=\"https:\/\/santaanadelosguacaras.gob.ar\/sitio\/wp-content\/uploads\/2025\/07\/522923146_1101129015449610_8055338829495601664_n.webp\"><img loading=\"lazy\" decoding=\"async\" width=\"1024\" height=\"577\" data-id=\"2639\" src=\"https:\/\/santaanadelosguacaras.gob.ar\/sitio\/wp-content\/uploads\/2025\/07\/522923146_1101129015449610_8055338829495601664_n-1024x577.webp\" alt=\"\" class=\"wp-image-2639\" srcset=\"https:\/\/santaanadelosguacaras.gob.ar\/sitio\/wp-content\/uploads\/2025\/07\/522923146_1101129015449610_8055338829495601664_n-1024x577.webp 1024w, https:\/\/santaanadelosguacaras.gob.ar\/sitio\/wp-content\/uploads\/2025\/07\/522923146_1101129015449610_8055338829495601664_n-300x169.webp 300w, https:\/\/santaanadelosguacaras.gob.ar\/sitio\/wp-content\/uploads\/2025\/07\/522923146_1101129015449610_8055338829495601664_n-768x432.webp 768w, https:\/\/santaanadelosguacaras.gob.ar\/sitio\/wp-content\/uploads\/2025\/07\/522923146_1101129015449610_8055338829495601664_n.webp 1156w\" sizes=\"auto, (max-width: 1024px) 100vw, 1024px\" \/><\/a><\/figure>\n\n\n\n<figure class=\"wp-block-image size-large\"><a href=\"https:\/\/santaanadelosguacaras.gob.ar\/sitio\/wp-content\/uploads\/2025\/07\/522613409_1101129088782936_7232976587679032430_n.webp\"><img loading=\"lazy\" decoding=\"async\" width=\"1024\" height=\"577\" data-id=\"2634\" src=\"https:\/\/santaanadelosguacaras.gob.ar\/sitio\/wp-content\/uploads\/2025\/07\/522613409_1101129088782936_7232976587679032430_n-1024x577.webp\" alt=\"\" class=\"wp-image-2634\" srcset=\"https:\/\/santaanadelosguacaras.gob.ar\/sitio\/wp-content\/uploads\/2025\/07\/522613409_1101129088782936_7232976587679032430_n-1024x577.webp 1024w, https:\/\/santaanadelosguacaras.gob.ar\/sitio\/wp-content\/uploads\/2025\/07\/522613409_1101129088782936_7232976587679032430_n-300x169.webp 300w, https:\/\/santaanadelosguacaras.gob.ar\/sitio\/wp-content\/uploads\/2025\/07\/522613409_1101129088782936_7232976587679032430_n-768x432.webp 768w, https:\/\/santaanadelosguacaras.gob.ar\/sitio\/wp-content\/uploads\/2025\/07\/522613409_1101129088782936_7232976587679032430_n.webp 1156w\" sizes=\"auto, (max-width: 1024px) 100vw, 1024px\" \/><\/a><\/figure>\n\n\n\n<figure class=\"wp-block-image size-large\"><a href=\"https:\/\/santaanadelosguacaras.gob.ar\/sitio\/wp-content\/uploads\/2025\/07\/522613412_1101129152116263_930338256497994353_n.webp\"><img loading=\"lazy\" decoding=\"async\" width=\"1024\" height=\"577\" data-id=\"2635\" src=\"https:\/\/santaanadelosguacaras.gob.ar\/sitio\/wp-content\/uploads\/2025\/07\/522613412_1101129152116263_930338256497994353_n-1024x577.webp\" alt=\"\" class=\"wp-image-2635\" srcset=\"https:\/\/santaanadelosguacaras.gob.ar\/sitio\/wp-content\/uploads\/2025\/07\/522613412_1101129152116263_930338256497994353_n-1024x577.webp 1024w, https:\/\/santaanadelosguacaras.gob.ar\/sitio\/wp-content\/uploads\/2025\/07\/522613412_1101129152116263_930338256497994353_n-300x169.webp 300w, https:\/\/santaanadelosguacaras.gob.ar\/sitio\/wp-content\/uploads\/2025\/07\/522613412_1101129152116263_930338256497994353_n-768x432.webp 768w, https:\/\/santaanadelosguacaras.gob.ar\/sitio\/wp-content\/uploads\/2025\/07\/522613412_1101129152116263_930338256497994353_n.webp 1156w\" sizes=\"auto, (max-width: 1024px) 100vw, 1024px\" \/><\/a><\/figure>\n\n\n\n<figure class=\"wp-block-image size-large\"><a href=\"https:\/\/santaanadelosguacaras.gob.ar\/sitio\/wp-content\/uploads\/2025\/07\/524503336_1101129182116260_6782047370800564616_n.webp\"><img loading=\"lazy\" decoding=\"async\" width=\"1024\" height=\"577\" data-id=\"2644\" src=\"https:\/\/santaanadelosguacaras.gob.ar\/sitio\/wp-content\/uploads\/2025\/07\/524503336_1101129182116260_6782047370800564616_n-1024x577.webp\" alt=\"\" class=\"wp-image-2644\" srcset=\"https:\/\/santaanadelosguacaras.gob.ar\/sitio\/wp-content\/uploads\/2025\/07\/524503336_1101129182116260_6782047370800564616_n-1024x577.webp 1024w, https:\/\/santaanadelosguacaras.gob.ar\/sitio\/wp-content\/uploads\/2025\/07\/524503336_1101129182116260_6782047370800564616_n-300x169.webp 300w, https:\/\/santaanadelosguacaras.gob.ar\/sitio\/wp-content\/uploads\/2025\/07\/524503336_1101129182116260_6782047370800564616_n-768x432.webp 768w, https:\/\/santaanadelosguacaras.gob.ar\/sitio\/wp-content\/uploads\/2025\/07\/524503336_1101129182116260_6782047370800564616_n-1536x865.webp 1536w, https:\/\/santaanadelosguacaras.gob.ar\/sitio\/wp-content\/uploads\/2025\/07\/524503336_1101129182116260_6782047370800564616_n.webp 1600w\" sizes=\"auto, (max-width: 1024px) 100vw, 1024px\" \/><\/a><\/figure>\n\n\n\n<figure class=\"wp-block-image size-large\"><a href=\"https:\/\/santaanadelosguacaras.gob.ar\/sitio\/wp-content\/uploads\/2025\/07\/523905607_1101129215449590_2829111933358382619_n.webp\"><img loading=\"lazy\" decoding=\"async\" width=\"1024\" height=\"577\" data-id=\"2649\" src=\"https:\/\/santaanadelosguacaras.gob.ar\/sitio\/wp-content\/uploads\/2025\/07\/523905607_1101129215449590_2829111933358382619_n-1024x577.webp\" alt=\"\" class=\"wp-image-2649\" srcset=\"https:\/\/santaanadelosguacaras.gob.ar\/sitio\/wp-content\/uploads\/2025\/07\/523905607_1101129215449590_2829111933358382619_n-1024x577.webp 1024w, https:\/\/santaanadelosguacaras.gob.ar\/sitio\/wp-content\/uploads\/2025\/07\/523905607_1101129215449590_2829111933358382619_n-300x169.webp 300w, https:\/\/santaanadelosguacaras.gob.ar\/sitio\/wp-content\/uploads\/2025\/07\/523905607_1101129215449590_2829111933358382619_n-768x432.webp 768w, https:\/\/santaanadelosguacaras.gob.ar\/sitio\/wp-content\/uploads\/2025\/07\/523905607_1101129215449590_2829111933358382619_n-1536x865.webp 1536w, https:\/\/santaanadelosguacaras.gob.ar\/sitio\/wp-content\/uploads\/2025\/07\/523905607_1101129215449590_2829111933358382619_n.webp 1600w\" sizes=\"auto, (max-width: 1024px) 100vw, 1024px\" \/><\/a><\/figure>\n\n\n\n<figure class=\"wp-block-image size-large\"><a href=\"https:\/\/santaanadelosguacaras.gob.ar\/sitio\/wp-content\/uploads\/2025\/07\/522634857_1101129252116253_1509414875694937081_n.webp\"><img loading=\"lazy\" decoding=\"async\" width=\"1024\" height=\"577\" data-id=\"2650\" src=\"https:\/\/santaanadelosguacaras.gob.ar\/sitio\/wp-content\/uploads\/2025\/07\/522634857_1101129252116253_1509414875694937081_n-1024x577.webp\" alt=\"\" class=\"wp-image-2650\" srcset=\"https:\/\/santaanadelosguacaras.gob.ar\/sitio\/wp-content\/uploads\/2025\/07\/522634857_1101129252116253_1509414875694937081_n-1024x577.webp 1024w, https:\/\/santaanadelosguacaras.gob.ar\/sitio\/wp-content\/uploads\/2025\/07\/522634857_1101129252116253_1509414875694937081_n-300x169.webp 300w, https:\/\/santaanadelosguacaras.gob.ar\/sitio\/wp-content\/uploads\/2025\/07\/522634857_1101129252116253_1509414875694937081_n-768x432.webp 768w, https:\/\/santaanadelosguacaras.gob.ar\/sitio\/wp-content\/uploads\/2025\/07\/522634857_1101129252116253_1509414875694937081_n-1536x865.webp 1536w, https:\/\/santaanadelosguacaras.gob.ar\/sitio\/wp-content\/uploads\/2025\/07\/522634857_1101129252116253_1509414875694937081_n.webp 1600w\" sizes=\"auto, (max-width: 1024px) 100vw, 1024px\" \/><\/a><\/figure>\n\n\n\n<figure class=\"wp-block-image size-large\"><a href=\"https:\/\/santaanadelosguacaras.gob.ar\/sitio\/wp-content\/uploads\/2025\/07\/522641917_1101129268782918_703663881115612138_n.webp\"><img loading=\"lazy\" decoding=\"async\" width=\"1024\" height=\"577\" data-id=\"2645\" src=\"https:\/\/santaanadelosguacaras.gob.ar\/sitio\/wp-content\/uploads\/2025\/07\/522641917_1101129268782918_703663881115612138_n-1024x577.webp\" alt=\"\" class=\"wp-image-2645\" srcset=\"https:\/\/santaanadelosguacaras.gob.ar\/sitio\/wp-content\/uploads\/2025\/07\/522641917_1101129268782918_703663881115612138_n-1024x577.webp 1024w, https:\/\/santaanadelosguacaras.gob.ar\/sitio\/wp-content\/uploads\/2025\/07\/522641917_1101129268782918_703663881115612138_n-300x169.webp 300w, https:\/\/santaanadelosguacaras.gob.ar\/sitio\/wp-content\/uploads\/2025\/07\/522641917_1101129268782918_703663881115612138_n-768x432.webp 768w, https:\/\/santaanadelosguacaras.gob.ar\/sitio\/wp-content\/uploads\/2025\/07\/522641917_1101129268782918_703663881115612138_n-1536x865.webp 1536w, https:\/\/santaanadelosguacaras.gob.ar\/sitio\/wp-content\/uploads\/2025\/07\/522641917_1101129268782918_703663881115612138_n.webp 1600w\" sizes=\"auto, (max-width: 1024px) 100vw, 1024px\" \/><\/a><\/figure>\n\n\n\n<figure class=\"wp-block-image size-large\"><a href=\"https:\/\/santaanadelosguacaras.gob.ar\/sitio\/wp-content\/uploads\/2025\/07\/516111886_1101129292116249_7226486677464083875_n.webp\"><img loading=\"lazy\" decoding=\"async\" width=\"1024\" height=\"577\" data-id=\"2652\" src=\"https:\/\/santaanadelosguacaras.gob.ar\/sitio\/wp-content\/uploads\/2025\/07\/516111886_1101129292116249_7226486677464083875_n-1024x577.webp\" alt=\"\" class=\"wp-image-2652\" srcset=\"https:\/\/santaanadelosguacaras.gob.ar\/sitio\/wp-content\/uploads\/2025\/07\/516111886_1101129292116249_7226486677464083875_n-1024x577.webp 1024w, https:\/\/santaanadelosguacaras.gob.ar\/sitio\/wp-content\/uploads\/2025\/07\/516111886_1101129292116249_7226486677464083875_n-300x169.webp 300w, https:\/\/santaanadelosguacaras.gob.ar\/sitio\/wp-content\/uploads\/2025\/07\/516111886_1101129292116249_7226486677464083875_n-768x432.webp 768w, https:\/\/santaanadelosguacaras.gob.ar\/sitio\/wp-content\/uploads\/2025\/07\/516111886_1101129292116249_7226486677464083875_n-1536x865.webp 1536w, https:\/\/santaanadelosguacaras.gob.ar\/sitio\/wp-content\/uploads\/2025\/07\/516111886_1101129292116249_7226486677464083875_n.webp 1600w\" sizes=\"auto, (max-width: 1024px) 100vw, 1024px\" \/><\/a><\/figure>\n\n\n\n<figure class=\"wp-block-image size-large\"><a href=\"https:\/\/santaanadelosguacaras.gob.ar\/sitio\/wp-content\/uploads\/2025\/07\/524325726_1101129335449578_2186767912680954765_n.webp\"><img loading=\"lazy\" decoding=\"async\" width=\"1024\" height=\"577\" data-id=\"2647\" src=\"https:\/\/santaanadelosguacaras.gob.ar\/sitio\/wp-content\/uploads\/2025\/07\/524325726_1101129335449578_2186767912680954765_n-1024x577.webp\" alt=\"\" class=\"wp-image-2647\" srcset=\"https:\/\/santaanadelosguacaras.gob.ar\/sitio\/wp-content\/uploads\/2025\/07\/524325726_1101129335449578_2186767912680954765_n-1024x577.webp 1024w, https:\/\/santaanadelosguacaras.gob.ar\/sitio\/wp-content\/uploads\/2025\/07\/524325726_1101129335449578_2186767912680954765_n-300x169.webp 300w, https:\/\/santaanadelosguacaras.gob.ar\/sitio\/wp-content\/uploads\/2025\/07\/524325726_1101129335449578_2186767912680954765_n-768x432.webp 768w, https:\/\/santaanadelosguacaras.gob.ar\/sitio\/wp-content\/uploads\/2025\/07\/524325726_1101129335449578_2186767912680954765_n-1536x865.webp 1536w, https:\/\/santaanadelosguacaras.gob.ar\/sitio\/wp-content\/uploads\/2025\/07\/524325726_1101129335449578_2186767912680954765_n.webp 1600w\" sizes=\"auto, (max-width: 1024px) 100vw, 1024px\" \/><\/a><\/figure>\n\n\n\n<figure class=\"wp-block-image size-large\"><a href=\"https:\/\/santaanadelosguacaras.gob.ar\/sitio\/wp-content\/uploads\/2025\/07\/524453015_1101129348782910_6764281754411525053_n.webp\"><img loading=\"lazy\" decoding=\"async\" width=\"1024\" height=\"577\" data-id=\"2651\" src=\"https:\/\/santaanadelosguacaras.gob.ar\/sitio\/wp-content\/uploads\/2025\/07\/524453015_1101129348782910_6764281754411525053_n-1024x577.webp\" alt=\"\" class=\"wp-image-2651\" srcset=\"https:\/\/santaanadelosguacaras.gob.ar\/sitio\/wp-content\/uploads\/2025\/07\/524453015_1101129348782910_6764281754411525053_n-1024x577.webp 1024w, https:\/\/santaanadelosguacaras.gob.ar\/sitio\/wp-content\/uploads\/2025\/07\/524453015_1101129348782910_6764281754411525053_n-300x169.webp 300w, https:\/\/santaanadelosguacaras.gob.ar\/sitio\/wp-content\/uploads\/2025\/07\/524453015_1101129348782910_6764281754411525053_n-768x432.webp 768w, https:\/\/santaanadelosguacaras.gob.ar\/sitio\/wp-content\/uploads\/2025\/07\/524453015_1101129348782910_6764281754411525053_n-1536x865.webp 1536w, https:\/\/santaanadelosguacaras.gob.ar\/sitio\/wp-content\/uploads\/2025\/07\/524453015_1101129348782910_6764281754411525053_n.webp 1600w\" sizes=\"auto, (max-width: 1024px) 100vw, 1024px\" \/><\/a><\/figure>\n\n\n\n<figure class=\"wp-block-image size-large\"><a href=\"https:\/\/santaanadelosguacaras.gob.ar\/sitio\/wp-content\/uploads\/2025\/07\/524372301_1101129375449574_5810043700112756398_n.webp\"><img loading=\"lazy\" decoding=\"async\" width=\"1024\" height=\"577\" data-id=\"2646\" src=\"https:\/\/santaanadelosguacaras.gob.ar\/sitio\/wp-content\/uploads\/2025\/07\/524372301_1101129375449574_5810043700112756398_n-1024x577.webp\" alt=\"\" class=\"wp-image-2646\" srcset=\"https:\/\/santaanadelosguacaras.gob.ar\/sitio\/wp-content\/uploads\/2025\/07\/524372301_1101129375449574_5810043700112756398_n-1024x577.webp 1024w, https:\/\/santaanadelosguacaras.gob.ar\/sitio\/wp-content\/uploads\/2025\/07\/524372301_1101129375449574_5810043700112756398_n-300x169.webp 300w, https:\/\/santaanadelosguacaras.gob.ar\/sitio\/wp-content\/uploads\/2025\/07\/524372301_1101129375449574_5810043700112756398_n-768x432.webp 768w, https:\/\/santaanadelosguacaras.gob.ar\/sitio\/wp-content\/uploads\/2025\/07\/524372301_1101129375449574_5810043700112756398_n-1536x865.webp 1536w, https:\/\/santaanadelosguacaras.gob.ar\/sitio\/wp-content\/uploads\/2025\/07\/524372301_1101129375449574_5810043700112756398_n.webp 1600w\" sizes=\"auto, (max-width: 1024px) 100vw, 1024px\" \/><\/a><\/figure>\n\n\n\n<figure class=\"wp-block-image size-large\"><a href=\"https:\/\/santaanadelosguacaras.gob.ar\/sitio\/wp-content\/uploads\/2025\/07\/523751973_1101129385449573_1936852331388096300_n.webp\"><img loading=\"lazy\" decoding=\"async\" width=\"1024\" height=\"577\" data-id=\"2648\" src=\"https:\/\/santaanadelosguacaras.gob.ar\/sitio\/wp-content\/uploads\/2025\/07\/523751973_1101129385449573_1936852331388096300_n-1024x577.webp\" alt=\"\" class=\"wp-image-2648\" srcset=\"https:\/\/santaanadelosguacaras.gob.ar\/sitio\/wp-content\/uploads\/2025\/07\/523751973_1101129385449573_1936852331388096300_n-1024x577.webp 1024w, https:\/\/santaanadelosguacaras.gob.ar\/sitio\/wp-content\/uploads\/2025\/07\/523751973_1101129385449573_1936852331388096300_n-300x169.webp 300w, https:\/\/santaanadelosguacaras.gob.ar\/sitio\/wp-content\/uploads\/2025\/07\/523751973_1101129385449573_1936852331388096300_n-768x432.webp 768w, https:\/\/santaanadelosguacaras.gob.ar\/sitio\/wp-content\/uploads\/2025\/07\/523751973_1101129385449573_1936852331388096300_n-1536x865.webp 1536w, https:\/\/santaanadelosguacaras.gob.ar\/sitio\/wp-content\/uploads\/2025\/07\/523751973_1101129385449573_1936852331388096300_n.webp 1600w\" sizes=\"auto, (max-width: 1024px) 100vw, 1024px\" \/><\/a><\/figure>\n\n\n\n<figure class=\"wp-block-image size-large\"><a href=\"https:\/\/santaanadelosguacaras.gob.ar\/sitio\/wp-content\/uploads\/2025\/07\/523751055_1101129435449568_6298687453230842278_n.webp\"><img loading=\"lazy\" decoding=\"async\" width=\"1024\" height=\"577\" data-id=\"2653\" src=\"https:\/\/santaanadelosguacaras.gob.ar\/sitio\/wp-content\/uploads\/2025\/07\/523751055_1101129435449568_6298687453230842278_n-1024x577.webp\" alt=\"\" class=\"wp-image-2653\" srcset=\"https:\/\/santaanadelosguacaras.gob.ar\/sitio\/wp-content\/uploads\/2025\/07\/523751055_1101129435449568_6298687453230842278_n-1024x577.webp 1024w, https:\/\/santaanadelosguacaras.gob.ar\/sitio\/wp-content\/uploads\/2025\/07\/523751055_1101129435449568_6298687453230842278_n-300x169.webp 300w, https:\/\/santaanadelosguacaras.gob.ar\/sitio\/wp-content\/uploads\/2025\/07\/523751055_1101129435449568_6298687453230842278_n-768x432.webp 768w, https:\/\/santaanadelosguacaras.gob.ar\/sitio\/wp-content\/uploads\/2025\/07\/523751055_1101129435449568_6298687453230842278_n-1536x865.webp 1536w, https:\/\/santaanadelosguacaras.gob.ar\/sitio\/wp-content\/uploads\/2025\/07\/523751055_1101129435449568_6298687453230842278_n.webp 1600w\" sizes=\"auto, (max-width: 1024px) 100vw, 1024px\" \/><\/a><\/figure>\n\n\n\n<figure class=\"wp-block-image size-large\"><a href=\"https:\/\/santaanadelosguacaras.gob.ar\/sitio\/wp-content\/uploads\/2025\/07\/524303854_1101128045449707_3655712558315416222_n.webp\"><img loading=\"lazy\" decoding=\"async\" width=\"960\" height=\"541\" data-id=\"2628\" src=\"https:\/\/santaanadelosguacaras.gob.ar\/sitio\/wp-content\/uploads\/2025\/07\/524303854_1101128045449707_3655712558315416222_n.webp\" alt=\"\" class=\"wp-image-2628\" srcset=\"https:\/\/santaanadelosguacaras.gob.ar\/sitio\/wp-content\/uploads\/2025\/07\/524303854_1101128045449707_3655712558315416222_n.webp 960w, https:\/\/santaanadelosguacaras.gob.ar\/sitio\/wp-content\/uploads\/2025\/07\/524303854_1101128045449707_3655712558315416222_n-300x169.webp 300w, https:\/\/santaanadelosguacaras.gob.ar\/sitio\/wp-content\/uploads\/2025\/07\/524303854_1101128045449707_3655712558315416222_n-768x433.webp 768w\" sizes=\"auto, (max-width: 960px) 100vw, 960px\" \/><\/a><\/figure>\n\n\n\n<figure class=\"wp-block-image size-large\"><a href=\"https:\/\/santaanadelosguacaras.gob.ar\/sitio\/wp-content\/uploads\/2025\/07\/520947894_1101128095449702_6397144086400134244_n.webp\"><img loading=\"lazy\" decoding=\"async\" width=\"960\" height=\"541\" data-id=\"2629\" src=\"https:\/\/santaanadelosguacaras.gob.ar\/sitio\/wp-content\/uploads\/2025\/07\/520947894_1101128095449702_6397144086400134244_n.webp\" alt=\"\" class=\"wp-image-2629\" srcset=\"https:\/\/santaanadelosguacaras.gob.ar\/sitio\/wp-content\/uploads\/2025\/07\/520947894_1101128095449702_6397144086400134244_n.webp 960w, https:\/\/santaanadelosguacaras.gob.ar\/sitio\/wp-content\/uploads\/2025\/07\/520947894_1101128095449702_6397144086400134244_n-300x169.webp 300w, https:\/\/santaanadelosguacaras.gob.ar\/sitio\/wp-content\/uploads\/2025\/07\/520947894_1101128095449702_6397144086400134244_n-768x433.webp 768w\" sizes=\"auto, (max-width: 960px) 100vw, 960px\" \/><\/a><\/figure>\n\n\n\n<figure class=\"wp-block-image size-large\"><a href=\"https:\/\/santaanadelosguacaras.gob.ar\/sitio\/wp-content\/uploads\/2025\/07\/515441333_1101128158783029_9192908123232662814_n.webp\"><img loading=\"lazy\" decoding=\"async\" width=\"960\" height=\"541\" data-id=\"2627\" src=\"https:\/\/santaanadelosguacaras.gob.ar\/sitio\/wp-content\/uploads\/2025\/07\/515441333_1101128158783029_9192908123232662814_n.webp\" alt=\"\" class=\"wp-image-2627\" srcset=\"https:\/\/santaanadelosguacaras.gob.ar\/sitio\/wp-content\/uploads\/2025\/07\/515441333_1101128158783029_9192908123232662814_n.webp 960w, https:\/\/santaanadelosguacaras.gob.ar\/sitio\/wp-content\/uploads\/2025\/07\/515441333_1101128158783029_9192908123232662814_n-300x169.webp 300w, https:\/\/santaanadelosguacaras.gob.ar\/sitio\/wp-content\/uploads\/2025\/07\/515441333_1101128158783029_9192908123232662814_n-768x433.webp 768w\" sizes=\"auto, (max-width: 960px) 100vw, 960px\" \/><\/a><\/figure>\n\n\n\n<figure class=\"wp-block-image size-large\"><a href=\"https:\/\/santaanadelosguacaras.gob.ar\/sitio\/wp-content\/uploads\/2025\/07\/522692838_1101128198783025_5280644432561389919_n.webp\"><img loading=\"lazy\" decoding=\"async\" width=\"960\" height=\"541\" data-id=\"2631\" src=\"https:\/\/santaanadelosguacaras.gob.ar\/sitio\/wp-content\/uploads\/2025\/07\/522692838_1101128198783025_5280644432561389919_n.webp\" alt=\"\" class=\"wp-image-2631\" srcset=\"https:\/\/santaanadelosguacaras.gob.ar\/sitio\/wp-content\/uploads\/2025\/07\/522692838_1101128198783025_5280644432561389919_n.webp 960w, https:\/\/santaanadelosguacaras.gob.ar\/sitio\/wp-content\/uploads\/2025\/07\/522692838_1101128198783025_5280644432561389919_n-300x169.webp 300w, https:\/\/santaanadelosguacaras.gob.ar\/sitio\/wp-content\/uploads\/2025\/07\/522692838_1101128198783025_5280644432561389919_n-768x433.webp 768w\" sizes=\"auto, (max-width: 960px) 100vw, 960px\" \/><\/a><\/figure>\n\n\n\n<figure class=\"wp-block-image size-large\"><a href=\"https:\/\/santaanadelosguacaras.gob.ar\/sitio\/wp-content\/uploads\/2025\/07\/521617561_1101128228783022_1011153398712596834_n.webp\"><img loading=\"lazy\" decoding=\"async\" width=\"960\" height=\"541\" data-id=\"2636\" src=\"https:\/\/santaanadelosguacaras.gob.ar\/sitio\/wp-content\/uploads\/2025\/07\/521617561_1101128228783022_1011153398712596834_n.webp\" alt=\"\" class=\"wp-image-2636\" srcset=\"https:\/\/santaanadelosguacaras.gob.ar\/sitio\/wp-content\/uploads\/2025\/07\/521617561_1101128228783022_1011153398712596834_n.webp 960w, https:\/\/santaanadelosguacaras.gob.ar\/sitio\/wp-content\/uploads\/2025\/07\/521617561_1101128228783022_1011153398712596834_n-300x169.webp 300w, https:\/\/santaanadelosguacaras.gob.ar\/sitio\/wp-content\/uploads\/2025\/07\/521617561_1101128228783022_1011153398712596834_n-768x433.webp 768w\" sizes=\"auto, (max-width: 960px) 100vw, 960px\" \/><\/a><\/figure>\n\n\n\n<figure class=\"wp-block-image size-large\"><a href=\"https:\/\/santaanadelosguacaras.gob.ar\/sitio\/wp-content\/uploads\/2025\/07\/520223296_1101128275449684_8652082591702906333_n.webp\"><img loading=\"lazy\" decoding=\"async\" width=\"960\" height=\"541\" data-id=\"2633\" src=\"https:\/\/santaanadelosguacaras.gob.ar\/sitio\/wp-content\/uploads\/2025\/07\/520223296_1101128275449684_8652082591702906333_n.webp\" alt=\"\" class=\"wp-image-2633\" srcset=\"https:\/\/santaanadelosguacaras.gob.ar\/sitio\/wp-content\/uploads\/2025\/07\/520223296_1101128275449684_8652082591702906333_n.webp 960w, https:\/\/santaanadelosguacaras.gob.ar\/sitio\/wp-content\/uploads\/2025\/07\/520223296_1101128275449684_8652082591702906333_n-300x169.webp 300w, https:\/\/santaanadelosguacaras.gob.ar\/sitio\/wp-content\/uploads\/2025\/07\/520223296_1101128275449684_8652082591702906333_n-768x433.webp 768w\" sizes=\"auto, (max-width: 960px) 100vw, 960px\" \/><\/a><\/figure>\n\n\n\n<figure class=\"wp-block-image size-large\"><a href=\"https:\/\/santaanadelosguacaras.gob.ar\/sitio\/wp-content\/uploads\/2025\/07\/524190524_1101128312116347_6005629335850912770_n.webp\"><img loading=\"lazy\" decoding=\"async\" width=\"960\" height=\"541\" data-id=\"2630\" src=\"https:\/\/santaanadelosguacaras.gob.ar\/sitio\/wp-content\/uploads\/2025\/07\/524190524_1101128312116347_6005629335850912770_n.webp\" alt=\"\" class=\"wp-image-2630\" srcset=\"https:\/\/santaanadelosguacaras.gob.ar\/sitio\/wp-content\/uploads\/2025\/07\/524190524_1101128312116347_6005629335850912770_n.webp 960w, https:\/\/santaanadelosguacaras.gob.ar\/sitio\/wp-content\/uploads\/2025\/07\/524190524_1101128312116347_6005629335850912770_n-300x169.webp 300w, https:\/\/santaanadelosguacaras.gob.ar\/sitio\/wp-content\/uploads\/2025\/07\/524190524_1101128312116347_6005629335850912770_n-768x433.webp 768w\" sizes=\"auto, (max-width: 960px) 100vw, 960px\" \/><\/a><\/figure>\n\n\n\n<figure class=\"wp-block-image size-large\"><a href=\"https:\/\/santaanadelosguacaras.gob.ar\/sitio\/wp-content\/uploads\/2025\/07\/522718574_1101128368783008_3802608489612813835_n.webp\"><img loading=\"lazy\" decoding=\"async\" width=\"960\" height=\"541\" data-id=\"2626\" src=\"https:\/\/santaanadelosguacaras.gob.ar\/sitio\/wp-content\/uploads\/2025\/07\/522718574_1101128368783008_3802608489612813835_n.webp\" alt=\"\" class=\"wp-image-2626\" srcset=\"https:\/\/santaanadelosguacaras.gob.ar\/sitio\/wp-content\/uploads\/2025\/07\/522718574_1101128368783008_3802608489612813835_n.webp 960w, https:\/\/santaanadelosguacaras.gob.ar\/sitio\/wp-content\/uploads\/2025\/07\/522718574_1101128368783008_3802608489612813835_n-300x169.webp 300w, https:\/\/santaanadelosguacaras.gob.ar\/sitio\/wp-content\/uploads\/2025\/07\/522718574_1101128368783008_3802608489612813835_n-768x433.webp 768w\" sizes=\"auto, (max-width: 960px) 100vw, 960px\" \/><\/a><\/figure>\n\n\n\n<figure class=\"wp-block-image size-large\"><a href=\"https:\/\/santaanadelosguacaras.gob.ar\/sitio\/wp-content\/uploads\/2025\/07\/524221116_1101128415449670_704222923938481718_n.webp\"><img loading=\"lazy\" decoding=\"async\" width=\"960\" height=\"541\" data-id=\"2625\" src=\"https:\/\/santaanadelosguacaras.gob.ar\/sitio\/wp-content\/uploads\/2025\/07\/524221116_1101128415449670_704222923938481718_n.webp\" alt=\"\" class=\"wp-image-2625\" srcset=\"https:\/\/santaanadelosguacaras.gob.ar\/sitio\/wp-content\/uploads\/2025\/07\/524221116_1101128415449670_704222923938481718_n.webp 960w, https:\/\/santaanadelosguacaras.gob.ar\/sitio\/wp-content\/uploads\/2025\/07\/524221116_1101128415449670_704222923938481718_n-300x169.webp 300w, https:\/\/santaanadelosguacaras.gob.ar\/sitio\/wp-content\/uploads\/2025\/07\/524221116_1101128415449670_704222923938481718_n-768x433.webp 768w\" sizes=\"auto, (max-width: 960px) 100vw, 960px\" \/><\/a><\/figure>\n<\/figure>\n","protected":false},"excerpt":{"rendered":"<p>Este 25 de julio, el Colegio Secundario \u201cEscribano Pedro Leconte\u201d celebr\u00f3 sus 40 a\u00f1os de vida institucional en Santa Ana, con un emotivo acto que reuni\u00f3 a autoridades, docentes, estudiantes&hellip; <\/p>\n","protected":false},"author":2,"featured_media":2655,"comment_status":"closed","ping_status":"open","sticky":false,"template":"","format":"standard","meta":{"footnotes":""},"categories":[14],"tags":[],"class_list":["post-2624","post","type-post","status-publish","format-standard","has-post-thumbnail","hentry","category-eventos"],"yoast_head":"<!-- This site is optimized with the Yoast SEO plugin v24.8.1 - https:\/\/yoast.com\/wordpress\/plugins\/seo\/ -->\n<title>40 A\u00f1os del Colegio Secundario \u201cEscribano Pedro Leconte\u201d - Municipalidad de Santa Ana de los Gu\u00e1caras<\/title>\n<meta name=\"robots\" content=\"index, follow, max-snippet:-1, max-image-preview:large, max-video-preview:-1\" \/>\n<link rel=\"canonical\" href=\"https:\/\/santaanadelosguacaras.gob.ar\/sitio\/40-anos-del-colegio-secundario-escribano-pedro-leconte\/\" \/>\n<meta property=\"og:locale\" content=\"es_ES\" \/>\n<meta property=\"og:type\" content=\"article\" \/>\n<meta property=\"og:title\" content=\"40 A\u00f1os del Colegio Secundario \u201cEscribano Pedro Leconte\u201d - Municipalidad de Santa Ana de los Gu\u00e1caras\" \/>\n<meta property=\"og:description\" content=\"Este 25 de julio, el Colegio Secundario \u201cEscribano Pedro Leconte\u201d celebr\u00f3 sus 40 a\u00f1os de vida institucional en Santa Ana, con un emotivo acto que reuni\u00f3 a autoridades, docentes, estudiantes&hellip;\" \/>\n<meta property=\"og:url\" content=\"https:\/\/santaanadelosguacaras.gob.ar\/sitio\/40-anos-del-colegio-secundario-escribano-pedro-leconte\/\" \/>\n<meta property=\"og:site_name\" content=\"Municipalidad de Santa Ana de los Gu\u00e1caras\" \/>\n<meta property=\"article:publisher\" content=\"https:\/\/www.facebook.com\/MuniSantaAnaDeLosGuacaras\" \/>\n<meta property=\"article:published_time\" content=\"2025-07-25T13:32:06+00:00\" \/>\n<meta property=\"article:modified_time\" content=\"2025-07-27T13:40:31+00:00\" \/>\n<meta property=\"og:image\" content=\"https:\/\/santaanadelosguacaras.gob.ar\/sitio\/wp-content\/uploads\/2025\/07\/61090811-936f-4c25-b055-2d5dfeb3fdc6.webp\" \/>\n\t<meta property=\"og:image:width\" content=\"1156\" \/>\n\t<meta property=\"og:image:height\" content=\"651\" \/>\n\t<meta property=\"og:image:type\" content=\"image\/webp\" \/>\n<meta name=\"author\" content=\"Comunicaci\u00f3n\" \/>\n<meta name=\"twitter:card\" content=\"summary_large_image\" \/>\n<meta name=\"twitter:label1\" content=\"Escrito por\" \/>\n\t<meta name=\"twitter:data1\" content=\"Comunicaci\u00f3n\" \/>\n\t<meta name=\"twitter:label2\" content=\"Tiempo de lectura\" \/>\n\t<meta name=\"twitter:data2\" content=\"7 minutos\" \/>\n<script type=\"application\/ld+json\" class=\"yoast-schema-graph\">{\"@context\":\"https:\/\/schema.org\",\"@graph\":[{\"@type\":\"Article\",\"@id\":\"https:\/\/santaanadelosguacaras.gob.ar\/sitio\/40-anos-del-colegio-secundario-escribano-pedro-leconte\/#article\",\"isPartOf\":{\"@id\":\"https:\/\/santaanadelosguacaras.gob.ar\/sitio\/40-anos-del-colegio-secundario-escribano-pedro-leconte\/\"},\"author\":{\"name\":\"Comunicaci\u00f3n\",\"@id\":\"https:\/\/santaanadelosguacaras.gob.ar\/sitio\/#\/schema\/person\/aa85e53bbb5a7c7e19834c20ede5e205\"},\"headline\":\"40 A\u00f1os del Colegio Secundario \u201cEscribano Pedro Leconte\u201d\",\"datePublished\":\"2025-07-25T13:32:06+00:00\",\"dateModified\":\"2025-07-27T13:40:31+00:00\",\"mainEntityOfPage\":{\"@id\":\"https:\/\/santaanadelosguacaras.gob.ar\/sitio\/40-anos-del-colegio-secundario-escribano-pedro-leconte\/\"},\"wordCount\":113,\"publisher\":{\"@id\":\"https:\/\/santaanadelosguacaras.gob.ar\/sitio\/#organization\"},\"image\":{\"@id\":\"https:\/\/santaanadelosguacaras.gob.ar\/sitio\/40-anos-del-colegio-secundario-escribano-pedro-leconte\/#primaryimage\"},\"thumbnailUrl\":\"https:\/\/santaanadelosguacaras.gob.ar\/sitio\/wp-content\/uploads\/2025\/07\/61090811-936f-4c25-b055-2d5dfeb3fdc6.webp\",\"articleSection\":[\"Eventos\"],\"inLanguage\":\"es\"},{\"@type\":\"WebPage\",\"@id\":\"https:\/\/santaanadelosguacaras.gob.ar\/sitio\/40-anos-del-colegio-secundario-escribano-pedro-leconte\/\",\"url\":\"https:\/\/santaanadelosguacaras.gob.ar\/sitio\/40-anos-del-colegio-secundario-escribano-pedro-leconte\/\",\"name\":\"40 A\u00f1os del Colegio Secundario \u201cEscribano Pedro Leconte\u201d - Municipalidad de Santa Ana de los Gu\u00e1caras\",\"isPartOf\":{\"@id\":\"https:\/\/santaanadelosguacaras.gob.ar\/sitio\/#website\"},\"primaryImageOfPage\":{\"@id\":\"https:\/\/santaanadelosguacaras.gob.ar\/sitio\/40-anos-del-colegio-secundario-escribano-pedro-leconte\/#primaryimage\"},\"image\":{\"@id\":\"https:\/\/santaanadelosguacaras.gob.ar\/sitio\/40-anos-del-colegio-secundario-escribano-pedro-leconte\/#primaryimage\"},\"thumbnailUrl\":\"https:\/\/santaanadelosguacaras.gob.ar\/sitio\/wp-content\/uploads\/2025\/07\/61090811-936f-4c25-b055-2d5dfeb3fdc6.webp\",\"datePublished\":\"2025-07-25T13:32:06+00:00\",\"dateModified\":\"2025-07-27T13:40:31+00:00\",\"breadcrumb\":{\"@id\":\"https:\/\/santaanadelosguacaras.gob.ar\/sitio\/40-anos-del-colegio-secundario-escribano-pedro-leconte\/#breadcrumb\"},\"inLanguage\":\"es\",\"potentialAction\":[{\"@type\":\"ReadAction\",\"target\":[\"https:\/\/santaanadelosguacaras.gob.ar\/sitio\/40-anos-del-colegio-secundario-escribano-pedro-leconte\/\"]}]},{\"@type\":\"ImageObject\",\"inLanguage\":\"es\",\"@id\":\"https:\/\/santaanadelosguacaras.gob.ar\/sitio\/40-anos-del-colegio-secundario-escribano-pedro-leconte\/#primaryimage\",\"url\":\"https:\/\/santaanadelosguacaras.gob.ar\/sitio\/wp-content\/uploads\/2025\/07\/61090811-936f-4c25-b055-2d5dfeb3fdc6.webp\",\"contentUrl\":\"https:\/\/santaanadelosguacaras.gob.ar\/sitio\/wp-content\/uploads\/2025\/07\/61090811-936f-4c25-b055-2d5dfeb3fdc6.webp\",\"width\":1156,\"height\":651},{\"@type\":\"BreadcrumbList\",\"@id\":\"https:\/\/santaanadelosguacaras.gob.ar\/sitio\/40-anos-del-colegio-secundario-escribano-pedro-leconte\/#breadcrumb\",\"itemListElement\":[{\"@type\":\"ListItem\",\"position\":1,\"name\":\"Portada\",\"item\":\"https:\/\/santaanadelosguacaras.gob.ar\/sitio\/\"},{\"@type\":\"ListItem\",\"position\":2,\"name\":\"40 A\u00f1os del Colegio Secundario \u201cEscribano Pedro Leconte\u201d\"}]},{\"@type\":\"WebSite\",\"@id\":\"https:\/\/santaanadelosguacaras.gob.ar\/sitio\/#website\",\"url\":\"https:\/\/santaanadelosguacaras.gob.ar\/sitio\/\",\"name\":\"Municipalidad de Santa Ana de los Gu\u00e1caras\",\"description\":\"Descubre Santa Ana de los Gu\u00e1caras, un rinc\u00f3n lleno de historia, cultura y naturaleza en Corrientes. Informaci\u00f3n oficial sobre eventos, turismo, servicios municipales y m\u00e1s. \u00a1Con\u00e9ctate con nuestra comunidad!\",\"publisher\":{\"@id\":\"https:\/\/santaanadelosguacaras.gob.ar\/sitio\/#organization\"},\"alternateName\":\"MuniSantaAna\",\"potentialAction\":[{\"@type\":\"SearchAction\",\"target\":{\"@type\":\"EntryPoint\",\"urlTemplate\":\"https:\/\/santaanadelosguacaras.gob.ar\/sitio\/?s={search_term_string}\"},\"query-input\":{\"@type\":\"PropertyValueSpecification\",\"valueRequired\":true,\"valueName\":\"search_term_string\"}}],\"inLanguage\":\"es\"},{\"@type\":\"Organization\",\"@id\":\"https:\/\/santaanadelosguacaras.gob.ar\/sitio\/#organization\",\"name\":\"Municipalidad de Santa Ana de los Gu\u00e1caras\",\"alternateName\":\"MuniSantaAna\",\"url\":\"https:\/\/santaanadelosguacaras.gob.ar\/sitio\/\",\"logo\":{\"@type\":\"ImageObject\",\"inLanguage\":\"es\",\"@id\":\"https:\/\/santaanadelosguacaras.gob.ar\/sitio\/#\/schema\/logo\/image\/\",\"url\":\"https:\/\/santaanadelosguacaras.gob.ar\/sitio\/wp-content\/uploads\/2024\/12\/cropped-logo_muni_250.png\",\"contentUrl\":\"https:\/\/santaanadelosguacaras.gob.ar\/sitio\/wp-content\/uploads\/2024\/12\/cropped-logo_muni_250.png\",\"width\":247,\"height\":95,\"caption\":\"Municipalidad de Santa Ana de los Gu\u00e1caras\"},\"image\":{\"@id\":\"https:\/\/santaanadelosguacaras.gob.ar\/sitio\/#\/schema\/logo\/image\/\"},\"sameAs\":[\"https:\/\/www.facebook.com\/MuniSantaAnaDeLosGuacaras\",\"https:\/\/www.instagram.com\/muni_santaana_ctes\"]},{\"@type\":\"Person\",\"@id\":\"https:\/\/santaanadelosguacaras.gob.ar\/sitio\/#\/schema\/person\/aa85e53bbb5a7c7e19834c20ede5e205\",\"name\":\"Comunicaci\u00f3n\",\"image\":{\"@type\":\"ImageObject\",\"inLanguage\":\"es\",\"@id\":\"https:\/\/santaanadelosguacaras.gob.ar\/sitio\/#\/schema\/person\/image\/\",\"url\":\"https:\/\/secure.gravatar.com\/avatar\/3e81e68b8dcb0733c78bbafb464befc4a66ce4135950c3e3ac0d3c09e53e7092?s=96&d=mm&r=g\",\"contentUrl\":\"https:\/\/secure.gravatar.com\/avatar\/3e81e68b8dcb0733c78bbafb464befc4a66ce4135950c3e3ac0d3c09e53e7092?s=96&d=mm&r=g\",\"caption\":\"Comunicaci\u00f3n\"}}]}<\/script>\n<!-- \/ Yoast SEO plugin. -->","yoast_head_json":{"title":"40 A\u00f1os del Colegio Secundario \u201cEscribano Pedro Leconte\u201d - Municipalidad de Santa Ana de los Gu\u00e1caras","robots":{"index":"index","follow":"follow","max-snippet":"max-snippet:-1","max-image-preview":"max-image-preview:large","max-video-preview":"max-video-preview:-1"},"canonical":"https:\/\/santaanadelosguacaras.gob.ar\/sitio\/40-anos-del-colegio-secundario-escribano-pedro-leconte\/","og_locale":"es_ES","og_type":"article","og_title":"40 A\u00f1os del Colegio Secundario \u201cEscribano Pedro Leconte\u201d - Municipalidad de Santa Ana de los Gu\u00e1caras","og_description":"Este 25 de julio, el Colegio Secundario \u201cEscribano Pedro Leconte\u201d celebr\u00f3 sus 40 a\u00f1os de vida institucional en Santa Ana, con un emotivo acto que reuni\u00f3 a autoridades, docentes, estudiantes&hellip;","og_url":"https:\/\/santaanadelosguacaras.gob.ar\/sitio\/40-anos-del-colegio-secundario-escribano-pedro-leconte\/","og_site_name":"Municipalidad de Santa Ana de los Gu\u00e1caras","article_publisher":"https:\/\/www.facebook.com\/MuniSantaAnaDeLosGuacaras","article_published_time":"2025-07-25T13:32:06+00:00","article_modified_time":"2025-07-27T13:40:31+00:00","og_image":[{"width":1156,"height":651,"url":"https:\/\/santaanadelosguacaras.gob.ar\/sitio\/wp-content\/uploads\/2025\/07\/61090811-936f-4c25-b055-2d5dfeb3fdc6.webp","type":"image\/webp"}],"author":"Comunicaci\u00f3n","twitter_card":"summary_large_image","twitter_misc":{"Escrito por":"Comunicaci\u00f3n","Tiempo de lectura":"7 minutos"},"schema":{"@context":"https:\/\/schema.org","@graph":[{"@type":"Article","@id":"https:\/\/santaanadelosguacaras.gob.ar\/sitio\/40-anos-del-colegio-secundario-escribano-pedro-leconte\/#article","isPartOf":{"@id":"https:\/\/santaanadelosguacaras.gob.ar\/sitio\/40-anos-del-colegio-secundario-escribano-pedro-leconte\/"},"author":{"name":"Comunicaci\u00f3n","@id":"https:\/\/santaanadelosguacaras.gob.ar\/sitio\/#\/schema\/person\/aa85e53bbb5a7c7e19834c20ede5e205"},"headline":"40 A\u00f1os del Colegio Secundario \u201cEscribano Pedro Leconte\u201d","datePublished":"2025-07-25T13:32:06+00:00","dateModified":"2025-07-27T13:40:31+00:00","mainEntityOfPage":{"@id":"https:\/\/santaanadelosguacaras.gob.ar\/sitio\/40-anos-del-colegio-secundario-escribano-pedro-leconte\/"},"wordCount":113,"publisher":{"@id":"https:\/\/santaanadelosguacaras.gob.ar\/sitio\/#organization"},"image":{"@id":"https:\/\/santaanadelosguacaras.gob.ar\/sitio\/40-anos-del-colegio-secundario-escribano-pedro-leconte\/#primaryimage"},"thumbnailUrl":"https:\/\/santaanadelosguacaras.gob.ar\/sitio\/wp-content\/uploads\/2025\/07\/61090811-936f-4c25-b055-2d5dfeb3fdc6.webp","articleSection":["Eventos"],"inLanguage":"es"},{"@type":"WebPage","@id":"https:\/\/santaanadelosguacaras.gob.ar\/sitio\/40-anos-del-colegio-secundario-escribano-pedro-leconte\/","url":"https:\/\/santaanadelosguacaras.gob.ar\/sitio\/40-anos-del-colegio-secundario-escribano-pedro-leconte\/","name":"40 A\u00f1os del Colegio Secundario \u201cEscribano Pedro Leconte\u201d - Municipalidad de Santa Ana de los Gu\u00e1caras","isPartOf":{"@id":"https:\/\/santaanadelosguacaras.gob.ar\/sitio\/#website"},"primaryImageOfPage":{"@id":"https:\/\/santaanadelosguacaras.gob.ar\/sitio\/40-anos-del-colegio-secundario-escribano-pedro-leconte\/#primaryimage"},"image":{"@id":"https:\/\/santaanadelosguacaras.gob.ar\/sitio\/40-anos-del-colegio-secundario-escribano-pedro-leconte\/#primaryimage"},"thumbnailUrl":"https:\/\/santaanadelosguacaras.gob.ar\/sitio\/wp-content\/uploads\/2025\/07\/61090811-936f-4c25-b055-2d5dfeb3fdc6.webp","datePublished":"2025-07-25T13:32:06+00:00","dateModified":"2025-07-27T13:40:31+00:00","breadcrumb":{"@id":"https:\/\/santaanadelosguacaras.gob.ar\/sitio\/40-anos-del-colegio-secundario-escribano-pedro-leconte\/#breadcrumb"},"inLanguage":"es","potentialAction":[{"@type":"ReadAction","target":["https:\/\/santaanadelosguacaras.gob.ar\/sitio\/40-anos-del-colegio-secundario-escribano-pedro-leconte\/"]}]},{"@type":"ImageObject","inLanguage":"es","@id":"https:\/\/santaanadelosguacaras.gob.ar\/sitio\/40-anos-del-colegio-secundario-escribano-pedro-leconte\/#primaryimage","url":"https:\/\/santaanadelosguacaras.gob.ar\/sitio\/wp-content\/uploads\/2025\/07\/61090811-936f-4c25-b055-2d5dfeb3fdc6.webp","contentUrl":"https:\/\/santaanadelosguacaras.gob.ar\/sitio\/wp-content\/uploads\/2025\/07\/61090811-936f-4c25-b055-2d5dfeb3fdc6.webp","width":1156,"height":651},{"@type":"BreadcrumbList","@id":"https:\/\/santaanadelosguacaras.gob.ar\/sitio\/40-anos-del-colegio-secundario-escribano-pedro-leconte\/#breadcrumb","itemListElement":[{"@type":"ListItem","position":1,"name":"Portada","item":"https:\/\/santaanadelosguacaras.gob.ar\/sitio\/"},{"@type":"ListItem","position":2,"name":"40 A\u00f1os del Colegio Secundario \u201cEscribano Pedro Leconte\u201d"}]},{"@type":"WebSite","@id":"https:\/\/santaanadelosguacaras.gob.ar\/sitio\/#website","url":"https:\/\/santaanadelosguacaras.gob.ar\/sitio\/","name":"Municipalidad de Santa Ana de los Gu\u00e1caras","description":"Descubre Santa Ana de los Gu\u00e1caras, un rinc\u00f3n lleno de historia, cultura y naturaleza en Corrientes. Informaci\u00f3n oficial sobre eventos, turismo, servicios municipales y m\u00e1s. \u00a1Con\u00e9ctate con nuestra comunidad!","publisher":{"@id":"https:\/\/santaanadelosguacaras.gob.ar\/sitio\/#organization"},"alternateName":"MuniSantaAna","potentialAction":[{"@type":"SearchAction","target":{"@type":"EntryPoint","urlTemplate":"https:\/\/santaanadelosguacaras.gob.ar\/sitio\/?s={search_term_string}"},"query-input":{"@type":"PropertyValueSpecification","valueRequired":true,"valueName":"search_term_string"}}],"inLanguage":"es"},{"@type":"Organization","@id":"https:\/\/santaanadelosguacaras.gob.ar\/sitio\/#organization","name":"Municipalidad de Santa Ana de los Gu\u00e1caras","alternateName":"MuniSantaAna","url":"https:\/\/santaanadelosguacaras.gob.ar\/sitio\/","logo":{"@type":"ImageObject","inLanguage":"es","@id":"https:\/\/santaanadelosguacaras.gob.ar\/sitio\/#\/schema\/logo\/image\/","url":"https:\/\/santaanadelosguacaras.gob.ar\/sitio\/wp-content\/uploads\/2024\/12\/cropped-logo_muni_250.png","contentUrl":"https:\/\/santaanadelosguacaras.gob.ar\/sitio\/wp-content\/uploads\/2024\/12\/cropped-logo_muni_250.png","width":247,"height":95,"caption":"Municipalidad de Santa Ana de los Gu\u00e1caras"},"image":{"@id":"https:\/\/santaanadelosguacaras.gob.ar\/sitio\/#\/schema\/logo\/image\/"},"sameAs":["https:\/\/www.facebook.com\/MuniSantaAnaDeLosGuacaras","https:\/\/www.instagram.com\/muni_santaana_ctes"]},{"@type":"Person","@id":"https:\/\/santaanadelosguacaras.gob.ar\/sitio\/#\/schema\/person\/aa85e53bbb5a7c7e19834c20ede5e205","name":"Comunicaci\u00f3n","image":{"@type":"ImageObject","inLanguage":"es","@id":"https:\/\/santaanadelosguacaras.gob.ar\/sitio\/#\/schema\/person\/image\/","url":"https:\/\/secure.gravatar.com\/avatar\/3e81e68b8dcb0733c78bbafb464befc4a66ce4135950c3e3ac0d3c09e53e7092?s=96&d=mm&r=g","contentUrl":"https:\/\/secure.gravatar.com\/avatar\/3e81e68b8dcb0733c78bbafb464befc4a66ce4135950c3e3ac0d3c09e53e7092?s=96&d=mm&r=g","caption":"Comunicaci\u00f3n"}}]}},"_links":{"self":[{"href":"https:\/\/santaanadelosguacaras.gob.ar\/sitio\/wp-json\/wp\/v2\/posts\/2624","targetHints":{"allow":["GET"]}}],"collection":[{"href":"https:\/\/santaanadelosguacaras.gob.ar\/sitio\/wp-json\/wp\/v2\/posts"}],"about":[{"href":"https:\/\/santaanadelosguacaras.gob.ar\/sitio\/wp-json\/wp\/v2\/types\/post"}],"author":[{"embeddable":true,"href":"https:\/\/santaanadelosguacaras.gob.ar\/sitio\/wp-json\/wp\/v2\/users\/2"}],"replies":[{"embeddable":true,"href":"https:\/\/santaanadelosguacaras.gob.ar\/sitio\/wp-json\/wp\/v2\/comments?post=2624"}],"version-history":[{"count":1,"href":"https:\/\/santaanadelosguacaras.gob.ar\/sitio\/wp-json\/wp\/v2\/posts\/2624\/revisions"}],"predecessor-version":[{"id":2656,"href":"https:\/\/santaanadelosguacaras.gob.ar\/sitio\/wp-json\/wp\/v2\/posts\/2624\/revisions\/2656"}],"wp:featuredmedia":[{"embeddable":true,"href":"https:\/\/santaanadelosguacaras.gob.ar\/sitio\/wp-json\/wp\/v2\/media\/2655"}],"wp:attachment":[{"href":"https:\/\/santaanadelosguacaras.gob.ar\/sitio\/wp-json\/wp\/v2\/media?parent=2624"}],"wp:term":[{"taxonomy":"category","embeddable":true,"href":"https:\/\/santaanadelosguacaras.gob.ar\/sitio\/wp-json\/wp\/v2\/categories?post=2624"},{"taxonomy":"post_tag","embeddable":true,"href":"https:\/\/santaanadelosguacaras.gob.ar\/sitio\/wp-json\/wp\/v2\/tags?post=2624"}],"curies":[{"name":"wp","href":"https:\/\/api.w.org\/{rel}","templated":true}]}}