{"id":2698,"date":"2025-07-30T23:01:29","date_gmt":"2025-07-31T02:01:29","guid":{"rendered":"https:\/\/santaanadelosguacaras.gob.ar\/sitio\/?p=2698"},"modified":"2025-07-30T23:01:30","modified_gmt":"2025-07-31T02:01:30","slug":"tarjeta-sapucay-2","status":"publish","type":"post","link":"https:\/\/santaanadelosguacaras.gob.ar\/sitio\/tarjeta-sapucay-2\/","title":{"rendered":"Tarjeta Sapucay"},"content":{"rendered":"\n<p>La Direcci\u00f3n de Acci\u00f3n de Social de Santa Ana informa que la Tarjeta Sapucay est\u00e1 habilitada desde el 30 de julio hasta el 21 de agosto 2025, con la acreditaci\u00f3n de los montos correspondientes.<\/p>\n\n\n\n<p>Ante consulta, asesoramiento, sobre este Programa del Gobierno de Corrientes, la Direcci\u00f3n de Acci\u00f3n Social, est\u00e1 a su disposici\u00f3n.<\/p>\n\n\n\n<p>Tel\u00e9fono: 3795 323232<\/p>\n\n\n\n<figure class=\"wp-block-image size-full\"><a href=\"https:\/\/santaanadelosguacaras.gob.ar\/sitio\/wp-content\/uploads\/2025\/07\/a013f7a0-c075-437f-88b0-8965b5dedca4.webp\"><img loading=\"lazy\" decoding=\"async\" width=\"720\" height=\"899\" src=\"https:\/\/santaanadelosguacaras.gob.ar\/sitio\/wp-content\/uploads\/2025\/07\/a013f7a0-c075-437f-88b0-8965b5dedca4.webp\" alt=\"\" class=\"wp-image-2693\" srcset=\"https:\/\/santaanadelosguacaras.gob.ar\/sitio\/wp-content\/uploads\/2025\/07\/a013f7a0-c075-437f-88b0-8965b5dedca4.webp 720w, https:\/\/santaanadelosguacaras.gob.ar\/sitio\/wp-content\/uploads\/2025\/07\/a013f7a0-c075-437f-88b0-8965b5dedca4-240x300.webp 240w\" sizes=\"auto, (max-width: 720px) 100vw, 720px\" \/><\/a><\/figure>\n","protected":false},"excerpt":{"rendered":"<p>La Direcci\u00f3n de Acci\u00f3n de Social de Santa Ana informa que la Tarjeta Sapucay est\u00e1 habilitada desde el 30 de julio hasta el 21 de agosto 2025, con la acreditaci\u00f3n&hellip; <\/p>\n","protected":false},"author":2,"featured_media":2693,"comment_status":"closed","ping_status":"open","sticky":false,"template":"","format":"standard","meta":{"footnotes":""},"categories":[4],"tags":[],"class_list":["post-2698","post","type-post","status-publish","format-standard","has-post-thumbnail","hentry","category-accion-social"],"yoast_head":"<!-- This site is optimized with the Yoast SEO plugin v24.8.1 - https:\/\/yoast.com\/wordpress\/plugins\/seo\/ -->\n<title>Tarjeta Sapucay - Municipalidad de Santa Ana de los Gu\u00e1caras<\/title>\n<meta name=\"robots\" content=\"index, follow, max-snippet:-1, max-image-preview:large, max-video-preview:-1\" \/>\n<link rel=\"canonical\" href=\"https:\/\/santaanadelosguacaras.gob.ar\/sitio\/tarjeta-sapucay-2\/\" \/>\n<meta property=\"og:locale\" content=\"es_ES\" \/>\n<meta property=\"og:type\" content=\"article\" \/>\n<meta property=\"og:title\" content=\"Tarjeta Sapucay - Municipalidad de Santa Ana de los Gu\u00e1caras\" \/>\n<meta property=\"og:description\" content=\"La Direcci\u00f3n de Acci\u00f3n de Social de Santa Ana informa que la Tarjeta Sapucay est\u00e1 habilitada desde el 30 de julio hasta el 21 de agosto 2025, con la acreditaci\u00f3n&hellip;\" \/>\n<meta property=\"og:url\" content=\"https:\/\/santaanadelosguacaras.gob.ar\/sitio\/tarjeta-sapucay-2\/\" \/>\n<meta property=\"og:site_name\" content=\"Municipalidad de Santa Ana de los Gu\u00e1caras\" \/>\n<meta property=\"article:publisher\" content=\"https:\/\/www.facebook.com\/MuniSantaAnaDeLosGuacaras\" \/>\n<meta property=\"article:published_time\" content=\"2025-07-31T02:01:29+00:00\" \/>\n<meta property=\"article:modified_time\" content=\"2025-07-31T02:01:30+00:00\" \/>\n<meta property=\"og:image\" content=\"https:\/\/santaanadelosguacaras.gob.ar\/sitio\/wp-content\/uploads\/2025\/07\/a013f7a0-c075-437f-88b0-8965b5dedca4.webp\" \/>\n\t<meta property=\"og:image:width\" content=\"720\" \/>\n\t<meta property=\"og:image:height\" content=\"899\" \/>\n\t<meta property=\"og:image:type\" content=\"image\/webp\" \/>\n<meta name=\"author\" content=\"Comunicaci\u00f3n\" \/>\n<meta name=\"twitter:card\" content=\"summary_large_image\" \/>\n<meta name=\"twitter:label1\" content=\"Escrito por\" \/>\n\t<meta name=\"twitter:data1\" content=\"Comunicaci\u00f3n\" \/>\n\t<meta name=\"twitter:label2\" content=\"Tiempo de lectura\" \/>\n\t<meta name=\"twitter:data2\" content=\"1 minuto\" \/>\n<script type=\"application\/ld+json\" class=\"yoast-schema-graph\">{\"@context\":\"https:\/\/schema.org\",\"@graph\":[{\"@type\":\"Article\",\"@id\":\"https:\/\/santaanadelosguacaras.gob.ar\/sitio\/tarjeta-sapucay-2\/#article\",\"isPartOf\":{\"@id\":\"https:\/\/santaanadelosguacaras.gob.ar\/sitio\/tarjeta-sapucay-2\/\"},\"author\":{\"name\":\"Comunicaci\u00f3n\",\"@id\":\"https:\/\/santaanadelosguacaras.gob.ar\/sitio\/#\/schema\/person\/aa85e53bbb5a7c7e19834c20ede5e205\"},\"headline\":\"Tarjeta Sapucay\",\"datePublished\":\"2025-07-31T02:01:29+00:00\",\"dateModified\":\"2025-07-31T02:01:30+00:00\",\"mainEntityOfPage\":{\"@id\":\"https:\/\/santaanadelosguacaras.gob.ar\/sitio\/tarjeta-sapucay-2\/\"},\"wordCount\":60,\"publisher\":{\"@id\":\"https:\/\/santaanadelosguacaras.gob.ar\/sitio\/#organization\"},\"image\":{\"@id\":\"https:\/\/santaanadelosguacaras.gob.ar\/sitio\/tarjeta-sapucay-2\/#primaryimage\"},\"thumbnailUrl\":\"https:\/\/santaanadelosguacaras.gob.ar\/sitio\/wp-content\/uploads\/2025\/07\/a013f7a0-c075-437f-88b0-8965b5dedca4.webp\",\"articleSection\":[\"Acci\u00f3n Social\"],\"inLanguage\":\"es\"},{\"@type\":\"WebPage\",\"@id\":\"https:\/\/santaanadelosguacaras.gob.ar\/sitio\/tarjeta-sapucay-2\/\",\"url\":\"https:\/\/santaanadelosguacaras.gob.ar\/sitio\/tarjeta-sapucay-2\/\",\"name\":\"Tarjeta Sapucay - Municipalidad de Santa Ana de los Gu\u00e1caras\",\"isPartOf\":{\"@id\":\"https:\/\/santaanadelosguacaras.gob.ar\/sitio\/#website\"},\"primaryImageOfPage\":{\"@id\":\"https:\/\/santaanadelosguacaras.gob.ar\/sitio\/tarjeta-sapucay-2\/#primaryimage\"},\"image\":{\"@id\":\"https:\/\/santaanadelosguacaras.gob.ar\/sitio\/tarjeta-sapucay-2\/#primaryimage\"},\"thumbnailUrl\":\"https:\/\/santaanadelosguacaras.gob.ar\/sitio\/wp-content\/uploads\/2025\/07\/a013f7a0-c075-437f-88b0-8965b5dedca4.webp\",\"datePublished\":\"2025-07-31T02:01:29+00:00\",\"dateModified\":\"2025-07-31T02:01:30+00:00\",\"breadcrumb\":{\"@id\":\"https:\/\/santaanadelosguacaras.gob.ar\/sitio\/tarjeta-sapucay-2\/#breadcrumb\"},\"inLanguage\":\"es\",\"potentialAction\":[{\"@type\":\"ReadAction\",\"target\":[\"https:\/\/santaanadelosguacaras.gob.ar\/sitio\/tarjeta-sapucay-2\/\"]}]},{\"@type\":\"ImageObject\",\"inLanguage\":\"es\",\"@id\":\"https:\/\/santaanadelosguacaras.gob.ar\/sitio\/tarjeta-sapucay-2\/#primaryimage\",\"url\":\"https:\/\/santaanadelosguacaras.gob.ar\/sitio\/wp-content\/uploads\/2025\/07\/a013f7a0-c075-437f-88b0-8965b5dedca4.webp\",\"contentUrl\":\"https:\/\/santaanadelosguacaras.gob.ar\/sitio\/wp-content\/uploads\/2025\/07\/a013f7a0-c075-437f-88b0-8965b5dedca4.webp\",\"width\":720,\"height\":899},{\"@type\":\"BreadcrumbList\",\"@id\":\"https:\/\/santaanadelosguacaras.gob.ar\/sitio\/tarjeta-sapucay-2\/#breadcrumb\",\"itemListElement\":[{\"@type\":\"ListItem\",\"position\":1,\"name\":\"Portada\",\"item\":\"https:\/\/santaanadelosguacaras.gob.ar\/sitio\/\"},{\"@type\":\"ListItem\",\"position\":2,\"name\":\"Tarjeta Sapucay\"}]},{\"@type\":\"WebSite\",\"@id\":\"https:\/\/santaanadelosguacaras.gob.ar\/sitio\/#website\",\"url\":\"https:\/\/santaanadelosguacaras.gob.ar\/sitio\/\",\"name\":\"Municipalidad de Santa Ana de los Gu\u00e1caras\",\"description\":\"Descubre Santa Ana de los Gu\u00e1caras, un rinc\u00f3n lleno de historia, cultura y naturaleza en Corrientes. Informaci\u00f3n oficial sobre eventos, turismo, servicios municipales y m\u00e1s. \u00a1Con\u00e9ctate con nuestra comunidad!\",\"publisher\":{\"@id\":\"https:\/\/santaanadelosguacaras.gob.ar\/sitio\/#organization\"},\"alternateName\":\"MuniSantaAna\",\"potentialAction\":[{\"@type\":\"SearchAction\",\"target\":{\"@type\":\"EntryPoint\",\"urlTemplate\":\"https:\/\/santaanadelosguacaras.gob.ar\/sitio\/?s={search_term_string}\"},\"query-input\":{\"@type\":\"PropertyValueSpecification\",\"valueRequired\":true,\"valueName\":\"search_term_string\"}}],\"inLanguage\":\"es\"},{\"@type\":\"Organization\",\"@id\":\"https:\/\/santaanadelosguacaras.gob.ar\/sitio\/#organization\",\"name\":\"Municipalidad de Santa Ana de los Gu\u00e1caras\",\"alternateName\":\"MuniSantaAna\",\"url\":\"https:\/\/santaanadelosguacaras.gob.ar\/sitio\/\",\"logo\":{\"@type\":\"ImageObject\",\"inLanguage\":\"es\",\"@id\":\"https:\/\/santaanadelosguacaras.gob.ar\/sitio\/#\/schema\/logo\/image\/\",\"url\":\"https:\/\/santaanadelosguacaras.gob.ar\/sitio\/wp-content\/uploads\/2024\/12\/cropped-logo_muni_250.png\",\"contentUrl\":\"https:\/\/santaanadelosguacaras.gob.ar\/sitio\/wp-content\/uploads\/2024\/12\/cropped-logo_muni_250.png\",\"width\":247,\"height\":95,\"caption\":\"Municipalidad de Santa Ana de los Gu\u00e1caras\"},\"image\":{\"@id\":\"https:\/\/santaanadelosguacaras.gob.ar\/sitio\/#\/schema\/logo\/image\/\"},\"sameAs\":[\"https:\/\/www.facebook.com\/MuniSantaAnaDeLosGuacaras\",\"https:\/\/www.instagram.com\/muni_santaana_ctes\"]},{\"@type\":\"Person\",\"@id\":\"https:\/\/santaanadelosguacaras.gob.ar\/sitio\/#\/schema\/person\/aa85e53bbb5a7c7e19834c20ede5e205\",\"name\":\"Comunicaci\u00f3n\",\"image\":{\"@type\":\"ImageObject\",\"inLanguage\":\"es\",\"@id\":\"https:\/\/santaanadelosguacaras.gob.ar\/sitio\/#\/schema\/person\/image\/\",\"url\":\"https:\/\/secure.gravatar.com\/avatar\/3e81e68b8dcb0733c78bbafb464befc4a66ce4135950c3e3ac0d3c09e53e7092?s=96&d=mm&r=g\",\"contentUrl\":\"https:\/\/secure.gravatar.com\/avatar\/3e81e68b8dcb0733c78bbafb464befc4a66ce4135950c3e3ac0d3c09e53e7092?s=96&d=mm&r=g\",\"caption\":\"Comunicaci\u00f3n\"}}]}<\/script>\n<!-- \/ Yoast SEO plugin. -->","yoast_head_json":{"title":"Tarjeta Sapucay - Municipalidad de Santa Ana de los Gu\u00e1caras","robots":{"index":"index","follow":"follow","max-snippet":"max-snippet:-1","max-image-preview":"max-image-preview:large","max-video-preview":"max-video-preview:-1"},"canonical":"https:\/\/santaanadelosguacaras.gob.ar\/sitio\/tarjeta-sapucay-2\/","og_locale":"es_ES","og_type":"article","og_title":"Tarjeta Sapucay - Municipalidad de Santa Ana de los Gu\u00e1caras","og_description":"La Direcci\u00f3n de Acci\u00f3n de Social de Santa Ana informa que la Tarjeta Sapucay est\u00e1 habilitada desde el 30 de julio hasta el 21 de agosto 2025, con la acreditaci\u00f3n&hellip;","og_url":"https:\/\/santaanadelosguacaras.gob.ar\/sitio\/tarjeta-sapucay-2\/","og_site_name":"Municipalidad de Santa Ana de los Gu\u00e1caras","article_publisher":"https:\/\/www.facebook.com\/MuniSantaAnaDeLosGuacaras","article_published_time":"2025-07-31T02:01:29+00:00","article_modified_time":"2025-07-31T02:01:30+00:00","og_image":[{"width":720,"height":899,"url":"https:\/\/santaanadelosguacaras.gob.ar\/sitio\/wp-content\/uploads\/2025\/07\/a013f7a0-c075-437f-88b0-8965b5dedca4.webp","type":"image\/webp"}],"author":"Comunicaci\u00f3n","twitter_card":"summary_large_image","twitter_misc":{"Escrito por":"Comunicaci\u00f3n","Tiempo de lectura":"1 minuto"},"schema":{"@context":"https:\/\/schema.org","@graph":[{"@type":"Article","@id":"https:\/\/santaanadelosguacaras.gob.ar\/sitio\/tarjeta-sapucay-2\/#article","isPartOf":{"@id":"https:\/\/santaanadelosguacaras.gob.ar\/sitio\/tarjeta-sapucay-2\/"},"author":{"name":"Comunicaci\u00f3n","@id":"https:\/\/santaanadelosguacaras.gob.ar\/sitio\/#\/schema\/person\/aa85e53bbb5a7c7e19834c20ede5e205"},"headline":"Tarjeta Sapucay","datePublished":"2025-07-31T02:01:29+00:00","dateModified":"2025-07-31T02:01:30+00:00","mainEntityOfPage":{"@id":"https:\/\/santaanadelosguacaras.gob.ar\/sitio\/tarjeta-sapucay-2\/"},"wordCount":60,"publisher":{"@id":"https:\/\/santaanadelosguacaras.gob.ar\/sitio\/#organization"},"image":{"@id":"https:\/\/santaanadelosguacaras.gob.ar\/sitio\/tarjeta-sapucay-2\/#primaryimage"},"thumbnailUrl":"https:\/\/santaanadelosguacaras.gob.ar\/sitio\/wp-content\/uploads\/2025\/07\/a013f7a0-c075-437f-88b0-8965b5dedca4.webp","articleSection":["Acci\u00f3n Social"],"inLanguage":"es"},{"@type":"WebPage","@id":"https:\/\/santaanadelosguacaras.gob.ar\/sitio\/tarjeta-sapucay-2\/","url":"https:\/\/santaanadelosguacaras.gob.ar\/sitio\/tarjeta-sapucay-2\/","name":"Tarjeta Sapucay - Municipalidad de Santa Ana de los Gu\u00e1caras","isPartOf":{"@id":"https:\/\/santaanadelosguacaras.gob.ar\/sitio\/#website"},"primaryImageOfPage":{"@id":"https:\/\/santaanadelosguacaras.gob.ar\/sitio\/tarjeta-sapucay-2\/#primaryimage"},"image":{"@id":"https:\/\/santaanadelosguacaras.gob.ar\/sitio\/tarjeta-sapucay-2\/#primaryimage"},"thumbnailUrl":"https:\/\/santaanadelosguacaras.gob.ar\/sitio\/wp-content\/uploads\/2025\/07\/a013f7a0-c075-437f-88b0-8965b5dedca4.webp","datePublished":"2025-07-31T02:01:29+00:00","dateModified":"2025-07-31T02:01:30+00:00","breadcrumb":{"@id":"https:\/\/santaanadelosguacaras.gob.ar\/sitio\/tarjeta-sapucay-2\/#breadcrumb"},"inLanguage":"es","potentialAction":[{"@type":"ReadAction","target":["https:\/\/santaanadelosguacaras.gob.ar\/sitio\/tarjeta-sapucay-2\/"]}]},{"@type":"ImageObject","inLanguage":"es","@id":"https:\/\/santaanadelosguacaras.gob.ar\/sitio\/tarjeta-sapucay-2\/#primaryimage","url":"https:\/\/santaanadelosguacaras.gob.ar\/sitio\/wp-content\/uploads\/2025\/07\/a013f7a0-c075-437f-88b0-8965b5dedca4.webp","contentUrl":"https:\/\/santaanadelosguacaras.gob.ar\/sitio\/wp-content\/uploads\/2025\/07\/a013f7a0-c075-437f-88b0-8965b5dedca4.webp","width":720,"height":899},{"@type":"BreadcrumbList","@id":"https:\/\/santaanadelosguacaras.gob.ar\/sitio\/tarjeta-sapucay-2\/#breadcrumb","itemListElement":[{"@type":"ListItem","position":1,"name":"Portada","item":"https:\/\/santaanadelosguacaras.gob.ar\/sitio\/"},{"@type":"ListItem","position":2,"name":"Tarjeta Sapucay"}]},{"@type":"WebSite","@id":"https:\/\/santaanadelosguacaras.gob.ar\/sitio\/#website","url":"https:\/\/santaanadelosguacaras.gob.ar\/sitio\/","name":"Municipalidad de Santa Ana de los Gu\u00e1caras","description":"Descubre Santa Ana de los Gu\u00e1caras, un rinc\u00f3n lleno de historia, cultura y naturaleza en Corrientes. Informaci\u00f3n oficial sobre eventos, turismo, servicios municipales y m\u00e1s. \u00a1Con\u00e9ctate con nuestra comunidad!","publisher":{"@id":"https:\/\/santaanadelosguacaras.gob.ar\/sitio\/#organization"},"alternateName":"MuniSantaAna","potentialAction":[{"@type":"SearchAction","target":{"@type":"EntryPoint","urlTemplate":"https:\/\/santaanadelosguacaras.gob.ar\/sitio\/?s={search_term_string}"},"query-input":{"@type":"PropertyValueSpecification","valueRequired":true,"valueName":"search_term_string"}}],"inLanguage":"es"},{"@type":"Organization","@id":"https:\/\/santaanadelosguacaras.gob.ar\/sitio\/#organization","name":"Municipalidad de Santa Ana de los Gu\u00e1caras","alternateName":"MuniSantaAna","url":"https:\/\/santaanadelosguacaras.gob.ar\/sitio\/","logo":{"@type":"ImageObject","inLanguage":"es","@id":"https:\/\/santaanadelosguacaras.gob.ar\/sitio\/#\/schema\/logo\/image\/","url":"https:\/\/santaanadelosguacaras.gob.ar\/sitio\/wp-content\/uploads\/2024\/12\/cropped-logo_muni_250.png","contentUrl":"https:\/\/santaanadelosguacaras.gob.ar\/sitio\/wp-content\/uploads\/2024\/12\/cropped-logo_muni_250.png","width":247,"height":95,"caption":"Municipalidad de Santa Ana de los Gu\u00e1caras"},"image":{"@id":"https:\/\/santaanadelosguacaras.gob.ar\/sitio\/#\/schema\/logo\/image\/"},"sameAs":["https:\/\/www.facebook.com\/MuniSantaAnaDeLosGuacaras","https:\/\/www.instagram.com\/muni_santaana_ctes"]},{"@type":"Person","@id":"https:\/\/santaanadelosguacaras.gob.ar\/sitio\/#\/schema\/person\/aa85e53bbb5a7c7e19834c20ede5e205","name":"Comunicaci\u00f3n","image":{"@type":"ImageObject","inLanguage":"es","@id":"https:\/\/santaanadelosguacaras.gob.ar\/sitio\/#\/schema\/person\/image\/","url":"https:\/\/secure.gravatar.com\/avatar\/3e81e68b8dcb0733c78bbafb464befc4a66ce4135950c3e3ac0d3c09e53e7092?s=96&d=mm&r=g","contentUrl":"https:\/\/secure.gravatar.com\/avatar\/3e81e68b8dcb0733c78bbafb464befc4a66ce4135950c3e3ac0d3c09e53e7092?s=96&d=mm&r=g","caption":"Comunicaci\u00f3n"}}]}},"_links":{"self":[{"href":"https:\/\/santaanadelosguacaras.gob.ar\/sitio\/wp-json\/wp\/v2\/posts\/2698","targetHints":{"allow":["GET"]}}],"collection":[{"href":"https:\/\/santaanadelosguacaras.gob.ar\/sitio\/wp-json\/wp\/v2\/posts"}],"about":[{"href":"https:\/\/santaanadelosguacaras.gob.ar\/sitio\/wp-json\/wp\/v2\/types\/post"}],"author":[{"embeddable":true,"href":"https:\/\/santaanadelosguacaras.gob.ar\/sitio\/wp-json\/wp\/v2\/users\/2"}],"replies":[{"embeddable":true,"href":"https:\/\/santaanadelosguacaras.gob.ar\/sitio\/wp-json\/wp\/v2\/comments?post=2698"}],"version-history":[{"count":1,"href":"https:\/\/santaanadelosguacaras.gob.ar\/sitio\/wp-json\/wp\/v2\/posts\/2698\/revisions"}],"predecessor-version":[{"id":2699,"href":"https:\/\/santaanadelosguacaras.gob.ar\/sitio\/wp-json\/wp\/v2\/posts\/2698\/revisions\/2699"}],"wp:featuredmedia":[{"embeddable":true,"href":"https:\/\/santaanadelosguacaras.gob.ar\/sitio\/wp-json\/wp\/v2\/media\/2693"}],"wp:attachment":[{"href":"https:\/\/santaanadelosguacaras.gob.ar\/sitio\/wp-json\/wp\/v2\/media?parent=2698"}],"wp:term":[{"taxonomy":"category","embeddable":true,"href":"https:\/\/santaanadelosguacaras.gob.ar\/sitio\/wp-json\/wp\/v2\/categories?post=2698"},{"taxonomy":"post_tag","embeddable":true,"href":"https:\/\/santaanadelosguacaras.gob.ar\/sitio\/wp-json\/wp\/v2\/tags?post=2698"}],"curies":[{"name":"wp","href":"https:\/\/api.w.org\/{rel}","templated":true}]}}