{"id":2712,"date":"2025-08-04T14:11:34","date_gmt":"2025-08-04T17:11:34","guid":{"rendered":"https:\/\/santaanadelosguacaras.gob.ar\/sitio\/?p=2712"},"modified":"2025-08-04T14:11:35","modified_gmt":"2025-08-04T17:11:35","slug":"encuentro-comunitario-en-convite-de-cana-con-ruda","status":"publish","type":"post","link":"https:\/\/santaanadelosguacaras.gob.ar\/sitio\/encuentro-comunitario-en-convite-de-cana-con-ruda\/","title":{"rendered":"Encuentro comunitario en convite de ca\u00f1a con ruda"},"content":{"rendered":"\n<p>Con la participaci\u00f3n de vecinos y visitantes, este 1 de agosto se realiz\u00f3 el tradicional convite de la ca\u00f1a con ruda, una costumbre arraigada en nuestro pueblo.<\/p>\n\n\n\n<p>Esta pr\u00e1ctica ancestral, que se transmite de generaci\u00f3n en generaci\u00f3n, no solo celebra el inicio del mes, sino que tambi\u00e9n simboliza protecci\u00f3n, salud y buenos augurios. Un momento de encuentro comunitario que fortalece la identidad cultural.<\/p>\n\n\n\n<figure class=\"wp-block-gallery has-nested-images columns-default is-cropped wp-block-gallery-1 is-layout-flex wp-block-gallery-is-layout-flex\">\n<figure class=\"wp-block-image size-large\"><a href=\"https:\/\/santaanadelosguacaras.gob.ar\/sitio\/wp-content\/uploads\/2025\/08\/2421d943-a377-4f10-9705-3f268299192b.webp\"><img loading=\"lazy\" decoding=\"async\" width=\"725\" height=\"1024\" data-id=\"2719\" src=\"https:\/\/santaanadelosguacaras.gob.ar\/sitio\/wp-content\/uploads\/2025\/08\/2421d943-a377-4f10-9705-3f268299192b-725x1024.webp\" alt=\"\" class=\"wp-image-2719\" srcset=\"https:\/\/santaanadelosguacaras.gob.ar\/sitio\/wp-content\/uploads\/2025\/08\/2421d943-a377-4f10-9705-3f268299192b-725x1024.webp 725w, https:\/\/santaanadelosguacaras.gob.ar\/sitio\/wp-content\/uploads\/2025\/08\/2421d943-a377-4f10-9705-3f268299192b-212x300.webp 212w, https:\/\/santaanadelosguacaras.gob.ar\/sitio\/wp-content\/uploads\/2025\/08\/2421d943-a377-4f10-9705-3f268299192b-768x1085.webp 768w, https:\/\/santaanadelosguacaras.gob.ar\/sitio\/wp-content\/uploads\/2025\/08\/2421d943-a377-4f10-9705-3f268299192b.webp 900w\" sizes=\"auto, (max-width: 725px) 100vw, 725px\" \/><\/a><\/figure>\n\n\n\n<figure class=\"wp-block-image size-large\"><a href=\"https:\/\/santaanadelosguacaras.gob.ar\/sitio\/wp-content\/uploads\/2025\/08\/ea9f11c1-c9a0-4af2-8dc1-6d2c76997745.webp\"><img loading=\"lazy\" decoding=\"async\" width=\"835\" height=\"1024\" data-id=\"2717\" src=\"https:\/\/santaanadelosguacaras.gob.ar\/sitio\/wp-content\/uploads\/2025\/08\/ea9f11c1-c9a0-4af2-8dc1-6d2c76997745-835x1024.webp\" alt=\"\" class=\"wp-image-2717\" srcset=\"https:\/\/santaanadelosguacaras.gob.ar\/sitio\/wp-content\/uploads\/2025\/08\/ea9f11c1-c9a0-4af2-8dc1-6d2c76997745-835x1024.webp 835w, https:\/\/santaanadelosguacaras.gob.ar\/sitio\/wp-content\/uploads\/2025\/08\/ea9f11c1-c9a0-4af2-8dc1-6d2c76997745-245x300.webp 245w, https:\/\/santaanadelosguacaras.gob.ar\/sitio\/wp-content\/uploads\/2025\/08\/ea9f11c1-c9a0-4af2-8dc1-6d2c76997745-768x942.webp 768w, https:\/\/santaanadelosguacaras.gob.ar\/sitio\/wp-content\/uploads\/2025\/08\/ea9f11c1-c9a0-4af2-8dc1-6d2c76997745.webp 900w\" sizes=\"auto, (max-width: 835px) 100vw, 835px\" \/><\/a><\/figure>\n\n\n\n<figure class=\"wp-block-image size-large\"><a href=\"https:\/\/santaanadelosguacaras.gob.ar\/sitio\/wp-content\/uploads\/2025\/08\/bd2c1e45-7ae5-4c04-9560-471afbef76c0.webp\"><img loading=\"lazy\" decoding=\"async\" width=\"960\" height=\"1024\" data-id=\"2713\" src=\"https:\/\/santaanadelosguacaras.gob.ar\/sitio\/wp-content\/uploads\/2025\/08\/bd2c1e45-7ae5-4c04-9560-471afbef76c0-960x1024.webp\" alt=\"\" class=\"wp-image-2713\" srcset=\"https:\/\/santaanadelosguacaras.gob.ar\/sitio\/wp-content\/uploads\/2025\/08\/bd2c1e45-7ae5-4c04-9560-471afbef76c0-960x1024.webp 960w, https:\/\/santaanadelosguacaras.gob.ar\/sitio\/wp-content\/uploads\/2025\/08\/bd2c1e45-7ae5-4c04-9560-471afbef76c0-281x300.webp 281w, https:\/\/santaanadelosguacaras.gob.ar\/sitio\/wp-content\/uploads\/2025\/08\/bd2c1e45-7ae5-4c04-9560-471afbef76c0-768x820.webp 768w, https:\/\/santaanadelosguacaras.gob.ar\/sitio\/wp-content\/uploads\/2025\/08\/bd2c1e45-7ae5-4c04-9560-471afbef76c0.webp 983w\" sizes=\"auto, (max-width: 960px) 100vw, 960px\" \/><\/a><\/figure>\n\n\n\n<figure class=\"wp-block-image size-large\"><a href=\"https:\/\/santaanadelosguacaras.gob.ar\/sitio\/wp-content\/uploads\/2025\/08\/8b20194e-9c29-4454-802c-355710b09051.webp\"><img loading=\"lazy\" decoding=\"async\" width=\"893\" height=\"1024\" data-id=\"2718\" src=\"https:\/\/santaanadelosguacaras.gob.ar\/sitio\/wp-content\/uploads\/2025\/08\/8b20194e-9c29-4454-802c-355710b09051-893x1024.webp\" alt=\"\" class=\"wp-image-2718\" srcset=\"https:\/\/santaanadelosguacaras.gob.ar\/sitio\/wp-content\/uploads\/2025\/08\/8b20194e-9c29-4454-802c-355710b09051-893x1024.webp 893w, https:\/\/santaanadelosguacaras.gob.ar\/sitio\/wp-content\/uploads\/2025\/08\/8b20194e-9c29-4454-802c-355710b09051-262x300.webp 262w, https:\/\/santaanadelosguacaras.gob.ar\/sitio\/wp-content\/uploads\/2025\/08\/8b20194e-9c29-4454-802c-355710b09051-768x880.webp 768w, https:\/\/santaanadelosguacaras.gob.ar\/sitio\/wp-content\/uploads\/2025\/08\/8b20194e-9c29-4454-802c-355710b09051.webp 1020w\" sizes=\"auto, (max-width: 893px) 100vw, 893px\" \/><\/a><\/figure>\n\n\n\n<figure class=\"wp-block-image size-large\"><a href=\"https:\/\/santaanadelosguacaras.gob.ar\/sitio\/wp-content\/uploads\/2025\/08\/49f76642-d3e9-498a-825e-9bbc40c01084.webp\"><img loading=\"lazy\" decoding=\"async\" width=\"1024\" height=\"1007\" data-id=\"2722\" src=\"https:\/\/santaanadelosguacaras.gob.ar\/sitio\/wp-content\/uploads\/2025\/08\/49f76642-d3e9-498a-825e-9bbc40c01084-1024x1007.webp\" alt=\"\" class=\"wp-image-2722\" srcset=\"https:\/\/santaanadelosguacaras.gob.ar\/sitio\/wp-content\/uploads\/2025\/08\/49f76642-d3e9-498a-825e-9bbc40c01084-1024x1007.webp 1024w, https:\/\/santaanadelosguacaras.gob.ar\/sitio\/wp-content\/uploads\/2025\/08\/49f76642-d3e9-498a-825e-9bbc40c01084-300x295.webp 300w, https:\/\/santaanadelosguacaras.gob.ar\/sitio\/wp-content\/uploads\/2025\/08\/49f76642-d3e9-498a-825e-9bbc40c01084-768x755.webp 768w, https:\/\/santaanadelosguacaras.gob.ar\/sitio\/wp-content\/uploads\/2025\/08\/49f76642-d3e9-498a-825e-9bbc40c01084.webp 1200w\" sizes=\"auto, (max-width: 1024px) 100vw, 1024px\" \/><\/a><\/figure>\n\n\n\n<figure class=\"wp-block-image size-large\"><a href=\"https:\/\/santaanadelosguacaras.gob.ar\/sitio\/wp-content\/uploads\/2025\/08\/44b81c36-5532-4131-9436-0d43c2b6c52d.webp\"><img loading=\"lazy\" decoding=\"async\" width=\"929\" height=\"1024\" data-id=\"2715\" src=\"https:\/\/santaanadelosguacaras.gob.ar\/sitio\/wp-content\/uploads\/2025\/08\/44b81c36-5532-4131-9436-0d43c2b6c52d-929x1024.webp\" alt=\"\" class=\"wp-image-2715\" srcset=\"https:\/\/santaanadelosguacaras.gob.ar\/sitio\/wp-content\/uploads\/2025\/08\/44b81c36-5532-4131-9436-0d43c2b6c52d-929x1024.webp 929w, https:\/\/santaanadelosguacaras.gob.ar\/sitio\/wp-content\/uploads\/2025\/08\/44b81c36-5532-4131-9436-0d43c2b6c52d-272x300.webp 272w, https:\/\/santaanadelosguacaras.gob.ar\/sitio\/wp-content\/uploads\/2025\/08\/44b81c36-5532-4131-9436-0d43c2b6c52d-768x847.webp 768w, https:\/\/santaanadelosguacaras.gob.ar\/sitio\/wp-content\/uploads\/2025\/08\/44b81c36-5532-4131-9436-0d43c2b6c52d.webp 1089w\" sizes=\"auto, (max-width: 929px) 100vw, 929px\" \/><\/a><\/figure>\n\n\n\n<figure class=\"wp-block-image size-large\"><a href=\"https:\/\/santaanadelosguacaras.gob.ar\/sitio\/wp-content\/uploads\/2025\/08\/98a71dca-8886-4650-9fd7-2a7ca511d56b.webp\"><img loading=\"lazy\" decoding=\"async\" width=\"576\" height=\"1024\" data-id=\"2721\" src=\"https:\/\/santaanadelosguacaras.gob.ar\/sitio\/wp-content\/uploads\/2025\/08\/98a71dca-8886-4650-9fd7-2a7ca511d56b-576x1024.webp\" alt=\"\" class=\"wp-image-2721\" srcset=\"https:\/\/santaanadelosguacaras.gob.ar\/sitio\/wp-content\/uploads\/2025\/08\/98a71dca-8886-4650-9fd7-2a7ca511d56b-576x1024.webp 576w, https:\/\/santaanadelosguacaras.gob.ar\/sitio\/wp-content\/uploads\/2025\/08\/98a71dca-8886-4650-9fd7-2a7ca511d56b-169x300.webp 169w, https:\/\/santaanadelosguacaras.gob.ar\/sitio\/wp-content\/uploads\/2025\/08\/98a71dca-8886-4650-9fd7-2a7ca511d56b-768x1366.webp 768w, https:\/\/santaanadelosguacaras.gob.ar\/sitio\/wp-content\/uploads\/2025\/08\/98a71dca-8886-4650-9fd7-2a7ca511d56b-864x1536.webp 864w, https:\/\/santaanadelosguacaras.gob.ar\/sitio\/wp-content\/uploads\/2025\/08\/98a71dca-8886-4650-9fd7-2a7ca511d56b.webp 899w\" sizes=\"auto, (max-width: 576px) 100vw, 576px\" \/><\/a><\/figure>\n\n\n\n<figure class=\"wp-block-image size-large\"><a href=\"https:\/\/santaanadelosguacaras.gob.ar\/sitio\/wp-content\/uploads\/2025\/08\/e49e5942-2d53-4ca5-8010-f4fea92989e5.webp\"><img loading=\"lazy\" decoding=\"async\" width=\"749\" height=\"1024\" data-id=\"2720\" src=\"https:\/\/santaanadelosguacaras.gob.ar\/sitio\/wp-content\/uploads\/2025\/08\/e49e5942-2d53-4ca5-8010-f4fea92989e5-749x1024.webp\" alt=\"\" class=\"wp-image-2720\" srcset=\"https:\/\/santaanadelosguacaras.gob.ar\/sitio\/wp-content\/uploads\/2025\/08\/e49e5942-2d53-4ca5-8010-f4fea92989e5-749x1024.webp 749w, https:\/\/santaanadelosguacaras.gob.ar\/sitio\/wp-content\/uploads\/2025\/08\/e49e5942-2d53-4ca5-8010-f4fea92989e5-220x300.webp 220w, https:\/\/santaanadelosguacaras.gob.ar\/sitio\/wp-content\/uploads\/2025\/08\/e49e5942-2d53-4ca5-8010-f4fea92989e5-768x1049.webp 768w, https:\/\/santaanadelosguacaras.gob.ar\/sitio\/wp-content\/uploads\/2025\/08\/e49e5942-2d53-4ca5-8010-f4fea92989e5.webp 895w\" sizes=\"auto, (max-width: 749px) 100vw, 749px\" \/><\/a><\/figure>\n\n\n\n<figure class=\"wp-block-image size-large\"><a href=\"https:\/\/santaanadelosguacaras.gob.ar\/sitio\/wp-content\/uploads\/2025\/08\/e0fdac72-852d-4c38-a2e0-a0f5b26671b4.webp\"><img loading=\"lazy\" decoding=\"async\" width=\"812\" height=\"1024\" data-id=\"2714\" src=\"https:\/\/santaanadelosguacaras.gob.ar\/sitio\/wp-content\/uploads\/2025\/08\/e0fdac72-852d-4c38-a2e0-a0f5b26671b4-812x1024.webp\" alt=\"\" class=\"wp-image-2714\" srcset=\"https:\/\/santaanadelosguacaras.gob.ar\/sitio\/wp-content\/uploads\/2025\/08\/e0fdac72-852d-4c38-a2e0-a0f5b26671b4-812x1024.webp 812w, https:\/\/santaanadelosguacaras.gob.ar\/sitio\/wp-content\/uploads\/2025\/08\/e0fdac72-852d-4c38-a2e0-a0f5b26671b4-238x300.webp 238w, https:\/\/santaanadelosguacaras.gob.ar\/sitio\/wp-content\/uploads\/2025\/08\/e0fdac72-852d-4c38-a2e0-a0f5b26671b4-768x969.webp 768w, https:\/\/santaanadelosguacaras.gob.ar\/sitio\/wp-content\/uploads\/2025\/08\/e0fdac72-852d-4c38-a2e0-a0f5b26671b4.webp 853w\" sizes=\"auto, (max-width: 812px) 100vw, 812px\" \/><\/a><\/figure>\n\n\n\n<figure class=\"wp-block-image size-large\"><a href=\"https:\/\/santaanadelosguacaras.gob.ar\/sitio\/wp-content\/uploads\/2025\/08\/e6a95b4a-b103-4d5a-bc80-4c175c1fac8d.webp\"><img loading=\"lazy\" decoding=\"async\" width=\"1024\" height=\"899\" data-id=\"2716\" src=\"https:\/\/santaanadelosguacaras.gob.ar\/sitio\/wp-content\/uploads\/2025\/08\/e6a95b4a-b103-4d5a-bc80-4c175c1fac8d-1024x899.webp\" alt=\"\" class=\"wp-image-2716\" srcset=\"https:\/\/santaanadelosguacaras.gob.ar\/sitio\/wp-content\/uploads\/2025\/08\/e6a95b4a-b103-4d5a-bc80-4c175c1fac8d-1024x899.webp 1024w, https:\/\/santaanadelosguacaras.gob.ar\/sitio\/wp-content\/uploads\/2025\/08\/e6a95b4a-b103-4d5a-bc80-4c175c1fac8d-300x264.webp 300w, https:\/\/santaanadelosguacaras.gob.ar\/sitio\/wp-content\/uploads\/2025\/08\/e6a95b4a-b103-4d5a-bc80-4c175c1fac8d-768x675.webp 768w, https:\/\/santaanadelosguacaras.gob.ar\/sitio\/wp-content\/uploads\/2025\/08\/e6a95b4a-b103-4d5a-bc80-4c175c1fac8d.webp 1200w\" sizes=\"auto, (max-width: 1024px) 100vw, 1024px\" \/><\/a><\/figure>\n<\/figure>\n","protected":false},"excerpt":{"rendered":"<p>Con la participaci\u00f3n de vecinos y visitantes, este 1 de agosto se realiz\u00f3 el tradicional convite de la ca\u00f1a con ruda, una costumbre arraigada en nuestro pueblo. Esta pr\u00e1ctica ancestral,&hellip; <\/p>\n","protected":false},"author":2,"featured_media":2713,"comment_status":"closed","ping_status":"open","sticky":false,"template":"","format":"standard","meta":{"footnotes":""},"categories":[3,7],"tags":[],"class_list":["post-2712","post","type-post","status-publish","format-standard","has-post-thumbnail","hentry","category-cultura-y-turismo","category-mujer-e-infancia"],"yoast_head":"<!-- This site is optimized with the Yoast SEO plugin v24.8.1 - https:\/\/yoast.com\/wordpress\/plugins\/seo\/ -->\n<title>Encuentro comunitario en convite de ca\u00f1a con ruda - Municipalidad de Santa Ana de los Gu\u00e1caras<\/title>\n<meta name=\"robots\" content=\"index, follow, max-snippet:-1, max-image-preview:large, max-video-preview:-1\" \/>\n<link rel=\"canonical\" href=\"https:\/\/santaanadelosguacaras.gob.ar\/sitio\/encuentro-comunitario-en-convite-de-cana-con-ruda\/\" \/>\n<meta property=\"og:locale\" content=\"es_ES\" \/>\n<meta property=\"og:type\" content=\"article\" \/>\n<meta property=\"og:title\" content=\"Encuentro comunitario en convite de ca\u00f1a con ruda - Municipalidad de Santa Ana de los Gu\u00e1caras\" \/>\n<meta property=\"og:description\" content=\"Con la participaci\u00f3n de vecinos y visitantes, este 1 de agosto se realiz\u00f3 el tradicional convite de la ca\u00f1a con ruda, una costumbre arraigada en nuestro pueblo. Esta pr\u00e1ctica ancestral,&hellip;\" \/>\n<meta property=\"og:url\" content=\"https:\/\/santaanadelosguacaras.gob.ar\/sitio\/encuentro-comunitario-en-convite-de-cana-con-ruda\/\" \/>\n<meta property=\"og:site_name\" content=\"Municipalidad de Santa Ana de los Gu\u00e1caras\" \/>\n<meta property=\"article:publisher\" content=\"https:\/\/www.facebook.com\/MuniSantaAnaDeLosGuacaras\" \/>\n<meta property=\"article:published_time\" content=\"2025-08-04T17:11:34+00:00\" \/>\n<meta property=\"article:modified_time\" content=\"2025-08-04T17:11:35+00:00\" \/>\n<meta property=\"og:image\" content=\"https:\/\/santaanadelosguacaras.gob.ar\/sitio\/wp-content\/uploads\/2025\/08\/bd2c1e45-7ae5-4c04-9560-471afbef76c0.webp\" \/>\n\t<meta property=\"og:image:width\" content=\"983\" \/>\n\t<meta property=\"og:image:height\" content=\"1049\" \/>\n\t<meta property=\"og:image:type\" content=\"image\/webp\" \/>\n<meta name=\"author\" content=\"Comunicaci\u00f3n\" \/>\n<meta name=\"twitter:card\" content=\"summary_large_image\" \/>\n<meta name=\"twitter:label1\" content=\"Escrito por\" \/>\n\t<meta name=\"twitter:data1\" content=\"Comunicaci\u00f3n\" \/>\n\t<meta name=\"twitter:label2\" content=\"Tiempo de lectura\" \/>\n\t<meta name=\"twitter:data2\" content=\"3 minutos\" \/>\n<script type=\"application\/ld+json\" class=\"yoast-schema-graph\">{\"@context\":\"https:\/\/schema.org\",\"@graph\":[{\"@type\":\"Article\",\"@id\":\"https:\/\/santaanadelosguacaras.gob.ar\/sitio\/encuentro-comunitario-en-convite-de-cana-con-ruda\/#article\",\"isPartOf\":{\"@id\":\"https:\/\/santaanadelosguacaras.gob.ar\/sitio\/encuentro-comunitario-en-convite-de-cana-con-ruda\/\"},\"author\":{\"name\":\"Comunicaci\u00f3n\",\"@id\":\"https:\/\/santaanadelosguacaras.gob.ar\/sitio\/#\/schema\/person\/aa85e53bbb5a7c7e19834c20ede5e205\"},\"headline\":\"Encuentro comunitario en convite de ca\u00f1a con ruda\",\"datePublished\":\"2025-08-04T17:11:34+00:00\",\"dateModified\":\"2025-08-04T17:11:35+00:00\",\"mainEntityOfPage\":{\"@id\":\"https:\/\/santaanadelosguacaras.gob.ar\/sitio\/encuentro-comunitario-en-convite-de-cana-con-ruda\/\"},\"wordCount\":78,\"publisher\":{\"@id\":\"https:\/\/santaanadelosguacaras.gob.ar\/sitio\/#organization\"},\"image\":{\"@id\":\"https:\/\/santaanadelosguacaras.gob.ar\/sitio\/encuentro-comunitario-en-convite-de-cana-con-ruda\/#primaryimage\"},\"thumbnailUrl\":\"https:\/\/santaanadelosguacaras.gob.ar\/sitio\/wp-content\/uploads\/2025\/08\/bd2c1e45-7ae5-4c04-9560-471afbef76c0.webp\",\"articleSection\":[\"Cultura y Turismo\",\"Mujer e Infancia\"],\"inLanguage\":\"es\"},{\"@type\":\"WebPage\",\"@id\":\"https:\/\/santaanadelosguacaras.gob.ar\/sitio\/encuentro-comunitario-en-convite-de-cana-con-ruda\/\",\"url\":\"https:\/\/santaanadelosguacaras.gob.ar\/sitio\/encuentro-comunitario-en-convite-de-cana-con-ruda\/\",\"name\":\"Encuentro comunitario en convite de ca\u00f1a con ruda - Municipalidad de Santa Ana de los Gu\u00e1caras\",\"isPartOf\":{\"@id\":\"https:\/\/santaanadelosguacaras.gob.ar\/sitio\/#website\"},\"primaryImageOfPage\":{\"@id\":\"https:\/\/santaanadelosguacaras.gob.ar\/sitio\/encuentro-comunitario-en-convite-de-cana-con-ruda\/#primaryimage\"},\"image\":{\"@id\":\"https:\/\/santaanadelosguacaras.gob.ar\/sitio\/encuentro-comunitario-en-convite-de-cana-con-ruda\/#primaryimage\"},\"thumbnailUrl\":\"https:\/\/santaanadelosguacaras.gob.ar\/sitio\/wp-content\/uploads\/2025\/08\/bd2c1e45-7ae5-4c04-9560-471afbef76c0.webp\",\"datePublished\":\"2025-08-04T17:11:34+00:00\",\"dateModified\":\"2025-08-04T17:11:35+00:00\",\"breadcrumb\":{\"@id\":\"https:\/\/santaanadelosguacaras.gob.ar\/sitio\/encuentro-comunitario-en-convite-de-cana-con-ruda\/#breadcrumb\"},\"inLanguage\":\"es\",\"potentialAction\":[{\"@type\":\"ReadAction\",\"target\":[\"https:\/\/santaanadelosguacaras.gob.ar\/sitio\/encuentro-comunitario-en-convite-de-cana-con-ruda\/\"]}]},{\"@type\":\"ImageObject\",\"inLanguage\":\"es\",\"@id\":\"https:\/\/santaanadelosguacaras.gob.ar\/sitio\/encuentro-comunitario-en-convite-de-cana-con-ruda\/#primaryimage\",\"url\":\"https:\/\/santaanadelosguacaras.gob.ar\/sitio\/wp-content\/uploads\/2025\/08\/bd2c1e45-7ae5-4c04-9560-471afbef76c0.webp\",\"contentUrl\":\"https:\/\/santaanadelosguacaras.gob.ar\/sitio\/wp-content\/uploads\/2025\/08\/bd2c1e45-7ae5-4c04-9560-471afbef76c0.webp\",\"width\":983,\"height\":1049},{\"@type\":\"BreadcrumbList\",\"@id\":\"https:\/\/santaanadelosguacaras.gob.ar\/sitio\/encuentro-comunitario-en-convite-de-cana-con-ruda\/#breadcrumb\",\"itemListElement\":[{\"@type\":\"ListItem\",\"position\":1,\"name\":\"Portada\",\"item\":\"https:\/\/santaanadelosguacaras.gob.ar\/sitio\/\"},{\"@type\":\"ListItem\",\"position\":2,\"name\":\"Encuentro comunitario en convite de ca\u00f1a con ruda\"}]},{\"@type\":\"WebSite\",\"@id\":\"https:\/\/santaanadelosguacaras.gob.ar\/sitio\/#website\",\"url\":\"https:\/\/santaanadelosguacaras.gob.ar\/sitio\/\",\"name\":\"Municipalidad de Santa Ana de los Gu\u00e1caras\",\"description\":\"Descubre Santa Ana de los Gu\u00e1caras, un rinc\u00f3n lleno de historia, cultura y naturaleza en Corrientes. Informaci\u00f3n oficial sobre eventos, turismo, servicios municipales y m\u00e1s. \u00a1Con\u00e9ctate con nuestra comunidad!\",\"publisher\":{\"@id\":\"https:\/\/santaanadelosguacaras.gob.ar\/sitio\/#organization\"},\"alternateName\":\"MuniSantaAna\",\"potentialAction\":[{\"@type\":\"SearchAction\",\"target\":{\"@type\":\"EntryPoint\",\"urlTemplate\":\"https:\/\/santaanadelosguacaras.gob.ar\/sitio\/?s={search_term_string}\"},\"query-input\":{\"@type\":\"PropertyValueSpecification\",\"valueRequired\":true,\"valueName\":\"search_term_string\"}}],\"inLanguage\":\"es\"},{\"@type\":\"Organization\",\"@id\":\"https:\/\/santaanadelosguacaras.gob.ar\/sitio\/#organization\",\"name\":\"Municipalidad de Santa Ana de los Gu\u00e1caras\",\"alternateName\":\"MuniSantaAna\",\"url\":\"https:\/\/santaanadelosguacaras.gob.ar\/sitio\/\",\"logo\":{\"@type\":\"ImageObject\",\"inLanguage\":\"es\",\"@id\":\"https:\/\/santaanadelosguacaras.gob.ar\/sitio\/#\/schema\/logo\/image\/\",\"url\":\"https:\/\/santaanadelosguacaras.gob.ar\/sitio\/wp-content\/uploads\/2024\/12\/cropped-logo_muni_250.png\",\"contentUrl\":\"https:\/\/santaanadelosguacaras.gob.ar\/sitio\/wp-content\/uploads\/2024\/12\/cropped-logo_muni_250.png\",\"width\":247,\"height\":95,\"caption\":\"Municipalidad de Santa Ana de los Gu\u00e1caras\"},\"image\":{\"@id\":\"https:\/\/santaanadelosguacaras.gob.ar\/sitio\/#\/schema\/logo\/image\/\"},\"sameAs\":[\"https:\/\/www.facebook.com\/MuniSantaAnaDeLosGuacaras\",\"https:\/\/www.instagram.com\/muni_santaana_ctes\"]},{\"@type\":\"Person\",\"@id\":\"https:\/\/santaanadelosguacaras.gob.ar\/sitio\/#\/schema\/person\/aa85e53bbb5a7c7e19834c20ede5e205\",\"name\":\"Comunicaci\u00f3n\",\"image\":{\"@type\":\"ImageObject\",\"inLanguage\":\"es\",\"@id\":\"https:\/\/santaanadelosguacaras.gob.ar\/sitio\/#\/schema\/person\/image\/\",\"url\":\"https:\/\/secure.gravatar.com\/avatar\/3e81e68b8dcb0733c78bbafb464befc4a66ce4135950c3e3ac0d3c09e53e7092?s=96&d=mm&r=g\",\"contentUrl\":\"https:\/\/secure.gravatar.com\/avatar\/3e81e68b8dcb0733c78bbafb464befc4a66ce4135950c3e3ac0d3c09e53e7092?s=96&d=mm&r=g\",\"caption\":\"Comunicaci\u00f3n\"}}]}<\/script>\n<!-- \/ Yoast SEO plugin. -->","yoast_head_json":{"title":"Encuentro comunitario en convite de ca\u00f1a con ruda - Municipalidad de Santa Ana de los Gu\u00e1caras","robots":{"index":"index","follow":"follow","max-snippet":"max-snippet:-1","max-image-preview":"max-image-preview:large","max-video-preview":"max-video-preview:-1"},"canonical":"https:\/\/santaanadelosguacaras.gob.ar\/sitio\/encuentro-comunitario-en-convite-de-cana-con-ruda\/","og_locale":"es_ES","og_type":"article","og_title":"Encuentro comunitario en convite de ca\u00f1a con ruda - Municipalidad de Santa Ana de los Gu\u00e1caras","og_description":"Con la participaci\u00f3n de vecinos y visitantes, este 1 de agosto se realiz\u00f3 el tradicional convite de la ca\u00f1a con ruda, una costumbre arraigada en nuestro pueblo. Esta pr\u00e1ctica ancestral,&hellip;","og_url":"https:\/\/santaanadelosguacaras.gob.ar\/sitio\/encuentro-comunitario-en-convite-de-cana-con-ruda\/","og_site_name":"Municipalidad de Santa Ana de los Gu\u00e1caras","article_publisher":"https:\/\/www.facebook.com\/MuniSantaAnaDeLosGuacaras","article_published_time":"2025-08-04T17:11:34+00:00","article_modified_time":"2025-08-04T17:11:35+00:00","og_image":[{"width":983,"height":1049,"url":"https:\/\/santaanadelosguacaras.gob.ar\/sitio\/wp-content\/uploads\/2025\/08\/bd2c1e45-7ae5-4c04-9560-471afbef76c0.webp","type":"image\/webp"}],"author":"Comunicaci\u00f3n","twitter_card":"summary_large_image","twitter_misc":{"Escrito por":"Comunicaci\u00f3n","Tiempo de lectura":"3 minutos"},"schema":{"@context":"https:\/\/schema.org","@graph":[{"@type":"Article","@id":"https:\/\/santaanadelosguacaras.gob.ar\/sitio\/encuentro-comunitario-en-convite-de-cana-con-ruda\/#article","isPartOf":{"@id":"https:\/\/santaanadelosguacaras.gob.ar\/sitio\/encuentro-comunitario-en-convite-de-cana-con-ruda\/"},"author":{"name":"Comunicaci\u00f3n","@id":"https:\/\/santaanadelosguacaras.gob.ar\/sitio\/#\/schema\/person\/aa85e53bbb5a7c7e19834c20ede5e205"},"headline":"Encuentro comunitario en convite de ca\u00f1a con ruda","datePublished":"2025-08-04T17:11:34+00:00","dateModified":"2025-08-04T17:11:35+00:00","mainEntityOfPage":{"@id":"https:\/\/santaanadelosguacaras.gob.ar\/sitio\/encuentro-comunitario-en-convite-de-cana-con-ruda\/"},"wordCount":78,"publisher":{"@id":"https:\/\/santaanadelosguacaras.gob.ar\/sitio\/#organization"},"image":{"@id":"https:\/\/santaanadelosguacaras.gob.ar\/sitio\/encuentro-comunitario-en-convite-de-cana-con-ruda\/#primaryimage"},"thumbnailUrl":"https:\/\/santaanadelosguacaras.gob.ar\/sitio\/wp-content\/uploads\/2025\/08\/bd2c1e45-7ae5-4c04-9560-471afbef76c0.webp","articleSection":["Cultura y Turismo","Mujer e Infancia"],"inLanguage":"es"},{"@type":"WebPage","@id":"https:\/\/santaanadelosguacaras.gob.ar\/sitio\/encuentro-comunitario-en-convite-de-cana-con-ruda\/","url":"https:\/\/santaanadelosguacaras.gob.ar\/sitio\/encuentro-comunitario-en-convite-de-cana-con-ruda\/","name":"Encuentro comunitario en convite de ca\u00f1a con ruda - Municipalidad de Santa Ana de los Gu\u00e1caras","isPartOf":{"@id":"https:\/\/santaanadelosguacaras.gob.ar\/sitio\/#website"},"primaryImageOfPage":{"@id":"https:\/\/santaanadelosguacaras.gob.ar\/sitio\/encuentro-comunitario-en-convite-de-cana-con-ruda\/#primaryimage"},"image":{"@id":"https:\/\/santaanadelosguacaras.gob.ar\/sitio\/encuentro-comunitario-en-convite-de-cana-con-ruda\/#primaryimage"},"thumbnailUrl":"https:\/\/santaanadelosguacaras.gob.ar\/sitio\/wp-content\/uploads\/2025\/08\/bd2c1e45-7ae5-4c04-9560-471afbef76c0.webp","datePublished":"2025-08-04T17:11:34+00:00","dateModified":"2025-08-04T17:11:35+00:00","breadcrumb":{"@id":"https:\/\/santaanadelosguacaras.gob.ar\/sitio\/encuentro-comunitario-en-convite-de-cana-con-ruda\/#breadcrumb"},"inLanguage":"es","potentialAction":[{"@type":"ReadAction","target":["https:\/\/santaanadelosguacaras.gob.ar\/sitio\/encuentro-comunitario-en-convite-de-cana-con-ruda\/"]}]},{"@type":"ImageObject","inLanguage":"es","@id":"https:\/\/santaanadelosguacaras.gob.ar\/sitio\/encuentro-comunitario-en-convite-de-cana-con-ruda\/#primaryimage","url":"https:\/\/santaanadelosguacaras.gob.ar\/sitio\/wp-content\/uploads\/2025\/08\/bd2c1e45-7ae5-4c04-9560-471afbef76c0.webp","contentUrl":"https:\/\/santaanadelosguacaras.gob.ar\/sitio\/wp-content\/uploads\/2025\/08\/bd2c1e45-7ae5-4c04-9560-471afbef76c0.webp","width":983,"height":1049},{"@type":"BreadcrumbList","@id":"https:\/\/santaanadelosguacaras.gob.ar\/sitio\/encuentro-comunitario-en-convite-de-cana-con-ruda\/#breadcrumb","itemListElement":[{"@type":"ListItem","position":1,"name":"Portada","item":"https:\/\/santaanadelosguacaras.gob.ar\/sitio\/"},{"@type":"ListItem","position":2,"name":"Encuentro comunitario en convite de ca\u00f1a con ruda"}]},{"@type":"WebSite","@id":"https:\/\/santaanadelosguacaras.gob.ar\/sitio\/#website","url":"https:\/\/santaanadelosguacaras.gob.ar\/sitio\/","name":"Municipalidad de Santa Ana de los Gu\u00e1caras","description":"Descubre Santa Ana de los Gu\u00e1caras, un rinc\u00f3n lleno de historia, cultura y naturaleza en Corrientes. Informaci\u00f3n oficial sobre eventos, turismo, servicios municipales y m\u00e1s. \u00a1Con\u00e9ctate con nuestra comunidad!","publisher":{"@id":"https:\/\/santaanadelosguacaras.gob.ar\/sitio\/#organization"},"alternateName":"MuniSantaAna","potentialAction":[{"@type":"SearchAction","target":{"@type":"EntryPoint","urlTemplate":"https:\/\/santaanadelosguacaras.gob.ar\/sitio\/?s={search_term_string}"},"query-input":{"@type":"PropertyValueSpecification","valueRequired":true,"valueName":"search_term_string"}}],"inLanguage":"es"},{"@type":"Organization","@id":"https:\/\/santaanadelosguacaras.gob.ar\/sitio\/#organization","name":"Municipalidad de Santa Ana de los Gu\u00e1caras","alternateName":"MuniSantaAna","url":"https:\/\/santaanadelosguacaras.gob.ar\/sitio\/","logo":{"@type":"ImageObject","inLanguage":"es","@id":"https:\/\/santaanadelosguacaras.gob.ar\/sitio\/#\/schema\/logo\/image\/","url":"https:\/\/santaanadelosguacaras.gob.ar\/sitio\/wp-content\/uploads\/2024\/12\/cropped-logo_muni_250.png","contentUrl":"https:\/\/santaanadelosguacaras.gob.ar\/sitio\/wp-content\/uploads\/2024\/12\/cropped-logo_muni_250.png","width":247,"height":95,"caption":"Municipalidad de Santa Ana de los Gu\u00e1caras"},"image":{"@id":"https:\/\/santaanadelosguacaras.gob.ar\/sitio\/#\/schema\/logo\/image\/"},"sameAs":["https:\/\/www.facebook.com\/MuniSantaAnaDeLosGuacaras","https:\/\/www.instagram.com\/muni_santaana_ctes"]},{"@type":"Person","@id":"https:\/\/santaanadelosguacaras.gob.ar\/sitio\/#\/schema\/person\/aa85e53bbb5a7c7e19834c20ede5e205","name":"Comunicaci\u00f3n","image":{"@type":"ImageObject","inLanguage":"es","@id":"https:\/\/santaanadelosguacaras.gob.ar\/sitio\/#\/schema\/person\/image\/","url":"https:\/\/secure.gravatar.com\/avatar\/3e81e68b8dcb0733c78bbafb464befc4a66ce4135950c3e3ac0d3c09e53e7092?s=96&d=mm&r=g","contentUrl":"https:\/\/secure.gravatar.com\/avatar\/3e81e68b8dcb0733c78bbafb464befc4a66ce4135950c3e3ac0d3c09e53e7092?s=96&d=mm&r=g","caption":"Comunicaci\u00f3n"}}]}},"_links":{"self":[{"href":"https:\/\/santaanadelosguacaras.gob.ar\/sitio\/wp-json\/wp\/v2\/posts\/2712","targetHints":{"allow":["GET"]}}],"collection":[{"href":"https:\/\/santaanadelosguacaras.gob.ar\/sitio\/wp-json\/wp\/v2\/posts"}],"about":[{"href":"https:\/\/santaanadelosguacaras.gob.ar\/sitio\/wp-json\/wp\/v2\/types\/post"}],"author":[{"embeddable":true,"href":"https:\/\/santaanadelosguacaras.gob.ar\/sitio\/wp-json\/wp\/v2\/users\/2"}],"replies":[{"embeddable":true,"href":"https:\/\/santaanadelosguacaras.gob.ar\/sitio\/wp-json\/wp\/v2\/comments?post=2712"}],"version-history":[{"count":1,"href":"https:\/\/santaanadelosguacaras.gob.ar\/sitio\/wp-json\/wp\/v2\/posts\/2712\/revisions"}],"predecessor-version":[{"id":2723,"href":"https:\/\/santaanadelosguacaras.gob.ar\/sitio\/wp-json\/wp\/v2\/posts\/2712\/revisions\/2723"}],"wp:featuredmedia":[{"embeddable":true,"href":"https:\/\/santaanadelosguacaras.gob.ar\/sitio\/wp-json\/wp\/v2\/media\/2713"}],"wp:attachment":[{"href":"https:\/\/santaanadelosguacaras.gob.ar\/sitio\/wp-json\/wp\/v2\/media?parent=2712"}],"wp:term":[{"taxonomy":"category","embeddable":true,"href":"https:\/\/santaanadelosguacaras.gob.ar\/sitio\/wp-json\/wp\/v2\/categories?post=2712"},{"taxonomy":"post_tag","embeddable":true,"href":"https:\/\/santaanadelosguacaras.gob.ar\/sitio\/wp-json\/wp\/v2\/tags?post=2712"}],"curies":[{"name":"wp","href":"https:\/\/api.w.org\/{rel}","templated":true}]}}