{"id":2890,"date":"2025-08-15T11:24:38","date_gmt":"2025-08-15T14:24:38","guid":{"rendered":"https:\/\/santaanadelosguacaras.gob.ar\/sitio\/?p=2890"},"modified":"2025-08-16T11:25:52","modified_gmt":"2025-08-16T14:25:52","slug":"taller-de-joyeria-artistica-te-invitamos-a-crear-piezas-unicas","status":"publish","type":"post","link":"https:\/\/santaanadelosguacaras.gob.ar\/sitio\/taller-de-joyeria-artistica-te-invitamos-a-crear-piezas-unicas\/","title":{"rendered":"Taller de Joyer\u00eda Art\u00edstica- Te invitamos a crear piezas \u00fanicas"},"content":{"rendered":"\n<p>Este 16 de agosto comienza en Santa Ana el Taller de Joyer\u00eda Art\u00edstica, dictado por la dise\u00f1adora Cecilia Seniquel, dentro del Programa de Formaci\u00f3n \u2013 Escuelas de Artes y Oficios.<\/p>\n\n\n\n<p>Horario: de 9:00 a 12:00 hs<\/p>\n\n\n\n<p>Lugar: Punto Digital \u2013 Santa Ana, Corrientes<\/p>\n\n\n\n<p>Participaci\u00f3n sin costo<\/p>\n\n\n\n<p>Una oportunidad para aprender nuevas t\u00e9cnicas y convertirlo en emprendimiento.<\/p>\n\n\n\n<p>Sumate y descubr\u00ed el arte de transformar materiales en joyas.<\/p>\n\n\n\n<p>Inscripci\u00f3n en el lugar.<\/p>\n\n\n\n<p>Organizan: Municipalidad de Santa Ana de los Gu\u00e1caras, Instituto de Cultura de Corrientes y el <a href=\"https:\/\/web.facebook.com\/corrientesgob?__cft__[0]=AZXoSrGF19n2D-JTQY8IFe3Gy8LHOjlg9QfAVF-E5kWbYOi9WR25UfreJ9zWzq6EZoO8rEQd1a0msi_hDBMo4ReO9LJ9NUufRaJHEyHqn559QMe2P_cV8cLeM6rjtnElUCkBQCePav6emxZn98SThPJN&amp;__tn__=-]K-R\">Gobierno de Corrientes<\/a><\/p>\n\n\n\n<figure class=\"wp-block-image size-large\"><a href=\"https:\/\/santaanadelosguacaras.gob.ar\/sitio\/wp-content\/uploads\/2025\/08\/533065922_1117763717119473_7205234583777263610_n.webp\"><img loading=\"lazy\" decoding=\"async\" width=\"809\" height=\"1024\" src=\"https:\/\/santaanadelosguacaras.gob.ar\/sitio\/wp-content\/uploads\/2025\/08\/533065922_1117763717119473_7205234583777263610_n-809x1024.webp\" alt=\"\" class=\"wp-image-2891\" srcset=\"https:\/\/santaanadelosguacaras.gob.ar\/sitio\/wp-content\/uploads\/2025\/08\/533065922_1117763717119473_7205234583777263610_n-809x1024.webp 809w, https:\/\/santaanadelosguacaras.gob.ar\/sitio\/wp-content\/uploads\/2025\/08\/533065922_1117763717119473_7205234583777263610_n-237x300.webp 237w, https:\/\/santaanadelosguacaras.gob.ar\/sitio\/wp-content\/uploads\/2025\/08\/533065922_1117763717119473_7205234583777263610_n-768x972.webp 768w, https:\/\/santaanadelosguacaras.gob.ar\/sitio\/wp-content\/uploads\/2025\/08\/533065922_1117763717119473_7205234583777263610_n-1214x1536.webp 1214w, https:\/\/santaanadelosguacaras.gob.ar\/sitio\/wp-content\/uploads\/2025\/08\/533065922_1117763717119473_7205234583777263610_n.webp 1252w\" sizes=\"auto, (max-width: 809px) 100vw, 809px\" \/><\/a><\/figure>\n","protected":false},"excerpt":{"rendered":"<p>Este 16 de agosto comienza en Santa Ana el Taller de Joyer\u00eda Art\u00edstica, dictado por la dise\u00f1adora Cecilia Seniquel, dentro del Programa de Formaci\u00f3n \u2013 Escuelas de Artes y Oficios.&hellip; <\/p>\n","protected":false},"author":2,"featured_media":2891,"comment_status":"closed","ping_status":"open","sticky":false,"template":"","format":"standard","meta":{"footnotes":""},"categories":[5],"tags":[],"class_list":["post-2890","post","type-post","status-publish","format-standard","has-post-thumbnail","hentry","category-emprendedores"],"yoast_head":"<!-- This site is optimized with the Yoast SEO plugin v24.8.1 - https:\/\/yoast.com\/wordpress\/plugins\/seo\/ -->\n<title>Taller de Joyer\u00eda Art\u00edstica- Te invitamos a crear piezas \u00fanicas - Municipalidad de Santa Ana de los Gu\u00e1caras<\/title>\n<meta name=\"robots\" content=\"index, follow, max-snippet:-1, max-image-preview:large, max-video-preview:-1\" \/>\n<link rel=\"canonical\" href=\"https:\/\/santaanadelosguacaras.gob.ar\/sitio\/taller-de-joyeria-artistica-te-invitamos-a-crear-piezas-unicas\/\" \/>\n<meta property=\"og:locale\" content=\"es_ES\" \/>\n<meta property=\"og:type\" content=\"article\" \/>\n<meta property=\"og:title\" content=\"Taller de Joyer\u00eda Art\u00edstica- Te invitamos a crear piezas \u00fanicas - Municipalidad de Santa Ana de los Gu\u00e1caras\" \/>\n<meta property=\"og:description\" content=\"Este 16 de agosto comienza en Santa Ana el Taller de Joyer\u00eda Art\u00edstica, dictado por la dise\u00f1adora Cecilia Seniquel, dentro del Programa de Formaci\u00f3n \u2013 Escuelas de Artes y Oficios.&hellip;\" \/>\n<meta property=\"og:url\" content=\"https:\/\/santaanadelosguacaras.gob.ar\/sitio\/taller-de-joyeria-artistica-te-invitamos-a-crear-piezas-unicas\/\" \/>\n<meta property=\"og:site_name\" content=\"Municipalidad de Santa Ana de los Gu\u00e1caras\" \/>\n<meta property=\"article:publisher\" content=\"https:\/\/www.facebook.com\/MuniSantaAnaDeLosGuacaras\" \/>\n<meta property=\"article:published_time\" content=\"2025-08-15T14:24:38+00:00\" \/>\n<meta property=\"article:modified_time\" content=\"2025-08-16T14:25:52+00:00\" \/>\n<meta property=\"og:image\" content=\"https:\/\/santaanadelosguacaras.gob.ar\/sitio\/wp-content\/uploads\/2025\/08\/533065922_1117763717119473_7205234583777263610_n.webp\" \/>\n\t<meta property=\"og:image:width\" content=\"1252\" \/>\n\t<meta property=\"og:image:height\" content=\"1584\" \/>\n\t<meta property=\"og:image:type\" content=\"image\/webp\" \/>\n<meta name=\"author\" content=\"Comunicaci\u00f3n\" \/>\n<meta name=\"twitter:card\" content=\"summary_large_image\" \/>\n<meta name=\"twitter:label1\" content=\"Escrito por\" \/>\n\t<meta name=\"twitter:data1\" content=\"Comunicaci\u00f3n\" \/>\n\t<meta name=\"twitter:label2\" content=\"Tiempo de lectura\" \/>\n\t<meta name=\"twitter:data2\" content=\"1 minuto\" \/>\n<script type=\"application\/ld+json\" class=\"yoast-schema-graph\">{\"@context\":\"https:\/\/schema.org\",\"@graph\":[{\"@type\":\"Article\",\"@id\":\"https:\/\/santaanadelosguacaras.gob.ar\/sitio\/taller-de-joyeria-artistica-te-invitamos-a-crear-piezas-unicas\/#article\",\"isPartOf\":{\"@id\":\"https:\/\/santaanadelosguacaras.gob.ar\/sitio\/taller-de-joyeria-artistica-te-invitamos-a-crear-piezas-unicas\/\"},\"author\":{\"name\":\"Comunicaci\u00f3n\",\"@id\":\"https:\/\/santaanadelosguacaras.gob.ar\/sitio\/#\/schema\/person\/aa85e53bbb5a7c7e19834c20ede5e205\"},\"headline\":\"Taller de Joyer\u00eda Art\u00edstica- Te invitamos a crear piezas \u00fanicas\",\"datePublished\":\"2025-08-15T14:24:38+00:00\",\"dateModified\":\"2025-08-16T14:25:52+00:00\",\"mainEntityOfPage\":{\"@id\":\"https:\/\/santaanadelosguacaras.gob.ar\/sitio\/taller-de-joyeria-artistica-te-invitamos-a-crear-piezas-unicas\/\"},\"wordCount\":103,\"publisher\":{\"@id\":\"https:\/\/santaanadelosguacaras.gob.ar\/sitio\/#organization\"},\"image\":{\"@id\":\"https:\/\/santaanadelosguacaras.gob.ar\/sitio\/taller-de-joyeria-artistica-te-invitamos-a-crear-piezas-unicas\/#primaryimage\"},\"thumbnailUrl\":\"https:\/\/santaanadelosguacaras.gob.ar\/sitio\/wp-content\/uploads\/2025\/08\/533065922_1117763717119473_7205234583777263610_n.webp\",\"articleSection\":[\"Emprendedores\"],\"inLanguage\":\"es\"},{\"@type\":\"WebPage\",\"@id\":\"https:\/\/santaanadelosguacaras.gob.ar\/sitio\/taller-de-joyeria-artistica-te-invitamos-a-crear-piezas-unicas\/\",\"url\":\"https:\/\/santaanadelosguacaras.gob.ar\/sitio\/taller-de-joyeria-artistica-te-invitamos-a-crear-piezas-unicas\/\",\"name\":\"Taller de Joyer\u00eda Art\u00edstica- Te invitamos a crear piezas \u00fanicas - Municipalidad de Santa Ana de los Gu\u00e1caras\",\"isPartOf\":{\"@id\":\"https:\/\/santaanadelosguacaras.gob.ar\/sitio\/#website\"},\"primaryImageOfPage\":{\"@id\":\"https:\/\/santaanadelosguacaras.gob.ar\/sitio\/taller-de-joyeria-artistica-te-invitamos-a-crear-piezas-unicas\/#primaryimage\"},\"image\":{\"@id\":\"https:\/\/santaanadelosguacaras.gob.ar\/sitio\/taller-de-joyeria-artistica-te-invitamos-a-crear-piezas-unicas\/#primaryimage\"},\"thumbnailUrl\":\"https:\/\/santaanadelosguacaras.gob.ar\/sitio\/wp-content\/uploads\/2025\/08\/533065922_1117763717119473_7205234583777263610_n.webp\",\"datePublished\":\"2025-08-15T14:24:38+00:00\",\"dateModified\":\"2025-08-16T14:25:52+00:00\",\"breadcrumb\":{\"@id\":\"https:\/\/santaanadelosguacaras.gob.ar\/sitio\/taller-de-joyeria-artistica-te-invitamos-a-crear-piezas-unicas\/#breadcrumb\"},\"inLanguage\":\"es\",\"potentialAction\":[{\"@type\":\"ReadAction\",\"target\":[\"https:\/\/santaanadelosguacaras.gob.ar\/sitio\/taller-de-joyeria-artistica-te-invitamos-a-crear-piezas-unicas\/\"]}]},{\"@type\":\"ImageObject\",\"inLanguage\":\"es\",\"@id\":\"https:\/\/santaanadelosguacaras.gob.ar\/sitio\/taller-de-joyeria-artistica-te-invitamos-a-crear-piezas-unicas\/#primaryimage\",\"url\":\"https:\/\/santaanadelosguacaras.gob.ar\/sitio\/wp-content\/uploads\/2025\/08\/533065922_1117763717119473_7205234583777263610_n.webp\",\"contentUrl\":\"https:\/\/santaanadelosguacaras.gob.ar\/sitio\/wp-content\/uploads\/2025\/08\/533065922_1117763717119473_7205234583777263610_n.webp\",\"width\":1252,\"height\":1584},{\"@type\":\"BreadcrumbList\",\"@id\":\"https:\/\/santaanadelosguacaras.gob.ar\/sitio\/taller-de-joyeria-artistica-te-invitamos-a-crear-piezas-unicas\/#breadcrumb\",\"itemListElement\":[{\"@type\":\"ListItem\",\"position\":1,\"name\":\"Portada\",\"item\":\"https:\/\/santaanadelosguacaras.gob.ar\/sitio\/\"},{\"@type\":\"ListItem\",\"position\":2,\"name\":\"Taller de Joyer\u00eda Art\u00edstica- Te invitamos a crear piezas \u00fanicas\"}]},{\"@type\":\"WebSite\",\"@id\":\"https:\/\/santaanadelosguacaras.gob.ar\/sitio\/#website\",\"url\":\"https:\/\/santaanadelosguacaras.gob.ar\/sitio\/\",\"name\":\"Municipalidad de Santa Ana de los Gu\u00e1caras\",\"description\":\"Descubre Santa Ana de los Gu\u00e1caras, un rinc\u00f3n lleno de historia, cultura y naturaleza en Corrientes. Informaci\u00f3n oficial sobre eventos, turismo, servicios municipales y m\u00e1s. \u00a1Con\u00e9ctate con nuestra comunidad!\",\"publisher\":{\"@id\":\"https:\/\/santaanadelosguacaras.gob.ar\/sitio\/#organization\"},\"alternateName\":\"MuniSantaAna\",\"potentialAction\":[{\"@type\":\"SearchAction\",\"target\":{\"@type\":\"EntryPoint\",\"urlTemplate\":\"https:\/\/santaanadelosguacaras.gob.ar\/sitio\/?s={search_term_string}\"},\"query-input\":{\"@type\":\"PropertyValueSpecification\",\"valueRequired\":true,\"valueName\":\"search_term_string\"}}],\"inLanguage\":\"es\"},{\"@type\":\"Organization\",\"@id\":\"https:\/\/santaanadelosguacaras.gob.ar\/sitio\/#organization\",\"name\":\"Municipalidad de Santa Ana de los Gu\u00e1caras\",\"alternateName\":\"MuniSantaAna\",\"url\":\"https:\/\/santaanadelosguacaras.gob.ar\/sitio\/\",\"logo\":{\"@type\":\"ImageObject\",\"inLanguage\":\"es\",\"@id\":\"https:\/\/santaanadelosguacaras.gob.ar\/sitio\/#\/schema\/logo\/image\/\",\"url\":\"https:\/\/santaanadelosguacaras.gob.ar\/sitio\/wp-content\/uploads\/2024\/12\/cropped-logo_muni_250.png\",\"contentUrl\":\"https:\/\/santaanadelosguacaras.gob.ar\/sitio\/wp-content\/uploads\/2024\/12\/cropped-logo_muni_250.png\",\"width\":247,\"height\":95,\"caption\":\"Municipalidad de Santa Ana de los Gu\u00e1caras\"},\"image\":{\"@id\":\"https:\/\/santaanadelosguacaras.gob.ar\/sitio\/#\/schema\/logo\/image\/\"},\"sameAs\":[\"https:\/\/www.facebook.com\/MuniSantaAnaDeLosGuacaras\",\"https:\/\/www.instagram.com\/muni_santaana_ctes\"]},{\"@type\":\"Person\",\"@id\":\"https:\/\/santaanadelosguacaras.gob.ar\/sitio\/#\/schema\/person\/aa85e53bbb5a7c7e19834c20ede5e205\",\"name\":\"Comunicaci\u00f3n\",\"image\":{\"@type\":\"ImageObject\",\"inLanguage\":\"es\",\"@id\":\"https:\/\/santaanadelosguacaras.gob.ar\/sitio\/#\/schema\/person\/image\/\",\"url\":\"https:\/\/secure.gravatar.com\/avatar\/3e81e68b8dcb0733c78bbafb464befc4a66ce4135950c3e3ac0d3c09e53e7092?s=96&d=mm&r=g\",\"contentUrl\":\"https:\/\/secure.gravatar.com\/avatar\/3e81e68b8dcb0733c78bbafb464befc4a66ce4135950c3e3ac0d3c09e53e7092?s=96&d=mm&r=g\",\"caption\":\"Comunicaci\u00f3n\"}}]}<\/script>\n<!-- \/ Yoast SEO plugin. -->","yoast_head_json":{"title":"Taller de Joyer\u00eda Art\u00edstica- Te invitamos a crear piezas \u00fanicas - Municipalidad de Santa Ana de los Gu\u00e1caras","robots":{"index":"index","follow":"follow","max-snippet":"max-snippet:-1","max-image-preview":"max-image-preview:large","max-video-preview":"max-video-preview:-1"},"canonical":"https:\/\/santaanadelosguacaras.gob.ar\/sitio\/taller-de-joyeria-artistica-te-invitamos-a-crear-piezas-unicas\/","og_locale":"es_ES","og_type":"article","og_title":"Taller de Joyer\u00eda Art\u00edstica- Te invitamos a crear piezas \u00fanicas - Municipalidad de Santa Ana de los Gu\u00e1caras","og_description":"Este 16 de agosto comienza en Santa Ana el Taller de Joyer\u00eda Art\u00edstica, dictado por la dise\u00f1adora Cecilia Seniquel, dentro del Programa de Formaci\u00f3n \u2013 Escuelas de Artes y Oficios.&hellip;","og_url":"https:\/\/santaanadelosguacaras.gob.ar\/sitio\/taller-de-joyeria-artistica-te-invitamos-a-crear-piezas-unicas\/","og_site_name":"Municipalidad de Santa Ana de los Gu\u00e1caras","article_publisher":"https:\/\/www.facebook.com\/MuniSantaAnaDeLosGuacaras","article_published_time":"2025-08-15T14:24:38+00:00","article_modified_time":"2025-08-16T14:25:52+00:00","og_image":[{"width":1252,"height":1584,"url":"https:\/\/santaanadelosguacaras.gob.ar\/sitio\/wp-content\/uploads\/2025\/08\/533065922_1117763717119473_7205234583777263610_n.webp","type":"image\/webp"}],"author":"Comunicaci\u00f3n","twitter_card":"summary_large_image","twitter_misc":{"Escrito por":"Comunicaci\u00f3n","Tiempo de lectura":"1 minuto"},"schema":{"@context":"https:\/\/schema.org","@graph":[{"@type":"Article","@id":"https:\/\/santaanadelosguacaras.gob.ar\/sitio\/taller-de-joyeria-artistica-te-invitamos-a-crear-piezas-unicas\/#article","isPartOf":{"@id":"https:\/\/santaanadelosguacaras.gob.ar\/sitio\/taller-de-joyeria-artistica-te-invitamos-a-crear-piezas-unicas\/"},"author":{"name":"Comunicaci\u00f3n","@id":"https:\/\/santaanadelosguacaras.gob.ar\/sitio\/#\/schema\/person\/aa85e53bbb5a7c7e19834c20ede5e205"},"headline":"Taller de Joyer\u00eda Art\u00edstica- Te invitamos a crear piezas \u00fanicas","datePublished":"2025-08-15T14:24:38+00:00","dateModified":"2025-08-16T14:25:52+00:00","mainEntityOfPage":{"@id":"https:\/\/santaanadelosguacaras.gob.ar\/sitio\/taller-de-joyeria-artistica-te-invitamos-a-crear-piezas-unicas\/"},"wordCount":103,"publisher":{"@id":"https:\/\/santaanadelosguacaras.gob.ar\/sitio\/#organization"},"image":{"@id":"https:\/\/santaanadelosguacaras.gob.ar\/sitio\/taller-de-joyeria-artistica-te-invitamos-a-crear-piezas-unicas\/#primaryimage"},"thumbnailUrl":"https:\/\/santaanadelosguacaras.gob.ar\/sitio\/wp-content\/uploads\/2025\/08\/533065922_1117763717119473_7205234583777263610_n.webp","articleSection":["Emprendedores"],"inLanguage":"es"},{"@type":"WebPage","@id":"https:\/\/santaanadelosguacaras.gob.ar\/sitio\/taller-de-joyeria-artistica-te-invitamos-a-crear-piezas-unicas\/","url":"https:\/\/santaanadelosguacaras.gob.ar\/sitio\/taller-de-joyeria-artistica-te-invitamos-a-crear-piezas-unicas\/","name":"Taller de Joyer\u00eda Art\u00edstica- Te invitamos a crear piezas \u00fanicas - Municipalidad de Santa Ana de los Gu\u00e1caras","isPartOf":{"@id":"https:\/\/santaanadelosguacaras.gob.ar\/sitio\/#website"},"primaryImageOfPage":{"@id":"https:\/\/santaanadelosguacaras.gob.ar\/sitio\/taller-de-joyeria-artistica-te-invitamos-a-crear-piezas-unicas\/#primaryimage"},"image":{"@id":"https:\/\/santaanadelosguacaras.gob.ar\/sitio\/taller-de-joyeria-artistica-te-invitamos-a-crear-piezas-unicas\/#primaryimage"},"thumbnailUrl":"https:\/\/santaanadelosguacaras.gob.ar\/sitio\/wp-content\/uploads\/2025\/08\/533065922_1117763717119473_7205234583777263610_n.webp","datePublished":"2025-08-15T14:24:38+00:00","dateModified":"2025-08-16T14:25:52+00:00","breadcrumb":{"@id":"https:\/\/santaanadelosguacaras.gob.ar\/sitio\/taller-de-joyeria-artistica-te-invitamos-a-crear-piezas-unicas\/#breadcrumb"},"inLanguage":"es","potentialAction":[{"@type":"ReadAction","target":["https:\/\/santaanadelosguacaras.gob.ar\/sitio\/taller-de-joyeria-artistica-te-invitamos-a-crear-piezas-unicas\/"]}]},{"@type":"ImageObject","inLanguage":"es","@id":"https:\/\/santaanadelosguacaras.gob.ar\/sitio\/taller-de-joyeria-artistica-te-invitamos-a-crear-piezas-unicas\/#primaryimage","url":"https:\/\/santaanadelosguacaras.gob.ar\/sitio\/wp-content\/uploads\/2025\/08\/533065922_1117763717119473_7205234583777263610_n.webp","contentUrl":"https:\/\/santaanadelosguacaras.gob.ar\/sitio\/wp-content\/uploads\/2025\/08\/533065922_1117763717119473_7205234583777263610_n.webp","width":1252,"height":1584},{"@type":"BreadcrumbList","@id":"https:\/\/santaanadelosguacaras.gob.ar\/sitio\/taller-de-joyeria-artistica-te-invitamos-a-crear-piezas-unicas\/#breadcrumb","itemListElement":[{"@type":"ListItem","position":1,"name":"Portada","item":"https:\/\/santaanadelosguacaras.gob.ar\/sitio\/"},{"@type":"ListItem","position":2,"name":"Taller de Joyer\u00eda Art\u00edstica- Te invitamos a crear piezas \u00fanicas"}]},{"@type":"WebSite","@id":"https:\/\/santaanadelosguacaras.gob.ar\/sitio\/#website","url":"https:\/\/santaanadelosguacaras.gob.ar\/sitio\/","name":"Municipalidad de Santa Ana de los Gu\u00e1caras","description":"Descubre Santa Ana de los Gu\u00e1caras, un rinc\u00f3n lleno de historia, cultura y naturaleza en Corrientes. Informaci\u00f3n oficial sobre eventos, turismo, servicios municipales y m\u00e1s. \u00a1Con\u00e9ctate con nuestra comunidad!","publisher":{"@id":"https:\/\/santaanadelosguacaras.gob.ar\/sitio\/#organization"},"alternateName":"MuniSantaAna","potentialAction":[{"@type":"SearchAction","target":{"@type":"EntryPoint","urlTemplate":"https:\/\/santaanadelosguacaras.gob.ar\/sitio\/?s={search_term_string}"},"query-input":{"@type":"PropertyValueSpecification","valueRequired":true,"valueName":"search_term_string"}}],"inLanguage":"es"},{"@type":"Organization","@id":"https:\/\/santaanadelosguacaras.gob.ar\/sitio\/#organization","name":"Municipalidad de Santa Ana de los Gu\u00e1caras","alternateName":"MuniSantaAna","url":"https:\/\/santaanadelosguacaras.gob.ar\/sitio\/","logo":{"@type":"ImageObject","inLanguage":"es","@id":"https:\/\/santaanadelosguacaras.gob.ar\/sitio\/#\/schema\/logo\/image\/","url":"https:\/\/santaanadelosguacaras.gob.ar\/sitio\/wp-content\/uploads\/2024\/12\/cropped-logo_muni_250.png","contentUrl":"https:\/\/santaanadelosguacaras.gob.ar\/sitio\/wp-content\/uploads\/2024\/12\/cropped-logo_muni_250.png","width":247,"height":95,"caption":"Municipalidad de Santa Ana de los Gu\u00e1caras"},"image":{"@id":"https:\/\/santaanadelosguacaras.gob.ar\/sitio\/#\/schema\/logo\/image\/"},"sameAs":["https:\/\/www.facebook.com\/MuniSantaAnaDeLosGuacaras","https:\/\/www.instagram.com\/muni_santaana_ctes"]},{"@type":"Person","@id":"https:\/\/santaanadelosguacaras.gob.ar\/sitio\/#\/schema\/person\/aa85e53bbb5a7c7e19834c20ede5e205","name":"Comunicaci\u00f3n","image":{"@type":"ImageObject","inLanguage":"es","@id":"https:\/\/santaanadelosguacaras.gob.ar\/sitio\/#\/schema\/person\/image\/","url":"https:\/\/secure.gravatar.com\/avatar\/3e81e68b8dcb0733c78bbafb464befc4a66ce4135950c3e3ac0d3c09e53e7092?s=96&d=mm&r=g","contentUrl":"https:\/\/secure.gravatar.com\/avatar\/3e81e68b8dcb0733c78bbafb464befc4a66ce4135950c3e3ac0d3c09e53e7092?s=96&d=mm&r=g","caption":"Comunicaci\u00f3n"}}]}},"_links":{"self":[{"href":"https:\/\/santaanadelosguacaras.gob.ar\/sitio\/wp-json\/wp\/v2\/posts\/2890","targetHints":{"allow":["GET"]}}],"collection":[{"href":"https:\/\/santaanadelosguacaras.gob.ar\/sitio\/wp-json\/wp\/v2\/posts"}],"about":[{"href":"https:\/\/santaanadelosguacaras.gob.ar\/sitio\/wp-json\/wp\/v2\/types\/post"}],"author":[{"embeddable":true,"href":"https:\/\/santaanadelosguacaras.gob.ar\/sitio\/wp-json\/wp\/v2\/users\/2"}],"replies":[{"embeddable":true,"href":"https:\/\/santaanadelosguacaras.gob.ar\/sitio\/wp-json\/wp\/v2\/comments?post=2890"}],"version-history":[{"count":1,"href":"https:\/\/santaanadelosguacaras.gob.ar\/sitio\/wp-json\/wp\/v2\/posts\/2890\/revisions"}],"predecessor-version":[{"id":2892,"href":"https:\/\/santaanadelosguacaras.gob.ar\/sitio\/wp-json\/wp\/v2\/posts\/2890\/revisions\/2892"}],"wp:featuredmedia":[{"embeddable":true,"href":"https:\/\/santaanadelosguacaras.gob.ar\/sitio\/wp-json\/wp\/v2\/media\/2891"}],"wp:attachment":[{"href":"https:\/\/santaanadelosguacaras.gob.ar\/sitio\/wp-json\/wp\/v2\/media?parent=2890"}],"wp:term":[{"taxonomy":"category","embeddable":true,"href":"https:\/\/santaanadelosguacaras.gob.ar\/sitio\/wp-json\/wp\/v2\/categories?post=2890"},{"taxonomy":"post_tag","embeddable":true,"href":"https:\/\/santaanadelosguacaras.gob.ar\/sitio\/wp-json\/wp\/v2\/tags?post=2890"}],"curies":[{"name":"wp","href":"https:\/\/api.w.org\/{rel}","templated":true}]}}