{"id":3145,"date":"2025-10-02T16:10:55","date_gmt":"2025-10-02T19:10:55","guid":{"rendered":"https:\/\/santaanadelosguacaras.gob.ar\/sitio\/?p=3145"},"modified":"2025-10-02T16:10:58","modified_gmt":"2025-10-02T19:10:58","slug":"comenzo-la-vi-feria-del-libro-de-santa-ana-de-los-guacaras","status":"publish","type":"post","link":"https:\/\/santaanadelosguacaras.gob.ar\/sitio\/comenzo-la-vi-feria-del-libro-de-santa-ana-de-los-guacaras\/","title":{"rendered":"Comenz\u00f3 la VI Feria del Libro de Santa Ana de los Gu\u00e1caras"},"content":{"rendered":"\n<p>La Feria del Libro de Santa Ana abri\u00f3 sus puertas bajo el lema \u201cPalabras que unen, historias que inspiran\u201d.<\/p>\n\n\n\n<p>La apertura oficial estuvo encabezada por la intendente Silvana Almir\u00f3n, quien resalt\u00f3 la relevancia de este encuentro para toda la comunidad, los libros como veh\u00edculos de conocimiento y el valioso impulso que la feria representa para los escritores regionales.<\/p>\n\n\n\n<p>En el marco de la feria, la Biblioteca local recibi\u00f3 una valiosa donaci\u00f3n de libros de parte de la escritora Myrna Newmam de Rey, gesto que fue agradecido p\u00fablicamente por la intendente.<\/p>\n\n\n\n<p>Las actividades de esta primera jornada continuar\u00e1n desde las 14 hs.<\/p>\n\n\n\n<p>Esta VI Feria del Libro se desarrolla los d\u00edas 2 y 3 de octubre, en la Casa de la Cultura, con entrada libre y gratuita.<\/p>\n\n\n\n<figure class=\"wp-block-gallery has-nested-images columns-default is-cropped wp-block-gallery-1 is-layout-flex wp-block-gallery-is-layout-flex\">\n<figure class=\"wp-block-image size-large\"><a href=\"https:\/\/santaanadelosguacaras.gob.ar\/sitio\/wp-content\/uploads\/2025\/10\/557412130_1156311399931371_8237061644066793928_n.webp\"><img loading=\"lazy\" decoding=\"async\" width=\"1024\" height=\"848\" data-id=\"3146\" src=\"https:\/\/santaanadelosguacaras.gob.ar\/sitio\/wp-content\/uploads\/2025\/10\/557412130_1156311399931371_8237061644066793928_n-1024x848.webp\" alt=\"\" class=\"wp-image-3146\" srcset=\"https:\/\/santaanadelosguacaras.gob.ar\/sitio\/wp-content\/uploads\/2025\/10\/557412130_1156311399931371_8237061644066793928_n-1024x848.webp 1024w, https:\/\/santaanadelosguacaras.gob.ar\/sitio\/wp-content\/uploads\/2025\/10\/557412130_1156311399931371_8237061644066793928_n-300x248.webp 300w, https:\/\/santaanadelosguacaras.gob.ar\/sitio\/wp-content\/uploads\/2025\/10\/557412130_1156311399931371_8237061644066793928_n-768x636.webp 768w, https:\/\/santaanadelosguacaras.gob.ar\/sitio\/wp-content\/uploads\/2025\/10\/557412130_1156311399931371_8237061644066793928_n.webp 1440w\" sizes=\"auto, (max-width: 1024px) 100vw, 1024px\" \/><\/a><\/figure>\n\n\n\n<figure class=\"wp-block-image size-large\"><a href=\"https:\/\/santaanadelosguacaras.gob.ar\/sitio\/wp-content\/uploads\/2025\/10\/558097881_1156311433264701_4367899131994102252_n.webp\"><img loading=\"lazy\" decoding=\"async\" width=\"1024\" height=\"610\" data-id=\"3154\" src=\"https:\/\/santaanadelosguacaras.gob.ar\/sitio\/wp-content\/uploads\/2025\/10\/558097881_1156311433264701_4367899131994102252_n-1024x610.webp\" alt=\"\" class=\"wp-image-3154\" srcset=\"https:\/\/santaanadelosguacaras.gob.ar\/sitio\/wp-content\/uploads\/2025\/10\/558097881_1156311433264701_4367899131994102252_n-1024x610.webp 1024w, https:\/\/santaanadelosguacaras.gob.ar\/sitio\/wp-content\/uploads\/2025\/10\/558097881_1156311433264701_4367899131994102252_n-300x179.webp 300w, https:\/\/santaanadelosguacaras.gob.ar\/sitio\/wp-content\/uploads\/2025\/10\/558097881_1156311433264701_4367899131994102252_n-768x457.webp 768w, https:\/\/santaanadelosguacaras.gob.ar\/sitio\/wp-content\/uploads\/2025\/10\/558097881_1156311433264701_4367899131994102252_n-1536x915.webp 1536w, https:\/\/santaanadelosguacaras.gob.ar\/sitio\/wp-content\/uploads\/2025\/10\/558097881_1156311433264701_4367899131994102252_n.webp 1871w\" sizes=\"auto, (max-width: 1024px) 100vw, 1024px\" \/><\/a><\/figure>\n\n\n\n<figure class=\"wp-block-image size-large\"><a href=\"https:\/\/santaanadelosguacaras.gob.ar\/sitio\/wp-content\/uploads\/2025\/10\/557623850_1156311499931361_3977906745059691667_n.webp\"><img loading=\"lazy\" decoding=\"async\" width=\"1024\" height=\"712\" data-id=\"3161\" src=\"https:\/\/santaanadelosguacaras.gob.ar\/sitio\/wp-content\/uploads\/2025\/10\/557623850_1156311499931361_3977906745059691667_n-1024x712.webp\" alt=\"\" class=\"wp-image-3161\" srcset=\"https:\/\/santaanadelosguacaras.gob.ar\/sitio\/wp-content\/uploads\/2025\/10\/557623850_1156311499931361_3977906745059691667_n-1024x712.webp 1024w, https:\/\/santaanadelosguacaras.gob.ar\/sitio\/wp-content\/uploads\/2025\/10\/557623850_1156311499931361_3977906745059691667_n-300x209.webp 300w, https:\/\/santaanadelosguacaras.gob.ar\/sitio\/wp-content\/uploads\/2025\/10\/557623850_1156311499931361_3977906745059691667_n-768x534.webp 768w, https:\/\/santaanadelosguacaras.gob.ar\/sitio\/wp-content\/uploads\/2025\/10\/557623850_1156311499931361_3977906745059691667_n-1536x1068.webp 1536w, https:\/\/santaanadelosguacaras.gob.ar\/sitio\/wp-content\/uploads\/2025\/10\/557623850_1156311499931361_3977906745059691667_n.webp 2048w\" sizes=\"auto, (max-width: 1024px) 100vw, 1024px\" \/><\/a><\/figure>\n\n\n\n<figure class=\"wp-block-image size-large\"><a href=\"https:\/\/santaanadelosguacaras.gob.ar\/sitio\/wp-content\/uploads\/2025\/10\/557498586_1156311533264691_9070456992477727132_n.webp\"><img loading=\"lazy\" decoding=\"async\" width=\"1024\" height=\"768\" data-id=\"3148\" src=\"https:\/\/santaanadelosguacaras.gob.ar\/sitio\/wp-content\/uploads\/2025\/10\/557498586_1156311533264691_9070456992477727132_n-1024x768.webp\" alt=\"\" class=\"wp-image-3148\" srcset=\"https:\/\/santaanadelosguacaras.gob.ar\/sitio\/wp-content\/uploads\/2025\/10\/557498586_1156311533264691_9070456992477727132_n-1024x768.webp 1024w, https:\/\/santaanadelosguacaras.gob.ar\/sitio\/wp-content\/uploads\/2025\/10\/557498586_1156311533264691_9070456992477727132_n-300x225.webp 300w, https:\/\/santaanadelosguacaras.gob.ar\/sitio\/wp-content\/uploads\/2025\/10\/557498586_1156311533264691_9070456992477727132_n-768x576.webp 768w, https:\/\/santaanadelosguacaras.gob.ar\/sitio\/wp-content\/uploads\/2025\/10\/557498586_1156311533264691_9070456992477727132_n.webp 1156w\" sizes=\"auto, (max-width: 1024px) 100vw, 1024px\" \/><\/a><\/figure>\n\n\n\n<figure class=\"wp-block-image size-large\"><a href=\"https:\/\/santaanadelosguacaras.gob.ar\/sitio\/wp-content\/uploads\/2025\/10\/557613164_1156311576598020_7448447240688646962_n.webp\"><img loading=\"lazy\" decoding=\"async\" width=\"1024\" height=\"768\" data-id=\"3149\" src=\"https:\/\/santaanadelosguacaras.gob.ar\/sitio\/wp-content\/uploads\/2025\/10\/557613164_1156311576598020_7448447240688646962_n-1024x768.webp\" alt=\"\" class=\"wp-image-3149\" srcset=\"https:\/\/santaanadelosguacaras.gob.ar\/sitio\/wp-content\/uploads\/2025\/10\/557613164_1156311576598020_7448447240688646962_n-1024x768.webp 1024w, https:\/\/santaanadelosguacaras.gob.ar\/sitio\/wp-content\/uploads\/2025\/10\/557613164_1156311576598020_7448447240688646962_n-300x225.webp 300w, https:\/\/santaanadelosguacaras.gob.ar\/sitio\/wp-content\/uploads\/2025\/10\/557613164_1156311576598020_7448447240688646962_n-768x576.webp 768w, https:\/\/santaanadelosguacaras.gob.ar\/sitio\/wp-content\/uploads\/2025\/10\/557613164_1156311576598020_7448447240688646962_n.webp 1156w\" sizes=\"auto, (max-width: 1024px) 100vw, 1024px\" \/><\/a><\/figure>\n\n\n\n<figure class=\"wp-block-image size-large\"><a href=\"https:\/\/santaanadelosguacaras.gob.ar\/sitio\/wp-content\/uploads\/2025\/10\/556527360_1156311739931337_7047443426505882384_n.webp\"><img loading=\"lazy\" decoding=\"async\" width=\"1024\" height=\"768\" data-id=\"3151\" src=\"https:\/\/santaanadelosguacaras.gob.ar\/sitio\/wp-content\/uploads\/2025\/10\/556527360_1156311739931337_7047443426505882384_n-1024x768.webp\" alt=\"\" class=\"wp-image-3151\" srcset=\"https:\/\/santaanadelosguacaras.gob.ar\/sitio\/wp-content\/uploads\/2025\/10\/556527360_1156311739931337_7047443426505882384_n-1024x768.webp 1024w, https:\/\/santaanadelosguacaras.gob.ar\/sitio\/wp-content\/uploads\/2025\/10\/556527360_1156311739931337_7047443426505882384_n-300x225.webp 300w, https:\/\/santaanadelosguacaras.gob.ar\/sitio\/wp-content\/uploads\/2025\/10\/556527360_1156311739931337_7047443426505882384_n-768x576.webp 768w, https:\/\/santaanadelosguacaras.gob.ar\/sitio\/wp-content\/uploads\/2025\/10\/556527360_1156311739931337_7047443426505882384_n-1536x1152.webp 1536w, https:\/\/santaanadelosguacaras.gob.ar\/sitio\/wp-content\/uploads\/2025\/10\/556527360_1156311739931337_7047443426505882384_n.webp 2048w\" sizes=\"auto, (max-width: 1024px) 100vw, 1024px\" \/><\/a><\/figure>\n\n\n\n<figure class=\"wp-block-image size-large\"><a href=\"https:\/\/santaanadelosguacaras.gob.ar\/sitio\/wp-content\/uploads\/2025\/10\/557862304_1156311916597986_8016983773588627093_n.webp\"><img loading=\"lazy\" decoding=\"async\" width=\"1024\" height=\"768\" data-id=\"3150\" src=\"https:\/\/santaanadelosguacaras.gob.ar\/sitio\/wp-content\/uploads\/2025\/10\/557862304_1156311916597986_8016983773588627093_n-1024x768.webp\" alt=\"\" class=\"wp-image-3150\" srcset=\"https:\/\/santaanadelosguacaras.gob.ar\/sitio\/wp-content\/uploads\/2025\/10\/557862304_1156311916597986_8016983773588627093_n-1024x768.webp 1024w, https:\/\/santaanadelosguacaras.gob.ar\/sitio\/wp-content\/uploads\/2025\/10\/557862304_1156311916597986_8016983773588627093_n-300x225.webp 300w, https:\/\/santaanadelosguacaras.gob.ar\/sitio\/wp-content\/uploads\/2025\/10\/557862304_1156311916597986_8016983773588627093_n-768x576.webp 768w, https:\/\/santaanadelosguacaras.gob.ar\/sitio\/wp-content\/uploads\/2025\/10\/557862304_1156311916597986_8016983773588627093_n.webp 1156w\" sizes=\"auto, (max-width: 1024px) 100vw, 1024px\" \/><\/a><\/figure>\n\n\n\n<figure class=\"wp-block-image size-large\"><a href=\"https:\/\/santaanadelosguacaras.gob.ar\/sitio\/wp-content\/uploads\/2025\/10\/514339008_1156312063264638_3435913694620755101_n.webp\"><img loading=\"lazy\" decoding=\"async\" width=\"1024\" height=\"768\" data-id=\"3147\" src=\"https:\/\/santaanadelosguacaras.gob.ar\/sitio\/wp-content\/uploads\/2025\/10\/514339008_1156312063264638_3435913694620755101_n-1024x768.webp\" alt=\"\" class=\"wp-image-3147\" srcset=\"https:\/\/santaanadelosguacaras.gob.ar\/sitio\/wp-content\/uploads\/2025\/10\/514339008_1156312063264638_3435913694620755101_n-1024x768.webp 1024w, https:\/\/santaanadelosguacaras.gob.ar\/sitio\/wp-content\/uploads\/2025\/10\/514339008_1156312063264638_3435913694620755101_n-300x225.webp 300w, https:\/\/santaanadelosguacaras.gob.ar\/sitio\/wp-content\/uploads\/2025\/10\/514339008_1156312063264638_3435913694620755101_n-768x576.webp 768w, https:\/\/santaanadelosguacaras.gob.ar\/sitio\/wp-content\/uploads\/2025\/10\/514339008_1156312063264638_3435913694620755101_n-1536x1152.webp 1536w, https:\/\/santaanadelosguacaras.gob.ar\/sitio\/wp-content\/uploads\/2025\/10\/514339008_1156312063264638_3435913694620755101_n.webp 2048w\" sizes=\"auto, (max-width: 1024px) 100vw, 1024px\" \/><\/a><\/figure>\n\n\n\n<figure class=\"wp-block-image size-large\"><a href=\"https:\/\/santaanadelosguacaras.gob.ar\/sitio\/wp-content\/uploads\/2025\/10\/557640813_1156312159931295_2208678714143945789_n.webp\"><img loading=\"lazy\" decoding=\"async\" width=\"1024\" height=\"731\" data-id=\"3155\" src=\"https:\/\/santaanadelosguacaras.gob.ar\/sitio\/wp-content\/uploads\/2025\/10\/557640813_1156312159931295_2208678714143945789_n-1024x731.webp\" alt=\"\" class=\"wp-image-3155\" srcset=\"https:\/\/santaanadelosguacaras.gob.ar\/sitio\/wp-content\/uploads\/2025\/10\/557640813_1156312159931295_2208678714143945789_n-1024x731.webp 1024w, https:\/\/santaanadelosguacaras.gob.ar\/sitio\/wp-content\/uploads\/2025\/10\/557640813_1156312159931295_2208678714143945789_n-300x214.webp 300w, https:\/\/santaanadelosguacaras.gob.ar\/sitio\/wp-content\/uploads\/2025\/10\/557640813_1156312159931295_2208678714143945789_n-768x548.webp 768w, https:\/\/santaanadelosguacaras.gob.ar\/sitio\/wp-content\/uploads\/2025\/10\/557640813_1156312159931295_2208678714143945789_n-1536x1096.webp 1536w, https:\/\/santaanadelosguacaras.gob.ar\/sitio\/wp-content\/uploads\/2025\/10\/557640813_1156312159931295_2208678714143945789_n.webp 2048w\" sizes=\"auto, (max-width: 1024px) 100vw, 1024px\" \/><\/a><\/figure>\n\n\n\n<figure class=\"wp-block-image size-large\"><a href=\"https:\/\/santaanadelosguacaras.gob.ar\/sitio\/wp-content\/uploads\/2025\/10\/559012607_1156312209931290_5285305600669428392_n.webp\"><img loading=\"lazy\" decoding=\"async\" width=\"1024\" height=\"925\" data-id=\"3156\" src=\"https:\/\/santaanadelosguacaras.gob.ar\/sitio\/wp-content\/uploads\/2025\/10\/559012607_1156312209931290_5285305600669428392_n-1024x925.webp\" alt=\"\" class=\"wp-image-3156\" srcset=\"https:\/\/santaanadelosguacaras.gob.ar\/sitio\/wp-content\/uploads\/2025\/10\/559012607_1156312209931290_5285305600669428392_n-1024x925.webp 1024w, https:\/\/santaanadelosguacaras.gob.ar\/sitio\/wp-content\/uploads\/2025\/10\/559012607_1156312209931290_5285305600669428392_n-300x271.webp 300w, https:\/\/santaanadelosguacaras.gob.ar\/sitio\/wp-content\/uploads\/2025\/10\/559012607_1156312209931290_5285305600669428392_n-768x694.webp 768w, https:\/\/santaanadelosguacaras.gob.ar\/sitio\/wp-content\/uploads\/2025\/10\/559012607_1156312209931290_5285305600669428392_n-1536x1388.webp 1536w, https:\/\/santaanadelosguacaras.gob.ar\/sitio\/wp-content\/uploads\/2025\/10\/559012607_1156312209931290_5285305600669428392_n.webp 1700w\" sizes=\"auto, (max-width: 1024px) 100vw, 1024px\" \/><\/a><\/figure>\n\n\n\n<figure class=\"wp-block-image size-large\"><a href=\"https:\/\/santaanadelosguacaras.gob.ar\/sitio\/wp-content\/uploads\/2025\/10\/557706867_1156312253264619_4033414491295713088_n.webp\"><img loading=\"lazy\" decoding=\"async\" width=\"1024\" height=\"751\" data-id=\"3157\" src=\"https:\/\/santaanadelosguacaras.gob.ar\/sitio\/wp-content\/uploads\/2025\/10\/557706867_1156312253264619_4033414491295713088_n-1024x751.webp\" alt=\"\" class=\"wp-image-3157\" srcset=\"https:\/\/santaanadelosguacaras.gob.ar\/sitio\/wp-content\/uploads\/2025\/10\/557706867_1156312253264619_4033414491295713088_n-1024x751.webp 1024w, https:\/\/santaanadelosguacaras.gob.ar\/sitio\/wp-content\/uploads\/2025\/10\/557706867_1156312253264619_4033414491295713088_n-300x220.webp 300w, https:\/\/santaanadelosguacaras.gob.ar\/sitio\/wp-content\/uploads\/2025\/10\/557706867_1156312253264619_4033414491295713088_n-768x563.webp 768w, https:\/\/santaanadelosguacaras.gob.ar\/sitio\/wp-content\/uploads\/2025\/10\/557706867_1156312253264619_4033414491295713088_n-1536x1126.webp 1536w, https:\/\/santaanadelosguacaras.gob.ar\/sitio\/wp-content\/uploads\/2025\/10\/557706867_1156312253264619_4033414491295713088_n.webp 2048w\" sizes=\"auto, (max-width: 1024px) 100vw, 1024px\" \/><\/a><\/figure>\n\n\n\n<figure class=\"wp-block-image size-large\"><a href=\"https:\/\/santaanadelosguacaras.gob.ar\/sitio\/wp-content\/uploads\/2025\/10\/515494467_1156312313264613_2406469473260686010_n.webp\"><img loading=\"lazy\" decoding=\"async\" width=\"1024\" height=\"734\" data-id=\"3158\" src=\"https:\/\/santaanadelosguacaras.gob.ar\/sitio\/wp-content\/uploads\/2025\/10\/515494467_1156312313264613_2406469473260686010_n-1024x734.webp\" alt=\"\" class=\"wp-image-3158\" srcset=\"https:\/\/santaanadelosguacaras.gob.ar\/sitio\/wp-content\/uploads\/2025\/10\/515494467_1156312313264613_2406469473260686010_n-1024x734.webp 1024w, https:\/\/santaanadelosguacaras.gob.ar\/sitio\/wp-content\/uploads\/2025\/10\/515494467_1156312313264613_2406469473260686010_n-300x215.webp 300w, https:\/\/santaanadelosguacaras.gob.ar\/sitio\/wp-content\/uploads\/2025\/10\/515494467_1156312313264613_2406469473260686010_n-768x550.webp 768w, https:\/\/santaanadelosguacaras.gob.ar\/sitio\/wp-content\/uploads\/2025\/10\/515494467_1156312313264613_2406469473260686010_n-1536x1100.webp 1536w, https:\/\/santaanadelosguacaras.gob.ar\/sitio\/wp-content\/uploads\/2025\/10\/515494467_1156312313264613_2406469473260686010_n.webp 2048w\" sizes=\"auto, (max-width: 1024px) 100vw, 1024px\" \/><\/a><\/figure>\n\n\n\n<figure class=\"wp-block-image size-large\"><a href=\"https:\/\/santaanadelosguacaras.gob.ar\/sitio\/wp-content\/uploads\/2025\/10\/557055319_1156312353264609_2392631673569792482_n.webp\"><img loading=\"lazy\" decoding=\"async\" width=\"1024\" height=\"768\" data-id=\"3160\" src=\"https:\/\/santaanadelosguacaras.gob.ar\/sitio\/wp-content\/uploads\/2025\/10\/557055319_1156312353264609_2392631673569792482_n-1024x768.webp\" alt=\"\" class=\"wp-image-3160\" srcset=\"https:\/\/santaanadelosguacaras.gob.ar\/sitio\/wp-content\/uploads\/2025\/10\/557055319_1156312353264609_2392631673569792482_n-1024x768.webp 1024w, https:\/\/santaanadelosguacaras.gob.ar\/sitio\/wp-content\/uploads\/2025\/10\/557055319_1156312353264609_2392631673569792482_n-300x225.webp 300w, https:\/\/santaanadelosguacaras.gob.ar\/sitio\/wp-content\/uploads\/2025\/10\/557055319_1156312353264609_2392631673569792482_n-768x576.webp 768w, https:\/\/santaanadelosguacaras.gob.ar\/sitio\/wp-content\/uploads\/2025\/10\/557055319_1156312353264609_2392631673569792482_n-1536x1152.webp 1536w, https:\/\/santaanadelosguacaras.gob.ar\/sitio\/wp-content\/uploads\/2025\/10\/557055319_1156312353264609_2392631673569792482_n.webp 2048w\" sizes=\"auto, (max-width: 1024px) 100vw, 1024px\" \/><\/a><\/figure>\n\n\n\n<figure class=\"wp-block-image size-large\"><a href=\"https:\/\/santaanadelosguacaras.gob.ar\/sitio\/wp-content\/uploads\/2025\/10\/557640163_1156312393264605_277701215541244654_n.webp\"><img loading=\"lazy\" decoding=\"async\" width=\"1024\" height=\"768\" data-id=\"3153\" src=\"https:\/\/santaanadelosguacaras.gob.ar\/sitio\/wp-content\/uploads\/2025\/10\/557640163_1156312393264605_277701215541244654_n-1024x768.webp\" alt=\"\" class=\"wp-image-3153\" srcset=\"https:\/\/santaanadelosguacaras.gob.ar\/sitio\/wp-content\/uploads\/2025\/10\/557640163_1156312393264605_277701215541244654_n-1024x768.webp 1024w, https:\/\/santaanadelosguacaras.gob.ar\/sitio\/wp-content\/uploads\/2025\/10\/557640163_1156312393264605_277701215541244654_n-300x225.webp 300w, https:\/\/santaanadelosguacaras.gob.ar\/sitio\/wp-content\/uploads\/2025\/10\/557640163_1156312393264605_277701215541244654_n-768x576.webp 768w, https:\/\/santaanadelosguacaras.gob.ar\/sitio\/wp-content\/uploads\/2025\/10\/557640163_1156312393264605_277701215541244654_n.webp 1156w\" sizes=\"auto, (max-width: 1024px) 100vw, 1024px\" \/><\/a><\/figure>\n\n\n\n<figure class=\"wp-block-image size-large\"><a href=\"https:\/\/santaanadelosguacaras.gob.ar\/sitio\/wp-content\/uploads\/2025\/10\/556216216_1156312443264600_6134396748119056290_n.webp\"><img loading=\"lazy\" decoding=\"async\" width=\"1024\" height=\"768\" data-id=\"3152\" src=\"https:\/\/santaanadelosguacaras.gob.ar\/sitio\/wp-content\/uploads\/2025\/10\/556216216_1156312443264600_6134396748119056290_n-1024x768.webp\" alt=\"\" class=\"wp-image-3152\" srcset=\"https:\/\/santaanadelosguacaras.gob.ar\/sitio\/wp-content\/uploads\/2025\/10\/556216216_1156312443264600_6134396748119056290_n-1024x768.webp 1024w, https:\/\/santaanadelosguacaras.gob.ar\/sitio\/wp-content\/uploads\/2025\/10\/556216216_1156312443264600_6134396748119056290_n-300x225.webp 300w, https:\/\/santaanadelosguacaras.gob.ar\/sitio\/wp-content\/uploads\/2025\/10\/556216216_1156312443264600_6134396748119056290_n-768x576.webp 768w, https:\/\/santaanadelosguacaras.gob.ar\/sitio\/wp-content\/uploads\/2025\/10\/556216216_1156312443264600_6134396748119056290_n.webp 1156w\" sizes=\"auto, (max-width: 1024px) 100vw, 1024px\" \/><\/a><\/figure>\n\n\n\n<figure class=\"wp-block-image size-large\"><a href=\"https:\/\/santaanadelosguacaras.gob.ar\/sitio\/wp-content\/uploads\/2025\/10\/558111583_1156312499931261_1080139561565512978_n.webp\"><img loading=\"lazy\" decoding=\"async\" width=\"1024\" height=\"768\" data-id=\"3159\" src=\"https:\/\/santaanadelosguacaras.gob.ar\/sitio\/wp-content\/uploads\/2025\/10\/558111583_1156312499931261_1080139561565512978_n-1024x768.webp\" alt=\"\" class=\"wp-image-3159\" srcset=\"https:\/\/santaanadelosguacaras.gob.ar\/sitio\/wp-content\/uploads\/2025\/10\/558111583_1156312499931261_1080139561565512978_n-1024x768.webp 1024w, https:\/\/santaanadelosguacaras.gob.ar\/sitio\/wp-content\/uploads\/2025\/10\/558111583_1156312499931261_1080139561565512978_n-300x225.webp 300w, https:\/\/santaanadelosguacaras.gob.ar\/sitio\/wp-content\/uploads\/2025\/10\/558111583_1156312499931261_1080139561565512978_n-768x576.webp 768w, https:\/\/santaanadelosguacaras.gob.ar\/sitio\/wp-content\/uploads\/2025\/10\/558111583_1156312499931261_1080139561565512978_n-1536x1152.webp 1536w, https:\/\/santaanadelosguacaras.gob.ar\/sitio\/wp-content\/uploads\/2025\/10\/558111583_1156312499931261_1080139561565512978_n.webp 2048w\" sizes=\"auto, (max-width: 1024px) 100vw, 1024px\" \/><\/a><\/figure>\n<\/figure>\n","protected":false},"excerpt":{"rendered":"<p>La Feria del Libro de Santa Ana abri\u00f3 sus puertas bajo el lema \u201cPalabras que unen, historias que inspiran\u201d. La apertura oficial estuvo encabezada por la intendente Silvana Almir\u00f3n, quien&hellip; <\/p>\n","protected":false},"author":2,"featured_media":3148,"comment_status":"closed","ping_status":"open","sticky":false,"template":"","format":"standard","meta":{"footnotes":""},"categories":[3],"tags":[],"class_list":["post-3145","post","type-post","status-publish","format-standard","has-post-thumbnail","hentry","category-cultura-y-turismo"],"yoast_head":"<!-- This site is optimized with the Yoast SEO plugin v24.8.1 - https:\/\/yoast.com\/wordpress\/plugins\/seo\/ -->\n<title>Comenz\u00f3 la VI Feria del Libro de Santa Ana de los Gu\u00e1caras - Municipalidad de Santa Ana de los Gu\u00e1caras<\/title>\n<meta name=\"robots\" content=\"index, follow, max-snippet:-1, max-image-preview:large, max-video-preview:-1\" \/>\n<link rel=\"canonical\" href=\"https:\/\/santaanadelosguacaras.gob.ar\/sitio\/comenzo-la-vi-feria-del-libro-de-santa-ana-de-los-guacaras\/\" \/>\n<meta property=\"og:locale\" content=\"es_ES\" \/>\n<meta property=\"og:type\" content=\"article\" \/>\n<meta property=\"og:title\" content=\"Comenz\u00f3 la VI Feria del Libro de Santa Ana de los Gu\u00e1caras - Municipalidad de Santa Ana de los Gu\u00e1caras\" \/>\n<meta property=\"og:description\" content=\"La Feria del Libro de Santa Ana abri\u00f3 sus puertas bajo el lema \u201cPalabras que unen, historias que inspiran\u201d. La apertura oficial estuvo encabezada por la intendente Silvana Almir\u00f3n, quien&hellip;\" \/>\n<meta property=\"og:url\" content=\"https:\/\/santaanadelosguacaras.gob.ar\/sitio\/comenzo-la-vi-feria-del-libro-de-santa-ana-de-los-guacaras\/\" \/>\n<meta property=\"og:site_name\" content=\"Municipalidad de Santa Ana de los Gu\u00e1caras\" \/>\n<meta property=\"article:publisher\" content=\"https:\/\/www.facebook.com\/MuniSantaAnaDeLosGuacaras\" \/>\n<meta property=\"article:published_time\" content=\"2025-10-02T19:10:55+00:00\" \/>\n<meta property=\"article:modified_time\" content=\"2025-10-02T19:10:58+00:00\" \/>\n<meta property=\"og:image\" content=\"https:\/\/santaanadelosguacaras.gob.ar\/sitio\/wp-content\/uploads\/2025\/10\/557498586_1156311533264691_9070456992477727132_n.webp\" \/>\n\t<meta property=\"og:image:width\" content=\"1156\" \/>\n\t<meta property=\"og:image:height\" content=\"867\" \/>\n\t<meta property=\"og:image:type\" content=\"image\/webp\" \/>\n<meta name=\"author\" content=\"Comunicaci\u00f3n\" \/>\n<meta name=\"twitter:card\" content=\"summary_large_image\" \/>\n<meta name=\"twitter:label1\" content=\"Escrito por\" \/>\n\t<meta name=\"twitter:data1\" content=\"Comunicaci\u00f3n\" \/>\n\t<meta name=\"twitter:label2\" content=\"Tiempo de lectura\" \/>\n\t<meta name=\"twitter:data2\" content=\"4 minutos\" \/>\n<script type=\"application\/ld+json\" class=\"yoast-schema-graph\">{\"@context\":\"https:\/\/schema.org\",\"@graph\":[{\"@type\":\"Article\",\"@id\":\"https:\/\/santaanadelosguacaras.gob.ar\/sitio\/comenzo-la-vi-feria-del-libro-de-santa-ana-de-los-guacaras\/#article\",\"isPartOf\":{\"@id\":\"https:\/\/santaanadelosguacaras.gob.ar\/sitio\/comenzo-la-vi-feria-del-libro-de-santa-ana-de-los-guacaras\/\"},\"author\":{\"name\":\"Comunicaci\u00f3n\",\"@id\":\"https:\/\/santaanadelosguacaras.gob.ar\/sitio\/#\/schema\/person\/aa85e53bbb5a7c7e19834c20ede5e205\"},\"headline\":\"Comenz\u00f3 la VI Feria del Libro de Santa Ana de los Gu\u00e1caras\",\"datePublished\":\"2025-10-02T19:10:55+00:00\",\"dateModified\":\"2025-10-02T19:10:58+00:00\",\"mainEntityOfPage\":{\"@id\":\"https:\/\/santaanadelosguacaras.gob.ar\/sitio\/comenzo-la-vi-feria-del-libro-de-santa-ana-de-los-guacaras\/\"},\"wordCount\":142,\"publisher\":{\"@id\":\"https:\/\/santaanadelosguacaras.gob.ar\/sitio\/#organization\"},\"image\":{\"@id\":\"https:\/\/santaanadelosguacaras.gob.ar\/sitio\/comenzo-la-vi-feria-del-libro-de-santa-ana-de-los-guacaras\/#primaryimage\"},\"thumbnailUrl\":\"https:\/\/santaanadelosguacaras.gob.ar\/sitio\/wp-content\/uploads\/2025\/10\/557498586_1156311533264691_9070456992477727132_n.webp\",\"articleSection\":[\"Cultura y Turismo\"],\"inLanguage\":\"es\"},{\"@type\":\"WebPage\",\"@id\":\"https:\/\/santaanadelosguacaras.gob.ar\/sitio\/comenzo-la-vi-feria-del-libro-de-santa-ana-de-los-guacaras\/\",\"url\":\"https:\/\/santaanadelosguacaras.gob.ar\/sitio\/comenzo-la-vi-feria-del-libro-de-santa-ana-de-los-guacaras\/\",\"name\":\"Comenz\u00f3 la VI Feria del Libro de Santa Ana de los Gu\u00e1caras - Municipalidad de Santa Ana de los Gu\u00e1caras\",\"isPartOf\":{\"@id\":\"https:\/\/santaanadelosguacaras.gob.ar\/sitio\/#website\"},\"primaryImageOfPage\":{\"@id\":\"https:\/\/santaanadelosguacaras.gob.ar\/sitio\/comenzo-la-vi-feria-del-libro-de-santa-ana-de-los-guacaras\/#primaryimage\"},\"image\":{\"@id\":\"https:\/\/santaanadelosguacaras.gob.ar\/sitio\/comenzo-la-vi-feria-del-libro-de-santa-ana-de-los-guacaras\/#primaryimage\"},\"thumbnailUrl\":\"https:\/\/santaanadelosguacaras.gob.ar\/sitio\/wp-content\/uploads\/2025\/10\/557498586_1156311533264691_9070456992477727132_n.webp\",\"datePublished\":\"2025-10-02T19:10:55+00:00\",\"dateModified\":\"2025-10-02T19:10:58+00:00\",\"breadcrumb\":{\"@id\":\"https:\/\/santaanadelosguacaras.gob.ar\/sitio\/comenzo-la-vi-feria-del-libro-de-santa-ana-de-los-guacaras\/#breadcrumb\"},\"inLanguage\":\"es\",\"potentialAction\":[{\"@type\":\"ReadAction\",\"target\":[\"https:\/\/santaanadelosguacaras.gob.ar\/sitio\/comenzo-la-vi-feria-del-libro-de-santa-ana-de-los-guacaras\/\"]}]},{\"@type\":\"ImageObject\",\"inLanguage\":\"es\",\"@id\":\"https:\/\/santaanadelosguacaras.gob.ar\/sitio\/comenzo-la-vi-feria-del-libro-de-santa-ana-de-los-guacaras\/#primaryimage\",\"url\":\"https:\/\/santaanadelosguacaras.gob.ar\/sitio\/wp-content\/uploads\/2025\/10\/557498586_1156311533264691_9070456992477727132_n.webp\",\"contentUrl\":\"https:\/\/santaanadelosguacaras.gob.ar\/sitio\/wp-content\/uploads\/2025\/10\/557498586_1156311533264691_9070456992477727132_n.webp\",\"width\":1156,\"height\":867},{\"@type\":\"BreadcrumbList\",\"@id\":\"https:\/\/santaanadelosguacaras.gob.ar\/sitio\/comenzo-la-vi-feria-del-libro-de-santa-ana-de-los-guacaras\/#breadcrumb\",\"itemListElement\":[{\"@type\":\"ListItem\",\"position\":1,\"name\":\"Portada\",\"item\":\"https:\/\/santaanadelosguacaras.gob.ar\/sitio\/\"},{\"@type\":\"ListItem\",\"position\":2,\"name\":\"Comenz\u00f3 la VI Feria del Libro de Santa Ana de los Gu\u00e1caras\"}]},{\"@type\":\"WebSite\",\"@id\":\"https:\/\/santaanadelosguacaras.gob.ar\/sitio\/#website\",\"url\":\"https:\/\/santaanadelosguacaras.gob.ar\/sitio\/\",\"name\":\"Municipalidad de Santa Ana de los Gu\u00e1caras\",\"description\":\"Descubre Santa Ana de los Gu\u00e1caras, un rinc\u00f3n lleno de historia, cultura y naturaleza en Corrientes. Informaci\u00f3n oficial sobre eventos, turismo, servicios municipales y m\u00e1s. \u00a1Con\u00e9ctate con nuestra comunidad!\",\"publisher\":{\"@id\":\"https:\/\/santaanadelosguacaras.gob.ar\/sitio\/#organization\"},\"alternateName\":\"MuniSantaAna\",\"potentialAction\":[{\"@type\":\"SearchAction\",\"target\":{\"@type\":\"EntryPoint\",\"urlTemplate\":\"https:\/\/santaanadelosguacaras.gob.ar\/sitio\/?s={search_term_string}\"},\"query-input\":{\"@type\":\"PropertyValueSpecification\",\"valueRequired\":true,\"valueName\":\"search_term_string\"}}],\"inLanguage\":\"es\"},{\"@type\":\"Organization\",\"@id\":\"https:\/\/santaanadelosguacaras.gob.ar\/sitio\/#organization\",\"name\":\"Municipalidad de Santa Ana de los Gu\u00e1caras\",\"alternateName\":\"MuniSantaAna\",\"url\":\"https:\/\/santaanadelosguacaras.gob.ar\/sitio\/\",\"logo\":{\"@type\":\"ImageObject\",\"inLanguage\":\"es\",\"@id\":\"https:\/\/santaanadelosguacaras.gob.ar\/sitio\/#\/schema\/logo\/image\/\",\"url\":\"https:\/\/santaanadelosguacaras.gob.ar\/sitio\/wp-content\/uploads\/2024\/12\/cropped-logo_muni_250.png\",\"contentUrl\":\"https:\/\/santaanadelosguacaras.gob.ar\/sitio\/wp-content\/uploads\/2024\/12\/cropped-logo_muni_250.png\",\"width\":247,\"height\":95,\"caption\":\"Municipalidad de Santa Ana de los Gu\u00e1caras\"},\"image\":{\"@id\":\"https:\/\/santaanadelosguacaras.gob.ar\/sitio\/#\/schema\/logo\/image\/\"},\"sameAs\":[\"https:\/\/www.facebook.com\/MuniSantaAnaDeLosGuacaras\",\"https:\/\/www.instagram.com\/muni_santaana_ctes\"]},{\"@type\":\"Person\",\"@id\":\"https:\/\/santaanadelosguacaras.gob.ar\/sitio\/#\/schema\/person\/aa85e53bbb5a7c7e19834c20ede5e205\",\"name\":\"Comunicaci\u00f3n\",\"image\":{\"@type\":\"ImageObject\",\"inLanguage\":\"es\",\"@id\":\"https:\/\/santaanadelosguacaras.gob.ar\/sitio\/#\/schema\/person\/image\/\",\"url\":\"https:\/\/secure.gravatar.com\/avatar\/3e81e68b8dcb0733c78bbafb464befc4a66ce4135950c3e3ac0d3c09e53e7092?s=96&d=mm&r=g\",\"contentUrl\":\"https:\/\/secure.gravatar.com\/avatar\/3e81e68b8dcb0733c78bbafb464befc4a66ce4135950c3e3ac0d3c09e53e7092?s=96&d=mm&r=g\",\"caption\":\"Comunicaci\u00f3n\"}}]}<\/script>\n<!-- \/ Yoast SEO plugin. -->","yoast_head_json":{"title":"Comenz\u00f3 la VI Feria del Libro de Santa Ana de los Gu\u00e1caras - Municipalidad de Santa Ana de los Gu\u00e1caras","robots":{"index":"index","follow":"follow","max-snippet":"max-snippet:-1","max-image-preview":"max-image-preview:large","max-video-preview":"max-video-preview:-1"},"canonical":"https:\/\/santaanadelosguacaras.gob.ar\/sitio\/comenzo-la-vi-feria-del-libro-de-santa-ana-de-los-guacaras\/","og_locale":"es_ES","og_type":"article","og_title":"Comenz\u00f3 la VI Feria del Libro de Santa Ana de los Gu\u00e1caras - Municipalidad de Santa Ana de los Gu\u00e1caras","og_description":"La Feria del Libro de Santa Ana abri\u00f3 sus puertas bajo el lema \u201cPalabras que unen, historias que inspiran\u201d. La apertura oficial estuvo encabezada por la intendente Silvana Almir\u00f3n, quien&hellip;","og_url":"https:\/\/santaanadelosguacaras.gob.ar\/sitio\/comenzo-la-vi-feria-del-libro-de-santa-ana-de-los-guacaras\/","og_site_name":"Municipalidad de Santa Ana de los Gu\u00e1caras","article_publisher":"https:\/\/www.facebook.com\/MuniSantaAnaDeLosGuacaras","article_published_time":"2025-10-02T19:10:55+00:00","article_modified_time":"2025-10-02T19:10:58+00:00","og_image":[{"width":1156,"height":867,"url":"https:\/\/santaanadelosguacaras.gob.ar\/sitio\/wp-content\/uploads\/2025\/10\/557498586_1156311533264691_9070456992477727132_n.webp","type":"image\/webp"}],"author":"Comunicaci\u00f3n","twitter_card":"summary_large_image","twitter_misc":{"Escrito por":"Comunicaci\u00f3n","Tiempo de lectura":"4 minutos"},"schema":{"@context":"https:\/\/schema.org","@graph":[{"@type":"Article","@id":"https:\/\/santaanadelosguacaras.gob.ar\/sitio\/comenzo-la-vi-feria-del-libro-de-santa-ana-de-los-guacaras\/#article","isPartOf":{"@id":"https:\/\/santaanadelosguacaras.gob.ar\/sitio\/comenzo-la-vi-feria-del-libro-de-santa-ana-de-los-guacaras\/"},"author":{"name":"Comunicaci\u00f3n","@id":"https:\/\/santaanadelosguacaras.gob.ar\/sitio\/#\/schema\/person\/aa85e53bbb5a7c7e19834c20ede5e205"},"headline":"Comenz\u00f3 la VI Feria del Libro de Santa Ana de los Gu\u00e1caras","datePublished":"2025-10-02T19:10:55+00:00","dateModified":"2025-10-02T19:10:58+00:00","mainEntityOfPage":{"@id":"https:\/\/santaanadelosguacaras.gob.ar\/sitio\/comenzo-la-vi-feria-del-libro-de-santa-ana-de-los-guacaras\/"},"wordCount":142,"publisher":{"@id":"https:\/\/santaanadelosguacaras.gob.ar\/sitio\/#organization"},"image":{"@id":"https:\/\/santaanadelosguacaras.gob.ar\/sitio\/comenzo-la-vi-feria-del-libro-de-santa-ana-de-los-guacaras\/#primaryimage"},"thumbnailUrl":"https:\/\/santaanadelosguacaras.gob.ar\/sitio\/wp-content\/uploads\/2025\/10\/557498586_1156311533264691_9070456992477727132_n.webp","articleSection":["Cultura y Turismo"],"inLanguage":"es"},{"@type":"WebPage","@id":"https:\/\/santaanadelosguacaras.gob.ar\/sitio\/comenzo-la-vi-feria-del-libro-de-santa-ana-de-los-guacaras\/","url":"https:\/\/santaanadelosguacaras.gob.ar\/sitio\/comenzo-la-vi-feria-del-libro-de-santa-ana-de-los-guacaras\/","name":"Comenz\u00f3 la VI Feria del Libro de Santa Ana de los Gu\u00e1caras - Municipalidad de Santa Ana de los Gu\u00e1caras","isPartOf":{"@id":"https:\/\/santaanadelosguacaras.gob.ar\/sitio\/#website"},"primaryImageOfPage":{"@id":"https:\/\/santaanadelosguacaras.gob.ar\/sitio\/comenzo-la-vi-feria-del-libro-de-santa-ana-de-los-guacaras\/#primaryimage"},"image":{"@id":"https:\/\/santaanadelosguacaras.gob.ar\/sitio\/comenzo-la-vi-feria-del-libro-de-santa-ana-de-los-guacaras\/#primaryimage"},"thumbnailUrl":"https:\/\/santaanadelosguacaras.gob.ar\/sitio\/wp-content\/uploads\/2025\/10\/557498586_1156311533264691_9070456992477727132_n.webp","datePublished":"2025-10-02T19:10:55+00:00","dateModified":"2025-10-02T19:10:58+00:00","breadcrumb":{"@id":"https:\/\/santaanadelosguacaras.gob.ar\/sitio\/comenzo-la-vi-feria-del-libro-de-santa-ana-de-los-guacaras\/#breadcrumb"},"inLanguage":"es","potentialAction":[{"@type":"ReadAction","target":["https:\/\/santaanadelosguacaras.gob.ar\/sitio\/comenzo-la-vi-feria-del-libro-de-santa-ana-de-los-guacaras\/"]}]},{"@type":"ImageObject","inLanguage":"es","@id":"https:\/\/santaanadelosguacaras.gob.ar\/sitio\/comenzo-la-vi-feria-del-libro-de-santa-ana-de-los-guacaras\/#primaryimage","url":"https:\/\/santaanadelosguacaras.gob.ar\/sitio\/wp-content\/uploads\/2025\/10\/557498586_1156311533264691_9070456992477727132_n.webp","contentUrl":"https:\/\/santaanadelosguacaras.gob.ar\/sitio\/wp-content\/uploads\/2025\/10\/557498586_1156311533264691_9070456992477727132_n.webp","width":1156,"height":867},{"@type":"BreadcrumbList","@id":"https:\/\/santaanadelosguacaras.gob.ar\/sitio\/comenzo-la-vi-feria-del-libro-de-santa-ana-de-los-guacaras\/#breadcrumb","itemListElement":[{"@type":"ListItem","position":1,"name":"Portada","item":"https:\/\/santaanadelosguacaras.gob.ar\/sitio\/"},{"@type":"ListItem","position":2,"name":"Comenz\u00f3 la VI Feria del Libro de Santa Ana de los Gu\u00e1caras"}]},{"@type":"WebSite","@id":"https:\/\/santaanadelosguacaras.gob.ar\/sitio\/#website","url":"https:\/\/santaanadelosguacaras.gob.ar\/sitio\/","name":"Municipalidad de Santa Ana de los Gu\u00e1caras","description":"Descubre Santa Ana de los Gu\u00e1caras, un rinc\u00f3n lleno de historia, cultura y naturaleza en Corrientes. Informaci\u00f3n oficial sobre eventos, turismo, servicios municipales y m\u00e1s. \u00a1Con\u00e9ctate con nuestra comunidad!","publisher":{"@id":"https:\/\/santaanadelosguacaras.gob.ar\/sitio\/#organization"},"alternateName":"MuniSantaAna","potentialAction":[{"@type":"SearchAction","target":{"@type":"EntryPoint","urlTemplate":"https:\/\/santaanadelosguacaras.gob.ar\/sitio\/?s={search_term_string}"},"query-input":{"@type":"PropertyValueSpecification","valueRequired":true,"valueName":"search_term_string"}}],"inLanguage":"es"},{"@type":"Organization","@id":"https:\/\/santaanadelosguacaras.gob.ar\/sitio\/#organization","name":"Municipalidad de Santa Ana de los Gu\u00e1caras","alternateName":"MuniSantaAna","url":"https:\/\/santaanadelosguacaras.gob.ar\/sitio\/","logo":{"@type":"ImageObject","inLanguage":"es","@id":"https:\/\/santaanadelosguacaras.gob.ar\/sitio\/#\/schema\/logo\/image\/","url":"https:\/\/santaanadelosguacaras.gob.ar\/sitio\/wp-content\/uploads\/2024\/12\/cropped-logo_muni_250.png","contentUrl":"https:\/\/santaanadelosguacaras.gob.ar\/sitio\/wp-content\/uploads\/2024\/12\/cropped-logo_muni_250.png","width":247,"height":95,"caption":"Municipalidad de Santa Ana de los Gu\u00e1caras"},"image":{"@id":"https:\/\/santaanadelosguacaras.gob.ar\/sitio\/#\/schema\/logo\/image\/"},"sameAs":["https:\/\/www.facebook.com\/MuniSantaAnaDeLosGuacaras","https:\/\/www.instagram.com\/muni_santaana_ctes"]},{"@type":"Person","@id":"https:\/\/santaanadelosguacaras.gob.ar\/sitio\/#\/schema\/person\/aa85e53bbb5a7c7e19834c20ede5e205","name":"Comunicaci\u00f3n","image":{"@type":"ImageObject","inLanguage":"es","@id":"https:\/\/santaanadelosguacaras.gob.ar\/sitio\/#\/schema\/person\/image\/","url":"https:\/\/secure.gravatar.com\/avatar\/3e81e68b8dcb0733c78bbafb464befc4a66ce4135950c3e3ac0d3c09e53e7092?s=96&d=mm&r=g","contentUrl":"https:\/\/secure.gravatar.com\/avatar\/3e81e68b8dcb0733c78bbafb464befc4a66ce4135950c3e3ac0d3c09e53e7092?s=96&d=mm&r=g","caption":"Comunicaci\u00f3n"}}]}},"_links":{"self":[{"href":"https:\/\/santaanadelosguacaras.gob.ar\/sitio\/wp-json\/wp\/v2\/posts\/3145","targetHints":{"allow":["GET"]}}],"collection":[{"href":"https:\/\/santaanadelosguacaras.gob.ar\/sitio\/wp-json\/wp\/v2\/posts"}],"about":[{"href":"https:\/\/santaanadelosguacaras.gob.ar\/sitio\/wp-json\/wp\/v2\/types\/post"}],"author":[{"embeddable":true,"href":"https:\/\/santaanadelosguacaras.gob.ar\/sitio\/wp-json\/wp\/v2\/users\/2"}],"replies":[{"embeddable":true,"href":"https:\/\/santaanadelosguacaras.gob.ar\/sitio\/wp-json\/wp\/v2\/comments?post=3145"}],"version-history":[{"count":1,"href":"https:\/\/santaanadelosguacaras.gob.ar\/sitio\/wp-json\/wp\/v2\/posts\/3145\/revisions"}],"predecessor-version":[{"id":3162,"href":"https:\/\/santaanadelosguacaras.gob.ar\/sitio\/wp-json\/wp\/v2\/posts\/3145\/revisions\/3162"}],"wp:featuredmedia":[{"embeddable":true,"href":"https:\/\/santaanadelosguacaras.gob.ar\/sitio\/wp-json\/wp\/v2\/media\/3148"}],"wp:attachment":[{"href":"https:\/\/santaanadelosguacaras.gob.ar\/sitio\/wp-json\/wp\/v2\/media?parent=3145"}],"wp:term":[{"taxonomy":"category","embeddable":true,"href":"https:\/\/santaanadelosguacaras.gob.ar\/sitio\/wp-json\/wp\/v2\/categories?post=3145"},{"taxonomy":"post_tag","embeddable":true,"href":"https:\/\/santaanadelosguacaras.gob.ar\/sitio\/wp-json\/wp\/v2\/tags?post=3145"}],"curies":[{"name":"wp","href":"https:\/\/api.w.org\/{rel}","templated":true}]}}