{"id":3356,"date":"2025-11-04T15:51:40","date_gmt":"2025-11-04T18:51:40","guid":{"rendered":"https:\/\/santaanadelosguacaras.gob.ar\/sitio\/?p=3356"},"modified":"2025-11-05T15:52:33","modified_gmt":"2025-11-05T18:52:33","slug":"cultura-y-tradicion-angeles-somos","status":"publish","type":"post","link":"https:\/\/santaanadelosguacaras.gob.ar\/sitio\/cultura-y-tradicion-angeles-somos\/","title":{"rendered":"Cultura y Tradici\u00f3n: \u00c1ngeles Somos"},"content":{"rendered":"\n<p>En Santa Ana de los Gu\u00e1caras se celebra la tradici\u00f3n de \u201c\u00c1ngeles Somos\u201d, una expresi\u00f3n viva de nuestra identidad y de la fe popular que se transmite de generaci\u00f3n en generaci\u00f3n.<\/p>\n\n\n\n<p>Esta costumbre, tan arraigada en nuestra comunidad, forma parte del calendario cultural local, y desde el Municipio se trabaja para preservarla, acompa\u00f1arla y difundirla, reconociendo su valor como patrimonio cultural y espiritual del pueblo.<\/p>\n\n\n\n<p>Como cada a\u00f1o, en el Municipio se recibi\u00f3 a los ni\u00f1os que ofrecieron sus cantos, oraciones y bendiciones.<\/p>\n\n\n\n<figure class=\"wp-block-gallery has-nested-images columns-default is-cropped wp-block-gallery-1 is-layout-flex wp-block-gallery-is-layout-flex\">\n<figure class=\"wp-block-image size-large\"><a href=\"https:\/\/santaanadelosguacaras.gob.ar\/sitio\/wp-content\/uploads\/2025\/11\/577693057_1184675757094935_5893999252934360574_n.webp\"><img loading=\"lazy\" decoding=\"async\" width=\"590\" height=\"443\" data-id=\"3357\" src=\"https:\/\/santaanadelosguacaras.gob.ar\/sitio\/wp-content\/uploads\/2025\/11\/577693057_1184675757094935_5893999252934360574_n.webp\" alt=\"\" class=\"wp-image-3357\" srcset=\"https:\/\/santaanadelosguacaras.gob.ar\/sitio\/wp-content\/uploads\/2025\/11\/577693057_1184675757094935_5893999252934360574_n.webp 590w, https:\/\/santaanadelosguacaras.gob.ar\/sitio\/wp-content\/uploads\/2025\/11\/577693057_1184675757094935_5893999252934360574_n-300x225.webp 300w\" sizes=\"auto, (max-width: 590px) 100vw, 590px\" \/><\/a><\/figure>\n\n\n\n<figure class=\"wp-block-image size-large\"><a href=\"https:\/\/santaanadelosguacaras.gob.ar\/sitio\/wp-content\/uploads\/2025\/11\/576448426_1184675830428261_8871246725178003335_n.webp\"><img loading=\"lazy\" decoding=\"async\" width=\"1024\" height=\"966\" data-id=\"3363\" src=\"https:\/\/santaanadelosguacaras.gob.ar\/sitio\/wp-content\/uploads\/2025\/11\/576448426_1184675830428261_8871246725178003335_n-1024x966.webp\" alt=\"\" class=\"wp-image-3363\" srcset=\"https:\/\/santaanadelosguacaras.gob.ar\/sitio\/wp-content\/uploads\/2025\/11\/576448426_1184675830428261_8871246725178003335_n-1024x966.webp 1024w, https:\/\/santaanadelosguacaras.gob.ar\/sitio\/wp-content\/uploads\/2025\/11\/576448426_1184675830428261_8871246725178003335_n-300x283.webp 300w, https:\/\/santaanadelosguacaras.gob.ar\/sitio\/wp-content\/uploads\/2025\/11\/576448426_1184675830428261_8871246725178003335_n-768x724.webp 768w, https:\/\/santaanadelosguacaras.gob.ar\/sitio\/wp-content\/uploads\/2025\/11\/576448426_1184675830428261_8871246725178003335_n.webp 1530w\" sizes=\"auto, (max-width: 1024px) 100vw, 1024px\" \/><\/a><\/figure>\n\n\n\n<figure class=\"wp-block-image size-large\"><a href=\"https:\/\/santaanadelosguacaras.gob.ar\/sitio\/wp-content\/uploads\/2025\/11\/575127269_1184675857094925_3348535424649848213_n.webp\"><img loading=\"lazy\" decoding=\"async\" width=\"1024\" height=\"549\" data-id=\"3358\" src=\"https:\/\/santaanadelosguacaras.gob.ar\/sitio\/wp-content\/uploads\/2025\/11\/575127269_1184675857094925_3348535424649848213_n-1024x549.webp\" alt=\"\" class=\"wp-image-3358\" srcset=\"https:\/\/santaanadelosguacaras.gob.ar\/sitio\/wp-content\/uploads\/2025\/11\/575127269_1184675857094925_3348535424649848213_n-1024x549.webp 1024w, https:\/\/santaanadelosguacaras.gob.ar\/sitio\/wp-content\/uploads\/2025\/11\/575127269_1184675857094925_3348535424649848213_n-300x161.webp 300w, https:\/\/santaanadelosguacaras.gob.ar\/sitio\/wp-content\/uploads\/2025\/11\/575127269_1184675857094925_3348535424649848213_n-768x412.webp 768w, https:\/\/santaanadelosguacaras.gob.ar\/sitio\/wp-content\/uploads\/2025\/11\/575127269_1184675857094925_3348535424649848213_n-1536x823.webp 1536w, https:\/\/santaanadelosguacaras.gob.ar\/sitio\/wp-content\/uploads\/2025\/11\/575127269_1184675857094925_3348535424649848213_n.webp 1914w\" sizes=\"auto, (max-width: 1024px) 100vw, 1024px\" \/><\/a><\/figure>\n\n\n\n<figure class=\"wp-block-image size-large\"><a href=\"https:\/\/santaanadelosguacaras.gob.ar\/sitio\/wp-content\/uploads\/2025\/11\/575165844_1184675873761590_5929845152987801580_n.webp\"><img loading=\"lazy\" decoding=\"async\" width=\"1024\" height=\"703\" data-id=\"3360\" src=\"https:\/\/santaanadelosguacaras.gob.ar\/sitio\/wp-content\/uploads\/2025\/11\/575165844_1184675873761590_5929845152987801580_n-1024x703.webp\" alt=\"\" class=\"wp-image-3360\" srcset=\"https:\/\/santaanadelosguacaras.gob.ar\/sitio\/wp-content\/uploads\/2025\/11\/575165844_1184675873761590_5929845152987801580_n-1024x703.webp 1024w, https:\/\/santaanadelosguacaras.gob.ar\/sitio\/wp-content\/uploads\/2025\/11\/575165844_1184675873761590_5929845152987801580_n-300x206.webp 300w, https:\/\/santaanadelosguacaras.gob.ar\/sitio\/wp-content\/uploads\/2025\/11\/575165844_1184675873761590_5929845152987801580_n-768x527.webp 768w, https:\/\/santaanadelosguacaras.gob.ar\/sitio\/wp-content\/uploads\/2025\/11\/575165844_1184675873761590_5929845152987801580_n.webp 1311w\" sizes=\"auto, (max-width: 1024px) 100vw, 1024px\" \/><\/a><\/figure>\n\n\n\n<figure class=\"wp-block-image size-large\"><a href=\"https:\/\/santaanadelosguacaras.gob.ar\/sitio\/wp-content\/uploads\/2025\/11\/575192010_1184675913761586_640026567198360622_n.webp\"><img loading=\"lazy\" decoding=\"async\" width=\"1024\" height=\"576\" data-id=\"3361\" src=\"https:\/\/santaanadelosguacaras.gob.ar\/sitio\/wp-content\/uploads\/2025\/11\/575192010_1184675913761586_640026567198360622_n-1024x576.webp\" alt=\"\" class=\"wp-image-3361\" srcset=\"https:\/\/santaanadelosguacaras.gob.ar\/sitio\/wp-content\/uploads\/2025\/11\/575192010_1184675913761586_640026567198360622_n-1024x576.webp 1024w, https:\/\/santaanadelosguacaras.gob.ar\/sitio\/wp-content\/uploads\/2025\/11\/575192010_1184675913761586_640026567198360622_n-300x169.webp 300w, https:\/\/santaanadelosguacaras.gob.ar\/sitio\/wp-content\/uploads\/2025\/11\/575192010_1184675913761586_640026567198360622_n-768x432.webp 768w, https:\/\/santaanadelosguacaras.gob.ar\/sitio\/wp-content\/uploads\/2025\/11\/575192010_1184675913761586_640026567198360622_n-1536x864.webp 1536w, https:\/\/santaanadelosguacaras.gob.ar\/sitio\/wp-content\/uploads\/2025\/11\/575192010_1184675913761586_640026567198360622_n.webp 1600w\" sizes=\"auto, (max-width: 1024px) 100vw, 1024px\" \/><\/a><\/figure>\n\n\n\n<figure class=\"wp-block-image size-large\"><a href=\"https:\/\/santaanadelosguacaras.gob.ar\/sitio\/wp-content\/uploads\/2025\/11\/574039990_1184676027094908_1954650071603506712_n.webp\"><img loading=\"lazy\" decoding=\"async\" width=\"1024\" height=\"526\" data-id=\"3359\" src=\"https:\/\/santaanadelosguacaras.gob.ar\/sitio\/wp-content\/uploads\/2025\/11\/574039990_1184676027094908_1954650071603506712_n-1024x526.webp\" alt=\"\" class=\"wp-image-3359\" srcset=\"https:\/\/santaanadelosguacaras.gob.ar\/sitio\/wp-content\/uploads\/2025\/11\/574039990_1184676027094908_1954650071603506712_n-1024x526.webp 1024w, https:\/\/santaanadelosguacaras.gob.ar\/sitio\/wp-content\/uploads\/2025\/11\/574039990_1184676027094908_1954650071603506712_n-300x154.webp 300w, https:\/\/santaanadelosguacaras.gob.ar\/sitio\/wp-content\/uploads\/2025\/11\/574039990_1184676027094908_1954650071603506712_n-768x395.webp 768w, https:\/\/santaanadelosguacaras.gob.ar\/sitio\/wp-content\/uploads\/2025\/11\/574039990_1184676027094908_1954650071603506712_n-1536x789.webp 1536w, https:\/\/santaanadelosguacaras.gob.ar\/sitio\/wp-content\/uploads\/2025\/11\/574039990_1184676027094908_1954650071603506712_n.webp 2012w\" sizes=\"auto, (max-width: 1024px) 100vw, 1024px\" \/><\/a><\/figure>\n\n\n\n<figure class=\"wp-block-image size-large\"><a href=\"https:\/\/santaanadelosguacaras.gob.ar\/sitio\/wp-content\/uploads\/2025\/11\/576734438_1184676070428237_8814388488180284974_n.webp\"><img loading=\"lazy\" decoding=\"async\" width=\"1024\" height=\"461\" data-id=\"3362\" src=\"https:\/\/santaanadelosguacaras.gob.ar\/sitio\/wp-content\/uploads\/2025\/11\/576734438_1184676070428237_8814388488180284974_n-1024x461.webp\" alt=\"\" class=\"wp-image-3362\" srcset=\"https:\/\/santaanadelosguacaras.gob.ar\/sitio\/wp-content\/uploads\/2025\/11\/576734438_1184676070428237_8814388488180284974_n-1024x461.webp 1024w, https:\/\/santaanadelosguacaras.gob.ar\/sitio\/wp-content\/uploads\/2025\/11\/576734438_1184676070428237_8814388488180284974_n-300x135.webp 300w, https:\/\/santaanadelosguacaras.gob.ar\/sitio\/wp-content\/uploads\/2025\/11\/576734438_1184676070428237_8814388488180284974_n-768x346.webp 768w, https:\/\/santaanadelosguacaras.gob.ar\/sitio\/wp-content\/uploads\/2025\/11\/576734438_1184676070428237_8814388488180284974_n-1536x692.webp 1536w, https:\/\/santaanadelosguacaras.gob.ar\/sitio\/wp-content\/uploads\/2025\/11\/576734438_1184676070428237_8814388488180284974_n.webp 1599w\" sizes=\"auto, (max-width: 1024px) 100vw, 1024px\" \/><\/a><\/figure>\n<\/figure>\n","protected":false},"excerpt":{"rendered":"<p>En Santa Ana de los Gu\u00e1caras se celebra la tradici\u00f3n de \u201c\u00c1ngeles Somos\u201d, una expresi\u00f3n viva de nuestra identidad y de la fe popular que se transmite de generaci\u00f3n en&hellip; <\/p>\n","protected":false},"author":2,"featured_media":3362,"comment_status":"closed","ping_status":"open","sticky":false,"template":"","format":"standard","meta":{"footnotes":""},"categories":[3],"tags":[],"class_list":["post-3356","post","type-post","status-publish","format-standard","has-post-thumbnail","hentry","category-cultura-y-turismo"],"yoast_head":"<!-- This site is optimized with the Yoast SEO plugin v24.8.1 - https:\/\/yoast.com\/wordpress\/plugins\/seo\/ -->\n<title>Cultura y Tradici\u00f3n: \u00c1ngeles Somos - Municipalidad de Santa Ana de los Gu\u00e1caras<\/title>\n<meta name=\"robots\" content=\"index, follow, max-snippet:-1, max-image-preview:large, max-video-preview:-1\" \/>\n<link rel=\"canonical\" href=\"https:\/\/santaanadelosguacaras.gob.ar\/sitio\/cultura-y-tradicion-angeles-somos\/\" \/>\n<meta property=\"og:locale\" content=\"es_ES\" \/>\n<meta property=\"og:type\" content=\"article\" \/>\n<meta property=\"og:title\" content=\"Cultura y Tradici\u00f3n: \u00c1ngeles Somos - Municipalidad de Santa Ana de los Gu\u00e1caras\" \/>\n<meta property=\"og:description\" content=\"En Santa Ana de los Gu\u00e1caras se celebra la tradici\u00f3n de \u201c\u00c1ngeles Somos\u201d, una expresi\u00f3n viva de nuestra identidad y de la fe popular que se transmite de generaci\u00f3n en&hellip;\" \/>\n<meta property=\"og:url\" content=\"https:\/\/santaanadelosguacaras.gob.ar\/sitio\/cultura-y-tradicion-angeles-somos\/\" \/>\n<meta property=\"og:site_name\" content=\"Municipalidad de Santa Ana de los Gu\u00e1caras\" \/>\n<meta property=\"article:publisher\" content=\"https:\/\/www.facebook.com\/MuniSantaAnaDeLosGuacaras\" \/>\n<meta property=\"article:published_time\" content=\"2025-11-04T18:51:40+00:00\" \/>\n<meta property=\"article:modified_time\" content=\"2025-11-05T18:52:33+00:00\" \/>\n<meta property=\"og:image\" content=\"https:\/\/santaanadelosguacaras.gob.ar\/sitio\/wp-content\/uploads\/2025\/11\/576734438_1184676070428237_8814388488180284974_n.webp\" \/>\n\t<meta property=\"og:image:width\" content=\"1599\" \/>\n\t<meta property=\"og:image:height\" content=\"720\" \/>\n\t<meta property=\"og:image:type\" content=\"image\/webp\" \/>\n<meta name=\"author\" content=\"Comunicaci\u00f3n\" \/>\n<meta name=\"twitter:card\" content=\"summary_large_image\" \/>\n<meta name=\"twitter:label1\" content=\"Escrito por\" \/>\n\t<meta name=\"twitter:data1\" content=\"Comunicaci\u00f3n\" \/>\n\t<meta name=\"twitter:label2\" content=\"Tiempo de lectura\" \/>\n\t<meta name=\"twitter:data2\" content=\"2 minutos\" \/>\n<script type=\"application\/ld+json\" class=\"yoast-schema-graph\">{\"@context\":\"https:\/\/schema.org\",\"@graph\":[{\"@type\":\"Article\",\"@id\":\"https:\/\/santaanadelosguacaras.gob.ar\/sitio\/cultura-y-tradicion-angeles-somos\/#article\",\"isPartOf\":{\"@id\":\"https:\/\/santaanadelosguacaras.gob.ar\/sitio\/cultura-y-tradicion-angeles-somos\/\"},\"author\":{\"name\":\"Comunicaci\u00f3n\",\"@id\":\"https:\/\/santaanadelosguacaras.gob.ar\/sitio\/#\/schema\/person\/aa85e53bbb5a7c7e19834c20ede5e205\"},\"headline\":\"Cultura y Tradici\u00f3n: \u00c1ngeles Somos\",\"datePublished\":\"2025-11-04T18:51:40+00:00\",\"dateModified\":\"2025-11-05T18:52:33+00:00\",\"mainEntityOfPage\":{\"@id\":\"https:\/\/santaanadelosguacaras.gob.ar\/sitio\/cultura-y-tradicion-angeles-somos\/\"},\"wordCount\":97,\"publisher\":{\"@id\":\"https:\/\/santaanadelosguacaras.gob.ar\/sitio\/#organization\"},\"image\":{\"@id\":\"https:\/\/santaanadelosguacaras.gob.ar\/sitio\/cultura-y-tradicion-angeles-somos\/#primaryimage\"},\"thumbnailUrl\":\"https:\/\/santaanadelosguacaras.gob.ar\/sitio\/wp-content\/uploads\/2025\/11\/576734438_1184676070428237_8814388488180284974_n.webp\",\"articleSection\":[\"Cultura y Turismo\"],\"inLanguage\":\"es\"},{\"@type\":\"WebPage\",\"@id\":\"https:\/\/santaanadelosguacaras.gob.ar\/sitio\/cultura-y-tradicion-angeles-somos\/\",\"url\":\"https:\/\/santaanadelosguacaras.gob.ar\/sitio\/cultura-y-tradicion-angeles-somos\/\",\"name\":\"Cultura y Tradici\u00f3n: \u00c1ngeles Somos - Municipalidad de Santa Ana de los Gu\u00e1caras\",\"isPartOf\":{\"@id\":\"https:\/\/santaanadelosguacaras.gob.ar\/sitio\/#website\"},\"primaryImageOfPage\":{\"@id\":\"https:\/\/santaanadelosguacaras.gob.ar\/sitio\/cultura-y-tradicion-angeles-somos\/#primaryimage\"},\"image\":{\"@id\":\"https:\/\/santaanadelosguacaras.gob.ar\/sitio\/cultura-y-tradicion-angeles-somos\/#primaryimage\"},\"thumbnailUrl\":\"https:\/\/santaanadelosguacaras.gob.ar\/sitio\/wp-content\/uploads\/2025\/11\/576734438_1184676070428237_8814388488180284974_n.webp\",\"datePublished\":\"2025-11-04T18:51:40+00:00\",\"dateModified\":\"2025-11-05T18:52:33+00:00\",\"breadcrumb\":{\"@id\":\"https:\/\/santaanadelosguacaras.gob.ar\/sitio\/cultura-y-tradicion-angeles-somos\/#breadcrumb\"},\"inLanguage\":\"es\",\"potentialAction\":[{\"@type\":\"ReadAction\",\"target\":[\"https:\/\/santaanadelosguacaras.gob.ar\/sitio\/cultura-y-tradicion-angeles-somos\/\"]}]},{\"@type\":\"ImageObject\",\"inLanguage\":\"es\",\"@id\":\"https:\/\/santaanadelosguacaras.gob.ar\/sitio\/cultura-y-tradicion-angeles-somos\/#primaryimage\",\"url\":\"https:\/\/santaanadelosguacaras.gob.ar\/sitio\/wp-content\/uploads\/2025\/11\/576734438_1184676070428237_8814388488180284974_n.webp\",\"contentUrl\":\"https:\/\/santaanadelosguacaras.gob.ar\/sitio\/wp-content\/uploads\/2025\/11\/576734438_1184676070428237_8814388488180284974_n.webp\",\"width\":1599,\"height\":720},{\"@type\":\"BreadcrumbList\",\"@id\":\"https:\/\/santaanadelosguacaras.gob.ar\/sitio\/cultura-y-tradicion-angeles-somos\/#breadcrumb\",\"itemListElement\":[{\"@type\":\"ListItem\",\"position\":1,\"name\":\"Portada\",\"item\":\"https:\/\/santaanadelosguacaras.gob.ar\/sitio\/\"},{\"@type\":\"ListItem\",\"position\":2,\"name\":\"Cultura y Tradici\u00f3n: \u00c1ngeles Somos\"}]},{\"@type\":\"WebSite\",\"@id\":\"https:\/\/santaanadelosguacaras.gob.ar\/sitio\/#website\",\"url\":\"https:\/\/santaanadelosguacaras.gob.ar\/sitio\/\",\"name\":\"Municipalidad de Santa Ana de los Gu\u00e1caras\",\"description\":\"Descubre Santa Ana de los Gu\u00e1caras, un rinc\u00f3n lleno de historia, cultura y naturaleza en Corrientes. Informaci\u00f3n oficial sobre eventos, turismo, servicios municipales y m\u00e1s. \u00a1Con\u00e9ctate con nuestra comunidad!\",\"publisher\":{\"@id\":\"https:\/\/santaanadelosguacaras.gob.ar\/sitio\/#organization\"},\"alternateName\":\"MuniSantaAna\",\"potentialAction\":[{\"@type\":\"SearchAction\",\"target\":{\"@type\":\"EntryPoint\",\"urlTemplate\":\"https:\/\/santaanadelosguacaras.gob.ar\/sitio\/?s={search_term_string}\"},\"query-input\":{\"@type\":\"PropertyValueSpecification\",\"valueRequired\":true,\"valueName\":\"search_term_string\"}}],\"inLanguage\":\"es\"},{\"@type\":\"Organization\",\"@id\":\"https:\/\/santaanadelosguacaras.gob.ar\/sitio\/#organization\",\"name\":\"Municipalidad de Santa Ana de los Gu\u00e1caras\",\"alternateName\":\"MuniSantaAna\",\"url\":\"https:\/\/santaanadelosguacaras.gob.ar\/sitio\/\",\"logo\":{\"@type\":\"ImageObject\",\"inLanguage\":\"es\",\"@id\":\"https:\/\/santaanadelosguacaras.gob.ar\/sitio\/#\/schema\/logo\/image\/\",\"url\":\"https:\/\/santaanadelosguacaras.gob.ar\/sitio\/wp-content\/uploads\/2024\/12\/cropped-logo_muni_250.png\",\"contentUrl\":\"https:\/\/santaanadelosguacaras.gob.ar\/sitio\/wp-content\/uploads\/2024\/12\/cropped-logo_muni_250.png\",\"width\":247,\"height\":95,\"caption\":\"Municipalidad de Santa Ana de los Gu\u00e1caras\"},\"image\":{\"@id\":\"https:\/\/santaanadelosguacaras.gob.ar\/sitio\/#\/schema\/logo\/image\/\"},\"sameAs\":[\"https:\/\/www.facebook.com\/MuniSantaAnaDeLosGuacaras\",\"https:\/\/www.instagram.com\/muni_santaana_ctes\"]},{\"@type\":\"Person\",\"@id\":\"https:\/\/santaanadelosguacaras.gob.ar\/sitio\/#\/schema\/person\/aa85e53bbb5a7c7e19834c20ede5e205\",\"name\":\"Comunicaci\u00f3n\",\"image\":{\"@type\":\"ImageObject\",\"inLanguage\":\"es\",\"@id\":\"https:\/\/santaanadelosguacaras.gob.ar\/sitio\/#\/schema\/person\/image\/\",\"url\":\"https:\/\/secure.gravatar.com\/avatar\/3e81e68b8dcb0733c78bbafb464befc4a66ce4135950c3e3ac0d3c09e53e7092?s=96&d=mm&r=g\",\"contentUrl\":\"https:\/\/secure.gravatar.com\/avatar\/3e81e68b8dcb0733c78bbafb464befc4a66ce4135950c3e3ac0d3c09e53e7092?s=96&d=mm&r=g\",\"caption\":\"Comunicaci\u00f3n\"}}]}<\/script>\n<!-- \/ Yoast SEO plugin. -->","yoast_head_json":{"title":"Cultura y Tradici\u00f3n: \u00c1ngeles Somos - Municipalidad de Santa Ana de los Gu\u00e1caras","robots":{"index":"index","follow":"follow","max-snippet":"max-snippet:-1","max-image-preview":"max-image-preview:large","max-video-preview":"max-video-preview:-1"},"canonical":"https:\/\/santaanadelosguacaras.gob.ar\/sitio\/cultura-y-tradicion-angeles-somos\/","og_locale":"es_ES","og_type":"article","og_title":"Cultura y Tradici\u00f3n: \u00c1ngeles Somos - Municipalidad de Santa Ana de los Gu\u00e1caras","og_description":"En Santa Ana de los Gu\u00e1caras se celebra la tradici\u00f3n de \u201c\u00c1ngeles Somos\u201d, una expresi\u00f3n viva de nuestra identidad y de la fe popular que se transmite de generaci\u00f3n en&hellip;","og_url":"https:\/\/santaanadelosguacaras.gob.ar\/sitio\/cultura-y-tradicion-angeles-somos\/","og_site_name":"Municipalidad de Santa Ana de los Gu\u00e1caras","article_publisher":"https:\/\/www.facebook.com\/MuniSantaAnaDeLosGuacaras","article_published_time":"2025-11-04T18:51:40+00:00","article_modified_time":"2025-11-05T18:52:33+00:00","og_image":[{"width":1599,"height":720,"url":"https:\/\/santaanadelosguacaras.gob.ar\/sitio\/wp-content\/uploads\/2025\/11\/576734438_1184676070428237_8814388488180284974_n.webp","type":"image\/webp"}],"author":"Comunicaci\u00f3n","twitter_card":"summary_large_image","twitter_misc":{"Escrito por":"Comunicaci\u00f3n","Tiempo de lectura":"2 minutos"},"schema":{"@context":"https:\/\/schema.org","@graph":[{"@type":"Article","@id":"https:\/\/santaanadelosguacaras.gob.ar\/sitio\/cultura-y-tradicion-angeles-somos\/#article","isPartOf":{"@id":"https:\/\/santaanadelosguacaras.gob.ar\/sitio\/cultura-y-tradicion-angeles-somos\/"},"author":{"name":"Comunicaci\u00f3n","@id":"https:\/\/santaanadelosguacaras.gob.ar\/sitio\/#\/schema\/person\/aa85e53bbb5a7c7e19834c20ede5e205"},"headline":"Cultura y Tradici\u00f3n: \u00c1ngeles Somos","datePublished":"2025-11-04T18:51:40+00:00","dateModified":"2025-11-05T18:52:33+00:00","mainEntityOfPage":{"@id":"https:\/\/santaanadelosguacaras.gob.ar\/sitio\/cultura-y-tradicion-angeles-somos\/"},"wordCount":97,"publisher":{"@id":"https:\/\/santaanadelosguacaras.gob.ar\/sitio\/#organization"},"image":{"@id":"https:\/\/santaanadelosguacaras.gob.ar\/sitio\/cultura-y-tradicion-angeles-somos\/#primaryimage"},"thumbnailUrl":"https:\/\/santaanadelosguacaras.gob.ar\/sitio\/wp-content\/uploads\/2025\/11\/576734438_1184676070428237_8814388488180284974_n.webp","articleSection":["Cultura y Turismo"],"inLanguage":"es"},{"@type":"WebPage","@id":"https:\/\/santaanadelosguacaras.gob.ar\/sitio\/cultura-y-tradicion-angeles-somos\/","url":"https:\/\/santaanadelosguacaras.gob.ar\/sitio\/cultura-y-tradicion-angeles-somos\/","name":"Cultura y Tradici\u00f3n: \u00c1ngeles Somos - Municipalidad de Santa Ana de los Gu\u00e1caras","isPartOf":{"@id":"https:\/\/santaanadelosguacaras.gob.ar\/sitio\/#website"},"primaryImageOfPage":{"@id":"https:\/\/santaanadelosguacaras.gob.ar\/sitio\/cultura-y-tradicion-angeles-somos\/#primaryimage"},"image":{"@id":"https:\/\/santaanadelosguacaras.gob.ar\/sitio\/cultura-y-tradicion-angeles-somos\/#primaryimage"},"thumbnailUrl":"https:\/\/santaanadelosguacaras.gob.ar\/sitio\/wp-content\/uploads\/2025\/11\/576734438_1184676070428237_8814388488180284974_n.webp","datePublished":"2025-11-04T18:51:40+00:00","dateModified":"2025-11-05T18:52:33+00:00","breadcrumb":{"@id":"https:\/\/santaanadelosguacaras.gob.ar\/sitio\/cultura-y-tradicion-angeles-somos\/#breadcrumb"},"inLanguage":"es","potentialAction":[{"@type":"ReadAction","target":["https:\/\/santaanadelosguacaras.gob.ar\/sitio\/cultura-y-tradicion-angeles-somos\/"]}]},{"@type":"ImageObject","inLanguage":"es","@id":"https:\/\/santaanadelosguacaras.gob.ar\/sitio\/cultura-y-tradicion-angeles-somos\/#primaryimage","url":"https:\/\/santaanadelosguacaras.gob.ar\/sitio\/wp-content\/uploads\/2025\/11\/576734438_1184676070428237_8814388488180284974_n.webp","contentUrl":"https:\/\/santaanadelosguacaras.gob.ar\/sitio\/wp-content\/uploads\/2025\/11\/576734438_1184676070428237_8814388488180284974_n.webp","width":1599,"height":720},{"@type":"BreadcrumbList","@id":"https:\/\/santaanadelosguacaras.gob.ar\/sitio\/cultura-y-tradicion-angeles-somos\/#breadcrumb","itemListElement":[{"@type":"ListItem","position":1,"name":"Portada","item":"https:\/\/santaanadelosguacaras.gob.ar\/sitio\/"},{"@type":"ListItem","position":2,"name":"Cultura y Tradici\u00f3n: \u00c1ngeles Somos"}]},{"@type":"WebSite","@id":"https:\/\/santaanadelosguacaras.gob.ar\/sitio\/#website","url":"https:\/\/santaanadelosguacaras.gob.ar\/sitio\/","name":"Municipalidad de Santa Ana de los Gu\u00e1caras","description":"Descubre Santa Ana de los Gu\u00e1caras, un rinc\u00f3n lleno de historia, cultura y naturaleza en Corrientes. Informaci\u00f3n oficial sobre eventos, turismo, servicios municipales y m\u00e1s. \u00a1Con\u00e9ctate con nuestra comunidad!","publisher":{"@id":"https:\/\/santaanadelosguacaras.gob.ar\/sitio\/#organization"},"alternateName":"MuniSantaAna","potentialAction":[{"@type":"SearchAction","target":{"@type":"EntryPoint","urlTemplate":"https:\/\/santaanadelosguacaras.gob.ar\/sitio\/?s={search_term_string}"},"query-input":{"@type":"PropertyValueSpecification","valueRequired":true,"valueName":"search_term_string"}}],"inLanguage":"es"},{"@type":"Organization","@id":"https:\/\/santaanadelosguacaras.gob.ar\/sitio\/#organization","name":"Municipalidad de Santa Ana de los Gu\u00e1caras","alternateName":"MuniSantaAna","url":"https:\/\/santaanadelosguacaras.gob.ar\/sitio\/","logo":{"@type":"ImageObject","inLanguage":"es","@id":"https:\/\/santaanadelosguacaras.gob.ar\/sitio\/#\/schema\/logo\/image\/","url":"https:\/\/santaanadelosguacaras.gob.ar\/sitio\/wp-content\/uploads\/2024\/12\/cropped-logo_muni_250.png","contentUrl":"https:\/\/santaanadelosguacaras.gob.ar\/sitio\/wp-content\/uploads\/2024\/12\/cropped-logo_muni_250.png","width":247,"height":95,"caption":"Municipalidad de Santa Ana de los Gu\u00e1caras"},"image":{"@id":"https:\/\/santaanadelosguacaras.gob.ar\/sitio\/#\/schema\/logo\/image\/"},"sameAs":["https:\/\/www.facebook.com\/MuniSantaAnaDeLosGuacaras","https:\/\/www.instagram.com\/muni_santaana_ctes"]},{"@type":"Person","@id":"https:\/\/santaanadelosguacaras.gob.ar\/sitio\/#\/schema\/person\/aa85e53bbb5a7c7e19834c20ede5e205","name":"Comunicaci\u00f3n","image":{"@type":"ImageObject","inLanguage":"es","@id":"https:\/\/santaanadelosguacaras.gob.ar\/sitio\/#\/schema\/person\/image\/","url":"https:\/\/secure.gravatar.com\/avatar\/3e81e68b8dcb0733c78bbafb464befc4a66ce4135950c3e3ac0d3c09e53e7092?s=96&d=mm&r=g","contentUrl":"https:\/\/secure.gravatar.com\/avatar\/3e81e68b8dcb0733c78bbafb464befc4a66ce4135950c3e3ac0d3c09e53e7092?s=96&d=mm&r=g","caption":"Comunicaci\u00f3n"}}]}},"_links":{"self":[{"href":"https:\/\/santaanadelosguacaras.gob.ar\/sitio\/wp-json\/wp\/v2\/posts\/3356","targetHints":{"allow":["GET"]}}],"collection":[{"href":"https:\/\/santaanadelosguacaras.gob.ar\/sitio\/wp-json\/wp\/v2\/posts"}],"about":[{"href":"https:\/\/santaanadelosguacaras.gob.ar\/sitio\/wp-json\/wp\/v2\/types\/post"}],"author":[{"embeddable":true,"href":"https:\/\/santaanadelosguacaras.gob.ar\/sitio\/wp-json\/wp\/v2\/users\/2"}],"replies":[{"embeddable":true,"href":"https:\/\/santaanadelosguacaras.gob.ar\/sitio\/wp-json\/wp\/v2\/comments?post=3356"}],"version-history":[{"count":1,"href":"https:\/\/santaanadelosguacaras.gob.ar\/sitio\/wp-json\/wp\/v2\/posts\/3356\/revisions"}],"predecessor-version":[{"id":3364,"href":"https:\/\/santaanadelosguacaras.gob.ar\/sitio\/wp-json\/wp\/v2\/posts\/3356\/revisions\/3364"}],"wp:featuredmedia":[{"embeddable":true,"href":"https:\/\/santaanadelosguacaras.gob.ar\/sitio\/wp-json\/wp\/v2\/media\/3362"}],"wp:attachment":[{"href":"https:\/\/santaanadelosguacaras.gob.ar\/sitio\/wp-json\/wp\/v2\/media?parent=3356"}],"wp:term":[{"taxonomy":"category","embeddable":true,"href":"https:\/\/santaanadelosguacaras.gob.ar\/sitio\/wp-json\/wp\/v2\/categories?post=3356"},{"taxonomy":"post_tag","embeddable":true,"href":"https:\/\/santaanadelosguacaras.gob.ar\/sitio\/wp-json\/wp\/v2\/tags?post=3356"}],"curies":[{"name":"wp","href":"https:\/\/api.w.org\/{rel}","templated":true}]}}