{"id":3482,"date":"2025-11-08T19:13:15","date_gmt":"2025-11-08T22:13:15","guid":{"rendered":"https:\/\/santaanadelosguacaras.gob.ar\/sitio\/?p=3482"},"modified":"2025-11-12T19:15:10","modified_gmt":"2025-11-12T22:15:10","slug":"santa-ana-dijo-presente-en-la-noche-de-los-museos","status":"publish","type":"post","link":"https:\/\/santaanadelosguacaras.gob.ar\/sitio\/santa-ana-dijo-presente-en-la-noche-de-los-museos\/","title":{"rendered":"Santa Ana dijo presente en la Noche de los Museos"},"content":{"rendered":"\n<p>Santa Ana particip\u00f3 de la Noche de los Museos con una jornada llena de historia, m\u00fasica y tradici\u00f3n en el Museo Hist\u00f3rico Gu\u00e1caras, uno de los edificios m\u00e1s emblem\u00e1ticos y atractivos del corredor Gran Corrientes.<\/p>\n\n\n\n<p>La apertura estuvo a cargo de la intendente Silvana Almiron quien destac\u00f3 la relevancia de que Santa Ana forme parte de este evento provincial que pone en valor el patrimonio cultural y tur\u00edstico de cada localidad; y agradeci\u00f3 al Gobernador Gustavo Vald\u00e9s, al Gobierno de Corrientes por hacer posible la concreci\u00f3n de este museo, que hoy es orgullo de la comunidad.<\/p>\n\n\n\n<p>De esta manera, Santa Ana se sum\u00f3 a \u201cLa Noche de los Museos\u201d, reafirmando su compromiso con la cultura, la historia y la identidad correntina.<\/p>\n\n\n\n<figure class=\"wp-block-gallery has-nested-images columns-default is-cropped wp-block-gallery-1 is-layout-flex wp-block-gallery-is-layout-flex\">\n<figure class=\"wp-block-image size-large\"><a href=\"https:\/\/santaanadelosguacaras.gob.ar\/sitio\/wp-content\/uploads\/2025\/11\/579651959_1188342166728294_9168273215239786021_n_resultado-1.webp\"><img loading=\"lazy\" decoding=\"async\" width=\"590\" height=\"458\" data-id=\"3483\" src=\"https:\/\/santaanadelosguacaras.gob.ar\/sitio\/wp-content\/uploads\/2025\/11\/579651959_1188342166728294_9168273215239786021_n_resultado-1.webp\" alt=\"\" class=\"wp-image-3483\" srcset=\"https:\/\/santaanadelosguacaras.gob.ar\/sitio\/wp-content\/uploads\/2025\/11\/579651959_1188342166728294_9168273215239786021_n_resultado-1.webp 590w, https:\/\/santaanadelosguacaras.gob.ar\/sitio\/wp-content\/uploads\/2025\/11\/579651959_1188342166728294_9168273215239786021_n_resultado-1-300x233.webp 300w\" sizes=\"auto, (max-width: 590px) 100vw, 590px\" \/><\/a><\/figure>\n\n\n\n<figure class=\"wp-block-image size-large\"><a href=\"https:\/\/santaanadelosguacaras.gob.ar\/sitio\/wp-content\/uploads\/2025\/11\/578256951_1188342203394957_5320999269524343126_n_resultado-1.webp\"><img loading=\"lazy\" decoding=\"async\" width=\"1024\" height=\"768\" data-id=\"3484\" src=\"https:\/\/santaanadelosguacaras.gob.ar\/sitio\/wp-content\/uploads\/2025\/11\/578256951_1188342203394957_5320999269524343126_n_resultado-1-1024x768.webp\" alt=\"\" class=\"wp-image-3484\" srcset=\"https:\/\/santaanadelosguacaras.gob.ar\/sitio\/wp-content\/uploads\/2025\/11\/578256951_1188342203394957_5320999269524343126_n_resultado-1-1024x768.webp 1024w, https:\/\/santaanadelosguacaras.gob.ar\/sitio\/wp-content\/uploads\/2025\/11\/578256951_1188342203394957_5320999269524343126_n_resultado-1-300x225.webp 300w, https:\/\/santaanadelosguacaras.gob.ar\/sitio\/wp-content\/uploads\/2025\/11\/578256951_1188342203394957_5320999269524343126_n_resultado-1-768x576.webp 768w, https:\/\/santaanadelosguacaras.gob.ar\/sitio\/wp-content\/uploads\/2025\/11\/578256951_1188342203394957_5320999269524343126_n_resultado-1.webp 1156w\" sizes=\"auto, (max-width: 1024px) 100vw, 1024px\" \/><\/a><\/figure>\n\n\n\n<figure class=\"wp-block-image size-large\"><a href=\"https:\/\/santaanadelosguacaras.gob.ar\/sitio\/wp-content\/uploads\/2025\/11\/581010218_1188342310061613_7667077093119712404_n_resultado-1.webp\"><img loading=\"lazy\" decoding=\"async\" width=\"917\" height=\"1024\" data-id=\"3489\" src=\"https:\/\/santaanadelosguacaras.gob.ar\/sitio\/wp-content\/uploads\/2025\/11\/581010218_1188342310061613_7667077093119712404_n_resultado-1-917x1024.webp\" alt=\"\" class=\"wp-image-3489\" srcset=\"https:\/\/santaanadelosguacaras.gob.ar\/sitio\/wp-content\/uploads\/2025\/11\/581010218_1188342310061613_7667077093119712404_n_resultado-1-917x1024.webp 917w, https:\/\/santaanadelosguacaras.gob.ar\/sitio\/wp-content\/uploads\/2025\/11\/581010218_1188342310061613_7667077093119712404_n_resultado-1-269x300.webp 269w, https:\/\/santaanadelosguacaras.gob.ar\/sitio\/wp-content\/uploads\/2025\/11\/581010218_1188342310061613_7667077093119712404_n_resultado-1-768x857.webp 768w, https:\/\/santaanadelosguacaras.gob.ar\/sitio\/wp-content\/uploads\/2025\/11\/581010218_1188342310061613_7667077093119712404_n_resultado-1.webp 1376w\" sizes=\"auto, (max-width: 917px) 100vw, 917px\" \/><\/a><\/figure>\n\n\n\n<figure class=\"wp-block-image size-large\"><a href=\"https:\/\/santaanadelosguacaras.gob.ar\/sitio\/wp-content\/uploads\/2025\/11\/577790633_1188342466728264_8324171196413441309_n_resultado-1.webp\"><img loading=\"lazy\" decoding=\"async\" width=\"1024\" height=\"768\" data-id=\"3485\" src=\"https:\/\/santaanadelosguacaras.gob.ar\/sitio\/wp-content\/uploads\/2025\/11\/577790633_1188342466728264_8324171196413441309_n_resultado-1-1024x768.webp\" alt=\"\" class=\"wp-image-3485\" srcset=\"https:\/\/santaanadelosguacaras.gob.ar\/sitio\/wp-content\/uploads\/2025\/11\/577790633_1188342466728264_8324171196413441309_n_resultado-1-1024x768.webp 1024w, https:\/\/santaanadelosguacaras.gob.ar\/sitio\/wp-content\/uploads\/2025\/11\/577790633_1188342466728264_8324171196413441309_n_resultado-1-300x225.webp 300w, https:\/\/santaanadelosguacaras.gob.ar\/sitio\/wp-content\/uploads\/2025\/11\/577790633_1188342466728264_8324171196413441309_n_resultado-1-768x576.webp 768w, https:\/\/santaanadelosguacaras.gob.ar\/sitio\/wp-content\/uploads\/2025\/11\/577790633_1188342466728264_8324171196413441309_n_resultado-1.webp 1156w\" sizes=\"auto, (max-width: 1024px) 100vw, 1024px\" \/><\/a><\/figure>\n\n\n\n<figure class=\"wp-block-image size-large\"><a href=\"https:\/\/santaanadelosguacaras.gob.ar\/sitio\/wp-content\/uploads\/2025\/11\/577694241_1188342516728259_4233070339135573675_n_resultado-1.webp\"><img loading=\"lazy\" decoding=\"async\" width=\"1024\" height=\"768\" data-id=\"3486\" src=\"https:\/\/santaanadelosguacaras.gob.ar\/sitio\/wp-content\/uploads\/2025\/11\/577694241_1188342516728259_4233070339135573675_n_resultado-1-1024x768.webp\" alt=\"\" class=\"wp-image-3486\" srcset=\"https:\/\/santaanadelosguacaras.gob.ar\/sitio\/wp-content\/uploads\/2025\/11\/577694241_1188342516728259_4233070339135573675_n_resultado-1-1024x768.webp 1024w, https:\/\/santaanadelosguacaras.gob.ar\/sitio\/wp-content\/uploads\/2025\/11\/577694241_1188342516728259_4233070339135573675_n_resultado-1-300x225.webp 300w, https:\/\/santaanadelosguacaras.gob.ar\/sitio\/wp-content\/uploads\/2025\/11\/577694241_1188342516728259_4233070339135573675_n_resultado-1-768x576.webp 768w, https:\/\/santaanadelosguacaras.gob.ar\/sitio\/wp-content\/uploads\/2025\/11\/577694241_1188342516728259_4233070339135573675_n_resultado-1.webp 1156w\" sizes=\"auto, (max-width: 1024px) 100vw, 1024px\" \/><\/a><\/figure>\n\n\n\n<figure class=\"wp-block-image size-large\"><a href=\"https:\/\/santaanadelosguacaras.gob.ar\/sitio\/wp-content\/uploads\/2025\/11\/577059656_1188342660061578_6079773553852973130_n_resultado-1.webp\"><img loading=\"lazy\" decoding=\"async\" width=\"1024\" height=\"768\" data-id=\"3503\" src=\"https:\/\/santaanadelosguacaras.gob.ar\/sitio\/wp-content\/uploads\/2025\/11\/577059656_1188342660061578_6079773553852973130_n_resultado-1-1024x768.webp\" alt=\"\" class=\"wp-image-3503\" srcset=\"https:\/\/santaanadelosguacaras.gob.ar\/sitio\/wp-content\/uploads\/2025\/11\/577059656_1188342660061578_6079773553852973130_n_resultado-1-1024x768.webp 1024w, https:\/\/santaanadelosguacaras.gob.ar\/sitio\/wp-content\/uploads\/2025\/11\/577059656_1188342660061578_6079773553852973130_n_resultado-1-300x225.webp 300w, https:\/\/santaanadelosguacaras.gob.ar\/sitio\/wp-content\/uploads\/2025\/11\/577059656_1188342660061578_6079773553852973130_n_resultado-1-768x576.webp 768w, https:\/\/santaanadelosguacaras.gob.ar\/sitio\/wp-content\/uploads\/2025\/11\/577059656_1188342660061578_6079773553852973130_n_resultado-1-1536x1152.webp 1536w, https:\/\/santaanadelosguacaras.gob.ar\/sitio\/wp-content\/uploads\/2025\/11\/577059656_1188342660061578_6079773553852973130_n_resultado-1.webp 2048w\" sizes=\"auto, (max-width: 1024px) 100vw, 1024px\" \/><\/a><\/figure>\n\n\n\n<figure class=\"wp-block-image size-large\"><a href=\"https:\/\/santaanadelosguacaras.gob.ar\/sitio\/wp-content\/uploads\/2025\/11\/578051126_1188342780061566_5674787419583377497_n_resultado-1.webp\"><img loading=\"lazy\" decoding=\"async\" width=\"1024\" height=\"768\" data-id=\"3488\" src=\"https:\/\/santaanadelosguacaras.gob.ar\/sitio\/wp-content\/uploads\/2025\/11\/578051126_1188342780061566_5674787419583377497_n_resultado-1-1024x768.webp\" alt=\"\" class=\"wp-image-3488\" srcset=\"https:\/\/santaanadelosguacaras.gob.ar\/sitio\/wp-content\/uploads\/2025\/11\/578051126_1188342780061566_5674787419583377497_n_resultado-1-1024x768.webp 1024w, https:\/\/santaanadelosguacaras.gob.ar\/sitio\/wp-content\/uploads\/2025\/11\/578051126_1188342780061566_5674787419583377497_n_resultado-1-300x225.webp 300w, https:\/\/santaanadelosguacaras.gob.ar\/sitio\/wp-content\/uploads\/2025\/11\/578051126_1188342780061566_5674787419583377497_n_resultado-1-768x576.webp 768w, https:\/\/santaanadelosguacaras.gob.ar\/sitio\/wp-content\/uploads\/2025\/11\/578051126_1188342780061566_5674787419583377497_n_resultado-1.webp 1156w\" sizes=\"auto, (max-width: 1024px) 100vw, 1024px\" \/><\/a><\/figure>\n\n\n\n<figure class=\"wp-block-image size-large\"><a href=\"https:\/\/santaanadelosguacaras.gob.ar\/sitio\/wp-content\/uploads\/2025\/11\/577895272_1188343406728170_3824944177280062013_n_resultado-1.webp\"><img loading=\"lazy\" decoding=\"async\" width=\"1024\" height=\"768\" data-id=\"3487\" src=\"https:\/\/santaanadelosguacaras.gob.ar\/sitio\/wp-content\/uploads\/2025\/11\/577895272_1188343406728170_3824944177280062013_n_resultado-1-1024x768.webp\" alt=\"\" class=\"wp-image-3487\" srcset=\"https:\/\/santaanadelosguacaras.gob.ar\/sitio\/wp-content\/uploads\/2025\/11\/577895272_1188343406728170_3824944177280062013_n_resultado-1-1024x768.webp 1024w, https:\/\/santaanadelosguacaras.gob.ar\/sitio\/wp-content\/uploads\/2025\/11\/577895272_1188343406728170_3824944177280062013_n_resultado-1-300x225.webp 300w, https:\/\/santaanadelosguacaras.gob.ar\/sitio\/wp-content\/uploads\/2025\/11\/577895272_1188343406728170_3824944177280062013_n_resultado-1-768x576.webp 768w, https:\/\/santaanadelosguacaras.gob.ar\/sitio\/wp-content\/uploads\/2025\/11\/577895272_1188343406728170_3824944177280062013_n_resultado-1-1536x1152.webp 1536w, https:\/\/santaanadelosguacaras.gob.ar\/sitio\/wp-content\/uploads\/2025\/11\/577895272_1188343406728170_3824944177280062013_n_resultado-1.webp 2048w\" sizes=\"auto, (max-width: 1024px) 100vw, 1024px\" \/><\/a><\/figure>\n\n\n\n<figure class=\"wp-block-image size-large\"><a href=\"https:\/\/santaanadelosguacaras.gob.ar\/sitio\/wp-content\/uploads\/2025\/11\/581045389_1188343440061500_118198580276534193_n_resultado-1.webp\"><img loading=\"lazy\" decoding=\"async\" width=\"1024\" height=\"768\" data-id=\"3495\" src=\"https:\/\/santaanadelosguacaras.gob.ar\/sitio\/wp-content\/uploads\/2025\/11\/581045389_1188343440061500_118198580276534193_n_resultado-1-1024x768.webp\" alt=\"\" class=\"wp-image-3495\" srcset=\"https:\/\/santaanadelosguacaras.gob.ar\/sitio\/wp-content\/uploads\/2025\/11\/581045389_1188343440061500_118198580276534193_n_resultado-1-1024x768.webp 1024w, https:\/\/santaanadelosguacaras.gob.ar\/sitio\/wp-content\/uploads\/2025\/11\/581045389_1188343440061500_118198580276534193_n_resultado-1-300x225.webp 300w, https:\/\/santaanadelosguacaras.gob.ar\/sitio\/wp-content\/uploads\/2025\/11\/581045389_1188343440061500_118198580276534193_n_resultado-1-768x576.webp 768w, https:\/\/santaanadelosguacaras.gob.ar\/sitio\/wp-content\/uploads\/2025\/11\/581045389_1188343440061500_118198580276534193_n_resultado-1-1536x1152.webp 1536w, https:\/\/santaanadelosguacaras.gob.ar\/sitio\/wp-content\/uploads\/2025\/11\/581045389_1188343440061500_118198580276534193_n_resultado-1.webp 2048w\" sizes=\"auto, (max-width: 1024px) 100vw, 1024px\" \/><\/a><\/figure>\n\n\n\n<figure class=\"wp-block-image size-large\"><a href=\"https:\/\/santaanadelosguacaras.gob.ar\/sitio\/wp-content\/uploads\/2025\/11\/578300563_1188343483394829_8799336960554326210_n_resultado-1.webp\"><img loading=\"lazy\" decoding=\"async\" width=\"1024\" height=\"768\" data-id=\"3491\" src=\"https:\/\/santaanadelosguacaras.gob.ar\/sitio\/wp-content\/uploads\/2025\/11\/578300563_1188343483394829_8799336960554326210_n_resultado-1-1024x768.webp\" alt=\"\" class=\"wp-image-3491\" srcset=\"https:\/\/santaanadelosguacaras.gob.ar\/sitio\/wp-content\/uploads\/2025\/11\/578300563_1188343483394829_8799336960554326210_n_resultado-1-1024x768.webp 1024w, https:\/\/santaanadelosguacaras.gob.ar\/sitio\/wp-content\/uploads\/2025\/11\/578300563_1188343483394829_8799336960554326210_n_resultado-1-300x225.webp 300w, https:\/\/santaanadelosguacaras.gob.ar\/sitio\/wp-content\/uploads\/2025\/11\/578300563_1188343483394829_8799336960554326210_n_resultado-1-768x576.webp 768w, https:\/\/santaanadelosguacaras.gob.ar\/sitio\/wp-content\/uploads\/2025\/11\/578300563_1188343483394829_8799336960554326210_n_resultado-1.webp 1156w\" sizes=\"auto, (max-width: 1024px) 100vw, 1024px\" \/><\/a><\/figure>\n\n\n\n<figure class=\"wp-block-image size-large\"><a href=\"https:\/\/santaanadelosguacaras.gob.ar\/sitio\/wp-content\/uploads\/2025\/11\/577428130_1188343550061489_1289840041067285462_n_resultado-1.webp\"><img loading=\"lazy\" decoding=\"async\" width=\"1024\" height=\"768\" data-id=\"3507\" src=\"https:\/\/santaanadelosguacaras.gob.ar\/sitio\/wp-content\/uploads\/2025\/11\/577428130_1188343550061489_1289840041067285462_n_resultado-1-1024x768.webp\" alt=\"\" class=\"wp-image-3507\" srcset=\"https:\/\/santaanadelosguacaras.gob.ar\/sitio\/wp-content\/uploads\/2025\/11\/577428130_1188343550061489_1289840041067285462_n_resultado-1-1024x768.webp 1024w, https:\/\/santaanadelosguacaras.gob.ar\/sitio\/wp-content\/uploads\/2025\/11\/577428130_1188343550061489_1289840041067285462_n_resultado-1-300x225.webp 300w, https:\/\/santaanadelosguacaras.gob.ar\/sitio\/wp-content\/uploads\/2025\/11\/577428130_1188343550061489_1289840041067285462_n_resultado-1-768x576.webp 768w, https:\/\/santaanadelosguacaras.gob.ar\/sitio\/wp-content\/uploads\/2025\/11\/577428130_1188343550061489_1289840041067285462_n_resultado-1-1536x1152.webp 1536w, https:\/\/santaanadelosguacaras.gob.ar\/sitio\/wp-content\/uploads\/2025\/11\/577428130_1188343550061489_1289840041067285462_n_resultado-1.webp 2048w\" sizes=\"auto, (max-width: 1024px) 100vw, 1024px\" \/><\/a><\/figure>\n\n\n\n<figure class=\"wp-block-image size-large\"><a href=\"https:\/\/santaanadelosguacaras.gob.ar\/sitio\/wp-content\/uploads\/2025\/11\/577880474_1188343600061484_1783768364025444328_n_resultado-1.webp\"><img loading=\"lazy\" decoding=\"async\" width=\"1024\" height=\"768\" data-id=\"3490\" src=\"https:\/\/santaanadelosguacaras.gob.ar\/sitio\/wp-content\/uploads\/2025\/11\/577880474_1188343600061484_1783768364025444328_n_resultado-1-1024x768.webp\" alt=\"\" class=\"wp-image-3490\" srcset=\"https:\/\/santaanadelosguacaras.gob.ar\/sitio\/wp-content\/uploads\/2025\/11\/577880474_1188343600061484_1783768364025444328_n_resultado-1-1024x768.webp 1024w, https:\/\/santaanadelosguacaras.gob.ar\/sitio\/wp-content\/uploads\/2025\/11\/577880474_1188343600061484_1783768364025444328_n_resultado-1-300x225.webp 300w, https:\/\/santaanadelosguacaras.gob.ar\/sitio\/wp-content\/uploads\/2025\/11\/577880474_1188343600061484_1783768364025444328_n_resultado-1-768x576.webp 768w, https:\/\/santaanadelosguacaras.gob.ar\/sitio\/wp-content\/uploads\/2025\/11\/577880474_1188343600061484_1783768364025444328_n_resultado-1.webp 1156w\" sizes=\"auto, (max-width: 1024px) 100vw, 1024px\" \/><\/a><\/figure>\n\n\n\n<figure class=\"wp-block-image size-large\"><a href=\"https:\/\/santaanadelosguacaras.gob.ar\/sitio\/wp-content\/uploads\/2025\/11\/577805350_1188343626728148_5468994311282980714_n_resultado-1.webp\"><img loading=\"lazy\" decoding=\"async\" width=\"917\" height=\"1024\" data-id=\"3506\" src=\"https:\/\/santaanadelosguacaras.gob.ar\/sitio\/wp-content\/uploads\/2025\/11\/577805350_1188343626728148_5468994311282980714_n_resultado-1-917x1024.webp\" alt=\"\" class=\"wp-image-3506\" srcset=\"https:\/\/santaanadelosguacaras.gob.ar\/sitio\/wp-content\/uploads\/2025\/11\/577805350_1188343626728148_5468994311282980714_n_resultado-1-917x1024.webp 917w, https:\/\/santaanadelosguacaras.gob.ar\/sitio\/wp-content\/uploads\/2025\/11\/577805350_1188343626728148_5468994311282980714_n_resultado-1-269x300.webp 269w, https:\/\/santaanadelosguacaras.gob.ar\/sitio\/wp-content\/uploads\/2025\/11\/577805350_1188343626728148_5468994311282980714_n_resultado-1-768x858.webp 768w, https:\/\/santaanadelosguacaras.gob.ar\/sitio\/wp-content\/uploads\/2025\/11\/577805350_1188343626728148_5468994311282980714_n_resultado-1.webp 1274w\" sizes=\"auto, (max-width: 917px) 100vw, 917px\" \/><\/a><\/figure>\n\n\n\n<figure class=\"wp-block-image size-large\"><a href=\"https:\/\/santaanadelosguacaras.gob.ar\/sitio\/wp-content\/uploads\/2025\/11\/580966946_1188343666728144_1630200888850090674_n_resultado-1.webp\"><img loading=\"lazy\" decoding=\"async\" width=\"1024\" height=\"795\" data-id=\"3504\" src=\"https:\/\/santaanadelosguacaras.gob.ar\/sitio\/wp-content\/uploads\/2025\/11\/580966946_1188343666728144_1630200888850090674_n_resultado-1-1024x795.webp\" alt=\"\" class=\"wp-image-3504\" srcset=\"https:\/\/santaanadelosguacaras.gob.ar\/sitio\/wp-content\/uploads\/2025\/11\/580966946_1188343666728144_1630200888850090674_n_resultado-1-1024x795.webp 1024w, https:\/\/santaanadelosguacaras.gob.ar\/sitio\/wp-content\/uploads\/2025\/11\/580966946_1188343666728144_1630200888850090674_n_resultado-1-300x233.webp 300w, https:\/\/santaanadelosguacaras.gob.ar\/sitio\/wp-content\/uploads\/2025\/11\/580966946_1188343666728144_1630200888850090674_n_resultado-1-768x596.webp 768w, https:\/\/santaanadelosguacaras.gob.ar\/sitio\/wp-content\/uploads\/2025\/11\/580966946_1188343666728144_1630200888850090674_n_resultado-1-1536x1193.webp 1536w, https:\/\/santaanadelosguacaras.gob.ar\/sitio\/wp-content\/uploads\/2025\/11\/580966946_1188343666728144_1630200888850090674_n_resultado-1.webp 1970w\" sizes=\"auto, (max-width: 1024px) 100vw, 1024px\" \/><\/a><\/figure>\n\n\n\n<figure class=\"wp-block-image size-large\"><a href=\"https:\/\/santaanadelosguacaras.gob.ar\/sitio\/wp-content\/uploads\/2025\/11\/577343433_1188343706728140_2406512076956243251_n_resultado-1.webp\"><img loading=\"lazy\" decoding=\"async\" width=\"1024\" height=\"768\" data-id=\"3493\" src=\"https:\/\/santaanadelosguacaras.gob.ar\/sitio\/wp-content\/uploads\/2025\/11\/577343433_1188343706728140_2406512076956243251_n_resultado-1-1024x768.webp\" alt=\"\" class=\"wp-image-3493\" srcset=\"https:\/\/santaanadelosguacaras.gob.ar\/sitio\/wp-content\/uploads\/2025\/11\/577343433_1188343706728140_2406512076956243251_n_resultado-1-1024x768.webp 1024w, https:\/\/santaanadelosguacaras.gob.ar\/sitio\/wp-content\/uploads\/2025\/11\/577343433_1188343706728140_2406512076956243251_n_resultado-1-300x225.webp 300w, https:\/\/santaanadelosguacaras.gob.ar\/sitio\/wp-content\/uploads\/2025\/11\/577343433_1188343706728140_2406512076956243251_n_resultado-1-768x576.webp 768w, https:\/\/santaanadelosguacaras.gob.ar\/sitio\/wp-content\/uploads\/2025\/11\/577343433_1188343706728140_2406512076956243251_n_resultado-1.webp 1156w\" sizes=\"auto, (max-width: 1024px) 100vw, 1024px\" \/><\/a><\/figure>\n\n\n\n<figure class=\"wp-block-image size-large\"><a href=\"https:\/\/santaanadelosguacaras.gob.ar\/sitio\/wp-content\/uploads\/2025\/11\/550485993_1188343746728136_2915000948478865362_n_resultado-1.webp\"><img loading=\"lazy\" decoding=\"async\" width=\"1024\" height=\"956\" data-id=\"3499\" src=\"https:\/\/santaanadelosguacaras.gob.ar\/sitio\/wp-content\/uploads\/2025\/11\/550485993_1188343746728136_2915000948478865362_n_resultado-1-1024x956.webp\" alt=\"\" class=\"wp-image-3499\" srcset=\"https:\/\/santaanadelosguacaras.gob.ar\/sitio\/wp-content\/uploads\/2025\/11\/550485993_1188343746728136_2915000948478865362_n_resultado-1-1024x956.webp 1024w, https:\/\/santaanadelosguacaras.gob.ar\/sitio\/wp-content\/uploads\/2025\/11\/550485993_1188343746728136_2915000948478865362_n_resultado-1-300x280.webp 300w, https:\/\/santaanadelosguacaras.gob.ar\/sitio\/wp-content\/uploads\/2025\/11\/550485993_1188343746728136_2915000948478865362_n_resultado-1-768x717.webp 768w, https:\/\/santaanadelosguacaras.gob.ar\/sitio\/wp-content\/uploads\/2025\/11\/550485993_1188343746728136_2915000948478865362_n_resultado-1-1536x1434.webp 1536w, https:\/\/santaanadelosguacaras.gob.ar\/sitio\/wp-content\/uploads\/2025\/11\/550485993_1188343746728136_2915000948478865362_n_resultado-1.webp 1645w\" sizes=\"auto, (max-width: 1024px) 100vw, 1024px\" \/><\/a><\/figure>\n\n\n\n<figure class=\"wp-block-image size-large\"><a href=\"https:\/\/santaanadelosguacaras.gob.ar\/sitio\/wp-content\/uploads\/2025\/11\/580957270_1188343770061467_4770077050335133897_n_resultado-1.webp\"><img loading=\"lazy\" decoding=\"async\" width=\"1024\" height=\"768\" data-id=\"3492\" src=\"https:\/\/santaanadelosguacaras.gob.ar\/sitio\/wp-content\/uploads\/2025\/11\/580957270_1188343770061467_4770077050335133897_n_resultado-1-1024x768.webp\" alt=\"\" class=\"wp-image-3492\" srcset=\"https:\/\/santaanadelosguacaras.gob.ar\/sitio\/wp-content\/uploads\/2025\/11\/580957270_1188343770061467_4770077050335133897_n_resultado-1-1024x768.webp 1024w, https:\/\/santaanadelosguacaras.gob.ar\/sitio\/wp-content\/uploads\/2025\/11\/580957270_1188343770061467_4770077050335133897_n_resultado-1-300x225.webp 300w, https:\/\/santaanadelosguacaras.gob.ar\/sitio\/wp-content\/uploads\/2025\/11\/580957270_1188343770061467_4770077050335133897_n_resultado-1-768x576.webp 768w, https:\/\/santaanadelosguacaras.gob.ar\/sitio\/wp-content\/uploads\/2025\/11\/580957270_1188343770061467_4770077050335133897_n_resultado-1.webp 1156w\" sizes=\"auto, (max-width: 1024px) 100vw, 1024px\" \/><\/a><\/figure>\n\n\n\n<figure class=\"wp-block-image size-large\"><a href=\"https:\/\/santaanadelosguacaras.gob.ar\/sitio\/wp-content\/uploads\/2025\/11\/578256577_1188343803394797_7731018999139433539_n_resultado-1.webp\"><img loading=\"lazy\" decoding=\"async\" width=\"1024\" height=\"768\" data-id=\"3497\" src=\"https:\/\/santaanadelosguacaras.gob.ar\/sitio\/wp-content\/uploads\/2025\/11\/578256577_1188343803394797_7731018999139433539_n_resultado-1-1024x768.webp\" alt=\"\" class=\"wp-image-3497\" srcset=\"https:\/\/santaanadelosguacaras.gob.ar\/sitio\/wp-content\/uploads\/2025\/11\/578256577_1188343803394797_7731018999139433539_n_resultado-1-1024x768.webp 1024w, https:\/\/santaanadelosguacaras.gob.ar\/sitio\/wp-content\/uploads\/2025\/11\/578256577_1188343803394797_7731018999139433539_n_resultado-1-300x225.webp 300w, https:\/\/santaanadelosguacaras.gob.ar\/sitio\/wp-content\/uploads\/2025\/11\/578256577_1188343803394797_7731018999139433539_n_resultado-1-768x576.webp 768w, https:\/\/santaanadelosguacaras.gob.ar\/sitio\/wp-content\/uploads\/2025\/11\/578256577_1188343803394797_7731018999139433539_n_resultado-1-1536x1152.webp 1536w, https:\/\/santaanadelosguacaras.gob.ar\/sitio\/wp-content\/uploads\/2025\/11\/578256577_1188343803394797_7731018999139433539_n_resultado-1.webp 2048w\" sizes=\"auto, (max-width: 1024px) 100vw, 1024px\" \/><\/a><\/figure>\n\n\n\n<figure class=\"wp-block-image size-large\"><a href=\"https:\/\/santaanadelosguacaras.gob.ar\/sitio\/wp-content\/uploads\/2025\/11\/580699086_1188343860061458_3344763050210841614_n_resultado-1.webp\"><img loading=\"lazy\" decoding=\"async\" width=\"1024\" height=\"768\" data-id=\"3509\" src=\"https:\/\/santaanadelosguacaras.gob.ar\/sitio\/wp-content\/uploads\/2025\/11\/580699086_1188343860061458_3344763050210841614_n_resultado-1-1024x768.webp\" alt=\"\" class=\"wp-image-3509\" srcset=\"https:\/\/santaanadelosguacaras.gob.ar\/sitio\/wp-content\/uploads\/2025\/11\/580699086_1188343860061458_3344763050210841614_n_resultado-1-1024x768.webp 1024w, https:\/\/santaanadelosguacaras.gob.ar\/sitio\/wp-content\/uploads\/2025\/11\/580699086_1188343860061458_3344763050210841614_n_resultado-1-300x225.webp 300w, https:\/\/santaanadelosguacaras.gob.ar\/sitio\/wp-content\/uploads\/2025\/11\/580699086_1188343860061458_3344763050210841614_n_resultado-1-768x576.webp 768w, https:\/\/santaanadelosguacaras.gob.ar\/sitio\/wp-content\/uploads\/2025\/11\/580699086_1188343860061458_3344763050210841614_n_resultado-1-1536x1152.webp 1536w, https:\/\/santaanadelosguacaras.gob.ar\/sitio\/wp-content\/uploads\/2025\/11\/580699086_1188343860061458_3344763050210841614_n_resultado-1.webp 2048w\" sizes=\"auto, (max-width: 1024px) 100vw, 1024px\" \/><\/a><\/figure>\n\n\n\n<figure class=\"wp-block-image size-large\"><a href=\"https:\/\/santaanadelosguacaras.gob.ar\/sitio\/wp-content\/uploads\/2025\/11\/577767145_1188343920061452_2309676770749804329_n_resultado-1.webp\"><img loading=\"lazy\" decoding=\"async\" width=\"1024\" height=\"785\" data-id=\"3501\" src=\"https:\/\/santaanadelosguacaras.gob.ar\/sitio\/wp-content\/uploads\/2025\/11\/577767145_1188343920061452_2309676770749804329_n_resultado-1-1024x785.webp\" alt=\"\" class=\"wp-image-3501\" srcset=\"https:\/\/santaanadelosguacaras.gob.ar\/sitio\/wp-content\/uploads\/2025\/11\/577767145_1188343920061452_2309676770749804329_n_resultado-1-1024x785.webp 1024w, https:\/\/santaanadelosguacaras.gob.ar\/sitio\/wp-content\/uploads\/2025\/11\/577767145_1188343920061452_2309676770749804329_n_resultado-1-300x230.webp 300w, https:\/\/santaanadelosguacaras.gob.ar\/sitio\/wp-content\/uploads\/2025\/11\/577767145_1188343920061452_2309676770749804329_n_resultado-1-768x589.webp 768w, https:\/\/santaanadelosguacaras.gob.ar\/sitio\/wp-content\/uploads\/2025\/11\/577767145_1188343920061452_2309676770749804329_n_resultado-1-1536x1177.webp 1536w, https:\/\/santaanadelosguacaras.gob.ar\/sitio\/wp-content\/uploads\/2025\/11\/577767145_1188343920061452_2309676770749804329_n_resultado-1.webp 1888w\" sizes=\"auto, (max-width: 1024px) 100vw, 1024px\" \/><\/a><\/figure>\n\n\n\n<figure class=\"wp-block-image size-large\"><a href=\"https:\/\/santaanadelosguacaras.gob.ar\/sitio\/wp-content\/uploads\/2025\/11\/578258529_1188343956728115_2663785497933587103_n_resultado-1.webp\"><img loading=\"lazy\" decoding=\"async\" width=\"1024\" height=\"768\" data-id=\"3496\" src=\"https:\/\/santaanadelosguacaras.gob.ar\/sitio\/wp-content\/uploads\/2025\/11\/578258529_1188343956728115_2663785497933587103_n_resultado-1-1024x768.webp\" alt=\"\" class=\"wp-image-3496\" srcset=\"https:\/\/santaanadelosguacaras.gob.ar\/sitio\/wp-content\/uploads\/2025\/11\/578258529_1188343956728115_2663785497933587103_n_resultado-1-1024x768.webp 1024w, https:\/\/santaanadelosguacaras.gob.ar\/sitio\/wp-content\/uploads\/2025\/11\/578258529_1188343956728115_2663785497933587103_n_resultado-1-300x225.webp 300w, https:\/\/santaanadelosguacaras.gob.ar\/sitio\/wp-content\/uploads\/2025\/11\/578258529_1188343956728115_2663785497933587103_n_resultado-1-768x576.webp 768w, https:\/\/santaanadelosguacaras.gob.ar\/sitio\/wp-content\/uploads\/2025\/11\/578258529_1188343956728115_2663785497933587103_n_resultado-1.webp 1156w\" sizes=\"auto, (max-width: 1024px) 100vw, 1024px\" \/><\/a><\/figure>\n\n\n\n<figure class=\"wp-block-image size-large\"><a href=\"https:\/\/santaanadelosguacaras.gob.ar\/sitio\/wp-content\/uploads\/2025\/11\/577790633_1188343993394778_1364774796816632926_n_resultado-1.webp\"><img loading=\"lazy\" decoding=\"async\" width=\"1024\" height=\"768\" data-id=\"3498\" src=\"https:\/\/santaanadelosguacaras.gob.ar\/sitio\/wp-content\/uploads\/2025\/11\/577790633_1188343993394778_1364774796816632926_n_resultado-1-1024x768.webp\" alt=\"\" class=\"wp-image-3498\" srcset=\"https:\/\/santaanadelosguacaras.gob.ar\/sitio\/wp-content\/uploads\/2025\/11\/577790633_1188343993394778_1364774796816632926_n_resultado-1-1024x768.webp 1024w, https:\/\/santaanadelosguacaras.gob.ar\/sitio\/wp-content\/uploads\/2025\/11\/577790633_1188343993394778_1364774796816632926_n_resultado-1-300x225.webp 300w, https:\/\/santaanadelosguacaras.gob.ar\/sitio\/wp-content\/uploads\/2025\/11\/577790633_1188343993394778_1364774796816632926_n_resultado-1-768x576.webp 768w, https:\/\/santaanadelosguacaras.gob.ar\/sitio\/wp-content\/uploads\/2025\/11\/577790633_1188343993394778_1364774796816632926_n_resultado-1.webp 1156w\" sizes=\"auto, (max-width: 1024px) 100vw, 1024px\" \/><\/a><\/figure>\n\n\n\n<figure class=\"wp-block-image size-large\"><a href=\"https:\/\/santaanadelosguacaras.gob.ar\/sitio\/wp-content\/uploads\/2025\/11\/579953278_1188344030061441_834710846126023187_n_resultado-1.webp\"><img loading=\"lazy\" decoding=\"async\" width=\"1024\" height=\"768\" data-id=\"3502\" src=\"https:\/\/santaanadelosguacaras.gob.ar\/sitio\/wp-content\/uploads\/2025\/11\/579953278_1188344030061441_834710846126023187_n_resultado-1-1024x768.webp\" alt=\"\" class=\"wp-image-3502\" srcset=\"https:\/\/santaanadelosguacaras.gob.ar\/sitio\/wp-content\/uploads\/2025\/11\/579953278_1188344030061441_834710846126023187_n_resultado-1-1024x768.webp 1024w, https:\/\/santaanadelosguacaras.gob.ar\/sitio\/wp-content\/uploads\/2025\/11\/579953278_1188344030061441_834710846126023187_n_resultado-1-300x225.webp 300w, https:\/\/santaanadelosguacaras.gob.ar\/sitio\/wp-content\/uploads\/2025\/11\/579953278_1188344030061441_834710846126023187_n_resultado-1-768x576.webp 768w, https:\/\/santaanadelosguacaras.gob.ar\/sitio\/wp-content\/uploads\/2025\/11\/579953278_1188344030061441_834710846126023187_n_resultado-1.webp 1156w\" sizes=\"auto, (max-width: 1024px) 100vw, 1024px\" \/><\/a><\/figure>\n\n\n\n<figure class=\"wp-block-image size-large\"><a href=\"https:\/\/santaanadelosguacaras.gob.ar\/sitio\/wp-content\/uploads\/2025\/11\/577057360_1188344063394771_7233711498643262006_n_resultado-1.webp\"><img loading=\"lazy\" decoding=\"async\" width=\"1024\" height=\"768\" data-id=\"3514\" src=\"https:\/\/santaanadelosguacaras.gob.ar\/sitio\/wp-content\/uploads\/2025\/11\/577057360_1188344063394771_7233711498643262006_n_resultado-1-1024x768.webp\" alt=\"\" class=\"wp-image-3514\" srcset=\"https:\/\/santaanadelosguacaras.gob.ar\/sitio\/wp-content\/uploads\/2025\/11\/577057360_1188344063394771_7233711498643262006_n_resultado-1-1024x768.webp 1024w, https:\/\/santaanadelosguacaras.gob.ar\/sitio\/wp-content\/uploads\/2025\/11\/577057360_1188344063394771_7233711498643262006_n_resultado-1-300x225.webp 300w, https:\/\/santaanadelosguacaras.gob.ar\/sitio\/wp-content\/uploads\/2025\/11\/577057360_1188344063394771_7233711498643262006_n_resultado-1-768x576.webp 768w, https:\/\/santaanadelosguacaras.gob.ar\/sitio\/wp-content\/uploads\/2025\/11\/577057360_1188344063394771_7233711498643262006_n_resultado-1-1536x1152.webp 1536w, https:\/\/santaanadelosguacaras.gob.ar\/sitio\/wp-content\/uploads\/2025\/11\/577057360_1188344063394771_7233711498643262006_n_resultado-1.webp 2048w\" sizes=\"auto, (max-width: 1024px) 100vw, 1024px\" \/><\/a><\/figure>\n\n\n\n<figure class=\"wp-block-image size-large\"><a href=\"https:\/\/santaanadelosguacaras.gob.ar\/sitio\/wp-content\/uploads\/2025\/11\/577865942_1188344100061434_4593349380735369090_n_resultado-1.webp\"><img loading=\"lazy\" decoding=\"async\" width=\"1024\" height=\"768\" data-id=\"3513\" src=\"https:\/\/santaanadelosguacaras.gob.ar\/sitio\/wp-content\/uploads\/2025\/11\/577865942_1188344100061434_4593349380735369090_n_resultado-1-1024x768.webp\" alt=\"\" class=\"wp-image-3513\" srcset=\"https:\/\/santaanadelosguacaras.gob.ar\/sitio\/wp-content\/uploads\/2025\/11\/577865942_1188344100061434_4593349380735369090_n_resultado-1-1024x768.webp 1024w, https:\/\/santaanadelosguacaras.gob.ar\/sitio\/wp-content\/uploads\/2025\/11\/577865942_1188344100061434_4593349380735369090_n_resultado-1-300x225.webp 300w, https:\/\/santaanadelosguacaras.gob.ar\/sitio\/wp-content\/uploads\/2025\/11\/577865942_1188344100061434_4593349380735369090_n_resultado-1-768x576.webp 768w, https:\/\/santaanadelosguacaras.gob.ar\/sitio\/wp-content\/uploads\/2025\/11\/577865942_1188344100061434_4593349380735369090_n_resultado-1-1536x1152.webp 1536w, https:\/\/santaanadelosguacaras.gob.ar\/sitio\/wp-content\/uploads\/2025\/11\/577865942_1188344100061434_4593349380735369090_n_resultado-1.webp 2048w\" sizes=\"auto, (max-width: 1024px) 100vw, 1024px\" \/><\/a><\/figure>\n\n\n\n<figure class=\"wp-block-image size-large\"><a href=\"https:\/\/santaanadelosguacaras.gob.ar\/sitio\/wp-content\/uploads\/2025\/11\/577601733_1188344150061429_2447344040526613636_n_resultado-1.webp\"><img loading=\"lazy\" decoding=\"async\" width=\"1024\" height=\"790\" data-id=\"3508\" src=\"https:\/\/santaanadelosguacaras.gob.ar\/sitio\/wp-content\/uploads\/2025\/11\/577601733_1188344150061429_2447344040526613636_n_resultado-1-1024x790.webp\" alt=\"\" class=\"wp-image-3508\" srcset=\"https:\/\/santaanadelosguacaras.gob.ar\/sitio\/wp-content\/uploads\/2025\/11\/577601733_1188344150061429_2447344040526613636_n_resultado-1-1024x790.webp 1024w, https:\/\/santaanadelosguacaras.gob.ar\/sitio\/wp-content\/uploads\/2025\/11\/577601733_1188344150061429_2447344040526613636_n_resultado-1-300x232.webp 300w, https:\/\/santaanadelosguacaras.gob.ar\/sitio\/wp-content\/uploads\/2025\/11\/577601733_1188344150061429_2447344040526613636_n_resultado-1-768x593.webp 768w, https:\/\/santaanadelosguacaras.gob.ar\/sitio\/wp-content\/uploads\/2025\/11\/577601733_1188344150061429_2447344040526613636_n_resultado-1-1536x1186.webp 1536w, https:\/\/santaanadelosguacaras.gob.ar\/sitio\/wp-content\/uploads\/2025\/11\/577601733_1188344150061429_2447344040526613636_n_resultado-1.webp 1990w\" sizes=\"auto, (max-width: 1024px) 100vw, 1024px\" \/><\/a><\/figure>\n\n\n\n<figure class=\"wp-block-image size-large\"><a href=\"https:\/\/santaanadelosguacaras.gob.ar\/sitio\/wp-content\/uploads\/2025\/11\/577785062_1188344180061426_6990275378155882537_n_resultado-1.webp\"><img loading=\"lazy\" decoding=\"async\" width=\"1024\" height=\"768\" data-id=\"3510\" src=\"https:\/\/santaanadelosguacaras.gob.ar\/sitio\/wp-content\/uploads\/2025\/11\/577785062_1188344180061426_6990275378155882537_n_resultado-1-1024x768.webp\" alt=\"\" class=\"wp-image-3510\" srcset=\"https:\/\/santaanadelosguacaras.gob.ar\/sitio\/wp-content\/uploads\/2025\/11\/577785062_1188344180061426_6990275378155882537_n_resultado-1-1024x768.webp 1024w, https:\/\/santaanadelosguacaras.gob.ar\/sitio\/wp-content\/uploads\/2025\/11\/577785062_1188344180061426_6990275378155882537_n_resultado-1-300x225.webp 300w, https:\/\/santaanadelosguacaras.gob.ar\/sitio\/wp-content\/uploads\/2025\/11\/577785062_1188344180061426_6990275378155882537_n_resultado-1-768x576.webp 768w, https:\/\/santaanadelosguacaras.gob.ar\/sitio\/wp-content\/uploads\/2025\/11\/577785062_1188344180061426_6990275378155882537_n_resultado-1-1536x1152.webp 1536w, https:\/\/santaanadelosguacaras.gob.ar\/sitio\/wp-content\/uploads\/2025\/11\/577785062_1188344180061426_6990275378155882537_n_resultado-1.webp 2048w\" sizes=\"auto, (max-width: 1024px) 100vw, 1024px\" \/><\/a><\/figure>\n\n\n\n<figure class=\"wp-block-image size-large\"><a href=\"https:\/\/santaanadelosguacaras.gob.ar\/sitio\/wp-content\/uploads\/2025\/11\/577057318_1188344220061422_8108333875848456099_n_resultado-1.webp\"><img loading=\"lazy\" decoding=\"async\" width=\"1024\" height=\"768\" data-id=\"3511\" src=\"https:\/\/santaanadelosguacaras.gob.ar\/sitio\/wp-content\/uploads\/2025\/11\/577057318_1188344220061422_8108333875848456099_n_resultado-1-1024x768.webp\" alt=\"\" class=\"wp-image-3511\" srcset=\"https:\/\/santaanadelosguacaras.gob.ar\/sitio\/wp-content\/uploads\/2025\/11\/577057318_1188344220061422_8108333875848456099_n_resultado-1-1024x768.webp 1024w, https:\/\/santaanadelosguacaras.gob.ar\/sitio\/wp-content\/uploads\/2025\/11\/577057318_1188344220061422_8108333875848456099_n_resultado-1-300x225.webp 300w, https:\/\/santaanadelosguacaras.gob.ar\/sitio\/wp-content\/uploads\/2025\/11\/577057318_1188344220061422_8108333875848456099_n_resultado-1-768x576.webp 768w, https:\/\/santaanadelosguacaras.gob.ar\/sitio\/wp-content\/uploads\/2025\/11\/577057318_1188344220061422_8108333875848456099_n_resultado-1-1536x1152.webp 1536w, https:\/\/santaanadelosguacaras.gob.ar\/sitio\/wp-content\/uploads\/2025\/11\/577057318_1188344220061422_8108333875848456099_n_resultado-1.webp 2048w\" sizes=\"auto, (max-width: 1024px) 100vw, 1024px\" \/><\/a><\/figure>\n\n\n\n<figure class=\"wp-block-image size-large\"><a href=\"https:\/\/santaanadelosguacaras.gob.ar\/sitio\/wp-content\/uploads\/2025\/11\/580865476_1188344250061419_6702137911821061566_n_resultado-1.webp\"><img loading=\"lazy\" decoding=\"async\" width=\"1024\" height=\"768\" data-id=\"3494\" src=\"https:\/\/santaanadelosguacaras.gob.ar\/sitio\/wp-content\/uploads\/2025\/11\/580865476_1188344250061419_6702137911821061566_n_resultado-1-1024x768.webp\" alt=\"\" class=\"wp-image-3494\" srcset=\"https:\/\/santaanadelosguacaras.gob.ar\/sitio\/wp-content\/uploads\/2025\/11\/580865476_1188344250061419_6702137911821061566_n_resultado-1-1024x768.webp 1024w, https:\/\/santaanadelosguacaras.gob.ar\/sitio\/wp-content\/uploads\/2025\/11\/580865476_1188344250061419_6702137911821061566_n_resultado-1-300x225.webp 300w, https:\/\/santaanadelosguacaras.gob.ar\/sitio\/wp-content\/uploads\/2025\/11\/580865476_1188344250061419_6702137911821061566_n_resultado-1-768x576.webp 768w, https:\/\/santaanadelosguacaras.gob.ar\/sitio\/wp-content\/uploads\/2025\/11\/580865476_1188344250061419_6702137911821061566_n_resultado-1.webp 1156w\" sizes=\"auto, (max-width: 1024px) 100vw, 1024px\" \/><\/a><\/figure>\n\n\n\n<figure class=\"wp-block-image size-large\"><a href=\"https:\/\/santaanadelosguacaras.gob.ar\/sitio\/wp-content\/uploads\/2025\/11\/577058517_1188344286728082_7047117577778613081_n_resultado-1.webp\"><img loading=\"lazy\" decoding=\"async\" width=\"1024\" height=\"800\" data-id=\"3512\" src=\"https:\/\/santaanadelosguacaras.gob.ar\/sitio\/wp-content\/uploads\/2025\/11\/577058517_1188344286728082_7047117577778613081_n_resultado-1-1024x800.webp\" alt=\"\" class=\"wp-image-3512\" srcset=\"https:\/\/santaanadelosguacaras.gob.ar\/sitio\/wp-content\/uploads\/2025\/11\/577058517_1188344286728082_7047117577778613081_n_resultado-1-1024x800.webp 1024w, https:\/\/santaanadelosguacaras.gob.ar\/sitio\/wp-content\/uploads\/2025\/11\/577058517_1188344286728082_7047117577778613081_n_resultado-1-300x234.webp 300w, https:\/\/santaanadelosguacaras.gob.ar\/sitio\/wp-content\/uploads\/2025\/11\/577058517_1188344286728082_7047117577778613081_n_resultado-1-768x600.webp 768w, https:\/\/santaanadelosguacaras.gob.ar\/sitio\/wp-content\/uploads\/2025\/11\/577058517_1188344286728082_7047117577778613081_n_resultado-1-1536x1199.webp 1536w, https:\/\/santaanadelosguacaras.gob.ar\/sitio\/wp-content\/uploads\/2025\/11\/577058517_1188344286728082_7047117577778613081_n_resultado-1.webp 1967w\" sizes=\"auto, (max-width: 1024px) 100vw, 1024px\" \/><\/a><\/figure>\n\n\n\n<figure class=\"wp-block-image size-large\"><a href=\"https:\/\/santaanadelosguacaras.gob.ar\/sitio\/wp-content\/uploads\/2025\/11\/580874841_1188344326728078_3569764468194177213_n_resultado-1.webp\"><img loading=\"lazy\" decoding=\"async\" width=\"1024\" height=\"768\" data-id=\"3505\" src=\"https:\/\/santaanadelosguacaras.gob.ar\/sitio\/wp-content\/uploads\/2025\/11\/580874841_1188344326728078_3569764468194177213_n_resultado-1-1024x768.webp\" alt=\"\" class=\"wp-image-3505\" srcset=\"https:\/\/santaanadelosguacaras.gob.ar\/sitio\/wp-content\/uploads\/2025\/11\/580874841_1188344326728078_3569764468194177213_n_resultado-1-1024x768.webp 1024w, https:\/\/santaanadelosguacaras.gob.ar\/sitio\/wp-content\/uploads\/2025\/11\/580874841_1188344326728078_3569764468194177213_n_resultado-1-300x225.webp 300w, https:\/\/santaanadelosguacaras.gob.ar\/sitio\/wp-content\/uploads\/2025\/11\/580874841_1188344326728078_3569764468194177213_n_resultado-1-768x576.webp 768w, https:\/\/santaanadelosguacaras.gob.ar\/sitio\/wp-content\/uploads\/2025\/11\/580874841_1188344326728078_3569764468194177213_n_resultado-1.webp 1156w\" sizes=\"auto, (max-width: 1024px) 100vw, 1024px\" \/><\/a><\/figure>\n<\/figure>\n","protected":false},"excerpt":{"rendered":"<p>Santa Ana particip\u00f3 de la Noche de los Museos con una jornada llena de historia, m\u00fasica y tradici\u00f3n en el Museo Hist\u00f3rico Gu\u00e1caras, uno de los edificios m\u00e1s emblem\u00e1ticos y&hellip; <\/p>\n","protected":false},"author":2,"featured_media":3484,"comment_status":"closed","ping_status":"open","sticky":false,"template":"","format":"standard","meta":{"footnotes":""},"categories":[3],"tags":[],"class_list":["post-3482","post","type-post","status-publish","format-standard","has-post-thumbnail","hentry","category-cultura-y-turismo"],"yoast_head":"<!-- This site is optimized with the Yoast SEO plugin v24.8.1 - https:\/\/yoast.com\/wordpress\/plugins\/seo\/ -->\n<title>Santa Ana dijo presente en la Noche de los Museos - Municipalidad de Santa Ana de los Gu\u00e1caras<\/title>\n<meta name=\"robots\" content=\"index, follow, max-snippet:-1, max-image-preview:large, max-video-preview:-1\" \/>\n<link rel=\"canonical\" href=\"https:\/\/santaanadelosguacaras.gob.ar\/sitio\/santa-ana-dijo-presente-en-la-noche-de-los-museos\/\" \/>\n<meta property=\"og:locale\" content=\"es_ES\" \/>\n<meta property=\"og:type\" content=\"article\" \/>\n<meta property=\"og:title\" content=\"Santa Ana dijo presente en la Noche de los Museos - Municipalidad de Santa Ana de los Gu\u00e1caras\" \/>\n<meta property=\"og:description\" content=\"Santa Ana particip\u00f3 de la Noche de los Museos con una jornada llena de historia, m\u00fasica y tradici\u00f3n en el Museo Hist\u00f3rico Gu\u00e1caras, uno de los edificios m\u00e1s emblem\u00e1ticos y&hellip;\" \/>\n<meta property=\"og:url\" content=\"https:\/\/santaanadelosguacaras.gob.ar\/sitio\/santa-ana-dijo-presente-en-la-noche-de-los-museos\/\" \/>\n<meta property=\"og:site_name\" content=\"Municipalidad de Santa Ana de los Gu\u00e1caras\" \/>\n<meta property=\"article:publisher\" content=\"https:\/\/www.facebook.com\/MuniSantaAnaDeLosGuacaras\" \/>\n<meta property=\"article:published_time\" content=\"2025-11-08T22:13:15+00:00\" \/>\n<meta property=\"article:modified_time\" content=\"2025-11-12T22:15:10+00:00\" \/>\n<meta property=\"og:image\" content=\"https:\/\/santaanadelosguacaras.gob.ar\/sitio\/wp-content\/uploads\/2025\/11\/578256951_1188342203394957_5320999269524343126_n_resultado-1.webp\" \/>\n\t<meta property=\"og:image:width\" content=\"1156\" \/>\n\t<meta property=\"og:image:height\" content=\"867\" \/>\n\t<meta property=\"og:image:type\" content=\"image\/webp\" \/>\n<meta name=\"author\" content=\"Comunicaci\u00f3n\" \/>\n<meta name=\"twitter:card\" content=\"summary_large_image\" \/>\n<meta name=\"twitter:label1\" content=\"Escrito por\" \/>\n\t<meta name=\"twitter:data1\" content=\"Comunicaci\u00f3n\" \/>\n\t<meta name=\"twitter:label2\" content=\"Tiempo de lectura\" \/>\n\t<meta name=\"twitter:data2\" content=\"7 minutos\" \/>\n<script type=\"application\/ld+json\" class=\"yoast-schema-graph\">{\"@context\":\"https:\/\/schema.org\",\"@graph\":[{\"@type\":\"Article\",\"@id\":\"https:\/\/santaanadelosguacaras.gob.ar\/sitio\/santa-ana-dijo-presente-en-la-noche-de-los-museos\/#article\",\"isPartOf\":{\"@id\":\"https:\/\/santaanadelosguacaras.gob.ar\/sitio\/santa-ana-dijo-presente-en-la-noche-de-los-museos\/\"},\"author\":{\"name\":\"Comunicaci\u00f3n\",\"@id\":\"https:\/\/santaanadelosguacaras.gob.ar\/sitio\/#\/schema\/person\/aa85e53bbb5a7c7e19834c20ede5e205\"},\"headline\":\"Santa Ana dijo presente en la Noche de los Museos\",\"datePublished\":\"2025-11-08T22:13:15+00:00\",\"dateModified\":\"2025-11-12T22:15:10+00:00\",\"mainEntityOfPage\":{\"@id\":\"https:\/\/santaanadelosguacaras.gob.ar\/sitio\/santa-ana-dijo-presente-en-la-noche-de-los-museos\/\"},\"wordCount\":140,\"publisher\":{\"@id\":\"https:\/\/santaanadelosguacaras.gob.ar\/sitio\/#organization\"},\"image\":{\"@id\":\"https:\/\/santaanadelosguacaras.gob.ar\/sitio\/santa-ana-dijo-presente-en-la-noche-de-los-museos\/#primaryimage\"},\"thumbnailUrl\":\"https:\/\/santaanadelosguacaras.gob.ar\/sitio\/wp-content\/uploads\/2025\/11\/578256951_1188342203394957_5320999269524343126_n_resultado-1.webp\",\"articleSection\":[\"Cultura y Turismo\"],\"inLanguage\":\"es\"},{\"@type\":\"WebPage\",\"@id\":\"https:\/\/santaanadelosguacaras.gob.ar\/sitio\/santa-ana-dijo-presente-en-la-noche-de-los-museos\/\",\"url\":\"https:\/\/santaanadelosguacaras.gob.ar\/sitio\/santa-ana-dijo-presente-en-la-noche-de-los-museos\/\",\"name\":\"Santa Ana dijo presente en la Noche de los Museos - Municipalidad de Santa Ana de los Gu\u00e1caras\",\"isPartOf\":{\"@id\":\"https:\/\/santaanadelosguacaras.gob.ar\/sitio\/#website\"},\"primaryImageOfPage\":{\"@id\":\"https:\/\/santaanadelosguacaras.gob.ar\/sitio\/santa-ana-dijo-presente-en-la-noche-de-los-museos\/#primaryimage\"},\"image\":{\"@id\":\"https:\/\/santaanadelosguacaras.gob.ar\/sitio\/santa-ana-dijo-presente-en-la-noche-de-los-museos\/#primaryimage\"},\"thumbnailUrl\":\"https:\/\/santaanadelosguacaras.gob.ar\/sitio\/wp-content\/uploads\/2025\/11\/578256951_1188342203394957_5320999269524343126_n_resultado-1.webp\",\"datePublished\":\"2025-11-08T22:13:15+00:00\",\"dateModified\":\"2025-11-12T22:15:10+00:00\",\"breadcrumb\":{\"@id\":\"https:\/\/santaanadelosguacaras.gob.ar\/sitio\/santa-ana-dijo-presente-en-la-noche-de-los-museos\/#breadcrumb\"},\"inLanguage\":\"es\",\"potentialAction\":[{\"@type\":\"ReadAction\",\"target\":[\"https:\/\/santaanadelosguacaras.gob.ar\/sitio\/santa-ana-dijo-presente-en-la-noche-de-los-museos\/\"]}]},{\"@type\":\"ImageObject\",\"inLanguage\":\"es\",\"@id\":\"https:\/\/santaanadelosguacaras.gob.ar\/sitio\/santa-ana-dijo-presente-en-la-noche-de-los-museos\/#primaryimage\",\"url\":\"https:\/\/santaanadelosguacaras.gob.ar\/sitio\/wp-content\/uploads\/2025\/11\/578256951_1188342203394957_5320999269524343126_n_resultado-1.webp\",\"contentUrl\":\"https:\/\/santaanadelosguacaras.gob.ar\/sitio\/wp-content\/uploads\/2025\/11\/578256951_1188342203394957_5320999269524343126_n_resultado-1.webp\",\"width\":1156,\"height\":867},{\"@type\":\"BreadcrumbList\",\"@id\":\"https:\/\/santaanadelosguacaras.gob.ar\/sitio\/santa-ana-dijo-presente-en-la-noche-de-los-museos\/#breadcrumb\",\"itemListElement\":[{\"@type\":\"ListItem\",\"position\":1,\"name\":\"Portada\",\"item\":\"https:\/\/santaanadelosguacaras.gob.ar\/sitio\/\"},{\"@type\":\"ListItem\",\"position\":2,\"name\":\"Santa Ana dijo presente en la Noche de los Museos\"}]},{\"@type\":\"WebSite\",\"@id\":\"https:\/\/santaanadelosguacaras.gob.ar\/sitio\/#website\",\"url\":\"https:\/\/santaanadelosguacaras.gob.ar\/sitio\/\",\"name\":\"Municipalidad de Santa Ana de los Gu\u00e1caras\",\"description\":\"Descubre Santa Ana de los Gu\u00e1caras, un rinc\u00f3n lleno de historia, cultura y naturaleza en Corrientes. Informaci\u00f3n oficial sobre eventos, turismo, servicios municipales y m\u00e1s. \u00a1Con\u00e9ctate con nuestra comunidad!\",\"publisher\":{\"@id\":\"https:\/\/santaanadelosguacaras.gob.ar\/sitio\/#organization\"},\"alternateName\":\"MuniSantaAna\",\"potentialAction\":[{\"@type\":\"SearchAction\",\"target\":{\"@type\":\"EntryPoint\",\"urlTemplate\":\"https:\/\/santaanadelosguacaras.gob.ar\/sitio\/?s={search_term_string}\"},\"query-input\":{\"@type\":\"PropertyValueSpecification\",\"valueRequired\":true,\"valueName\":\"search_term_string\"}}],\"inLanguage\":\"es\"},{\"@type\":\"Organization\",\"@id\":\"https:\/\/santaanadelosguacaras.gob.ar\/sitio\/#organization\",\"name\":\"Municipalidad de Santa Ana de los Gu\u00e1caras\",\"alternateName\":\"MuniSantaAna\",\"url\":\"https:\/\/santaanadelosguacaras.gob.ar\/sitio\/\",\"logo\":{\"@type\":\"ImageObject\",\"inLanguage\":\"es\",\"@id\":\"https:\/\/santaanadelosguacaras.gob.ar\/sitio\/#\/schema\/logo\/image\/\",\"url\":\"https:\/\/santaanadelosguacaras.gob.ar\/sitio\/wp-content\/uploads\/2024\/12\/cropped-logo_muni_250.png\",\"contentUrl\":\"https:\/\/santaanadelosguacaras.gob.ar\/sitio\/wp-content\/uploads\/2024\/12\/cropped-logo_muni_250.png\",\"width\":247,\"height\":95,\"caption\":\"Municipalidad de Santa Ana de los Gu\u00e1caras\"},\"image\":{\"@id\":\"https:\/\/santaanadelosguacaras.gob.ar\/sitio\/#\/schema\/logo\/image\/\"},\"sameAs\":[\"https:\/\/www.facebook.com\/MuniSantaAnaDeLosGuacaras\",\"https:\/\/www.instagram.com\/muni_santaana_ctes\"]},{\"@type\":\"Person\",\"@id\":\"https:\/\/santaanadelosguacaras.gob.ar\/sitio\/#\/schema\/person\/aa85e53bbb5a7c7e19834c20ede5e205\",\"name\":\"Comunicaci\u00f3n\",\"image\":{\"@type\":\"ImageObject\",\"inLanguage\":\"es\",\"@id\":\"https:\/\/santaanadelosguacaras.gob.ar\/sitio\/#\/schema\/person\/image\/\",\"url\":\"https:\/\/secure.gravatar.com\/avatar\/3e81e68b8dcb0733c78bbafb464befc4a66ce4135950c3e3ac0d3c09e53e7092?s=96&d=mm&r=g\",\"contentUrl\":\"https:\/\/secure.gravatar.com\/avatar\/3e81e68b8dcb0733c78bbafb464befc4a66ce4135950c3e3ac0d3c09e53e7092?s=96&d=mm&r=g\",\"caption\":\"Comunicaci\u00f3n\"}}]}<\/script>\n<!-- \/ Yoast SEO plugin. -->","yoast_head_json":{"title":"Santa Ana dijo presente en la Noche de los Museos - Municipalidad de Santa Ana de los Gu\u00e1caras","robots":{"index":"index","follow":"follow","max-snippet":"max-snippet:-1","max-image-preview":"max-image-preview:large","max-video-preview":"max-video-preview:-1"},"canonical":"https:\/\/santaanadelosguacaras.gob.ar\/sitio\/santa-ana-dijo-presente-en-la-noche-de-los-museos\/","og_locale":"es_ES","og_type":"article","og_title":"Santa Ana dijo presente en la Noche de los Museos - Municipalidad de Santa Ana de los Gu\u00e1caras","og_description":"Santa Ana particip\u00f3 de la Noche de los Museos con una jornada llena de historia, m\u00fasica y tradici\u00f3n en el Museo Hist\u00f3rico Gu\u00e1caras, uno de los edificios m\u00e1s emblem\u00e1ticos y&hellip;","og_url":"https:\/\/santaanadelosguacaras.gob.ar\/sitio\/santa-ana-dijo-presente-en-la-noche-de-los-museos\/","og_site_name":"Municipalidad de Santa Ana de los Gu\u00e1caras","article_publisher":"https:\/\/www.facebook.com\/MuniSantaAnaDeLosGuacaras","article_published_time":"2025-11-08T22:13:15+00:00","article_modified_time":"2025-11-12T22:15:10+00:00","og_image":[{"width":1156,"height":867,"url":"https:\/\/santaanadelosguacaras.gob.ar\/sitio\/wp-content\/uploads\/2025\/11\/578256951_1188342203394957_5320999269524343126_n_resultado-1.webp","type":"image\/webp"}],"author":"Comunicaci\u00f3n","twitter_card":"summary_large_image","twitter_misc":{"Escrito por":"Comunicaci\u00f3n","Tiempo de lectura":"7 minutos"},"schema":{"@context":"https:\/\/schema.org","@graph":[{"@type":"Article","@id":"https:\/\/santaanadelosguacaras.gob.ar\/sitio\/santa-ana-dijo-presente-en-la-noche-de-los-museos\/#article","isPartOf":{"@id":"https:\/\/santaanadelosguacaras.gob.ar\/sitio\/santa-ana-dijo-presente-en-la-noche-de-los-museos\/"},"author":{"name":"Comunicaci\u00f3n","@id":"https:\/\/santaanadelosguacaras.gob.ar\/sitio\/#\/schema\/person\/aa85e53bbb5a7c7e19834c20ede5e205"},"headline":"Santa Ana dijo presente en la Noche de los Museos","datePublished":"2025-11-08T22:13:15+00:00","dateModified":"2025-11-12T22:15:10+00:00","mainEntityOfPage":{"@id":"https:\/\/santaanadelosguacaras.gob.ar\/sitio\/santa-ana-dijo-presente-en-la-noche-de-los-museos\/"},"wordCount":140,"publisher":{"@id":"https:\/\/santaanadelosguacaras.gob.ar\/sitio\/#organization"},"image":{"@id":"https:\/\/santaanadelosguacaras.gob.ar\/sitio\/santa-ana-dijo-presente-en-la-noche-de-los-museos\/#primaryimage"},"thumbnailUrl":"https:\/\/santaanadelosguacaras.gob.ar\/sitio\/wp-content\/uploads\/2025\/11\/578256951_1188342203394957_5320999269524343126_n_resultado-1.webp","articleSection":["Cultura y Turismo"],"inLanguage":"es"},{"@type":"WebPage","@id":"https:\/\/santaanadelosguacaras.gob.ar\/sitio\/santa-ana-dijo-presente-en-la-noche-de-los-museos\/","url":"https:\/\/santaanadelosguacaras.gob.ar\/sitio\/santa-ana-dijo-presente-en-la-noche-de-los-museos\/","name":"Santa Ana dijo presente en la Noche de los Museos - Municipalidad de Santa Ana de los Gu\u00e1caras","isPartOf":{"@id":"https:\/\/santaanadelosguacaras.gob.ar\/sitio\/#website"},"primaryImageOfPage":{"@id":"https:\/\/santaanadelosguacaras.gob.ar\/sitio\/santa-ana-dijo-presente-en-la-noche-de-los-museos\/#primaryimage"},"image":{"@id":"https:\/\/santaanadelosguacaras.gob.ar\/sitio\/santa-ana-dijo-presente-en-la-noche-de-los-museos\/#primaryimage"},"thumbnailUrl":"https:\/\/santaanadelosguacaras.gob.ar\/sitio\/wp-content\/uploads\/2025\/11\/578256951_1188342203394957_5320999269524343126_n_resultado-1.webp","datePublished":"2025-11-08T22:13:15+00:00","dateModified":"2025-11-12T22:15:10+00:00","breadcrumb":{"@id":"https:\/\/santaanadelosguacaras.gob.ar\/sitio\/santa-ana-dijo-presente-en-la-noche-de-los-museos\/#breadcrumb"},"inLanguage":"es","potentialAction":[{"@type":"ReadAction","target":["https:\/\/santaanadelosguacaras.gob.ar\/sitio\/santa-ana-dijo-presente-en-la-noche-de-los-museos\/"]}]},{"@type":"ImageObject","inLanguage":"es","@id":"https:\/\/santaanadelosguacaras.gob.ar\/sitio\/santa-ana-dijo-presente-en-la-noche-de-los-museos\/#primaryimage","url":"https:\/\/santaanadelosguacaras.gob.ar\/sitio\/wp-content\/uploads\/2025\/11\/578256951_1188342203394957_5320999269524343126_n_resultado-1.webp","contentUrl":"https:\/\/santaanadelosguacaras.gob.ar\/sitio\/wp-content\/uploads\/2025\/11\/578256951_1188342203394957_5320999269524343126_n_resultado-1.webp","width":1156,"height":867},{"@type":"BreadcrumbList","@id":"https:\/\/santaanadelosguacaras.gob.ar\/sitio\/santa-ana-dijo-presente-en-la-noche-de-los-museos\/#breadcrumb","itemListElement":[{"@type":"ListItem","position":1,"name":"Portada","item":"https:\/\/santaanadelosguacaras.gob.ar\/sitio\/"},{"@type":"ListItem","position":2,"name":"Santa Ana dijo presente en la Noche de los Museos"}]},{"@type":"WebSite","@id":"https:\/\/santaanadelosguacaras.gob.ar\/sitio\/#website","url":"https:\/\/santaanadelosguacaras.gob.ar\/sitio\/","name":"Municipalidad de Santa Ana de los Gu\u00e1caras","description":"Descubre Santa Ana de los Gu\u00e1caras, un rinc\u00f3n lleno de historia, cultura y naturaleza en Corrientes. Informaci\u00f3n oficial sobre eventos, turismo, servicios municipales y m\u00e1s. \u00a1Con\u00e9ctate con nuestra comunidad!","publisher":{"@id":"https:\/\/santaanadelosguacaras.gob.ar\/sitio\/#organization"},"alternateName":"MuniSantaAna","potentialAction":[{"@type":"SearchAction","target":{"@type":"EntryPoint","urlTemplate":"https:\/\/santaanadelosguacaras.gob.ar\/sitio\/?s={search_term_string}"},"query-input":{"@type":"PropertyValueSpecification","valueRequired":true,"valueName":"search_term_string"}}],"inLanguage":"es"},{"@type":"Organization","@id":"https:\/\/santaanadelosguacaras.gob.ar\/sitio\/#organization","name":"Municipalidad de Santa Ana de los Gu\u00e1caras","alternateName":"MuniSantaAna","url":"https:\/\/santaanadelosguacaras.gob.ar\/sitio\/","logo":{"@type":"ImageObject","inLanguage":"es","@id":"https:\/\/santaanadelosguacaras.gob.ar\/sitio\/#\/schema\/logo\/image\/","url":"https:\/\/santaanadelosguacaras.gob.ar\/sitio\/wp-content\/uploads\/2024\/12\/cropped-logo_muni_250.png","contentUrl":"https:\/\/santaanadelosguacaras.gob.ar\/sitio\/wp-content\/uploads\/2024\/12\/cropped-logo_muni_250.png","width":247,"height":95,"caption":"Municipalidad de Santa Ana de los Gu\u00e1caras"},"image":{"@id":"https:\/\/santaanadelosguacaras.gob.ar\/sitio\/#\/schema\/logo\/image\/"},"sameAs":["https:\/\/www.facebook.com\/MuniSantaAnaDeLosGuacaras","https:\/\/www.instagram.com\/muni_santaana_ctes"]},{"@type":"Person","@id":"https:\/\/santaanadelosguacaras.gob.ar\/sitio\/#\/schema\/person\/aa85e53bbb5a7c7e19834c20ede5e205","name":"Comunicaci\u00f3n","image":{"@type":"ImageObject","inLanguage":"es","@id":"https:\/\/santaanadelosguacaras.gob.ar\/sitio\/#\/schema\/person\/image\/","url":"https:\/\/secure.gravatar.com\/avatar\/3e81e68b8dcb0733c78bbafb464befc4a66ce4135950c3e3ac0d3c09e53e7092?s=96&d=mm&r=g","contentUrl":"https:\/\/secure.gravatar.com\/avatar\/3e81e68b8dcb0733c78bbafb464befc4a66ce4135950c3e3ac0d3c09e53e7092?s=96&d=mm&r=g","caption":"Comunicaci\u00f3n"}}]}},"_links":{"self":[{"href":"https:\/\/santaanadelosguacaras.gob.ar\/sitio\/wp-json\/wp\/v2\/posts\/3482","targetHints":{"allow":["GET"]}}],"collection":[{"href":"https:\/\/santaanadelosguacaras.gob.ar\/sitio\/wp-json\/wp\/v2\/posts"}],"about":[{"href":"https:\/\/santaanadelosguacaras.gob.ar\/sitio\/wp-json\/wp\/v2\/types\/post"}],"author":[{"embeddable":true,"href":"https:\/\/santaanadelosguacaras.gob.ar\/sitio\/wp-json\/wp\/v2\/users\/2"}],"replies":[{"embeddable":true,"href":"https:\/\/santaanadelosguacaras.gob.ar\/sitio\/wp-json\/wp\/v2\/comments?post=3482"}],"version-history":[{"count":1,"href":"https:\/\/santaanadelosguacaras.gob.ar\/sitio\/wp-json\/wp\/v2\/posts\/3482\/revisions"}],"predecessor-version":[{"id":3515,"href":"https:\/\/santaanadelosguacaras.gob.ar\/sitio\/wp-json\/wp\/v2\/posts\/3482\/revisions\/3515"}],"wp:featuredmedia":[{"embeddable":true,"href":"https:\/\/santaanadelosguacaras.gob.ar\/sitio\/wp-json\/wp\/v2\/media\/3484"}],"wp:attachment":[{"href":"https:\/\/santaanadelosguacaras.gob.ar\/sitio\/wp-json\/wp\/v2\/media?parent=3482"}],"wp:term":[{"taxonomy":"category","embeddable":true,"href":"https:\/\/santaanadelosguacaras.gob.ar\/sitio\/wp-json\/wp\/v2\/categories?post=3482"},{"taxonomy":"post_tag","embeddable":true,"href":"https:\/\/santaanadelosguacaras.gob.ar\/sitio\/wp-json\/wp\/v2\/tags?post=3482"}],"curies":[{"name":"wp","href":"https:\/\/api.w.org\/{rel}","templated":true}]}}