{"id":3648,"date":"2025-11-30T10:15:59","date_gmt":"2025-11-30T13:15:59","guid":{"rendered":"https:\/\/santaanadelosguacaras.gob.ar\/sitio\/?p=3648"},"modified":"2025-11-30T10:18:42","modified_gmt":"2025-11-30T13:18:42","slug":"cultura-y-turismo-nuevos-horarios-de-atencion","status":"publish","type":"post","link":"https:\/\/santaanadelosguacaras.gob.ar\/sitio\/cultura-y-turismo-nuevos-horarios-de-atencion\/","title":{"rendered":"Cultura y Turismo: Nuevos Horarios de Atenci\u00f3n"},"content":{"rendered":"\n<p>Atenci\u00f3n vecinos y visitantes, la Direcci\u00f3n de Cultura y Turismo de Santa Ana informa sus nuevos horarios de atenci\u00f3n, desde diciembre de 2025.<\/p>\n\n\n\n<p><strong>Lunes a Viernes:<\/strong><\/p>\n\n\n\n<ul class=\"wp-block-list\">\n<li><strong>CASA DE CULTURA:<\/strong> de 7 hs a 13 hs y de 14 hs a 20 hs.<\/li>\n\n\n\n<li><strong>MUSEO HIST\u00d3RICO:<\/strong> de 8 hs a 12 hs y de 14 hs a 20 hs.<\/li>\n\n\n\n<li><strong>TREN ECON\u00d3MICO:<\/strong> de 7 hs a 13 hs y de 14 hs a 20 hs.<\/li>\n<\/ul>\n\n\n\n<p><strong>S\u00e1bados, Domingos y Feriados<\/strong><\/p>\n\n\n\n<ul class=\"wp-block-list\">\n<li><strong>CASA DE CULTURA:<\/strong> CERRADO<\/li>\n\n\n\n<li><strong>MUSEO HIST\u00d3RICO:<\/strong> de 8 hs a 20 hs.<\/li>\n\n\n\n<li><strong>TREN ECON\u00d3MICO:<\/strong> de 8 hs a 22 hs.<\/li>\n<\/ul>\n\n\n\n<p>Consultas: 379-4611917.<\/p>\n\n\n\n<p>Santa Ana de los Gu\u00e1caras lo espera todo el a\u00f1o.<\/p>\n\n\n\n<figure class=\"wp-block-image size-large\"><a href=\"https:\/\/santaanadelosguacaras.gob.ar\/sitio\/wp-content\/uploads\/2025\/11\/ef64d02b-0132-4346-a8b7-f73d8c16af84_resultado.webp\"><img loading=\"lazy\" decoding=\"async\" width=\"576\" height=\"1024\" src=\"https:\/\/santaanadelosguacaras.gob.ar\/sitio\/wp-content\/uploads\/2025\/11\/ef64d02b-0132-4346-a8b7-f73d8c16af84_resultado-576x1024.webp\" alt=\"\" class=\"wp-image-3649\" srcset=\"https:\/\/santaanadelosguacaras.gob.ar\/sitio\/wp-content\/uploads\/2025\/11\/ef64d02b-0132-4346-a8b7-f73d8c16af84_resultado-576x1024.webp 576w, https:\/\/santaanadelosguacaras.gob.ar\/sitio\/wp-content\/uploads\/2025\/11\/ef64d02b-0132-4346-a8b7-f73d8c16af84_resultado-169x300.webp 169w, https:\/\/santaanadelosguacaras.gob.ar\/sitio\/wp-content\/uploads\/2025\/11\/ef64d02b-0132-4346-a8b7-f73d8c16af84_resultado.webp 720w\" sizes=\"auto, (max-width: 576px) 100vw, 576px\" \/><\/a><\/figure>\n","protected":false},"excerpt":{"rendered":"<p>Atenci\u00f3n vecinos y visitantes, la Direcci\u00f3n de Cultura y Turismo de Santa Ana informa sus nuevos horarios de atenci\u00f3n, desde diciembre de 2025. Lunes a Viernes: S\u00e1bados, Domingos y Feriados&hellip; <\/p>\n","protected":false},"author":2,"featured_media":3649,"comment_status":"closed","ping_status":"open","sticky":false,"template":"","format":"standard","meta":{"footnotes":""},"categories":[36],"tags":[],"class_list":["post-3648","post","type-post","status-publish","format-standard","has-post-thumbnail","hentry","category-avisos"],"yoast_head":"<!-- This site is optimized with the Yoast SEO plugin v24.8.1 - https:\/\/yoast.com\/wordpress\/plugins\/seo\/ -->\n<title>Cultura y Turismo: Nuevos Horarios de Atenci\u00f3n - Municipalidad de Santa Ana de los Gu\u00e1caras<\/title>\n<meta name=\"robots\" content=\"index, follow, max-snippet:-1, max-image-preview:large, max-video-preview:-1\" \/>\n<link rel=\"canonical\" href=\"https:\/\/santaanadelosguacaras.gob.ar\/sitio\/cultura-y-turismo-nuevos-horarios-de-atencion\/\" \/>\n<meta property=\"og:locale\" content=\"es_ES\" \/>\n<meta property=\"og:type\" content=\"article\" \/>\n<meta property=\"og:title\" content=\"Cultura y Turismo: Nuevos Horarios de Atenci\u00f3n - Municipalidad de Santa Ana de los Gu\u00e1caras\" \/>\n<meta property=\"og:description\" content=\"Atenci\u00f3n vecinos y visitantes, la Direcci\u00f3n de Cultura y Turismo de Santa Ana informa sus nuevos horarios de atenci\u00f3n, desde diciembre de 2025. Lunes a Viernes: S\u00e1bados, Domingos y Feriados&hellip;\" \/>\n<meta property=\"og:url\" content=\"https:\/\/santaanadelosguacaras.gob.ar\/sitio\/cultura-y-turismo-nuevos-horarios-de-atencion\/\" \/>\n<meta property=\"og:site_name\" content=\"Municipalidad de Santa Ana de los Gu\u00e1caras\" \/>\n<meta property=\"article:publisher\" content=\"https:\/\/www.facebook.com\/MuniSantaAnaDeLosGuacaras\" \/>\n<meta property=\"article:published_time\" content=\"2025-11-30T13:15:59+00:00\" \/>\n<meta property=\"article:modified_time\" content=\"2025-11-30T13:18:42+00:00\" \/>\n<meta property=\"og:image\" content=\"https:\/\/santaanadelosguacaras.gob.ar\/sitio\/wp-content\/uploads\/2025\/11\/ef64d02b-0132-4346-a8b7-f73d8c16af84_resultado.webp\" \/>\n\t<meta property=\"og:image:width\" content=\"720\" \/>\n\t<meta property=\"og:image:height\" content=\"1280\" \/>\n\t<meta property=\"og:image:type\" content=\"image\/webp\" \/>\n<meta name=\"author\" content=\"Comunicaci\u00f3n\" \/>\n<meta name=\"twitter:card\" content=\"summary_large_image\" \/>\n<meta name=\"twitter:label1\" content=\"Escrito por\" \/>\n\t<meta name=\"twitter:data1\" content=\"Comunicaci\u00f3n\" \/>\n\t<meta name=\"twitter:label2\" content=\"Tiempo de lectura\" \/>\n\t<meta name=\"twitter:data2\" content=\"1 minuto\" \/>\n<script type=\"application\/ld+json\" class=\"yoast-schema-graph\">{\"@context\":\"https:\/\/schema.org\",\"@graph\":[{\"@type\":\"Article\",\"@id\":\"https:\/\/santaanadelosguacaras.gob.ar\/sitio\/cultura-y-turismo-nuevos-horarios-de-atencion\/#article\",\"isPartOf\":{\"@id\":\"https:\/\/santaanadelosguacaras.gob.ar\/sitio\/cultura-y-turismo-nuevos-horarios-de-atencion\/\"},\"author\":{\"name\":\"Comunicaci\u00f3n\",\"@id\":\"https:\/\/santaanadelosguacaras.gob.ar\/sitio\/#\/schema\/person\/aa85e53bbb5a7c7e19834c20ede5e205\"},\"headline\":\"Cultura y Turismo: Nuevos Horarios de Atenci\u00f3n\",\"datePublished\":\"2025-11-30T13:15:59+00:00\",\"dateModified\":\"2025-11-30T13:18:42+00:00\",\"mainEntityOfPage\":{\"@id\":\"https:\/\/santaanadelosguacaras.gob.ar\/sitio\/cultura-y-turismo-nuevos-horarios-de-atencion\/\"},\"wordCount\":109,\"publisher\":{\"@id\":\"https:\/\/santaanadelosguacaras.gob.ar\/sitio\/#organization\"},\"image\":{\"@id\":\"https:\/\/santaanadelosguacaras.gob.ar\/sitio\/cultura-y-turismo-nuevos-horarios-de-atencion\/#primaryimage\"},\"thumbnailUrl\":\"https:\/\/santaanadelosguacaras.gob.ar\/sitio\/wp-content\/uploads\/2025\/11\/ef64d02b-0132-4346-a8b7-f73d8c16af84_resultado.webp\",\"articleSection\":[\"Avisos\"],\"inLanguage\":\"es\"},{\"@type\":\"WebPage\",\"@id\":\"https:\/\/santaanadelosguacaras.gob.ar\/sitio\/cultura-y-turismo-nuevos-horarios-de-atencion\/\",\"url\":\"https:\/\/santaanadelosguacaras.gob.ar\/sitio\/cultura-y-turismo-nuevos-horarios-de-atencion\/\",\"name\":\"Cultura y Turismo: Nuevos Horarios de Atenci\u00f3n - Municipalidad de Santa Ana de los Gu\u00e1caras\",\"isPartOf\":{\"@id\":\"https:\/\/santaanadelosguacaras.gob.ar\/sitio\/#website\"},\"primaryImageOfPage\":{\"@id\":\"https:\/\/santaanadelosguacaras.gob.ar\/sitio\/cultura-y-turismo-nuevos-horarios-de-atencion\/#primaryimage\"},\"image\":{\"@id\":\"https:\/\/santaanadelosguacaras.gob.ar\/sitio\/cultura-y-turismo-nuevos-horarios-de-atencion\/#primaryimage\"},\"thumbnailUrl\":\"https:\/\/santaanadelosguacaras.gob.ar\/sitio\/wp-content\/uploads\/2025\/11\/ef64d02b-0132-4346-a8b7-f73d8c16af84_resultado.webp\",\"datePublished\":\"2025-11-30T13:15:59+00:00\",\"dateModified\":\"2025-11-30T13:18:42+00:00\",\"breadcrumb\":{\"@id\":\"https:\/\/santaanadelosguacaras.gob.ar\/sitio\/cultura-y-turismo-nuevos-horarios-de-atencion\/#breadcrumb\"},\"inLanguage\":\"es\",\"potentialAction\":[{\"@type\":\"ReadAction\",\"target\":[\"https:\/\/santaanadelosguacaras.gob.ar\/sitio\/cultura-y-turismo-nuevos-horarios-de-atencion\/\"]}]},{\"@type\":\"ImageObject\",\"inLanguage\":\"es\",\"@id\":\"https:\/\/santaanadelosguacaras.gob.ar\/sitio\/cultura-y-turismo-nuevos-horarios-de-atencion\/#primaryimage\",\"url\":\"https:\/\/santaanadelosguacaras.gob.ar\/sitio\/wp-content\/uploads\/2025\/11\/ef64d02b-0132-4346-a8b7-f73d8c16af84_resultado.webp\",\"contentUrl\":\"https:\/\/santaanadelosguacaras.gob.ar\/sitio\/wp-content\/uploads\/2025\/11\/ef64d02b-0132-4346-a8b7-f73d8c16af84_resultado.webp\",\"width\":720,\"height\":1280},{\"@type\":\"BreadcrumbList\",\"@id\":\"https:\/\/santaanadelosguacaras.gob.ar\/sitio\/cultura-y-turismo-nuevos-horarios-de-atencion\/#breadcrumb\",\"itemListElement\":[{\"@type\":\"ListItem\",\"position\":1,\"name\":\"Portada\",\"item\":\"https:\/\/santaanadelosguacaras.gob.ar\/sitio\/\"},{\"@type\":\"ListItem\",\"position\":2,\"name\":\"Cultura y Turismo: Nuevos Horarios de Atenci\u00f3n\"}]},{\"@type\":\"WebSite\",\"@id\":\"https:\/\/santaanadelosguacaras.gob.ar\/sitio\/#website\",\"url\":\"https:\/\/santaanadelosguacaras.gob.ar\/sitio\/\",\"name\":\"Municipalidad de Santa Ana de los Gu\u00e1caras\",\"description\":\"Descubre Santa Ana de los Gu\u00e1caras, un rinc\u00f3n lleno de historia, cultura y naturaleza en Corrientes. Informaci\u00f3n oficial sobre eventos, turismo, servicios municipales y m\u00e1s. \u00a1Con\u00e9ctate con nuestra comunidad!\",\"publisher\":{\"@id\":\"https:\/\/santaanadelosguacaras.gob.ar\/sitio\/#organization\"},\"alternateName\":\"MuniSantaAna\",\"potentialAction\":[{\"@type\":\"SearchAction\",\"target\":{\"@type\":\"EntryPoint\",\"urlTemplate\":\"https:\/\/santaanadelosguacaras.gob.ar\/sitio\/?s={search_term_string}\"},\"query-input\":{\"@type\":\"PropertyValueSpecification\",\"valueRequired\":true,\"valueName\":\"search_term_string\"}}],\"inLanguage\":\"es\"},{\"@type\":\"Organization\",\"@id\":\"https:\/\/santaanadelosguacaras.gob.ar\/sitio\/#organization\",\"name\":\"Municipalidad de Santa Ana de los Gu\u00e1caras\",\"alternateName\":\"MuniSantaAna\",\"url\":\"https:\/\/santaanadelosguacaras.gob.ar\/sitio\/\",\"logo\":{\"@type\":\"ImageObject\",\"inLanguage\":\"es\",\"@id\":\"https:\/\/santaanadelosguacaras.gob.ar\/sitio\/#\/schema\/logo\/image\/\",\"url\":\"https:\/\/santaanadelosguacaras.gob.ar\/sitio\/wp-content\/uploads\/2024\/12\/cropped-logo_muni_250.png\",\"contentUrl\":\"https:\/\/santaanadelosguacaras.gob.ar\/sitio\/wp-content\/uploads\/2024\/12\/cropped-logo_muni_250.png\",\"width\":247,\"height\":95,\"caption\":\"Municipalidad de Santa Ana de los Gu\u00e1caras\"},\"image\":{\"@id\":\"https:\/\/santaanadelosguacaras.gob.ar\/sitio\/#\/schema\/logo\/image\/\"},\"sameAs\":[\"https:\/\/www.facebook.com\/MuniSantaAnaDeLosGuacaras\",\"https:\/\/www.instagram.com\/muni_santaana_ctes\"]},{\"@type\":\"Person\",\"@id\":\"https:\/\/santaanadelosguacaras.gob.ar\/sitio\/#\/schema\/person\/aa85e53bbb5a7c7e19834c20ede5e205\",\"name\":\"Comunicaci\u00f3n\",\"image\":{\"@type\":\"ImageObject\",\"inLanguage\":\"es\",\"@id\":\"https:\/\/santaanadelosguacaras.gob.ar\/sitio\/#\/schema\/person\/image\/\",\"url\":\"https:\/\/secure.gravatar.com\/avatar\/3e81e68b8dcb0733c78bbafb464befc4a66ce4135950c3e3ac0d3c09e53e7092?s=96&d=mm&r=g\",\"contentUrl\":\"https:\/\/secure.gravatar.com\/avatar\/3e81e68b8dcb0733c78bbafb464befc4a66ce4135950c3e3ac0d3c09e53e7092?s=96&d=mm&r=g\",\"caption\":\"Comunicaci\u00f3n\"}}]}<\/script>\n<!-- \/ Yoast SEO plugin. -->","yoast_head_json":{"title":"Cultura y Turismo: Nuevos Horarios de Atenci\u00f3n - Municipalidad de Santa Ana de los Gu\u00e1caras","robots":{"index":"index","follow":"follow","max-snippet":"max-snippet:-1","max-image-preview":"max-image-preview:large","max-video-preview":"max-video-preview:-1"},"canonical":"https:\/\/santaanadelosguacaras.gob.ar\/sitio\/cultura-y-turismo-nuevos-horarios-de-atencion\/","og_locale":"es_ES","og_type":"article","og_title":"Cultura y Turismo: Nuevos Horarios de Atenci\u00f3n - Municipalidad de Santa Ana de los Gu\u00e1caras","og_description":"Atenci\u00f3n vecinos y visitantes, la Direcci\u00f3n de Cultura y Turismo de Santa Ana informa sus nuevos horarios de atenci\u00f3n, desde diciembre de 2025. Lunes a Viernes: S\u00e1bados, Domingos y Feriados&hellip;","og_url":"https:\/\/santaanadelosguacaras.gob.ar\/sitio\/cultura-y-turismo-nuevos-horarios-de-atencion\/","og_site_name":"Municipalidad de Santa Ana de los Gu\u00e1caras","article_publisher":"https:\/\/www.facebook.com\/MuniSantaAnaDeLosGuacaras","article_published_time":"2025-11-30T13:15:59+00:00","article_modified_time":"2025-11-30T13:18:42+00:00","og_image":[{"width":720,"height":1280,"url":"https:\/\/santaanadelosguacaras.gob.ar\/sitio\/wp-content\/uploads\/2025\/11\/ef64d02b-0132-4346-a8b7-f73d8c16af84_resultado.webp","type":"image\/webp"}],"author":"Comunicaci\u00f3n","twitter_card":"summary_large_image","twitter_misc":{"Escrito por":"Comunicaci\u00f3n","Tiempo de lectura":"1 minuto"},"schema":{"@context":"https:\/\/schema.org","@graph":[{"@type":"Article","@id":"https:\/\/santaanadelosguacaras.gob.ar\/sitio\/cultura-y-turismo-nuevos-horarios-de-atencion\/#article","isPartOf":{"@id":"https:\/\/santaanadelosguacaras.gob.ar\/sitio\/cultura-y-turismo-nuevos-horarios-de-atencion\/"},"author":{"name":"Comunicaci\u00f3n","@id":"https:\/\/santaanadelosguacaras.gob.ar\/sitio\/#\/schema\/person\/aa85e53bbb5a7c7e19834c20ede5e205"},"headline":"Cultura y Turismo: Nuevos Horarios de Atenci\u00f3n","datePublished":"2025-11-30T13:15:59+00:00","dateModified":"2025-11-30T13:18:42+00:00","mainEntityOfPage":{"@id":"https:\/\/santaanadelosguacaras.gob.ar\/sitio\/cultura-y-turismo-nuevos-horarios-de-atencion\/"},"wordCount":109,"publisher":{"@id":"https:\/\/santaanadelosguacaras.gob.ar\/sitio\/#organization"},"image":{"@id":"https:\/\/santaanadelosguacaras.gob.ar\/sitio\/cultura-y-turismo-nuevos-horarios-de-atencion\/#primaryimage"},"thumbnailUrl":"https:\/\/santaanadelosguacaras.gob.ar\/sitio\/wp-content\/uploads\/2025\/11\/ef64d02b-0132-4346-a8b7-f73d8c16af84_resultado.webp","articleSection":["Avisos"],"inLanguage":"es"},{"@type":"WebPage","@id":"https:\/\/santaanadelosguacaras.gob.ar\/sitio\/cultura-y-turismo-nuevos-horarios-de-atencion\/","url":"https:\/\/santaanadelosguacaras.gob.ar\/sitio\/cultura-y-turismo-nuevos-horarios-de-atencion\/","name":"Cultura y Turismo: Nuevos Horarios de Atenci\u00f3n - Municipalidad de Santa Ana de los Gu\u00e1caras","isPartOf":{"@id":"https:\/\/santaanadelosguacaras.gob.ar\/sitio\/#website"},"primaryImageOfPage":{"@id":"https:\/\/santaanadelosguacaras.gob.ar\/sitio\/cultura-y-turismo-nuevos-horarios-de-atencion\/#primaryimage"},"image":{"@id":"https:\/\/santaanadelosguacaras.gob.ar\/sitio\/cultura-y-turismo-nuevos-horarios-de-atencion\/#primaryimage"},"thumbnailUrl":"https:\/\/santaanadelosguacaras.gob.ar\/sitio\/wp-content\/uploads\/2025\/11\/ef64d02b-0132-4346-a8b7-f73d8c16af84_resultado.webp","datePublished":"2025-11-30T13:15:59+00:00","dateModified":"2025-11-30T13:18:42+00:00","breadcrumb":{"@id":"https:\/\/santaanadelosguacaras.gob.ar\/sitio\/cultura-y-turismo-nuevos-horarios-de-atencion\/#breadcrumb"},"inLanguage":"es","potentialAction":[{"@type":"ReadAction","target":["https:\/\/santaanadelosguacaras.gob.ar\/sitio\/cultura-y-turismo-nuevos-horarios-de-atencion\/"]}]},{"@type":"ImageObject","inLanguage":"es","@id":"https:\/\/santaanadelosguacaras.gob.ar\/sitio\/cultura-y-turismo-nuevos-horarios-de-atencion\/#primaryimage","url":"https:\/\/santaanadelosguacaras.gob.ar\/sitio\/wp-content\/uploads\/2025\/11\/ef64d02b-0132-4346-a8b7-f73d8c16af84_resultado.webp","contentUrl":"https:\/\/santaanadelosguacaras.gob.ar\/sitio\/wp-content\/uploads\/2025\/11\/ef64d02b-0132-4346-a8b7-f73d8c16af84_resultado.webp","width":720,"height":1280},{"@type":"BreadcrumbList","@id":"https:\/\/santaanadelosguacaras.gob.ar\/sitio\/cultura-y-turismo-nuevos-horarios-de-atencion\/#breadcrumb","itemListElement":[{"@type":"ListItem","position":1,"name":"Portada","item":"https:\/\/santaanadelosguacaras.gob.ar\/sitio\/"},{"@type":"ListItem","position":2,"name":"Cultura y Turismo: Nuevos Horarios de Atenci\u00f3n"}]},{"@type":"WebSite","@id":"https:\/\/santaanadelosguacaras.gob.ar\/sitio\/#website","url":"https:\/\/santaanadelosguacaras.gob.ar\/sitio\/","name":"Municipalidad de Santa Ana de los Gu\u00e1caras","description":"Descubre Santa Ana de los Gu\u00e1caras, un rinc\u00f3n lleno de historia, cultura y naturaleza en Corrientes. Informaci\u00f3n oficial sobre eventos, turismo, servicios municipales y m\u00e1s. \u00a1Con\u00e9ctate con nuestra comunidad!","publisher":{"@id":"https:\/\/santaanadelosguacaras.gob.ar\/sitio\/#organization"},"alternateName":"MuniSantaAna","potentialAction":[{"@type":"SearchAction","target":{"@type":"EntryPoint","urlTemplate":"https:\/\/santaanadelosguacaras.gob.ar\/sitio\/?s={search_term_string}"},"query-input":{"@type":"PropertyValueSpecification","valueRequired":true,"valueName":"search_term_string"}}],"inLanguage":"es"},{"@type":"Organization","@id":"https:\/\/santaanadelosguacaras.gob.ar\/sitio\/#organization","name":"Municipalidad de Santa Ana de los Gu\u00e1caras","alternateName":"MuniSantaAna","url":"https:\/\/santaanadelosguacaras.gob.ar\/sitio\/","logo":{"@type":"ImageObject","inLanguage":"es","@id":"https:\/\/santaanadelosguacaras.gob.ar\/sitio\/#\/schema\/logo\/image\/","url":"https:\/\/santaanadelosguacaras.gob.ar\/sitio\/wp-content\/uploads\/2024\/12\/cropped-logo_muni_250.png","contentUrl":"https:\/\/santaanadelosguacaras.gob.ar\/sitio\/wp-content\/uploads\/2024\/12\/cropped-logo_muni_250.png","width":247,"height":95,"caption":"Municipalidad de Santa Ana de los Gu\u00e1caras"},"image":{"@id":"https:\/\/santaanadelosguacaras.gob.ar\/sitio\/#\/schema\/logo\/image\/"},"sameAs":["https:\/\/www.facebook.com\/MuniSantaAnaDeLosGuacaras","https:\/\/www.instagram.com\/muni_santaana_ctes"]},{"@type":"Person","@id":"https:\/\/santaanadelosguacaras.gob.ar\/sitio\/#\/schema\/person\/aa85e53bbb5a7c7e19834c20ede5e205","name":"Comunicaci\u00f3n","image":{"@type":"ImageObject","inLanguage":"es","@id":"https:\/\/santaanadelosguacaras.gob.ar\/sitio\/#\/schema\/person\/image\/","url":"https:\/\/secure.gravatar.com\/avatar\/3e81e68b8dcb0733c78bbafb464befc4a66ce4135950c3e3ac0d3c09e53e7092?s=96&d=mm&r=g","contentUrl":"https:\/\/secure.gravatar.com\/avatar\/3e81e68b8dcb0733c78bbafb464befc4a66ce4135950c3e3ac0d3c09e53e7092?s=96&d=mm&r=g","caption":"Comunicaci\u00f3n"}}]}},"_links":{"self":[{"href":"https:\/\/santaanadelosguacaras.gob.ar\/sitio\/wp-json\/wp\/v2\/posts\/3648","targetHints":{"allow":["GET"]}}],"collection":[{"href":"https:\/\/santaanadelosguacaras.gob.ar\/sitio\/wp-json\/wp\/v2\/posts"}],"about":[{"href":"https:\/\/santaanadelosguacaras.gob.ar\/sitio\/wp-json\/wp\/v2\/types\/post"}],"author":[{"embeddable":true,"href":"https:\/\/santaanadelosguacaras.gob.ar\/sitio\/wp-json\/wp\/v2\/users\/2"}],"replies":[{"embeddable":true,"href":"https:\/\/santaanadelosguacaras.gob.ar\/sitio\/wp-json\/wp\/v2\/comments?post=3648"}],"version-history":[{"count":1,"href":"https:\/\/santaanadelosguacaras.gob.ar\/sitio\/wp-json\/wp\/v2\/posts\/3648\/revisions"}],"predecessor-version":[{"id":3650,"href":"https:\/\/santaanadelosguacaras.gob.ar\/sitio\/wp-json\/wp\/v2\/posts\/3648\/revisions\/3650"}],"wp:featuredmedia":[{"embeddable":true,"href":"https:\/\/santaanadelosguacaras.gob.ar\/sitio\/wp-json\/wp\/v2\/media\/3649"}],"wp:attachment":[{"href":"https:\/\/santaanadelosguacaras.gob.ar\/sitio\/wp-json\/wp\/v2\/media?parent=3648"}],"wp:term":[{"taxonomy":"category","embeddable":true,"href":"https:\/\/santaanadelosguacaras.gob.ar\/sitio\/wp-json\/wp\/v2\/categories?post=3648"},{"taxonomy":"post_tag","embeddable":true,"href":"https:\/\/santaanadelosguacaras.gob.ar\/sitio\/wp-json\/wp\/v2\/tags?post=3648"}],"curies":[{"name":"wp","href":"https:\/\/api.w.org\/{rel}","templated":true}]}}