{"id":431,"date":"2025-01-14T16:53:18","date_gmt":"2025-01-14T19:53:18","guid":{"rendered":"https:\/\/santaanadelosguacaras.gob.ar\/sitio\/?p=431"},"modified":"2025-01-14T19:07:56","modified_gmt":"2025-01-14T22:07:56","slug":"nuevos-puntos-verdes","status":"publish","type":"post","link":"https:\/\/santaanadelosguacaras.gob.ar\/sitio\/nuevos-puntos-verdes\/","title":{"rendered":"Nuevos Puntos Verdes"},"content":{"rendered":"\n<p>Se colocaron dos puntos verdes para reciclaje en las plazas San Martin y Belgrano<\/p>\n\n\n\n<p><\/p>\n\n\n\n<h2 class=\"wp-block-heading\">Separaci\u00f3n diferenciada: un h\u00e1bito esencial para cuidar el planeta<\/h2>\n\n\n\n<p>La separaci\u00f3n diferenciada de residuos es una acci\u00f3n sencilla que podemos realizar en casa y que tiene un impacto significativo en el cuidado del ambiente. Consiste en clasificar los residuos que generamos diariamente para facilitar su reciclaje y evitar la contaminaci\u00f3n.<\/p>\n\n\n\n<h3 class=\"wp-block-heading\">\u00bfC\u00f3mo separar en casa?<\/h3>\n\n\n\n<p><strong>Prepara al menos dos recipientes principales:<\/strong><\/p>\n\n\n\n<ul class=\"wp-block-list\">\n<li>Residuos reciclables: para materiales que pueden ser reutilizados o reciclados.<\/li>\n\n\n\n<li>Residuos no reciclables: para los que no tienen posibilidad de ser reciclados y deben ser dispuestos correctamente.<\/li>\n<\/ul>\n\n\n\n<p><strong>Clasifica de forma b\u00e1sica:<\/strong><\/p>\n\n\n\n<ol class=\"wp-block-list\"><\/ol>\n\n\n\n<ul class=\"wp-block-list\">\n<li>Residuos reciclables:\n<ul class=\"wp-block-list\">\n<li>Papeles y cartones (limpios y secos).<\/li>\n\n\n\n<li>Pl\u00e1sticos (botellas, envases de alimentos, bolsas limpias).<\/li>\n\n\n\n<li>Vidrios (botellas, frascos; sin restos de comida).<\/li>\n\n\n\n<li>Metales (latas de aluminio, envases de conservas).<\/li>\n<\/ul>\n<\/li>\n\n\n\n<li>Residuos no reciclables:\n<ul class=\"wp-block-list\">\n<li>Pa\u00f1ales, papel higi\u00e9nico usado, restos de barrido.<\/li>\n\n\n\n<li>Envases de productos t\u00f3xicos (como insecticidas) si no hay centros espec\u00edficos para su tratamiento.<\/li>\n<\/ul>\n<\/li>\n\n\n\n<li>Residuos org\u00e1nicos: Si tienes un espacio, separa los restos de comida, c\u00e1scaras de frutas y verduras para hacer compost, un fertilizante natural para las plantas.<\/li>\n<\/ul>\n\n\n\n<ol class=\"wp-block-list\"><\/ol>\n\n\n\n<h2 class=\"wp-block-heading\">\u00bfQu\u00e9 se recicla y qu\u00e9 no?<\/h2>\n\n\n\n<p>Se recicla:<\/p>\n\n\n\n<ul class=\"wp-block-list\">\n<li>Papel y cart\u00f3n (sin grasas ni restos de alimentos).<\/li>\n\n\n\n<li>Pl\u00e1sticos PET, HDPE y otros, identificados con el s\u00edmbolo de reciclaje.<\/li>\n\n\n\n<li>Vidrios transparentes y de color (enteros o rotos, bien lavados).<\/li>\n\n\n\n<li>Latas de aluminio y hojalata.<\/li>\n\n\n\n<li>No se recicla:<\/li>\n\n\n\n<li>Papel sucio o mojado (ej. servilletas usadas).<\/li>\n\n\n\n<li>Pl\u00e1sticos mezclados o envases multicapa (como sachets o envases de galletitas).<\/li>\n\n\n\n<li>Vidrios planos o espejos.<\/li>\n\n\n\n<li>Residuos electr\u00f3nicos y pilas (requieren centros espec\u00edficos).<\/li>\n<\/ul>\n\n\n\n<h2 class=\"wp-block-heading\">\u00bfPor qu\u00e9 es importante separar?<\/h2>\n\n\n\n<ul class=\"wp-block-list\">\n<li>Reducci\u00f3n de residuos: Gran parte de los residuos que desechamos podr\u00edan reutilizarse o reciclarse. Al separar, disminuimos la cantidad de basura enviada a los rellenos sanitarios.<\/li>\n\n\n\n<li>Menor contaminaci\u00f3n: Evitamos que materiales como pl\u00e1sticos o vidrios terminen en r\u00edos, mares o suelos, donde tardan cientos de a\u00f1os en degradarse.<\/li>\n\n\n\n<li>Ahorro de recursos: Reciclar reduce la necesidad de extraer materias primas, como madera para papel o petr\u00f3leo para pl\u00e1sticos.<\/li>\n\n\n\n<li>Contribuci\u00f3n a la econom\u00eda circular: Generamos empleo en las industrias del reciclaje y apoyamos un modelo m\u00e1s sostenible.<\/li>\n<\/ul>\n\n\n\n<h2 class=\"wp-block-heading\">Consejos para empezar hoy mismo<\/h2>\n\n\n\n<ul class=\"wp-block-list\">\n<li>Lava y seca los envases antes de separarlos, as\u00ed evitar\u00e1s malos olores y atraer insectos.<\/li>\n\n\n\n<li>En Santa Ana contamos con puntos verdes que se encuentra en las Plazas Belgrano y Plaza San Mart\u00edn. Tambi\u00e9n con salidas de recolecci\u00f3n diferenciada los d\u00edas martes y jueves.<\/li>\n\n\n\n<li>Involucra a toda la familia: separar residuos es una excelente oportunidad para educar a ni\u00f1os y adultos sobre la importancia de cuidar el ambiente.<\/li>\n<\/ul>\n\n\n\n<p>\u00a1Comienza hoy con la separaci\u00f3n diferenciada en casa y contribuye al cambio que el planeta necesita! Cada peque\u00f1o esfuerzo cuenta para construir un futuro m\u00e1s limpio y sostenible.<\/p>\n\n\n\n<blockquote class=\"wp-block-quote is-layout-flow wp-block-quote-is-layout-flow\">\n<p>\u201cEl mejor residuo es el que no se genera.\u201d<\/p>\n<\/blockquote>\n\n\n\n<figure class=\"wp-block-gallery has-nested-images columns-default is-cropped wp-block-gallery-1 is-layout-flex wp-block-gallery-is-layout-flex\">\n<figure class=\"wp-block-image size-large\"><a href=\"https:\/\/santaanadelosguacaras.gob.ar\/sitio\/wp-content\/uploads\/2025\/01\/puntos_verdes2.webp\"><img loading=\"lazy\" decoding=\"async\" width=\"1024\" height=\"760\" data-id=\"433\" src=\"https:\/\/santaanadelosguacaras.gob.ar\/sitio\/wp-content\/uploads\/2025\/01\/puntos_verdes2-1024x760.webp\" alt=\"\" class=\"wp-image-433\" srcset=\"https:\/\/santaanadelosguacaras.gob.ar\/sitio\/wp-content\/uploads\/2025\/01\/puntos_verdes2-1024x760.webp 1024w, https:\/\/santaanadelosguacaras.gob.ar\/sitio\/wp-content\/uploads\/2025\/01\/puntos_verdes2-300x223.webp 300w, https:\/\/santaanadelosguacaras.gob.ar\/sitio\/wp-content\/uploads\/2025\/01\/puntos_verdes2-768x570.webp 768w, https:\/\/santaanadelosguacaras.gob.ar\/sitio\/wp-content\/uploads\/2025\/01\/puntos_verdes2-1536x1139.webp 1536w, https:\/\/santaanadelosguacaras.gob.ar\/sitio\/wp-content\/uploads\/2025\/01\/puntos_verdes2.webp 1599w\" sizes=\"auto, (max-width: 1024px) 100vw, 1024px\" \/><\/a><\/figure>\n<\/figure>\n","protected":false},"excerpt":{"rendered":"<p>Se colocaron dos puntos verdes para reciclaje en las plazas San Martin y Belgrano Separaci\u00f3n diferenciada: un h\u00e1bito esencial para cuidar el planeta La separaci\u00f3n diferenciada de residuos es una&hellip; <\/p>\n","protected":false},"author":2,"featured_media":434,"comment_status":"closed","ping_status":"open","sticky":false,"template":"","format":"standard","meta":{"footnotes":""},"categories":[19,18],"tags":[],"class_list":["post-431","post","type-post","status-publish","format-standard","has-post-thumbnail","hentry","category-ambiente","category-obras-y-servicios-publicos"],"yoast_head":"<!-- This site is optimized with the Yoast SEO plugin v24.8.1 - https:\/\/yoast.com\/wordpress\/plugins\/seo\/ -->\n<title>Nuevos Puntos Verdes - Municipalidad de Santa Ana de los Gu\u00e1caras<\/title>\n<meta name=\"robots\" content=\"index, follow, max-snippet:-1, max-image-preview:large, max-video-preview:-1\" \/>\n<link rel=\"canonical\" href=\"https:\/\/santaanadelosguacaras.gob.ar\/sitio\/nuevos-puntos-verdes\/\" \/>\n<meta property=\"og:locale\" content=\"es_ES\" \/>\n<meta property=\"og:type\" content=\"article\" \/>\n<meta property=\"og:title\" content=\"Nuevos Puntos Verdes - Municipalidad de Santa Ana de los Gu\u00e1caras\" \/>\n<meta property=\"og:description\" content=\"Se colocaron dos puntos verdes para reciclaje en las plazas San Martin y Belgrano Separaci\u00f3n diferenciada: un h\u00e1bito esencial para cuidar el planeta La separaci\u00f3n diferenciada de residuos es una&hellip;\" \/>\n<meta property=\"og:url\" content=\"https:\/\/santaanadelosguacaras.gob.ar\/sitio\/nuevos-puntos-verdes\/\" \/>\n<meta property=\"og:site_name\" content=\"Municipalidad de Santa Ana de los Gu\u00e1caras\" \/>\n<meta property=\"article:publisher\" content=\"https:\/\/www.facebook.com\/MuniSantaAnaDeLosGuacaras\" \/>\n<meta property=\"article:published_time\" content=\"2025-01-14T19:53:18+00:00\" \/>\n<meta property=\"article:modified_time\" content=\"2025-01-14T22:07:56+00:00\" \/>\n<meta property=\"og:image\" content=\"https:\/\/santaanadelosguacaras.gob.ar\/sitio\/wp-content\/uploads\/2025\/01\/puntos_verdes_miniatura.webp\" \/>\n\t<meta property=\"og:image:width\" content=\"1280\" \/>\n\t<meta property=\"og:image:height\" content=\"720\" \/>\n\t<meta property=\"og:image:type\" content=\"image\/webp\" \/>\n<meta name=\"author\" content=\"Comunicaci\u00f3n\" \/>\n<meta name=\"twitter:card\" content=\"summary_large_image\" \/>\n<meta name=\"twitter:label1\" content=\"Escrito por\" \/>\n\t<meta name=\"twitter:data1\" content=\"Comunicaci\u00f3n\" \/>\n\t<meta name=\"twitter:label2\" content=\"Tiempo de lectura\" \/>\n\t<meta name=\"twitter:data2\" content=\"3 minutos\" \/>\n<script type=\"application\/ld+json\" class=\"yoast-schema-graph\">{\"@context\":\"https:\/\/schema.org\",\"@graph\":[{\"@type\":\"Article\",\"@id\":\"https:\/\/santaanadelosguacaras.gob.ar\/sitio\/nuevos-puntos-verdes\/#article\",\"isPartOf\":{\"@id\":\"https:\/\/santaanadelosguacaras.gob.ar\/sitio\/nuevos-puntos-verdes\/\"},\"author\":{\"name\":\"Comunicaci\u00f3n\",\"@id\":\"https:\/\/santaanadelosguacaras.gob.ar\/sitio\/#\/schema\/person\/aa85e53bbb5a7c7e19834c20ede5e205\"},\"headline\":\"Nuevos Puntos Verdes\",\"datePublished\":\"2025-01-14T19:53:18+00:00\",\"dateModified\":\"2025-01-14T22:07:56+00:00\",\"mainEntityOfPage\":{\"@id\":\"https:\/\/santaanadelosguacaras.gob.ar\/sitio\/nuevos-puntos-verdes\/\"},\"wordCount\":501,\"publisher\":{\"@id\":\"https:\/\/santaanadelosguacaras.gob.ar\/sitio\/#organization\"},\"image\":{\"@id\":\"https:\/\/santaanadelosguacaras.gob.ar\/sitio\/nuevos-puntos-verdes\/#primaryimage\"},\"thumbnailUrl\":\"https:\/\/santaanadelosguacaras.gob.ar\/sitio\/wp-content\/uploads\/2025\/01\/puntos_verdes_miniatura.webp\",\"articleSection\":[\"Ambiente\",\"Obras y Servicios P\u00fablicos\"],\"inLanguage\":\"es\"},{\"@type\":\"WebPage\",\"@id\":\"https:\/\/santaanadelosguacaras.gob.ar\/sitio\/nuevos-puntos-verdes\/\",\"url\":\"https:\/\/santaanadelosguacaras.gob.ar\/sitio\/nuevos-puntos-verdes\/\",\"name\":\"Nuevos Puntos Verdes - Municipalidad de Santa Ana de los Gu\u00e1caras\",\"isPartOf\":{\"@id\":\"https:\/\/santaanadelosguacaras.gob.ar\/sitio\/#website\"},\"primaryImageOfPage\":{\"@id\":\"https:\/\/santaanadelosguacaras.gob.ar\/sitio\/nuevos-puntos-verdes\/#primaryimage\"},\"image\":{\"@id\":\"https:\/\/santaanadelosguacaras.gob.ar\/sitio\/nuevos-puntos-verdes\/#primaryimage\"},\"thumbnailUrl\":\"https:\/\/santaanadelosguacaras.gob.ar\/sitio\/wp-content\/uploads\/2025\/01\/puntos_verdes_miniatura.webp\",\"datePublished\":\"2025-01-14T19:53:18+00:00\",\"dateModified\":\"2025-01-14T22:07:56+00:00\",\"breadcrumb\":{\"@id\":\"https:\/\/santaanadelosguacaras.gob.ar\/sitio\/nuevos-puntos-verdes\/#breadcrumb\"},\"inLanguage\":\"es\",\"potentialAction\":[{\"@type\":\"ReadAction\",\"target\":[\"https:\/\/santaanadelosguacaras.gob.ar\/sitio\/nuevos-puntos-verdes\/\"]}]},{\"@type\":\"ImageObject\",\"inLanguage\":\"es\",\"@id\":\"https:\/\/santaanadelosguacaras.gob.ar\/sitio\/nuevos-puntos-verdes\/#primaryimage\",\"url\":\"https:\/\/santaanadelosguacaras.gob.ar\/sitio\/wp-content\/uploads\/2025\/01\/puntos_verdes_miniatura.webp\",\"contentUrl\":\"https:\/\/santaanadelosguacaras.gob.ar\/sitio\/wp-content\/uploads\/2025\/01\/puntos_verdes_miniatura.webp\",\"width\":1280,\"height\":720},{\"@type\":\"BreadcrumbList\",\"@id\":\"https:\/\/santaanadelosguacaras.gob.ar\/sitio\/nuevos-puntos-verdes\/#breadcrumb\",\"itemListElement\":[{\"@type\":\"ListItem\",\"position\":1,\"name\":\"Portada\",\"item\":\"https:\/\/santaanadelosguacaras.gob.ar\/sitio\/\"},{\"@type\":\"ListItem\",\"position\":2,\"name\":\"Nuevos Puntos Verdes\"}]},{\"@type\":\"WebSite\",\"@id\":\"https:\/\/santaanadelosguacaras.gob.ar\/sitio\/#website\",\"url\":\"https:\/\/santaanadelosguacaras.gob.ar\/sitio\/\",\"name\":\"Municipalidad de Santa Ana de los Gu\u00e1caras\",\"description\":\"Descubre Santa Ana de los Gu\u00e1caras, un rinc\u00f3n lleno de historia, cultura y naturaleza en Corrientes. Informaci\u00f3n oficial sobre eventos, turismo, servicios municipales y m\u00e1s. \u00a1Con\u00e9ctate con nuestra comunidad!\",\"publisher\":{\"@id\":\"https:\/\/santaanadelosguacaras.gob.ar\/sitio\/#organization\"},\"alternateName\":\"MuniSantaAna\",\"potentialAction\":[{\"@type\":\"SearchAction\",\"target\":{\"@type\":\"EntryPoint\",\"urlTemplate\":\"https:\/\/santaanadelosguacaras.gob.ar\/sitio\/?s={search_term_string}\"},\"query-input\":{\"@type\":\"PropertyValueSpecification\",\"valueRequired\":true,\"valueName\":\"search_term_string\"}}],\"inLanguage\":\"es\"},{\"@type\":\"Organization\",\"@id\":\"https:\/\/santaanadelosguacaras.gob.ar\/sitio\/#organization\",\"name\":\"Municipalidad de Santa Ana de los Gu\u00e1caras\",\"alternateName\":\"MuniSantaAna\",\"url\":\"https:\/\/santaanadelosguacaras.gob.ar\/sitio\/\",\"logo\":{\"@type\":\"ImageObject\",\"inLanguage\":\"es\",\"@id\":\"https:\/\/santaanadelosguacaras.gob.ar\/sitio\/#\/schema\/logo\/image\/\",\"url\":\"https:\/\/santaanadelosguacaras.gob.ar\/sitio\/wp-content\/uploads\/2024\/12\/cropped-logo_muni_250.png\",\"contentUrl\":\"https:\/\/santaanadelosguacaras.gob.ar\/sitio\/wp-content\/uploads\/2024\/12\/cropped-logo_muni_250.png\",\"width\":247,\"height\":95,\"caption\":\"Municipalidad de Santa Ana de los Gu\u00e1caras\"},\"image\":{\"@id\":\"https:\/\/santaanadelosguacaras.gob.ar\/sitio\/#\/schema\/logo\/image\/\"},\"sameAs\":[\"https:\/\/www.facebook.com\/MuniSantaAnaDeLosGuacaras\",\"https:\/\/www.instagram.com\/muni_santaana_ctes\"]},{\"@type\":\"Person\",\"@id\":\"https:\/\/santaanadelosguacaras.gob.ar\/sitio\/#\/schema\/person\/aa85e53bbb5a7c7e19834c20ede5e205\",\"name\":\"Comunicaci\u00f3n\",\"image\":{\"@type\":\"ImageObject\",\"inLanguage\":\"es\",\"@id\":\"https:\/\/santaanadelosguacaras.gob.ar\/sitio\/#\/schema\/person\/image\/\",\"url\":\"https:\/\/secure.gravatar.com\/avatar\/3e81e68b8dcb0733c78bbafb464befc4a66ce4135950c3e3ac0d3c09e53e7092?s=96&d=mm&r=g\",\"contentUrl\":\"https:\/\/secure.gravatar.com\/avatar\/3e81e68b8dcb0733c78bbafb464befc4a66ce4135950c3e3ac0d3c09e53e7092?s=96&d=mm&r=g\",\"caption\":\"Comunicaci\u00f3n\"}}]}<\/script>\n<!-- \/ Yoast SEO plugin. -->","yoast_head_json":{"title":"Nuevos Puntos Verdes - Municipalidad de Santa Ana de los Gu\u00e1caras","robots":{"index":"index","follow":"follow","max-snippet":"max-snippet:-1","max-image-preview":"max-image-preview:large","max-video-preview":"max-video-preview:-1"},"canonical":"https:\/\/santaanadelosguacaras.gob.ar\/sitio\/nuevos-puntos-verdes\/","og_locale":"es_ES","og_type":"article","og_title":"Nuevos Puntos Verdes - Municipalidad de Santa Ana de los Gu\u00e1caras","og_description":"Se colocaron dos puntos verdes para reciclaje en las plazas San Martin y Belgrano Separaci\u00f3n diferenciada: un h\u00e1bito esencial para cuidar el planeta La separaci\u00f3n diferenciada de residuos es una&hellip;","og_url":"https:\/\/santaanadelosguacaras.gob.ar\/sitio\/nuevos-puntos-verdes\/","og_site_name":"Municipalidad de Santa Ana de los Gu\u00e1caras","article_publisher":"https:\/\/www.facebook.com\/MuniSantaAnaDeLosGuacaras","article_published_time":"2025-01-14T19:53:18+00:00","article_modified_time":"2025-01-14T22:07:56+00:00","og_image":[{"width":1280,"height":720,"url":"https:\/\/santaanadelosguacaras.gob.ar\/sitio\/wp-content\/uploads\/2025\/01\/puntos_verdes_miniatura.webp","type":"image\/webp"}],"author":"Comunicaci\u00f3n","twitter_card":"summary_large_image","twitter_misc":{"Escrito por":"Comunicaci\u00f3n","Tiempo de lectura":"3 minutos"},"schema":{"@context":"https:\/\/schema.org","@graph":[{"@type":"Article","@id":"https:\/\/santaanadelosguacaras.gob.ar\/sitio\/nuevos-puntos-verdes\/#article","isPartOf":{"@id":"https:\/\/santaanadelosguacaras.gob.ar\/sitio\/nuevos-puntos-verdes\/"},"author":{"name":"Comunicaci\u00f3n","@id":"https:\/\/santaanadelosguacaras.gob.ar\/sitio\/#\/schema\/person\/aa85e53bbb5a7c7e19834c20ede5e205"},"headline":"Nuevos Puntos Verdes","datePublished":"2025-01-14T19:53:18+00:00","dateModified":"2025-01-14T22:07:56+00:00","mainEntityOfPage":{"@id":"https:\/\/santaanadelosguacaras.gob.ar\/sitio\/nuevos-puntos-verdes\/"},"wordCount":501,"publisher":{"@id":"https:\/\/santaanadelosguacaras.gob.ar\/sitio\/#organization"},"image":{"@id":"https:\/\/santaanadelosguacaras.gob.ar\/sitio\/nuevos-puntos-verdes\/#primaryimage"},"thumbnailUrl":"https:\/\/santaanadelosguacaras.gob.ar\/sitio\/wp-content\/uploads\/2025\/01\/puntos_verdes_miniatura.webp","articleSection":["Ambiente","Obras y Servicios P\u00fablicos"],"inLanguage":"es"},{"@type":"WebPage","@id":"https:\/\/santaanadelosguacaras.gob.ar\/sitio\/nuevos-puntos-verdes\/","url":"https:\/\/santaanadelosguacaras.gob.ar\/sitio\/nuevos-puntos-verdes\/","name":"Nuevos Puntos Verdes - Municipalidad de Santa Ana de los Gu\u00e1caras","isPartOf":{"@id":"https:\/\/santaanadelosguacaras.gob.ar\/sitio\/#website"},"primaryImageOfPage":{"@id":"https:\/\/santaanadelosguacaras.gob.ar\/sitio\/nuevos-puntos-verdes\/#primaryimage"},"image":{"@id":"https:\/\/santaanadelosguacaras.gob.ar\/sitio\/nuevos-puntos-verdes\/#primaryimage"},"thumbnailUrl":"https:\/\/santaanadelosguacaras.gob.ar\/sitio\/wp-content\/uploads\/2025\/01\/puntos_verdes_miniatura.webp","datePublished":"2025-01-14T19:53:18+00:00","dateModified":"2025-01-14T22:07:56+00:00","breadcrumb":{"@id":"https:\/\/santaanadelosguacaras.gob.ar\/sitio\/nuevos-puntos-verdes\/#breadcrumb"},"inLanguage":"es","potentialAction":[{"@type":"ReadAction","target":["https:\/\/santaanadelosguacaras.gob.ar\/sitio\/nuevos-puntos-verdes\/"]}]},{"@type":"ImageObject","inLanguage":"es","@id":"https:\/\/santaanadelosguacaras.gob.ar\/sitio\/nuevos-puntos-verdes\/#primaryimage","url":"https:\/\/santaanadelosguacaras.gob.ar\/sitio\/wp-content\/uploads\/2025\/01\/puntos_verdes_miniatura.webp","contentUrl":"https:\/\/santaanadelosguacaras.gob.ar\/sitio\/wp-content\/uploads\/2025\/01\/puntos_verdes_miniatura.webp","width":1280,"height":720},{"@type":"BreadcrumbList","@id":"https:\/\/santaanadelosguacaras.gob.ar\/sitio\/nuevos-puntos-verdes\/#breadcrumb","itemListElement":[{"@type":"ListItem","position":1,"name":"Portada","item":"https:\/\/santaanadelosguacaras.gob.ar\/sitio\/"},{"@type":"ListItem","position":2,"name":"Nuevos Puntos Verdes"}]},{"@type":"WebSite","@id":"https:\/\/santaanadelosguacaras.gob.ar\/sitio\/#website","url":"https:\/\/santaanadelosguacaras.gob.ar\/sitio\/","name":"Municipalidad de Santa Ana de los Gu\u00e1caras","description":"Descubre Santa Ana de los Gu\u00e1caras, un rinc\u00f3n lleno de historia, cultura y naturaleza en Corrientes. Informaci\u00f3n oficial sobre eventos, turismo, servicios municipales y m\u00e1s. \u00a1Con\u00e9ctate con nuestra comunidad!","publisher":{"@id":"https:\/\/santaanadelosguacaras.gob.ar\/sitio\/#organization"},"alternateName":"MuniSantaAna","potentialAction":[{"@type":"SearchAction","target":{"@type":"EntryPoint","urlTemplate":"https:\/\/santaanadelosguacaras.gob.ar\/sitio\/?s={search_term_string}"},"query-input":{"@type":"PropertyValueSpecification","valueRequired":true,"valueName":"search_term_string"}}],"inLanguage":"es"},{"@type":"Organization","@id":"https:\/\/santaanadelosguacaras.gob.ar\/sitio\/#organization","name":"Municipalidad de Santa Ana de los Gu\u00e1caras","alternateName":"MuniSantaAna","url":"https:\/\/santaanadelosguacaras.gob.ar\/sitio\/","logo":{"@type":"ImageObject","inLanguage":"es","@id":"https:\/\/santaanadelosguacaras.gob.ar\/sitio\/#\/schema\/logo\/image\/","url":"https:\/\/santaanadelosguacaras.gob.ar\/sitio\/wp-content\/uploads\/2024\/12\/cropped-logo_muni_250.png","contentUrl":"https:\/\/santaanadelosguacaras.gob.ar\/sitio\/wp-content\/uploads\/2024\/12\/cropped-logo_muni_250.png","width":247,"height":95,"caption":"Municipalidad de Santa Ana de los Gu\u00e1caras"},"image":{"@id":"https:\/\/santaanadelosguacaras.gob.ar\/sitio\/#\/schema\/logo\/image\/"},"sameAs":["https:\/\/www.facebook.com\/MuniSantaAnaDeLosGuacaras","https:\/\/www.instagram.com\/muni_santaana_ctes"]},{"@type":"Person","@id":"https:\/\/santaanadelosguacaras.gob.ar\/sitio\/#\/schema\/person\/aa85e53bbb5a7c7e19834c20ede5e205","name":"Comunicaci\u00f3n","image":{"@type":"ImageObject","inLanguage":"es","@id":"https:\/\/santaanadelosguacaras.gob.ar\/sitio\/#\/schema\/person\/image\/","url":"https:\/\/secure.gravatar.com\/avatar\/3e81e68b8dcb0733c78bbafb464befc4a66ce4135950c3e3ac0d3c09e53e7092?s=96&d=mm&r=g","contentUrl":"https:\/\/secure.gravatar.com\/avatar\/3e81e68b8dcb0733c78bbafb464befc4a66ce4135950c3e3ac0d3c09e53e7092?s=96&d=mm&r=g","caption":"Comunicaci\u00f3n"}}]}},"_links":{"self":[{"href":"https:\/\/santaanadelosguacaras.gob.ar\/sitio\/wp-json\/wp\/v2\/posts\/431","targetHints":{"allow":["GET"]}}],"collection":[{"href":"https:\/\/santaanadelosguacaras.gob.ar\/sitio\/wp-json\/wp\/v2\/posts"}],"about":[{"href":"https:\/\/santaanadelosguacaras.gob.ar\/sitio\/wp-json\/wp\/v2\/types\/post"}],"author":[{"embeddable":true,"href":"https:\/\/santaanadelosguacaras.gob.ar\/sitio\/wp-json\/wp\/v2\/users\/2"}],"replies":[{"embeddable":true,"href":"https:\/\/santaanadelosguacaras.gob.ar\/sitio\/wp-json\/wp\/v2\/comments?post=431"}],"version-history":[{"count":2,"href":"https:\/\/santaanadelosguacaras.gob.ar\/sitio\/wp-json\/wp\/v2\/posts\/431\/revisions"}],"predecessor-version":[{"id":437,"href":"https:\/\/santaanadelosguacaras.gob.ar\/sitio\/wp-json\/wp\/v2\/posts\/431\/revisions\/437"}],"wp:featuredmedia":[{"embeddable":true,"href":"https:\/\/santaanadelosguacaras.gob.ar\/sitio\/wp-json\/wp\/v2\/media\/434"}],"wp:attachment":[{"href":"https:\/\/santaanadelosguacaras.gob.ar\/sitio\/wp-json\/wp\/v2\/media?parent=431"}],"wp:term":[{"taxonomy":"category","embeddable":true,"href":"https:\/\/santaanadelosguacaras.gob.ar\/sitio\/wp-json\/wp\/v2\/categories?post=431"},{"taxonomy":"post_tag","embeddable":true,"href":"https:\/\/santaanadelosguacaras.gob.ar\/sitio\/wp-json\/wp\/v2\/tags?post=431"}],"curies":[{"name":"wp","href":"https:\/\/api.w.org\/{rel}","templated":true}]}}