{"id":4422,"date":"2026-01-31T20:16:07","date_gmt":"2026-01-31T23:16:07","guid":{"rendered":"https:\/\/santaanadelosguacaras.gob.ar\/sitio\/?p=4422"},"modified":"2026-02-17T20:20:16","modified_gmt":"2026-02-17T23:20:16","slug":"produccion-local-y-regional","status":"publish","type":"post","link":"https:\/\/santaanadelosguacaras.gob.ar\/sitio\/produccion-local-y-regional\/","title":{"rendered":"Producci\u00f3n Local y Regional"},"content":{"rendered":"\n<p>En el XI Festival Provincial del Mango, los emprendedores locales y regionales son protagonistas. Est\u00e1n presentes en cada stand ofreciendo productos artesanales, sabores regionales y propuestas que reflejan nuestra identidad.<\/p>\n\n\n\n<p>Este festival no solo es una fiesta, sino tambi\u00e9n una oportunidad para acompa\u00f1ar el trabajo de quienes apuestan todos los d\u00edas al desarrollo local y regional. Te invitamos a recorrer los stands, conocer sus trabajos y elegir productos hechos con amor y compromiso.<\/p>\n\n\n\n<figure class=\"wp-block-gallery has-nested-images columns-default is-cropped wp-block-gallery-1 is-layout-flex wp-block-gallery-is-layout-flex\">\n<figure class=\"wp-block-image size-large\"><a href=\"https:\/\/santaanadelosguacaras.gob.ar\/sitio\/wp-content\/uploads\/2026\/02\/626009302_1250800587149118_8031002982519802741_n_resultado.webp\"><img loading=\"lazy\" decoding=\"async\" width=\"960\" height=\"960\" data-id=\"4426\" src=\"https:\/\/santaanadelosguacaras.gob.ar\/sitio\/wp-content\/uploads\/2026\/02\/626009302_1250800587149118_8031002982519802741_n_resultado.webp\" alt=\"\" class=\"wp-image-4426\" srcset=\"https:\/\/santaanadelosguacaras.gob.ar\/sitio\/wp-content\/uploads\/2026\/02\/626009302_1250800587149118_8031002982519802741_n_resultado.webp 960w, https:\/\/santaanadelosguacaras.gob.ar\/sitio\/wp-content\/uploads\/2026\/02\/626009302_1250800587149118_8031002982519802741_n_resultado-300x300.webp 300w, https:\/\/santaanadelosguacaras.gob.ar\/sitio\/wp-content\/uploads\/2026\/02\/626009302_1250800587149118_8031002982519802741_n_resultado-150x150.webp 150w, https:\/\/santaanadelosguacaras.gob.ar\/sitio\/wp-content\/uploads\/2026\/02\/626009302_1250800587149118_8031002982519802741_n_resultado-768x768.webp 768w\" sizes=\"auto, (max-width: 960px) 100vw, 960px\" \/><\/a><\/figure>\n\n\n\n<figure class=\"wp-block-image size-large\"><a href=\"https:\/\/santaanadelosguacaras.gob.ar\/sitio\/wp-content\/uploads\/2026\/02\/623468000_1250800673815776_2904915311638171229_n_resultado.webp\"><img loading=\"lazy\" decoding=\"async\" width=\"960\" height=\"960\" data-id=\"4427\" src=\"https:\/\/santaanadelosguacaras.gob.ar\/sitio\/wp-content\/uploads\/2026\/02\/623468000_1250800673815776_2904915311638171229_n_resultado.webp\" alt=\"\" class=\"wp-image-4427\" srcset=\"https:\/\/santaanadelosguacaras.gob.ar\/sitio\/wp-content\/uploads\/2026\/02\/623468000_1250800673815776_2904915311638171229_n_resultado.webp 960w, https:\/\/santaanadelosguacaras.gob.ar\/sitio\/wp-content\/uploads\/2026\/02\/623468000_1250800673815776_2904915311638171229_n_resultado-300x300.webp 300w, https:\/\/santaanadelosguacaras.gob.ar\/sitio\/wp-content\/uploads\/2026\/02\/623468000_1250800673815776_2904915311638171229_n_resultado-150x150.webp 150w, https:\/\/santaanadelosguacaras.gob.ar\/sitio\/wp-content\/uploads\/2026\/02\/623468000_1250800673815776_2904915311638171229_n_resultado-768x768.webp 768w\" sizes=\"auto, (max-width: 960px) 100vw, 960px\" \/><\/a><\/figure>\n\n\n\n<figure class=\"wp-block-image size-large\"><a href=\"https:\/\/santaanadelosguacaras.gob.ar\/sitio\/wp-content\/uploads\/2026\/02\/623564732_1250800707149106_4361864651068979689_n_resultado.webp\"><img loading=\"lazy\" decoding=\"async\" width=\"960\" height=\"960\" data-id=\"4423\" src=\"https:\/\/santaanadelosguacaras.gob.ar\/sitio\/wp-content\/uploads\/2026\/02\/623564732_1250800707149106_4361864651068979689_n_resultado.webp\" alt=\"\" class=\"wp-image-4423\" srcset=\"https:\/\/santaanadelosguacaras.gob.ar\/sitio\/wp-content\/uploads\/2026\/02\/623564732_1250800707149106_4361864651068979689_n_resultado.webp 960w, https:\/\/santaanadelosguacaras.gob.ar\/sitio\/wp-content\/uploads\/2026\/02\/623564732_1250800707149106_4361864651068979689_n_resultado-300x300.webp 300w, https:\/\/santaanadelosguacaras.gob.ar\/sitio\/wp-content\/uploads\/2026\/02\/623564732_1250800707149106_4361864651068979689_n_resultado-150x150.webp 150w, https:\/\/santaanadelosguacaras.gob.ar\/sitio\/wp-content\/uploads\/2026\/02\/623564732_1250800707149106_4361864651068979689_n_resultado-768x768.webp 768w\" sizes=\"auto, (max-width: 960px) 100vw, 960px\" \/><\/a><\/figure>\n\n\n\n<figure class=\"wp-block-image size-large\"><a href=\"https:\/\/santaanadelosguacaras.gob.ar\/sitio\/wp-content\/uploads\/2026\/02\/623383390_1250800753815768_2977963087278783209_n_resultado.webp\"><img loading=\"lazy\" decoding=\"async\" width=\"960\" height=\"852\" data-id=\"4424\" src=\"https:\/\/santaanadelosguacaras.gob.ar\/sitio\/wp-content\/uploads\/2026\/02\/623383390_1250800753815768_2977963087278783209_n_resultado.webp\" alt=\"\" class=\"wp-image-4424\" srcset=\"https:\/\/santaanadelosguacaras.gob.ar\/sitio\/wp-content\/uploads\/2026\/02\/623383390_1250800753815768_2977963087278783209_n_resultado.webp 960w, https:\/\/santaanadelosguacaras.gob.ar\/sitio\/wp-content\/uploads\/2026\/02\/623383390_1250800753815768_2977963087278783209_n_resultado-300x266.webp 300w, https:\/\/santaanadelosguacaras.gob.ar\/sitio\/wp-content\/uploads\/2026\/02\/623383390_1250800753815768_2977963087278783209_n_resultado-768x682.webp 768w\" sizes=\"auto, (max-width: 960px) 100vw, 960px\" \/><\/a><\/figure>\n\n\n\n<figure class=\"wp-block-image size-large\"><a href=\"https:\/\/santaanadelosguacaras.gob.ar\/sitio\/wp-content\/uploads\/2026\/02\/623542022_1250802890482221_8749490334983922525_n_resultado.webp\"><img loading=\"lazy\" decoding=\"async\" width=\"1024\" height=\"1024\" data-id=\"4440\" src=\"https:\/\/santaanadelosguacaras.gob.ar\/sitio\/wp-content\/uploads\/2026\/02\/623542022_1250802890482221_8749490334983922525_n_resultado-1024x1024.webp\" alt=\"\" class=\"wp-image-4440\" srcset=\"https:\/\/santaanadelosguacaras.gob.ar\/sitio\/wp-content\/uploads\/2026\/02\/623542022_1250802890482221_8749490334983922525_n_resultado-1024x1024.webp 1024w, https:\/\/santaanadelosguacaras.gob.ar\/sitio\/wp-content\/uploads\/2026\/02\/623542022_1250802890482221_8749490334983922525_n_resultado-300x300.webp 300w, https:\/\/santaanadelosguacaras.gob.ar\/sitio\/wp-content\/uploads\/2026\/02\/623542022_1250802890482221_8749490334983922525_n_resultado-150x150.webp 150w, https:\/\/santaanadelosguacaras.gob.ar\/sitio\/wp-content\/uploads\/2026\/02\/623542022_1250802890482221_8749490334983922525_n_resultado-768x768.webp 768w, https:\/\/santaanadelosguacaras.gob.ar\/sitio\/wp-content\/uploads\/2026\/02\/623542022_1250802890482221_8749490334983922525_n_resultado-1536x1536.webp 1536w, https:\/\/santaanadelosguacaras.gob.ar\/sitio\/wp-content\/uploads\/2026\/02\/623542022_1250802890482221_8749490334983922525_n_resultado.webp 1728w\" sizes=\"auto, (max-width: 1024px) 100vw, 1024px\" \/><\/a><\/figure>\n\n\n\n<figure class=\"wp-block-image size-large\"><a href=\"https:\/\/santaanadelosguacaras.gob.ar\/sitio\/wp-content\/uploads\/2026\/02\/623800996_1250802940482216_8784183260108260309_n_resultado.webp\"><img loading=\"lazy\" decoding=\"async\" width=\"1024\" height=\"1024\" data-id=\"4437\" src=\"https:\/\/santaanadelosguacaras.gob.ar\/sitio\/wp-content\/uploads\/2026\/02\/623800996_1250802940482216_8784183260108260309_n_resultado-1024x1024.webp\" alt=\"\" class=\"wp-image-4437\" srcset=\"https:\/\/santaanadelosguacaras.gob.ar\/sitio\/wp-content\/uploads\/2026\/02\/623800996_1250802940482216_8784183260108260309_n_resultado-1024x1024.webp 1024w, https:\/\/santaanadelosguacaras.gob.ar\/sitio\/wp-content\/uploads\/2026\/02\/623800996_1250802940482216_8784183260108260309_n_resultado-300x300.webp 300w, https:\/\/santaanadelosguacaras.gob.ar\/sitio\/wp-content\/uploads\/2026\/02\/623800996_1250802940482216_8784183260108260309_n_resultado-150x150.webp 150w, https:\/\/santaanadelosguacaras.gob.ar\/sitio\/wp-content\/uploads\/2026\/02\/623800996_1250802940482216_8784183260108260309_n_resultado-768x768.webp 768w, https:\/\/santaanadelosguacaras.gob.ar\/sitio\/wp-content\/uploads\/2026\/02\/623800996_1250802940482216_8784183260108260309_n_resultado-1536x1536.webp 1536w, https:\/\/santaanadelosguacaras.gob.ar\/sitio\/wp-content\/uploads\/2026\/02\/623800996_1250802940482216_8784183260108260309_n_resultado.webp 1728w\" sizes=\"auto, (max-width: 1024px) 100vw, 1024px\" \/><\/a><\/figure>\n\n\n\n<figure class=\"wp-block-image size-large\"><a href=\"https:\/\/santaanadelosguacaras.gob.ar\/sitio\/wp-content\/uploads\/2026\/02\/625213925_1250802977148879_7926692048060012963_n_resultado.webp\"><img loading=\"lazy\" decoding=\"async\" width=\"1024\" height=\"1024\" data-id=\"4433\" src=\"https:\/\/santaanadelosguacaras.gob.ar\/sitio\/wp-content\/uploads\/2026\/02\/625213925_1250802977148879_7926692048060012963_n_resultado-1024x1024.webp\" alt=\"\" class=\"wp-image-4433\" srcset=\"https:\/\/santaanadelosguacaras.gob.ar\/sitio\/wp-content\/uploads\/2026\/02\/625213925_1250802977148879_7926692048060012963_n_resultado-1024x1024.webp 1024w, https:\/\/santaanadelosguacaras.gob.ar\/sitio\/wp-content\/uploads\/2026\/02\/625213925_1250802977148879_7926692048060012963_n_resultado-300x300.webp 300w, https:\/\/santaanadelosguacaras.gob.ar\/sitio\/wp-content\/uploads\/2026\/02\/625213925_1250802977148879_7926692048060012963_n_resultado-150x150.webp 150w, https:\/\/santaanadelosguacaras.gob.ar\/sitio\/wp-content\/uploads\/2026\/02\/625213925_1250802977148879_7926692048060012963_n_resultado-768x768.webp 768w, https:\/\/santaanadelosguacaras.gob.ar\/sitio\/wp-content\/uploads\/2026\/02\/625213925_1250802977148879_7926692048060012963_n_resultado-1536x1536.webp 1536w, https:\/\/santaanadelosguacaras.gob.ar\/sitio\/wp-content\/uploads\/2026\/02\/625213925_1250802977148879_7926692048060012963_n_resultado.webp 1728w\" sizes=\"auto, (max-width: 1024px) 100vw, 1024px\" \/><\/a><\/figure>\n\n\n\n<figure class=\"wp-block-image size-large\"><a href=\"https:\/\/santaanadelosguacaras.gob.ar\/sitio\/wp-content\/uploads\/2026\/02\/625841817_1250803097148867_3643302988355688399_n_resultado.webp\"><img loading=\"lazy\" decoding=\"async\" width=\"1024\" height=\"1024\" data-id=\"4445\" src=\"https:\/\/santaanadelosguacaras.gob.ar\/sitio\/wp-content\/uploads\/2026\/02\/625841817_1250803097148867_3643302988355688399_n_resultado-1024x1024.webp\" alt=\"\" class=\"wp-image-4445\" srcset=\"https:\/\/santaanadelosguacaras.gob.ar\/sitio\/wp-content\/uploads\/2026\/02\/625841817_1250803097148867_3643302988355688399_n_resultado-1024x1024.webp 1024w, https:\/\/santaanadelosguacaras.gob.ar\/sitio\/wp-content\/uploads\/2026\/02\/625841817_1250803097148867_3643302988355688399_n_resultado-300x300.webp 300w, https:\/\/santaanadelosguacaras.gob.ar\/sitio\/wp-content\/uploads\/2026\/02\/625841817_1250803097148867_3643302988355688399_n_resultado-150x150.webp 150w, https:\/\/santaanadelosguacaras.gob.ar\/sitio\/wp-content\/uploads\/2026\/02\/625841817_1250803097148867_3643302988355688399_n_resultado-768x768.webp 768w, https:\/\/santaanadelosguacaras.gob.ar\/sitio\/wp-content\/uploads\/2026\/02\/625841817_1250803097148867_3643302988355688399_n_resultado-1536x1536.webp 1536w, https:\/\/santaanadelosguacaras.gob.ar\/sitio\/wp-content\/uploads\/2026\/02\/625841817_1250803097148867_3643302988355688399_n_resultado.webp 1728w\" sizes=\"auto, (max-width: 1024px) 100vw, 1024px\" \/><\/a><\/figure>\n\n\n\n<figure class=\"wp-block-image size-large\"><a href=\"https:\/\/santaanadelosguacaras.gob.ar\/sitio\/wp-content\/uploads\/2026\/02\/623545992_1250803220482188_2317106782238300140_n_resultado.webp\"><img loading=\"lazy\" decoding=\"async\" width=\"1024\" height=\"1024\" data-id=\"4444\" src=\"https:\/\/santaanadelosguacaras.gob.ar\/sitio\/wp-content\/uploads\/2026\/02\/623545992_1250803220482188_2317106782238300140_n_resultado-1024x1024.webp\" alt=\"\" class=\"wp-image-4444\" srcset=\"https:\/\/santaanadelosguacaras.gob.ar\/sitio\/wp-content\/uploads\/2026\/02\/623545992_1250803220482188_2317106782238300140_n_resultado-1024x1024.webp 1024w, https:\/\/santaanadelosguacaras.gob.ar\/sitio\/wp-content\/uploads\/2026\/02\/623545992_1250803220482188_2317106782238300140_n_resultado-300x300.webp 300w, https:\/\/santaanadelosguacaras.gob.ar\/sitio\/wp-content\/uploads\/2026\/02\/623545992_1250803220482188_2317106782238300140_n_resultado-150x150.webp 150w, https:\/\/santaanadelosguacaras.gob.ar\/sitio\/wp-content\/uploads\/2026\/02\/623545992_1250803220482188_2317106782238300140_n_resultado-768x768.webp 768w, https:\/\/santaanadelosguacaras.gob.ar\/sitio\/wp-content\/uploads\/2026\/02\/623545992_1250803220482188_2317106782238300140_n_resultado-1536x1536.webp 1536w, https:\/\/santaanadelosguacaras.gob.ar\/sitio\/wp-content\/uploads\/2026\/02\/623545992_1250803220482188_2317106782238300140_n_resultado.webp 1728w\" sizes=\"auto, (max-width: 1024px) 100vw, 1024px\" \/><\/a><\/figure>\n\n\n\n<figure class=\"wp-block-image size-large\"><a href=\"https:\/\/santaanadelosguacaras.gob.ar\/sitio\/wp-content\/uploads\/2026\/02\/626041910_1250803267148850_820874540030024846_n_resultado.webp\"><img loading=\"lazy\" decoding=\"async\" width=\"1024\" height=\"1024\" data-id=\"4441\" src=\"https:\/\/santaanadelosguacaras.gob.ar\/sitio\/wp-content\/uploads\/2026\/02\/626041910_1250803267148850_820874540030024846_n_resultado-1024x1024.webp\" alt=\"\" class=\"wp-image-4441\" srcset=\"https:\/\/santaanadelosguacaras.gob.ar\/sitio\/wp-content\/uploads\/2026\/02\/626041910_1250803267148850_820874540030024846_n_resultado-1024x1024.webp 1024w, https:\/\/santaanadelosguacaras.gob.ar\/sitio\/wp-content\/uploads\/2026\/02\/626041910_1250803267148850_820874540030024846_n_resultado-300x300.webp 300w, https:\/\/santaanadelosguacaras.gob.ar\/sitio\/wp-content\/uploads\/2026\/02\/626041910_1250803267148850_820874540030024846_n_resultado-150x150.webp 150w, https:\/\/santaanadelosguacaras.gob.ar\/sitio\/wp-content\/uploads\/2026\/02\/626041910_1250803267148850_820874540030024846_n_resultado-768x768.webp 768w, https:\/\/santaanadelosguacaras.gob.ar\/sitio\/wp-content\/uploads\/2026\/02\/626041910_1250803267148850_820874540030024846_n_resultado-1536x1536.webp 1536w, https:\/\/santaanadelosguacaras.gob.ar\/sitio\/wp-content\/uploads\/2026\/02\/626041910_1250803267148850_820874540030024846_n_resultado.webp 1728w\" sizes=\"auto, (max-width: 1024px) 100vw, 1024px\" \/><\/a><\/figure>\n\n\n\n<figure class=\"wp-block-image size-large\"><a href=\"https:\/\/santaanadelosguacaras.gob.ar\/sitio\/wp-content\/uploads\/2026\/02\/626362162_1250802150482295_720532846997421641_n_resultado.webp\"><img loading=\"lazy\" decoding=\"async\" width=\"960\" height=\"960\" data-id=\"4438\" src=\"https:\/\/santaanadelosguacaras.gob.ar\/sitio\/wp-content\/uploads\/2026\/02\/626362162_1250802150482295_720532846997421641_n_resultado.webp\" alt=\"\" class=\"wp-image-4438\" srcset=\"https:\/\/santaanadelosguacaras.gob.ar\/sitio\/wp-content\/uploads\/2026\/02\/626362162_1250802150482295_720532846997421641_n_resultado.webp 960w, https:\/\/santaanadelosguacaras.gob.ar\/sitio\/wp-content\/uploads\/2026\/02\/626362162_1250802150482295_720532846997421641_n_resultado-300x300.webp 300w, https:\/\/santaanadelosguacaras.gob.ar\/sitio\/wp-content\/uploads\/2026\/02\/626362162_1250802150482295_720532846997421641_n_resultado-150x150.webp 150w, https:\/\/santaanadelosguacaras.gob.ar\/sitio\/wp-content\/uploads\/2026\/02\/626362162_1250802150482295_720532846997421641_n_resultado-768x768.webp 768w\" sizes=\"auto, (max-width: 960px) 100vw, 960px\" \/><\/a><\/figure>\n\n\n\n<figure class=\"wp-block-image size-large\"><a href=\"https:\/\/santaanadelosguacaras.gob.ar\/sitio\/wp-content\/uploads\/2026\/02\/624565396_1250802207148956_1317352562208065633_n_resultado.webp\"><img loading=\"lazy\" decoding=\"async\" width=\"960\" height=\"960\" data-id=\"4439\" src=\"https:\/\/santaanadelosguacaras.gob.ar\/sitio\/wp-content\/uploads\/2026\/02\/624565396_1250802207148956_1317352562208065633_n_resultado.webp\" alt=\"\" class=\"wp-image-4439\" srcset=\"https:\/\/santaanadelosguacaras.gob.ar\/sitio\/wp-content\/uploads\/2026\/02\/624565396_1250802207148956_1317352562208065633_n_resultado.webp 960w, https:\/\/santaanadelosguacaras.gob.ar\/sitio\/wp-content\/uploads\/2026\/02\/624565396_1250802207148956_1317352562208065633_n_resultado-300x300.webp 300w, https:\/\/santaanadelosguacaras.gob.ar\/sitio\/wp-content\/uploads\/2026\/02\/624565396_1250802207148956_1317352562208065633_n_resultado-150x150.webp 150w, https:\/\/santaanadelosguacaras.gob.ar\/sitio\/wp-content\/uploads\/2026\/02\/624565396_1250802207148956_1317352562208065633_n_resultado-768x768.webp 768w\" sizes=\"auto, (max-width: 960px) 100vw, 960px\" \/><\/a><\/figure>\n\n\n\n<figure class=\"wp-block-image size-large\"><a href=\"https:\/\/santaanadelosguacaras.gob.ar\/sitio\/wp-content\/uploads\/2026\/02\/623462968_1250802240482286_8456332674235187401_n_resultado.webp\"><img loading=\"lazy\" decoding=\"async\" width=\"960\" height=\"960\" data-id=\"4432\" src=\"https:\/\/santaanadelosguacaras.gob.ar\/sitio\/wp-content\/uploads\/2026\/02\/623462968_1250802240482286_8456332674235187401_n_resultado.webp\" alt=\"\" class=\"wp-image-4432\" srcset=\"https:\/\/santaanadelosguacaras.gob.ar\/sitio\/wp-content\/uploads\/2026\/02\/623462968_1250802240482286_8456332674235187401_n_resultado.webp 960w, https:\/\/santaanadelosguacaras.gob.ar\/sitio\/wp-content\/uploads\/2026\/02\/623462968_1250802240482286_8456332674235187401_n_resultado-300x300.webp 300w, https:\/\/santaanadelosguacaras.gob.ar\/sitio\/wp-content\/uploads\/2026\/02\/623462968_1250802240482286_8456332674235187401_n_resultado-150x150.webp 150w, https:\/\/santaanadelosguacaras.gob.ar\/sitio\/wp-content\/uploads\/2026\/02\/623462968_1250802240482286_8456332674235187401_n_resultado-768x768.webp 768w\" sizes=\"auto, (max-width: 960px) 100vw, 960px\" \/><\/a><\/figure>\n\n\n\n<figure class=\"wp-block-image size-large\"><a href=\"https:\/\/santaanadelosguacaras.gob.ar\/sitio\/wp-content\/uploads\/2026\/02\/623304448_1250802280482282_85281781881512060_n_resultado.webp\"><img loading=\"lazy\" decoding=\"async\" width=\"960\" height=\"960\" data-id=\"4425\" src=\"https:\/\/santaanadelosguacaras.gob.ar\/sitio\/wp-content\/uploads\/2026\/02\/623304448_1250802280482282_85281781881512060_n_resultado.webp\" alt=\"\" class=\"wp-image-4425\" srcset=\"https:\/\/santaanadelosguacaras.gob.ar\/sitio\/wp-content\/uploads\/2026\/02\/623304448_1250802280482282_85281781881512060_n_resultado.webp 960w, https:\/\/santaanadelosguacaras.gob.ar\/sitio\/wp-content\/uploads\/2026\/02\/623304448_1250802280482282_85281781881512060_n_resultado-300x300.webp 300w, https:\/\/santaanadelosguacaras.gob.ar\/sitio\/wp-content\/uploads\/2026\/02\/623304448_1250802280482282_85281781881512060_n_resultado-150x150.webp 150w, https:\/\/santaanadelosguacaras.gob.ar\/sitio\/wp-content\/uploads\/2026\/02\/623304448_1250802280482282_85281781881512060_n_resultado-768x768.webp 768w\" sizes=\"auto, (max-width: 960px) 100vw, 960px\" \/><\/a><\/figure>\n\n\n\n<figure class=\"wp-block-image size-large\"><a href=\"https:\/\/santaanadelosguacaras.gob.ar\/sitio\/wp-content\/uploads\/2026\/02\/623432944_1250802317148945_5557661792220192709_n_resultado.webp\"><img loading=\"lazy\" decoding=\"async\" width=\"960\" height=\"960\" data-id=\"4428\" src=\"https:\/\/santaanadelosguacaras.gob.ar\/sitio\/wp-content\/uploads\/2026\/02\/623432944_1250802317148945_5557661792220192709_n_resultado.webp\" alt=\"\" class=\"wp-image-4428\" srcset=\"https:\/\/santaanadelosguacaras.gob.ar\/sitio\/wp-content\/uploads\/2026\/02\/623432944_1250802317148945_5557661792220192709_n_resultado.webp 960w, https:\/\/santaanadelosguacaras.gob.ar\/sitio\/wp-content\/uploads\/2026\/02\/623432944_1250802317148945_5557661792220192709_n_resultado-300x300.webp 300w, https:\/\/santaanadelosguacaras.gob.ar\/sitio\/wp-content\/uploads\/2026\/02\/623432944_1250802317148945_5557661792220192709_n_resultado-150x150.webp 150w, https:\/\/santaanadelosguacaras.gob.ar\/sitio\/wp-content\/uploads\/2026\/02\/623432944_1250802317148945_5557661792220192709_n_resultado-768x768.webp 768w\" sizes=\"auto, (max-width: 960px) 100vw, 960px\" \/><\/a><\/figure>\n\n\n\n<figure class=\"wp-block-image size-large\"><a href=\"https:\/\/santaanadelosguacaras.gob.ar\/sitio\/wp-content\/uploads\/2026\/02\/623788629_1250802350482275_2078857070605761701_n_resultado.webp\"><img loading=\"lazy\" decoding=\"async\" width=\"960\" height=\"960\" data-id=\"4436\" src=\"https:\/\/santaanadelosguacaras.gob.ar\/sitio\/wp-content\/uploads\/2026\/02\/623788629_1250802350482275_2078857070605761701_n_resultado.webp\" alt=\"\" class=\"wp-image-4436\" srcset=\"https:\/\/santaanadelosguacaras.gob.ar\/sitio\/wp-content\/uploads\/2026\/02\/623788629_1250802350482275_2078857070605761701_n_resultado.webp 960w, https:\/\/santaanadelosguacaras.gob.ar\/sitio\/wp-content\/uploads\/2026\/02\/623788629_1250802350482275_2078857070605761701_n_resultado-300x300.webp 300w, https:\/\/santaanadelosguacaras.gob.ar\/sitio\/wp-content\/uploads\/2026\/02\/623788629_1250802350482275_2078857070605761701_n_resultado-150x150.webp 150w, https:\/\/santaanadelosguacaras.gob.ar\/sitio\/wp-content\/uploads\/2026\/02\/623788629_1250802350482275_2078857070605761701_n_resultado-768x768.webp 768w\" sizes=\"auto, (max-width: 960px) 100vw, 960px\" \/><\/a><\/figure>\n\n\n\n<figure class=\"wp-block-image size-large\"><a href=\"https:\/\/santaanadelosguacaras.gob.ar\/sitio\/wp-content\/uploads\/2026\/02\/625228729_1250802403815603_256406058781631224_n_resultado.webp\"><img loading=\"lazy\" decoding=\"async\" width=\"960\" height=\"960\" data-id=\"4429\" src=\"https:\/\/santaanadelosguacaras.gob.ar\/sitio\/wp-content\/uploads\/2026\/02\/625228729_1250802403815603_256406058781631224_n_resultado.webp\" alt=\"\" class=\"wp-image-4429\" srcset=\"https:\/\/santaanadelosguacaras.gob.ar\/sitio\/wp-content\/uploads\/2026\/02\/625228729_1250802403815603_256406058781631224_n_resultado.webp 960w, https:\/\/santaanadelosguacaras.gob.ar\/sitio\/wp-content\/uploads\/2026\/02\/625228729_1250802403815603_256406058781631224_n_resultado-300x300.webp 300w, https:\/\/santaanadelosguacaras.gob.ar\/sitio\/wp-content\/uploads\/2026\/02\/625228729_1250802403815603_256406058781631224_n_resultado-150x150.webp 150w, https:\/\/santaanadelosguacaras.gob.ar\/sitio\/wp-content\/uploads\/2026\/02\/625228729_1250802403815603_256406058781631224_n_resultado-768x768.webp 768w\" sizes=\"auto, (max-width: 960px) 100vw, 960px\" \/><\/a><\/figure>\n\n\n\n<figure class=\"wp-block-image size-large\"><a href=\"https:\/\/santaanadelosguacaras.gob.ar\/sitio\/wp-content\/uploads\/2026\/02\/622281540_1250802447148932_5348474630834476443_n_resultado.webp\"><img loading=\"lazy\" decoding=\"async\" width=\"960\" height=\"960\" data-id=\"4435\" src=\"https:\/\/santaanadelosguacaras.gob.ar\/sitio\/wp-content\/uploads\/2026\/02\/622281540_1250802447148932_5348474630834476443_n_resultado.webp\" alt=\"\" class=\"wp-image-4435\" srcset=\"https:\/\/santaanadelosguacaras.gob.ar\/sitio\/wp-content\/uploads\/2026\/02\/622281540_1250802447148932_5348474630834476443_n_resultado.webp 960w, https:\/\/santaanadelosguacaras.gob.ar\/sitio\/wp-content\/uploads\/2026\/02\/622281540_1250802447148932_5348474630834476443_n_resultado-300x300.webp 300w, https:\/\/santaanadelosguacaras.gob.ar\/sitio\/wp-content\/uploads\/2026\/02\/622281540_1250802447148932_5348474630834476443_n_resultado-150x150.webp 150w, https:\/\/santaanadelosguacaras.gob.ar\/sitio\/wp-content\/uploads\/2026\/02\/622281540_1250802447148932_5348474630834476443_n_resultado-768x768.webp 768w\" sizes=\"auto, (max-width: 960px) 100vw, 960px\" \/><\/a><\/figure>\n\n\n\n<figure class=\"wp-block-image size-large\"><a href=\"https:\/\/santaanadelosguacaras.gob.ar\/sitio\/wp-content\/uploads\/2026\/02\/622213891_1250802503815593_3262159057074290722_n_resultado.webp\"><img loading=\"lazy\" decoding=\"async\" width=\"960\" height=\"960\" data-id=\"4443\" src=\"https:\/\/santaanadelosguacaras.gob.ar\/sitio\/wp-content\/uploads\/2026\/02\/622213891_1250802503815593_3262159057074290722_n_resultado.webp\" alt=\"\" class=\"wp-image-4443\" srcset=\"https:\/\/santaanadelosguacaras.gob.ar\/sitio\/wp-content\/uploads\/2026\/02\/622213891_1250802503815593_3262159057074290722_n_resultado.webp 960w, https:\/\/santaanadelosguacaras.gob.ar\/sitio\/wp-content\/uploads\/2026\/02\/622213891_1250802503815593_3262159057074290722_n_resultado-300x300.webp 300w, https:\/\/santaanadelosguacaras.gob.ar\/sitio\/wp-content\/uploads\/2026\/02\/622213891_1250802503815593_3262159057074290722_n_resultado-150x150.webp 150w, https:\/\/santaanadelosguacaras.gob.ar\/sitio\/wp-content\/uploads\/2026\/02\/622213891_1250802503815593_3262159057074290722_n_resultado-768x768.webp 768w\" sizes=\"auto, (max-width: 960px) 100vw, 960px\" \/><\/a><\/figure>\n\n\n\n<figure class=\"wp-block-image size-large\"><a href=\"https:\/\/santaanadelosguacaras.gob.ar\/sitio\/wp-content\/uploads\/2026\/02\/622702004_1250802547148922_8500632679288729131_n_resultado.webp\"><img loading=\"lazy\" decoding=\"async\" width=\"960\" height=\"960\" data-id=\"4442\" src=\"https:\/\/santaanadelosguacaras.gob.ar\/sitio\/wp-content\/uploads\/2026\/02\/622702004_1250802547148922_8500632679288729131_n_resultado.webp\" alt=\"\" class=\"wp-image-4442\" srcset=\"https:\/\/santaanadelosguacaras.gob.ar\/sitio\/wp-content\/uploads\/2026\/02\/622702004_1250802547148922_8500632679288729131_n_resultado.webp 960w, https:\/\/santaanadelosguacaras.gob.ar\/sitio\/wp-content\/uploads\/2026\/02\/622702004_1250802547148922_8500632679288729131_n_resultado-300x300.webp 300w, https:\/\/santaanadelosguacaras.gob.ar\/sitio\/wp-content\/uploads\/2026\/02\/622702004_1250802547148922_8500632679288729131_n_resultado-150x150.webp 150w, https:\/\/santaanadelosguacaras.gob.ar\/sitio\/wp-content\/uploads\/2026\/02\/622702004_1250802547148922_8500632679288729131_n_resultado-768x768.webp 768w\" sizes=\"auto, (max-width: 960px) 100vw, 960px\" \/><\/a><\/figure>\n\n\n\n<figure class=\"wp-block-image size-large\"><a href=\"https:\/\/santaanadelosguacaras.gob.ar\/sitio\/wp-content\/uploads\/2026\/02\/623709441_1250802603815583_4728459332729107358_n_resultado.webp\"><img loading=\"lazy\" decoding=\"async\" width=\"960\" height=\"960\" data-id=\"4434\" src=\"https:\/\/santaanadelosguacaras.gob.ar\/sitio\/wp-content\/uploads\/2026\/02\/623709441_1250802603815583_4728459332729107358_n_resultado.webp\" alt=\"\" class=\"wp-image-4434\" srcset=\"https:\/\/santaanadelosguacaras.gob.ar\/sitio\/wp-content\/uploads\/2026\/02\/623709441_1250802603815583_4728459332729107358_n_resultado.webp 960w, https:\/\/santaanadelosguacaras.gob.ar\/sitio\/wp-content\/uploads\/2026\/02\/623709441_1250802603815583_4728459332729107358_n_resultado-300x300.webp 300w, https:\/\/santaanadelosguacaras.gob.ar\/sitio\/wp-content\/uploads\/2026\/02\/623709441_1250802603815583_4728459332729107358_n_resultado-150x150.webp 150w, https:\/\/santaanadelosguacaras.gob.ar\/sitio\/wp-content\/uploads\/2026\/02\/623709441_1250802603815583_4728459332729107358_n_resultado-768x768.webp 768w\" sizes=\"auto, (max-width: 960px) 100vw, 960px\" \/><\/a><\/figure>\n\n\n\n<figure class=\"wp-block-image size-large\"><a href=\"https:\/\/santaanadelosguacaras.gob.ar\/sitio\/wp-content\/uploads\/2026\/02\/625296855_1250802647148912_3241287959673653721_n_resultado.webp\"><img loading=\"lazy\" decoding=\"async\" width=\"960\" height=\"960\" data-id=\"4430\" src=\"https:\/\/santaanadelosguacaras.gob.ar\/sitio\/wp-content\/uploads\/2026\/02\/625296855_1250802647148912_3241287959673653721_n_resultado.webp\" alt=\"\" class=\"wp-image-4430\" srcset=\"https:\/\/santaanadelosguacaras.gob.ar\/sitio\/wp-content\/uploads\/2026\/02\/625296855_1250802647148912_3241287959673653721_n_resultado.webp 960w, https:\/\/santaanadelosguacaras.gob.ar\/sitio\/wp-content\/uploads\/2026\/02\/625296855_1250802647148912_3241287959673653721_n_resultado-300x300.webp 300w, https:\/\/santaanadelosguacaras.gob.ar\/sitio\/wp-content\/uploads\/2026\/02\/625296855_1250802647148912_3241287959673653721_n_resultado-150x150.webp 150w, https:\/\/santaanadelosguacaras.gob.ar\/sitio\/wp-content\/uploads\/2026\/02\/625296855_1250802647148912_3241287959673653721_n_resultado-768x768.webp 768w\" sizes=\"auto, (max-width: 960px) 100vw, 960px\" \/><\/a><\/figure>\n\n\n\n<figure class=\"wp-block-image size-large\"><a href=\"https:\/\/santaanadelosguacaras.gob.ar\/sitio\/wp-content\/uploads\/2026\/02\/623357462_1250802683815575_8068282735929314134_n_resultado.webp\"><img loading=\"lazy\" decoding=\"async\" width=\"960\" height=\"960\" data-id=\"4431\" src=\"https:\/\/santaanadelosguacaras.gob.ar\/sitio\/wp-content\/uploads\/2026\/02\/623357462_1250802683815575_8068282735929314134_n_resultado.webp\" alt=\"\" class=\"wp-image-4431\" srcset=\"https:\/\/santaanadelosguacaras.gob.ar\/sitio\/wp-content\/uploads\/2026\/02\/623357462_1250802683815575_8068282735929314134_n_resultado.webp 960w, https:\/\/santaanadelosguacaras.gob.ar\/sitio\/wp-content\/uploads\/2026\/02\/623357462_1250802683815575_8068282735929314134_n_resultado-300x300.webp 300w, https:\/\/santaanadelosguacaras.gob.ar\/sitio\/wp-content\/uploads\/2026\/02\/623357462_1250802683815575_8068282735929314134_n_resultado-150x150.webp 150w, https:\/\/santaanadelosguacaras.gob.ar\/sitio\/wp-content\/uploads\/2026\/02\/623357462_1250802683815575_8068282735929314134_n_resultado-768x768.webp 768w\" sizes=\"auto, (max-width: 960px) 100vw, 960px\" \/><\/a><\/figure>\n<\/figure>\n","protected":false},"excerpt":{"rendered":"<p>En el XI Festival Provincial del Mango, los emprendedores locales y regionales son protagonistas. Est\u00e1n presentes en cada stand ofreciendo productos artesanales, sabores regionales y propuestas que reflejan nuestra identidad.&hellip; <\/p>\n","protected":false},"author":2,"featured_media":4431,"comment_status":"closed","ping_status":"open","sticky":false,"template":"","format":"standard","meta":{"footnotes":""},"categories":[5],"tags":[],"class_list":["post-4422","post","type-post","status-publish","format-standard","has-post-thumbnail","hentry","category-emprendedores"],"yoast_head":"<!-- This site is optimized with the Yoast SEO plugin v24.8.1 - https:\/\/yoast.com\/wordpress\/plugins\/seo\/ -->\n<title>Producci\u00f3n Local y Regional - Municipalidad de Santa Ana de los Gu\u00e1caras<\/title>\n<meta name=\"robots\" content=\"index, follow, max-snippet:-1, max-image-preview:large, max-video-preview:-1\" \/>\n<link rel=\"canonical\" href=\"https:\/\/santaanadelosguacaras.gob.ar\/sitio\/produccion-local-y-regional\/\" \/>\n<meta property=\"og:locale\" content=\"es_ES\" \/>\n<meta property=\"og:type\" content=\"article\" \/>\n<meta property=\"og:title\" content=\"Producci\u00f3n Local y Regional - Municipalidad de Santa Ana de los Gu\u00e1caras\" \/>\n<meta property=\"og:description\" content=\"En el XI Festival Provincial del Mango, los emprendedores locales y regionales son protagonistas. Est\u00e1n presentes en cada stand ofreciendo productos artesanales, sabores regionales y propuestas que reflejan nuestra identidad.&hellip;\" \/>\n<meta property=\"og:url\" content=\"https:\/\/santaanadelosguacaras.gob.ar\/sitio\/produccion-local-y-regional\/\" \/>\n<meta property=\"og:site_name\" content=\"Municipalidad de Santa Ana de los Gu\u00e1caras\" \/>\n<meta property=\"article:publisher\" content=\"https:\/\/www.facebook.com\/MuniSantaAnaDeLosGuacaras\" \/>\n<meta property=\"article:published_time\" content=\"2026-01-31T23:16:07+00:00\" \/>\n<meta property=\"article:modified_time\" content=\"2026-02-17T23:20:16+00:00\" \/>\n<meta property=\"og:image\" content=\"https:\/\/santaanadelosguacaras.gob.ar\/sitio\/wp-content\/uploads\/2026\/02\/623357462_1250802683815575_8068282735929314134_n_resultado.webp\" \/>\n\t<meta property=\"og:image:width\" content=\"960\" \/>\n\t<meta property=\"og:image:height\" content=\"960\" \/>\n\t<meta property=\"og:image:type\" content=\"image\/webp\" \/>\n<meta name=\"author\" content=\"Comunicaci\u00f3n\" \/>\n<meta name=\"twitter:card\" content=\"summary_large_image\" \/>\n<meta name=\"twitter:label1\" content=\"Escrito por\" \/>\n\t<meta name=\"twitter:data1\" content=\"Comunicaci\u00f3n\" \/>\n\t<meta name=\"twitter:label2\" content=\"Tiempo de lectura\" \/>\n\t<meta name=\"twitter:data2\" content=\"5 minutos\" \/>\n<script type=\"application\/ld+json\" class=\"yoast-schema-graph\">{\"@context\":\"https:\/\/schema.org\",\"@graph\":[{\"@type\":\"Article\",\"@id\":\"https:\/\/santaanadelosguacaras.gob.ar\/sitio\/produccion-local-y-regional\/#article\",\"isPartOf\":{\"@id\":\"https:\/\/santaanadelosguacaras.gob.ar\/sitio\/produccion-local-y-regional\/\"},\"author\":{\"name\":\"Comunicaci\u00f3n\",\"@id\":\"https:\/\/santaanadelosguacaras.gob.ar\/sitio\/#\/schema\/person\/aa85e53bbb5a7c7e19834c20ede5e205\"},\"headline\":\"Producci\u00f3n Local y Regional\",\"datePublished\":\"2026-01-31T23:16:07+00:00\",\"dateModified\":\"2026-02-17T23:20:16+00:00\",\"mainEntityOfPage\":{\"@id\":\"https:\/\/santaanadelosguacaras.gob.ar\/sitio\/produccion-local-y-regional\/\"},\"wordCount\":82,\"publisher\":{\"@id\":\"https:\/\/santaanadelosguacaras.gob.ar\/sitio\/#organization\"},\"image\":{\"@id\":\"https:\/\/santaanadelosguacaras.gob.ar\/sitio\/produccion-local-y-regional\/#primaryimage\"},\"thumbnailUrl\":\"https:\/\/santaanadelosguacaras.gob.ar\/sitio\/wp-content\/uploads\/2026\/02\/623357462_1250802683815575_8068282735929314134_n_resultado.webp\",\"articleSection\":[\"Emprendedores\"],\"inLanguage\":\"es\"},{\"@type\":\"WebPage\",\"@id\":\"https:\/\/santaanadelosguacaras.gob.ar\/sitio\/produccion-local-y-regional\/\",\"url\":\"https:\/\/santaanadelosguacaras.gob.ar\/sitio\/produccion-local-y-regional\/\",\"name\":\"Producci\u00f3n Local y Regional - Municipalidad de Santa Ana de los Gu\u00e1caras\",\"isPartOf\":{\"@id\":\"https:\/\/santaanadelosguacaras.gob.ar\/sitio\/#website\"},\"primaryImageOfPage\":{\"@id\":\"https:\/\/santaanadelosguacaras.gob.ar\/sitio\/produccion-local-y-regional\/#primaryimage\"},\"image\":{\"@id\":\"https:\/\/santaanadelosguacaras.gob.ar\/sitio\/produccion-local-y-regional\/#primaryimage\"},\"thumbnailUrl\":\"https:\/\/santaanadelosguacaras.gob.ar\/sitio\/wp-content\/uploads\/2026\/02\/623357462_1250802683815575_8068282735929314134_n_resultado.webp\",\"datePublished\":\"2026-01-31T23:16:07+00:00\",\"dateModified\":\"2026-02-17T23:20:16+00:00\",\"breadcrumb\":{\"@id\":\"https:\/\/santaanadelosguacaras.gob.ar\/sitio\/produccion-local-y-regional\/#breadcrumb\"},\"inLanguage\":\"es\",\"potentialAction\":[{\"@type\":\"ReadAction\",\"target\":[\"https:\/\/santaanadelosguacaras.gob.ar\/sitio\/produccion-local-y-regional\/\"]}]},{\"@type\":\"ImageObject\",\"inLanguage\":\"es\",\"@id\":\"https:\/\/santaanadelosguacaras.gob.ar\/sitio\/produccion-local-y-regional\/#primaryimage\",\"url\":\"https:\/\/santaanadelosguacaras.gob.ar\/sitio\/wp-content\/uploads\/2026\/02\/623357462_1250802683815575_8068282735929314134_n_resultado.webp\",\"contentUrl\":\"https:\/\/santaanadelosguacaras.gob.ar\/sitio\/wp-content\/uploads\/2026\/02\/623357462_1250802683815575_8068282735929314134_n_resultado.webp\",\"width\":960,\"height\":960},{\"@type\":\"BreadcrumbList\",\"@id\":\"https:\/\/santaanadelosguacaras.gob.ar\/sitio\/produccion-local-y-regional\/#breadcrumb\",\"itemListElement\":[{\"@type\":\"ListItem\",\"position\":1,\"name\":\"Portada\",\"item\":\"https:\/\/santaanadelosguacaras.gob.ar\/sitio\/\"},{\"@type\":\"ListItem\",\"position\":2,\"name\":\"Producci\u00f3n Local y Regional\"}]},{\"@type\":\"WebSite\",\"@id\":\"https:\/\/santaanadelosguacaras.gob.ar\/sitio\/#website\",\"url\":\"https:\/\/santaanadelosguacaras.gob.ar\/sitio\/\",\"name\":\"Municipalidad de Santa Ana de los Gu\u00e1caras\",\"description\":\"Descubre Santa Ana de los Gu\u00e1caras, un rinc\u00f3n lleno de historia, cultura y naturaleza en Corrientes. Informaci\u00f3n oficial sobre eventos, turismo, servicios municipales y m\u00e1s. \u00a1Con\u00e9ctate con nuestra comunidad!\",\"publisher\":{\"@id\":\"https:\/\/santaanadelosguacaras.gob.ar\/sitio\/#organization\"},\"alternateName\":\"MuniSantaAna\",\"potentialAction\":[{\"@type\":\"SearchAction\",\"target\":{\"@type\":\"EntryPoint\",\"urlTemplate\":\"https:\/\/santaanadelosguacaras.gob.ar\/sitio\/?s={search_term_string}\"},\"query-input\":{\"@type\":\"PropertyValueSpecification\",\"valueRequired\":true,\"valueName\":\"search_term_string\"}}],\"inLanguage\":\"es\"},{\"@type\":\"Organization\",\"@id\":\"https:\/\/santaanadelosguacaras.gob.ar\/sitio\/#organization\",\"name\":\"Municipalidad de Santa Ana de los Gu\u00e1caras\",\"alternateName\":\"MuniSantaAna\",\"url\":\"https:\/\/santaanadelosguacaras.gob.ar\/sitio\/\",\"logo\":{\"@type\":\"ImageObject\",\"inLanguage\":\"es\",\"@id\":\"https:\/\/santaanadelosguacaras.gob.ar\/sitio\/#\/schema\/logo\/image\/\",\"url\":\"https:\/\/santaanadelosguacaras.gob.ar\/sitio\/wp-content\/uploads\/2024\/12\/cropped-logo_muni_250.png\",\"contentUrl\":\"https:\/\/santaanadelosguacaras.gob.ar\/sitio\/wp-content\/uploads\/2024\/12\/cropped-logo_muni_250.png\",\"width\":247,\"height\":95,\"caption\":\"Municipalidad de Santa Ana de los Gu\u00e1caras\"},\"image\":{\"@id\":\"https:\/\/santaanadelosguacaras.gob.ar\/sitio\/#\/schema\/logo\/image\/\"},\"sameAs\":[\"https:\/\/www.facebook.com\/MuniSantaAnaDeLosGuacaras\",\"https:\/\/www.instagram.com\/muni_santaana_ctes\"]},{\"@type\":\"Person\",\"@id\":\"https:\/\/santaanadelosguacaras.gob.ar\/sitio\/#\/schema\/person\/aa85e53bbb5a7c7e19834c20ede5e205\",\"name\":\"Comunicaci\u00f3n\",\"image\":{\"@type\":\"ImageObject\",\"inLanguage\":\"es\",\"@id\":\"https:\/\/santaanadelosguacaras.gob.ar\/sitio\/#\/schema\/person\/image\/\",\"url\":\"https:\/\/secure.gravatar.com\/avatar\/3e81e68b8dcb0733c78bbafb464befc4a66ce4135950c3e3ac0d3c09e53e7092?s=96&d=mm&r=g\",\"contentUrl\":\"https:\/\/secure.gravatar.com\/avatar\/3e81e68b8dcb0733c78bbafb464befc4a66ce4135950c3e3ac0d3c09e53e7092?s=96&d=mm&r=g\",\"caption\":\"Comunicaci\u00f3n\"}}]}<\/script>\n<!-- \/ Yoast SEO plugin. -->","yoast_head_json":{"title":"Producci\u00f3n Local y Regional - Municipalidad de Santa Ana de los Gu\u00e1caras","robots":{"index":"index","follow":"follow","max-snippet":"max-snippet:-1","max-image-preview":"max-image-preview:large","max-video-preview":"max-video-preview:-1"},"canonical":"https:\/\/santaanadelosguacaras.gob.ar\/sitio\/produccion-local-y-regional\/","og_locale":"es_ES","og_type":"article","og_title":"Producci\u00f3n Local y Regional - Municipalidad de Santa Ana de los Gu\u00e1caras","og_description":"En el XI Festival Provincial del Mango, los emprendedores locales y regionales son protagonistas. Est\u00e1n presentes en cada stand ofreciendo productos artesanales, sabores regionales y propuestas que reflejan nuestra identidad.&hellip;","og_url":"https:\/\/santaanadelosguacaras.gob.ar\/sitio\/produccion-local-y-regional\/","og_site_name":"Municipalidad de Santa Ana de los Gu\u00e1caras","article_publisher":"https:\/\/www.facebook.com\/MuniSantaAnaDeLosGuacaras","article_published_time":"2026-01-31T23:16:07+00:00","article_modified_time":"2026-02-17T23:20:16+00:00","og_image":[{"width":960,"height":960,"url":"https:\/\/santaanadelosguacaras.gob.ar\/sitio\/wp-content\/uploads\/2026\/02\/623357462_1250802683815575_8068282735929314134_n_resultado.webp","type":"image\/webp"}],"author":"Comunicaci\u00f3n","twitter_card":"summary_large_image","twitter_misc":{"Escrito por":"Comunicaci\u00f3n","Tiempo de lectura":"5 minutos"},"schema":{"@context":"https:\/\/schema.org","@graph":[{"@type":"Article","@id":"https:\/\/santaanadelosguacaras.gob.ar\/sitio\/produccion-local-y-regional\/#article","isPartOf":{"@id":"https:\/\/santaanadelosguacaras.gob.ar\/sitio\/produccion-local-y-regional\/"},"author":{"name":"Comunicaci\u00f3n","@id":"https:\/\/santaanadelosguacaras.gob.ar\/sitio\/#\/schema\/person\/aa85e53bbb5a7c7e19834c20ede5e205"},"headline":"Producci\u00f3n Local y Regional","datePublished":"2026-01-31T23:16:07+00:00","dateModified":"2026-02-17T23:20:16+00:00","mainEntityOfPage":{"@id":"https:\/\/santaanadelosguacaras.gob.ar\/sitio\/produccion-local-y-regional\/"},"wordCount":82,"publisher":{"@id":"https:\/\/santaanadelosguacaras.gob.ar\/sitio\/#organization"},"image":{"@id":"https:\/\/santaanadelosguacaras.gob.ar\/sitio\/produccion-local-y-regional\/#primaryimage"},"thumbnailUrl":"https:\/\/santaanadelosguacaras.gob.ar\/sitio\/wp-content\/uploads\/2026\/02\/623357462_1250802683815575_8068282735929314134_n_resultado.webp","articleSection":["Emprendedores"],"inLanguage":"es"},{"@type":"WebPage","@id":"https:\/\/santaanadelosguacaras.gob.ar\/sitio\/produccion-local-y-regional\/","url":"https:\/\/santaanadelosguacaras.gob.ar\/sitio\/produccion-local-y-regional\/","name":"Producci\u00f3n Local y Regional - Municipalidad de Santa Ana de los Gu\u00e1caras","isPartOf":{"@id":"https:\/\/santaanadelosguacaras.gob.ar\/sitio\/#website"},"primaryImageOfPage":{"@id":"https:\/\/santaanadelosguacaras.gob.ar\/sitio\/produccion-local-y-regional\/#primaryimage"},"image":{"@id":"https:\/\/santaanadelosguacaras.gob.ar\/sitio\/produccion-local-y-regional\/#primaryimage"},"thumbnailUrl":"https:\/\/santaanadelosguacaras.gob.ar\/sitio\/wp-content\/uploads\/2026\/02\/623357462_1250802683815575_8068282735929314134_n_resultado.webp","datePublished":"2026-01-31T23:16:07+00:00","dateModified":"2026-02-17T23:20:16+00:00","breadcrumb":{"@id":"https:\/\/santaanadelosguacaras.gob.ar\/sitio\/produccion-local-y-regional\/#breadcrumb"},"inLanguage":"es","potentialAction":[{"@type":"ReadAction","target":["https:\/\/santaanadelosguacaras.gob.ar\/sitio\/produccion-local-y-regional\/"]}]},{"@type":"ImageObject","inLanguage":"es","@id":"https:\/\/santaanadelosguacaras.gob.ar\/sitio\/produccion-local-y-regional\/#primaryimage","url":"https:\/\/santaanadelosguacaras.gob.ar\/sitio\/wp-content\/uploads\/2026\/02\/623357462_1250802683815575_8068282735929314134_n_resultado.webp","contentUrl":"https:\/\/santaanadelosguacaras.gob.ar\/sitio\/wp-content\/uploads\/2026\/02\/623357462_1250802683815575_8068282735929314134_n_resultado.webp","width":960,"height":960},{"@type":"BreadcrumbList","@id":"https:\/\/santaanadelosguacaras.gob.ar\/sitio\/produccion-local-y-regional\/#breadcrumb","itemListElement":[{"@type":"ListItem","position":1,"name":"Portada","item":"https:\/\/santaanadelosguacaras.gob.ar\/sitio\/"},{"@type":"ListItem","position":2,"name":"Producci\u00f3n Local y Regional"}]},{"@type":"WebSite","@id":"https:\/\/santaanadelosguacaras.gob.ar\/sitio\/#website","url":"https:\/\/santaanadelosguacaras.gob.ar\/sitio\/","name":"Municipalidad de Santa Ana de los Gu\u00e1caras","description":"Descubre Santa Ana de los Gu\u00e1caras, un rinc\u00f3n lleno de historia, cultura y naturaleza en Corrientes. Informaci\u00f3n oficial sobre eventos, turismo, servicios municipales y m\u00e1s. \u00a1Con\u00e9ctate con nuestra comunidad!","publisher":{"@id":"https:\/\/santaanadelosguacaras.gob.ar\/sitio\/#organization"},"alternateName":"MuniSantaAna","potentialAction":[{"@type":"SearchAction","target":{"@type":"EntryPoint","urlTemplate":"https:\/\/santaanadelosguacaras.gob.ar\/sitio\/?s={search_term_string}"},"query-input":{"@type":"PropertyValueSpecification","valueRequired":true,"valueName":"search_term_string"}}],"inLanguage":"es"},{"@type":"Organization","@id":"https:\/\/santaanadelosguacaras.gob.ar\/sitio\/#organization","name":"Municipalidad de Santa Ana de los Gu\u00e1caras","alternateName":"MuniSantaAna","url":"https:\/\/santaanadelosguacaras.gob.ar\/sitio\/","logo":{"@type":"ImageObject","inLanguage":"es","@id":"https:\/\/santaanadelosguacaras.gob.ar\/sitio\/#\/schema\/logo\/image\/","url":"https:\/\/santaanadelosguacaras.gob.ar\/sitio\/wp-content\/uploads\/2024\/12\/cropped-logo_muni_250.png","contentUrl":"https:\/\/santaanadelosguacaras.gob.ar\/sitio\/wp-content\/uploads\/2024\/12\/cropped-logo_muni_250.png","width":247,"height":95,"caption":"Municipalidad de Santa Ana de los Gu\u00e1caras"},"image":{"@id":"https:\/\/santaanadelosguacaras.gob.ar\/sitio\/#\/schema\/logo\/image\/"},"sameAs":["https:\/\/www.facebook.com\/MuniSantaAnaDeLosGuacaras","https:\/\/www.instagram.com\/muni_santaana_ctes"]},{"@type":"Person","@id":"https:\/\/santaanadelosguacaras.gob.ar\/sitio\/#\/schema\/person\/aa85e53bbb5a7c7e19834c20ede5e205","name":"Comunicaci\u00f3n","image":{"@type":"ImageObject","inLanguage":"es","@id":"https:\/\/santaanadelosguacaras.gob.ar\/sitio\/#\/schema\/person\/image\/","url":"https:\/\/secure.gravatar.com\/avatar\/3e81e68b8dcb0733c78bbafb464befc4a66ce4135950c3e3ac0d3c09e53e7092?s=96&d=mm&r=g","contentUrl":"https:\/\/secure.gravatar.com\/avatar\/3e81e68b8dcb0733c78bbafb464befc4a66ce4135950c3e3ac0d3c09e53e7092?s=96&d=mm&r=g","caption":"Comunicaci\u00f3n"}}]}},"_links":{"self":[{"href":"https:\/\/santaanadelosguacaras.gob.ar\/sitio\/wp-json\/wp\/v2\/posts\/4422","targetHints":{"allow":["GET"]}}],"collection":[{"href":"https:\/\/santaanadelosguacaras.gob.ar\/sitio\/wp-json\/wp\/v2\/posts"}],"about":[{"href":"https:\/\/santaanadelosguacaras.gob.ar\/sitio\/wp-json\/wp\/v2\/types\/post"}],"author":[{"embeddable":true,"href":"https:\/\/santaanadelosguacaras.gob.ar\/sitio\/wp-json\/wp\/v2\/users\/2"}],"replies":[{"embeddable":true,"href":"https:\/\/santaanadelosguacaras.gob.ar\/sitio\/wp-json\/wp\/v2\/comments?post=4422"}],"version-history":[{"count":1,"href":"https:\/\/santaanadelosguacaras.gob.ar\/sitio\/wp-json\/wp\/v2\/posts\/4422\/revisions"}],"predecessor-version":[{"id":4446,"href":"https:\/\/santaanadelosguacaras.gob.ar\/sitio\/wp-json\/wp\/v2\/posts\/4422\/revisions\/4446"}],"wp:featuredmedia":[{"embeddable":true,"href":"https:\/\/santaanadelosguacaras.gob.ar\/sitio\/wp-json\/wp\/v2\/media\/4431"}],"wp:attachment":[{"href":"https:\/\/santaanadelosguacaras.gob.ar\/sitio\/wp-json\/wp\/v2\/media?parent=4422"}],"wp:term":[{"taxonomy":"category","embeddable":true,"href":"https:\/\/santaanadelosguacaras.gob.ar\/sitio\/wp-json\/wp\/v2\/categories?post=4422"},{"taxonomy":"post_tag","embeddable":true,"href":"https:\/\/santaanadelosguacaras.gob.ar\/sitio\/wp-json\/wp\/v2\/tags?post=4422"}],"curies":[{"name":"wp","href":"https:\/\/api.w.org\/{rel}","templated":true}]}}