{"id":4756,"date":"2026-03-05T19:16:06","date_gmt":"2026-03-05T22:16:06","guid":{"rendered":"https:\/\/santaanadelosguacaras.gob.ar\/sitio\/?p=4756"},"modified":"2026-03-26T19:18:43","modified_gmt":"2026-03-26T22:18:43","slug":"sentir-santa-ana-de-los-guacaras","status":"publish","type":"post","link":"https:\/\/santaanadelosguacaras.gob.ar\/sitio\/sentir-santa-ana-de-los-guacaras\/","title":{"rendered":"Sentir Santa Ana de los Gu\u00e1caras"},"content":{"rendered":"\n<p>Santa Ana de los Gu\u00e1caras se afianza, d\u00eda a d\u00eda, como un destino que invita a descubrir, sentir y volver. Elegida por visitantes de distintos puntos de la regi\u00f3n y del pa\u00eds, la localidad se destaca por su encanto \u00fanico, donde la historia, la identidad y la calidez de su gente se entrelazan en cada experiencia.<\/p>\n\n\n\n<p>La Direcci\u00f3n de Cultura y Turismo acompa\u00f1\u00f3 a cada visitante por los principales atractivos del pueblo: su valioso patrimonio hist\u00f3rico, sus espacios culturales y esos rincones especiales que conservan la esencia viva de la comunidad.<\/p>\n\n\n\n<p>\u00a1Los esperamos siempre para seguir creando nuevas experiencias juntos!<\/p>\n\n\n\n<figure class=\"wp-block-gallery has-nested-images columns-default is-cropped wp-block-gallery-1 is-layout-flex wp-block-gallery-is-layout-flex\">\n<figure class=\"wp-block-image size-large\"><a href=\"https:\/\/santaanadelosguacaras.gob.ar\/sitio\/wp-content\/uploads\/2026\/03\/visitantes_marzo.webp\"><img loading=\"lazy\" decoding=\"async\" width=\"666\" height=\"1024\" data-id=\"4757\" src=\"https:\/\/santaanadelosguacaras.gob.ar\/sitio\/wp-content\/uploads\/2026\/03\/visitantes_marzo-666x1024.webp\" alt=\"\" class=\"wp-image-4757\" srcset=\"https:\/\/santaanadelosguacaras.gob.ar\/sitio\/wp-content\/uploads\/2026\/03\/visitantes_marzo-666x1024.webp 666w, https:\/\/santaanadelosguacaras.gob.ar\/sitio\/wp-content\/uploads\/2026\/03\/visitantes_marzo-195x300.webp 195w, https:\/\/santaanadelosguacaras.gob.ar\/sitio\/wp-content\/uploads\/2026\/03\/visitantes_marzo-768x1182.webp 768w, https:\/\/santaanadelosguacaras.gob.ar\/sitio\/wp-content\/uploads\/2026\/03\/visitantes_marzo.webp 832w\" sizes=\"auto, (max-width: 666px) 100vw, 666px\" \/><\/a><\/figure>\n\n\n\n<figure class=\"wp-block-image size-large\"><a href=\"https:\/\/santaanadelosguacaras.gob.ar\/sitio\/wp-content\/uploads\/2026\/03\/visitantes_marzo_02.webp\"><img loading=\"lazy\" decoding=\"async\" width=\"593\" height=\"1024\" data-id=\"4759\" src=\"https:\/\/santaanadelosguacaras.gob.ar\/sitio\/wp-content\/uploads\/2026\/03\/visitantes_marzo_02-593x1024.webp\" alt=\"\" class=\"wp-image-4759\" srcset=\"https:\/\/santaanadelosguacaras.gob.ar\/sitio\/wp-content\/uploads\/2026\/03\/visitantes_marzo_02-593x1024.webp 593w, https:\/\/santaanadelosguacaras.gob.ar\/sitio\/wp-content\/uploads\/2026\/03\/visitantes_marzo_02-174x300.webp 174w, https:\/\/santaanadelosguacaras.gob.ar\/sitio\/wp-content\/uploads\/2026\/03\/visitantes_marzo_02.webp 741w\" sizes=\"auto, (max-width: 593px) 100vw, 593px\" \/><\/a><\/figure>\n\n\n\n<figure class=\"wp-block-image size-large\"><a href=\"https:\/\/santaanadelosguacaras.gob.ar\/sitio\/wp-content\/uploads\/2026\/03\/visitantes_marzo_03.webp\"><img loading=\"lazy\" decoding=\"async\" width=\"766\" height=\"1024\" data-id=\"4771\" src=\"https:\/\/santaanadelosguacaras.gob.ar\/sitio\/wp-content\/uploads\/2026\/03\/visitantes_marzo_03-766x1024.webp\" alt=\"\" class=\"wp-image-4771\" srcset=\"https:\/\/santaanadelosguacaras.gob.ar\/sitio\/wp-content\/uploads\/2026\/03\/visitantes_marzo_03-766x1024.webp 766w, https:\/\/santaanadelosguacaras.gob.ar\/sitio\/wp-content\/uploads\/2026\/03\/visitantes_marzo_03-224x300.webp 224w, https:\/\/santaanadelosguacaras.gob.ar\/sitio\/wp-content\/uploads\/2026\/03\/visitantes_marzo_03-768x1027.webp 768w, https:\/\/santaanadelosguacaras.gob.ar\/sitio\/wp-content\/uploads\/2026\/03\/visitantes_marzo_03.webp 957w\" sizes=\"auto, (max-width: 766px) 100vw, 766px\" \/><\/a><\/figure>\n\n\n\n<figure class=\"wp-block-image size-large\"><a href=\"https:\/\/santaanadelosguacaras.gob.ar\/sitio\/wp-content\/uploads\/2026\/03\/visitantes_marzo_04.webp\"><img loading=\"lazy\" decoding=\"async\" width=\"605\" height=\"1024\" data-id=\"4764\" src=\"https:\/\/santaanadelosguacaras.gob.ar\/sitio\/wp-content\/uploads\/2026\/03\/visitantes_marzo_04-605x1024.webp\" alt=\"\" class=\"wp-image-4764\" srcset=\"https:\/\/santaanadelosguacaras.gob.ar\/sitio\/wp-content\/uploads\/2026\/03\/visitantes_marzo_04-605x1024.webp 605w, https:\/\/santaanadelosguacaras.gob.ar\/sitio\/wp-content\/uploads\/2026\/03\/visitantes_marzo_04-177x300.webp 177w, https:\/\/santaanadelosguacaras.gob.ar\/sitio\/wp-content\/uploads\/2026\/03\/visitantes_marzo_04.webp 756w\" sizes=\"auto, (max-width: 605px) 100vw, 605px\" \/><\/a><\/figure>\n\n\n\n<figure class=\"wp-block-image size-large\"><a href=\"https:\/\/santaanadelosguacaras.gob.ar\/sitio\/wp-content\/uploads\/2026\/03\/visitantes_marzo_05.webp\"><img loading=\"lazy\" decoding=\"async\" width=\"517\" height=\"1024\" data-id=\"4760\" src=\"https:\/\/santaanadelosguacaras.gob.ar\/sitio\/wp-content\/uploads\/2026\/03\/visitantes_marzo_05-517x1024.webp\" alt=\"\" class=\"wp-image-4760\" srcset=\"https:\/\/santaanadelosguacaras.gob.ar\/sitio\/wp-content\/uploads\/2026\/03\/visitantes_marzo_05-517x1024.webp 517w, https:\/\/santaanadelosguacaras.gob.ar\/sitio\/wp-content\/uploads\/2026\/03\/visitantes_marzo_05-151x300.webp 151w, https:\/\/santaanadelosguacaras.gob.ar\/sitio\/wp-content\/uploads\/2026\/03\/visitantes_marzo_05.webp 646w\" sizes=\"auto, (max-width: 517px) 100vw, 517px\" \/><\/a><\/figure>\n\n\n\n<figure class=\"wp-block-image size-large\"><a href=\"https:\/\/santaanadelosguacaras.gob.ar\/sitio\/wp-content\/uploads\/2026\/03\/visitantes_marzo_06.webp\"><img loading=\"lazy\" decoding=\"async\" width=\"662\" height=\"1024\" data-id=\"4766\" src=\"https:\/\/santaanadelosguacaras.gob.ar\/sitio\/wp-content\/uploads\/2026\/03\/visitantes_marzo_06-662x1024.webp\" alt=\"\" class=\"wp-image-4766\" srcset=\"https:\/\/santaanadelosguacaras.gob.ar\/sitio\/wp-content\/uploads\/2026\/03\/visitantes_marzo_06-662x1024.webp 662w, https:\/\/santaanadelosguacaras.gob.ar\/sitio\/wp-content\/uploads\/2026\/03\/visitantes_marzo_06-194x300.webp 194w, https:\/\/santaanadelosguacaras.gob.ar\/sitio\/wp-content\/uploads\/2026\/03\/visitantes_marzo_06-768x1189.webp 768w, https:\/\/santaanadelosguacaras.gob.ar\/sitio\/wp-content\/uploads\/2026\/03\/visitantes_marzo_06.webp 827w\" sizes=\"auto, (max-width: 662px) 100vw, 662px\" \/><\/a><\/figure>\n\n\n\n<figure class=\"wp-block-image size-large\"><a href=\"https:\/\/santaanadelosguacaras.gob.ar\/sitio\/wp-content\/uploads\/2026\/03\/visitantes_marzo_07.webp\"><img loading=\"lazy\" decoding=\"async\" width=\"722\" height=\"1024\" data-id=\"4765\" src=\"https:\/\/santaanadelosguacaras.gob.ar\/sitio\/wp-content\/uploads\/2026\/03\/visitantes_marzo_07-722x1024.webp\" alt=\"\" class=\"wp-image-4765\" srcset=\"https:\/\/santaanadelosguacaras.gob.ar\/sitio\/wp-content\/uploads\/2026\/03\/visitantes_marzo_07-722x1024.webp 722w, https:\/\/santaanadelosguacaras.gob.ar\/sitio\/wp-content\/uploads\/2026\/03\/visitantes_marzo_07-212x300.webp 212w, https:\/\/santaanadelosguacaras.gob.ar\/sitio\/wp-content\/uploads\/2026\/03\/visitantes_marzo_07-768x1089.webp 768w, https:\/\/santaanadelosguacaras.gob.ar\/sitio\/wp-content\/uploads\/2026\/03\/visitantes_marzo_07.webp 903w\" sizes=\"auto, (max-width: 722px) 100vw, 722px\" \/><\/a><\/figure>\n\n\n\n<figure class=\"wp-block-image size-large\"><a href=\"https:\/\/santaanadelosguacaras.gob.ar\/sitio\/wp-content\/uploads\/2026\/03\/visitantes_marzo_08.webp\"><img loading=\"lazy\" decoding=\"async\" width=\"646\" height=\"1024\" data-id=\"4768\" src=\"https:\/\/santaanadelosguacaras.gob.ar\/sitio\/wp-content\/uploads\/2026\/03\/visitantes_marzo_08-646x1024.webp\" alt=\"\" class=\"wp-image-4768\" srcset=\"https:\/\/santaanadelosguacaras.gob.ar\/sitio\/wp-content\/uploads\/2026\/03\/visitantes_marzo_08-646x1024.webp 646w, https:\/\/santaanadelosguacaras.gob.ar\/sitio\/wp-content\/uploads\/2026\/03\/visitantes_marzo_08-189x300.webp 189w, https:\/\/santaanadelosguacaras.gob.ar\/sitio\/wp-content\/uploads\/2026\/03\/visitantes_marzo_08-768x1217.webp 768w, https:\/\/santaanadelosguacaras.gob.ar\/sitio\/wp-content\/uploads\/2026\/03\/visitantes_marzo_08.webp 808w\" sizes=\"auto, (max-width: 646px) 100vw, 646px\" \/><\/a><\/figure>\n\n\n\n<figure class=\"wp-block-image size-large\"><a href=\"https:\/\/santaanadelosguacaras.gob.ar\/sitio\/wp-content\/uploads\/2026\/03\/visitantes_marzo_09.webp\"><img loading=\"lazy\" decoding=\"async\" width=\"586\" height=\"1024\" data-id=\"4758\" src=\"https:\/\/santaanadelosguacaras.gob.ar\/sitio\/wp-content\/uploads\/2026\/03\/visitantes_marzo_09-586x1024.webp\" alt=\"\" class=\"wp-image-4758\" srcset=\"https:\/\/santaanadelosguacaras.gob.ar\/sitio\/wp-content\/uploads\/2026\/03\/visitantes_marzo_09-586x1024.webp 586w, https:\/\/santaanadelosguacaras.gob.ar\/sitio\/wp-content\/uploads\/2026\/03\/visitantes_marzo_09-172x300.webp 172w, https:\/\/santaanadelosguacaras.gob.ar\/sitio\/wp-content\/uploads\/2026\/03\/visitantes_marzo_09.webp 732w\" sizes=\"auto, (max-width: 586px) 100vw, 586px\" \/><\/a><\/figure>\n\n\n\n<figure class=\"wp-block-image size-large\"><a href=\"https:\/\/santaanadelosguacaras.gob.ar\/sitio\/wp-content\/uploads\/2026\/03\/visitantes_marzo_10.webp\"><img loading=\"lazy\" decoding=\"async\" width=\"658\" height=\"1024\" data-id=\"4770\" src=\"https:\/\/santaanadelosguacaras.gob.ar\/sitio\/wp-content\/uploads\/2026\/03\/visitantes_marzo_10-658x1024.webp\" alt=\"\" class=\"wp-image-4770\" srcset=\"https:\/\/santaanadelosguacaras.gob.ar\/sitio\/wp-content\/uploads\/2026\/03\/visitantes_marzo_10-658x1024.webp 658w, https:\/\/santaanadelosguacaras.gob.ar\/sitio\/wp-content\/uploads\/2026\/03\/visitantes_marzo_10-193x300.webp 193w, https:\/\/santaanadelosguacaras.gob.ar\/sitio\/wp-content\/uploads\/2026\/03\/visitantes_marzo_10-768x1196.webp 768w, https:\/\/santaanadelosguacaras.gob.ar\/sitio\/wp-content\/uploads\/2026\/03\/visitantes_marzo_10.webp 822w\" sizes=\"auto, (max-width: 658px) 100vw, 658px\" \/><\/a><\/figure>\n\n\n\n<figure class=\"wp-block-image size-large\"><a href=\"https:\/\/santaanadelosguacaras.gob.ar\/sitio\/wp-content\/uploads\/2026\/03\/visitantes_marzo_11.webp\"><img loading=\"lazy\" decoding=\"async\" width=\"554\" height=\"1024\" data-id=\"4772\" src=\"https:\/\/santaanadelosguacaras.gob.ar\/sitio\/wp-content\/uploads\/2026\/03\/visitantes_marzo_11-554x1024.webp\" alt=\"\" class=\"wp-image-4772\" srcset=\"https:\/\/santaanadelosguacaras.gob.ar\/sitio\/wp-content\/uploads\/2026\/03\/visitantes_marzo_11-554x1024.webp 554w, https:\/\/santaanadelosguacaras.gob.ar\/sitio\/wp-content\/uploads\/2026\/03\/visitantes_marzo_11-162x300.webp 162w, https:\/\/santaanadelosguacaras.gob.ar\/sitio\/wp-content\/uploads\/2026\/03\/visitantes_marzo_11.webp 693w\" sizes=\"auto, (max-width: 554px) 100vw, 554px\" \/><\/a><\/figure>\n\n\n\n<figure class=\"wp-block-image size-large\"><a href=\"https:\/\/santaanadelosguacaras.gob.ar\/sitio\/wp-content\/uploads\/2026\/03\/visitantes_marzo_12.webp\"><img loading=\"lazy\" decoding=\"async\" width=\"574\" height=\"1024\" data-id=\"4761\" src=\"https:\/\/santaanadelosguacaras.gob.ar\/sitio\/wp-content\/uploads\/2026\/03\/visitantes_marzo_12-574x1024.webp\" alt=\"\" class=\"wp-image-4761\" srcset=\"https:\/\/santaanadelosguacaras.gob.ar\/sitio\/wp-content\/uploads\/2026\/03\/visitantes_marzo_12-574x1024.webp 574w, https:\/\/santaanadelosguacaras.gob.ar\/sitio\/wp-content\/uploads\/2026\/03\/visitantes_marzo_12-168x300.webp 168w, https:\/\/santaanadelosguacaras.gob.ar\/sitio\/wp-content\/uploads\/2026\/03\/visitantes_marzo_12.webp 717w\" sizes=\"auto, (max-width: 574px) 100vw, 574px\" \/><\/a><\/figure>\n\n\n\n<figure class=\"wp-block-image size-large\"><a href=\"https:\/\/santaanadelosguacaras.gob.ar\/sitio\/wp-content\/uploads\/2026\/03\/visitantes_marzo_13.webp\"><img loading=\"lazy\" decoding=\"async\" width=\"574\" height=\"1024\" data-id=\"4774\" src=\"https:\/\/santaanadelosguacaras.gob.ar\/sitio\/wp-content\/uploads\/2026\/03\/visitantes_marzo_13-574x1024.webp\" alt=\"\" class=\"wp-image-4774\" srcset=\"https:\/\/santaanadelosguacaras.gob.ar\/sitio\/wp-content\/uploads\/2026\/03\/visitantes_marzo_13-574x1024.webp 574w, https:\/\/santaanadelosguacaras.gob.ar\/sitio\/wp-content\/uploads\/2026\/03\/visitantes_marzo_13-168x300.webp 168w, https:\/\/santaanadelosguacaras.gob.ar\/sitio\/wp-content\/uploads\/2026\/03\/visitantes_marzo_13.webp 717w\" sizes=\"auto, (max-width: 574px) 100vw, 574px\" \/><\/a><\/figure>\n\n\n\n<figure class=\"wp-block-image size-large\"><a href=\"https:\/\/santaanadelosguacaras.gob.ar\/sitio\/wp-content\/uploads\/2026\/03\/visitantes_marzo_14.webp\"><img loading=\"lazy\" decoding=\"async\" width=\"459\" height=\"1024\" data-id=\"4762\" src=\"https:\/\/santaanadelosguacaras.gob.ar\/sitio\/wp-content\/uploads\/2026\/03\/visitantes_marzo_14-459x1024.webp\" alt=\"\" class=\"wp-image-4762\" srcset=\"https:\/\/santaanadelosguacaras.gob.ar\/sitio\/wp-content\/uploads\/2026\/03\/visitantes_marzo_14-459x1024.webp 459w, https:\/\/santaanadelosguacaras.gob.ar\/sitio\/wp-content\/uploads\/2026\/03\/visitantes_marzo_14-135x300.webp 135w, https:\/\/santaanadelosguacaras.gob.ar\/sitio\/wp-content\/uploads\/2026\/03\/visitantes_marzo_14.webp 574w\" sizes=\"auto, (max-width: 459px) 100vw, 459px\" \/><\/a><\/figure>\n\n\n\n<figure class=\"wp-block-image size-large\"><a href=\"https:\/\/santaanadelosguacaras.gob.ar\/sitio\/wp-content\/uploads\/2026\/03\/visitantes_marzo_15.webp\"><img loading=\"lazy\" decoding=\"async\" width=\"574\" height=\"1024\" data-id=\"4763\" src=\"https:\/\/santaanadelosguacaras.gob.ar\/sitio\/wp-content\/uploads\/2026\/03\/visitantes_marzo_15-574x1024.webp\" alt=\"\" class=\"wp-image-4763\" srcset=\"https:\/\/santaanadelosguacaras.gob.ar\/sitio\/wp-content\/uploads\/2026\/03\/visitantes_marzo_15-574x1024.webp 574w, https:\/\/santaanadelosguacaras.gob.ar\/sitio\/wp-content\/uploads\/2026\/03\/visitantes_marzo_15-168x300.webp 168w, https:\/\/santaanadelosguacaras.gob.ar\/sitio\/wp-content\/uploads\/2026\/03\/visitantes_marzo_15.webp 717w\" sizes=\"auto, (max-width: 574px) 100vw, 574px\" \/><\/a><\/figure>\n\n\n\n<figure class=\"wp-block-image size-large\"><a href=\"https:\/\/santaanadelosguacaras.gob.ar\/sitio\/wp-content\/uploads\/2026\/03\/visitantes_marzo_16.webp\"><img loading=\"lazy\" decoding=\"async\" width=\"916\" height=\"1024\" data-id=\"4767\" src=\"https:\/\/santaanadelosguacaras.gob.ar\/sitio\/wp-content\/uploads\/2026\/03\/visitantes_marzo_16-916x1024.webp\" alt=\"\" class=\"wp-image-4767\" srcset=\"https:\/\/santaanadelosguacaras.gob.ar\/sitio\/wp-content\/uploads\/2026\/03\/visitantes_marzo_16-916x1024.webp 916w, https:\/\/santaanadelosguacaras.gob.ar\/sitio\/wp-content\/uploads\/2026\/03\/visitantes_marzo_16-268x300.webp 268w, https:\/\/santaanadelosguacaras.gob.ar\/sitio\/wp-content\/uploads\/2026\/03\/visitantes_marzo_16-768x859.webp 768w, https:\/\/santaanadelosguacaras.gob.ar\/sitio\/wp-content\/uploads\/2026\/03\/visitantes_marzo_16.webp 1145w\" sizes=\"auto, (max-width: 916px) 100vw, 916px\" \/><\/a><\/figure>\n\n\n\n<figure class=\"wp-block-image size-large\"><a href=\"https:\/\/santaanadelosguacaras.gob.ar\/sitio\/wp-content\/uploads\/2026\/03\/visitantes_marzo_17.webp\"><img loading=\"lazy\" decoding=\"async\" width=\"692\" height=\"1024\" data-id=\"4773\" src=\"https:\/\/santaanadelosguacaras.gob.ar\/sitio\/wp-content\/uploads\/2026\/03\/visitantes_marzo_17-692x1024.webp\" alt=\"\" class=\"wp-image-4773\" srcset=\"https:\/\/santaanadelosguacaras.gob.ar\/sitio\/wp-content\/uploads\/2026\/03\/visitantes_marzo_17-692x1024.webp 692w, https:\/\/santaanadelosguacaras.gob.ar\/sitio\/wp-content\/uploads\/2026\/03\/visitantes_marzo_17-203x300.webp 203w, https:\/\/santaanadelosguacaras.gob.ar\/sitio\/wp-content\/uploads\/2026\/03\/visitantes_marzo_17-768x1136.webp 768w, https:\/\/santaanadelosguacaras.gob.ar\/sitio\/wp-content\/uploads\/2026\/03\/visitantes_marzo_17.webp 865w\" sizes=\"auto, (max-width: 692px) 100vw, 692px\" \/><\/a><\/figure>\n\n\n\n<figure class=\"wp-block-image size-large\"><a href=\"https:\/\/santaanadelosguacaras.gob.ar\/sitio\/wp-content\/uploads\/2026\/03\/visitantes_marzo_18.webp\"><img loading=\"lazy\" decoding=\"async\" width=\"666\" height=\"1024\" data-id=\"4769\" src=\"https:\/\/santaanadelosguacaras.gob.ar\/sitio\/wp-content\/uploads\/2026\/03\/visitantes_marzo_18-666x1024.webp\" alt=\"\" class=\"wp-image-4769\" srcset=\"https:\/\/santaanadelosguacaras.gob.ar\/sitio\/wp-content\/uploads\/2026\/03\/visitantes_marzo_18-666x1024.webp 666w, https:\/\/santaanadelosguacaras.gob.ar\/sitio\/wp-content\/uploads\/2026\/03\/visitantes_marzo_18-195x300.webp 195w, https:\/\/santaanadelosguacaras.gob.ar\/sitio\/wp-content\/uploads\/2026\/03\/visitantes_marzo_18-768x1182.webp 768w, https:\/\/santaanadelosguacaras.gob.ar\/sitio\/wp-content\/uploads\/2026\/03\/visitantes_marzo_18.webp 832w\" sizes=\"auto, (max-width: 666px) 100vw, 666px\" \/><\/a><\/figure>\n<\/figure>\n","protected":false},"excerpt":{"rendered":"<p>Santa Ana de los Gu\u00e1caras se afianza, d\u00eda a d\u00eda, como un destino que invita a descubrir, sentir y volver. Elegida por visitantes de distintos puntos de la regi\u00f3n y&hellip; <\/p>\n","protected":false},"author":2,"featured_media":4757,"comment_status":"closed","ping_status":"open","sticky":false,"template":"","format":"standard","meta":{"footnotes":""},"categories":[3,42],"tags":[],"class_list":["post-4756","post","type-post","status-publish","format-standard","has-post-thumbnail","hentry","category-cultura-y-turismo","category-turismo-visitantes"],"yoast_head":"<!-- This site is optimized with the Yoast SEO plugin v24.8.1 - https:\/\/yoast.com\/wordpress\/plugins\/seo\/ -->\n<title>Sentir Santa Ana de los Gu\u00e1caras - Municipalidad de Santa Ana de los Gu\u00e1caras<\/title>\n<meta name=\"robots\" content=\"index, follow, max-snippet:-1, max-image-preview:large, max-video-preview:-1\" \/>\n<link rel=\"canonical\" href=\"https:\/\/santaanadelosguacaras.gob.ar\/sitio\/sentir-santa-ana-de-los-guacaras\/\" \/>\n<meta property=\"og:locale\" content=\"es_ES\" \/>\n<meta property=\"og:type\" content=\"article\" \/>\n<meta property=\"og:title\" content=\"Sentir Santa Ana de los Gu\u00e1caras - Municipalidad de Santa Ana de los Gu\u00e1caras\" \/>\n<meta property=\"og:description\" content=\"Santa Ana de los Gu\u00e1caras se afianza, d\u00eda a d\u00eda, como un destino que invita a descubrir, sentir y volver. Elegida por visitantes de distintos puntos de la regi\u00f3n y&hellip;\" \/>\n<meta property=\"og:url\" content=\"https:\/\/santaanadelosguacaras.gob.ar\/sitio\/sentir-santa-ana-de-los-guacaras\/\" \/>\n<meta property=\"og:site_name\" content=\"Municipalidad de Santa Ana de los Gu\u00e1caras\" \/>\n<meta property=\"article:publisher\" content=\"https:\/\/www.facebook.com\/MuniSantaAnaDeLosGuacaras\" \/>\n<meta property=\"article:published_time\" content=\"2026-03-05T22:16:06+00:00\" \/>\n<meta property=\"article:modified_time\" content=\"2026-03-26T22:18:43+00:00\" \/>\n<meta property=\"og:image\" content=\"https:\/\/santaanadelosguacaras.gob.ar\/sitio\/wp-content\/uploads\/2026\/03\/visitantes_marzo.webp\" \/>\n\t<meta property=\"og:image:width\" content=\"832\" \/>\n\t<meta property=\"og:image:height\" content=\"1280\" \/>\n\t<meta property=\"og:image:type\" content=\"image\/webp\" \/>\n<meta name=\"author\" content=\"Comunicaci\u00f3n\" \/>\n<meta name=\"twitter:card\" content=\"summary_large_image\" \/>\n<meta name=\"twitter:label1\" content=\"Escrito por\" \/>\n\t<meta name=\"twitter:data1\" content=\"Comunicaci\u00f3n\" \/>\n\t<meta name=\"twitter:label2\" content=\"Tiempo de lectura\" \/>\n\t<meta name=\"twitter:data2\" content=\"5 minutos\" \/>\n<script type=\"application\/ld+json\" class=\"yoast-schema-graph\">{\"@context\":\"https:\/\/schema.org\",\"@graph\":[{\"@type\":\"Article\",\"@id\":\"https:\/\/santaanadelosguacaras.gob.ar\/sitio\/sentir-santa-ana-de-los-guacaras\/#article\",\"isPartOf\":{\"@id\":\"https:\/\/santaanadelosguacaras.gob.ar\/sitio\/sentir-santa-ana-de-los-guacaras\/\"},\"author\":{\"name\":\"Comunicaci\u00f3n\",\"@id\":\"https:\/\/santaanadelosguacaras.gob.ar\/sitio\/#\/schema\/person\/aa85e53bbb5a7c7e19834c20ede5e205\"},\"headline\":\"Sentir Santa Ana de los Gu\u00e1caras\",\"datePublished\":\"2026-03-05T22:16:06+00:00\",\"dateModified\":\"2026-03-26T22:18:43+00:00\",\"mainEntityOfPage\":{\"@id\":\"https:\/\/santaanadelosguacaras.gob.ar\/sitio\/sentir-santa-ana-de-los-guacaras\/\"},\"wordCount\":114,\"publisher\":{\"@id\":\"https:\/\/santaanadelosguacaras.gob.ar\/sitio\/#organization\"},\"image\":{\"@id\":\"https:\/\/santaanadelosguacaras.gob.ar\/sitio\/sentir-santa-ana-de-los-guacaras\/#primaryimage\"},\"thumbnailUrl\":\"https:\/\/santaanadelosguacaras.gob.ar\/sitio\/wp-content\/uploads\/2026\/03\/visitantes_marzo.webp\",\"articleSection\":[\"Cultura y Turismo\",\"Turismo - Visitantes\"],\"inLanguage\":\"es\"},{\"@type\":\"WebPage\",\"@id\":\"https:\/\/santaanadelosguacaras.gob.ar\/sitio\/sentir-santa-ana-de-los-guacaras\/\",\"url\":\"https:\/\/santaanadelosguacaras.gob.ar\/sitio\/sentir-santa-ana-de-los-guacaras\/\",\"name\":\"Sentir Santa Ana de los Gu\u00e1caras - Municipalidad de Santa Ana de los Gu\u00e1caras\",\"isPartOf\":{\"@id\":\"https:\/\/santaanadelosguacaras.gob.ar\/sitio\/#website\"},\"primaryImageOfPage\":{\"@id\":\"https:\/\/santaanadelosguacaras.gob.ar\/sitio\/sentir-santa-ana-de-los-guacaras\/#primaryimage\"},\"image\":{\"@id\":\"https:\/\/santaanadelosguacaras.gob.ar\/sitio\/sentir-santa-ana-de-los-guacaras\/#primaryimage\"},\"thumbnailUrl\":\"https:\/\/santaanadelosguacaras.gob.ar\/sitio\/wp-content\/uploads\/2026\/03\/visitantes_marzo.webp\",\"datePublished\":\"2026-03-05T22:16:06+00:00\",\"dateModified\":\"2026-03-26T22:18:43+00:00\",\"breadcrumb\":{\"@id\":\"https:\/\/santaanadelosguacaras.gob.ar\/sitio\/sentir-santa-ana-de-los-guacaras\/#breadcrumb\"},\"inLanguage\":\"es\",\"potentialAction\":[{\"@type\":\"ReadAction\",\"target\":[\"https:\/\/santaanadelosguacaras.gob.ar\/sitio\/sentir-santa-ana-de-los-guacaras\/\"]}]},{\"@type\":\"ImageObject\",\"inLanguage\":\"es\",\"@id\":\"https:\/\/santaanadelosguacaras.gob.ar\/sitio\/sentir-santa-ana-de-los-guacaras\/#primaryimage\",\"url\":\"https:\/\/santaanadelosguacaras.gob.ar\/sitio\/wp-content\/uploads\/2026\/03\/visitantes_marzo.webp\",\"contentUrl\":\"https:\/\/santaanadelosguacaras.gob.ar\/sitio\/wp-content\/uploads\/2026\/03\/visitantes_marzo.webp\",\"width\":832,\"height\":1280},{\"@type\":\"BreadcrumbList\",\"@id\":\"https:\/\/santaanadelosguacaras.gob.ar\/sitio\/sentir-santa-ana-de-los-guacaras\/#breadcrumb\",\"itemListElement\":[{\"@type\":\"ListItem\",\"position\":1,\"name\":\"Portada\",\"item\":\"https:\/\/santaanadelosguacaras.gob.ar\/sitio\/\"},{\"@type\":\"ListItem\",\"position\":2,\"name\":\"Sentir Santa Ana de los Gu\u00e1caras\"}]},{\"@type\":\"WebSite\",\"@id\":\"https:\/\/santaanadelosguacaras.gob.ar\/sitio\/#website\",\"url\":\"https:\/\/santaanadelosguacaras.gob.ar\/sitio\/\",\"name\":\"Municipalidad de Santa Ana de los Gu\u00e1caras\",\"description\":\"Descubre Santa Ana de los Gu\u00e1caras, un rinc\u00f3n lleno de historia, cultura y naturaleza en Corrientes. Informaci\u00f3n oficial sobre eventos, turismo, servicios municipales y m\u00e1s. \u00a1Con\u00e9ctate con nuestra comunidad!\",\"publisher\":{\"@id\":\"https:\/\/santaanadelosguacaras.gob.ar\/sitio\/#organization\"},\"alternateName\":\"MuniSantaAna\",\"potentialAction\":[{\"@type\":\"SearchAction\",\"target\":{\"@type\":\"EntryPoint\",\"urlTemplate\":\"https:\/\/santaanadelosguacaras.gob.ar\/sitio\/?s={search_term_string}\"},\"query-input\":{\"@type\":\"PropertyValueSpecification\",\"valueRequired\":true,\"valueName\":\"search_term_string\"}}],\"inLanguage\":\"es\"},{\"@type\":\"Organization\",\"@id\":\"https:\/\/santaanadelosguacaras.gob.ar\/sitio\/#organization\",\"name\":\"Municipalidad de Santa Ana de los Gu\u00e1caras\",\"alternateName\":\"MuniSantaAna\",\"url\":\"https:\/\/santaanadelosguacaras.gob.ar\/sitio\/\",\"logo\":{\"@type\":\"ImageObject\",\"inLanguage\":\"es\",\"@id\":\"https:\/\/santaanadelosguacaras.gob.ar\/sitio\/#\/schema\/logo\/image\/\",\"url\":\"https:\/\/santaanadelosguacaras.gob.ar\/sitio\/wp-content\/uploads\/2024\/12\/cropped-logo_muni_250.png\",\"contentUrl\":\"https:\/\/santaanadelosguacaras.gob.ar\/sitio\/wp-content\/uploads\/2024\/12\/cropped-logo_muni_250.png\",\"width\":247,\"height\":95,\"caption\":\"Municipalidad de Santa Ana de los Gu\u00e1caras\"},\"image\":{\"@id\":\"https:\/\/santaanadelosguacaras.gob.ar\/sitio\/#\/schema\/logo\/image\/\"},\"sameAs\":[\"https:\/\/www.facebook.com\/MuniSantaAnaDeLosGuacaras\",\"https:\/\/www.instagram.com\/muni_santaana_ctes\"]},{\"@type\":\"Person\",\"@id\":\"https:\/\/santaanadelosguacaras.gob.ar\/sitio\/#\/schema\/person\/aa85e53bbb5a7c7e19834c20ede5e205\",\"name\":\"Comunicaci\u00f3n\",\"image\":{\"@type\":\"ImageObject\",\"inLanguage\":\"es\",\"@id\":\"https:\/\/santaanadelosguacaras.gob.ar\/sitio\/#\/schema\/person\/image\/\",\"url\":\"https:\/\/secure.gravatar.com\/avatar\/3e81e68b8dcb0733c78bbafb464befc4a66ce4135950c3e3ac0d3c09e53e7092?s=96&d=mm&r=g\",\"contentUrl\":\"https:\/\/secure.gravatar.com\/avatar\/3e81e68b8dcb0733c78bbafb464befc4a66ce4135950c3e3ac0d3c09e53e7092?s=96&d=mm&r=g\",\"caption\":\"Comunicaci\u00f3n\"}}]}<\/script>\n<!-- \/ Yoast SEO plugin. -->","yoast_head_json":{"title":"Sentir Santa Ana de los Gu\u00e1caras - Municipalidad de Santa Ana de los Gu\u00e1caras","robots":{"index":"index","follow":"follow","max-snippet":"max-snippet:-1","max-image-preview":"max-image-preview:large","max-video-preview":"max-video-preview:-1"},"canonical":"https:\/\/santaanadelosguacaras.gob.ar\/sitio\/sentir-santa-ana-de-los-guacaras\/","og_locale":"es_ES","og_type":"article","og_title":"Sentir Santa Ana de los Gu\u00e1caras - Municipalidad de Santa Ana de los Gu\u00e1caras","og_description":"Santa Ana de los Gu\u00e1caras se afianza, d\u00eda a d\u00eda, como un destino que invita a descubrir, sentir y volver. Elegida por visitantes de distintos puntos de la regi\u00f3n y&hellip;","og_url":"https:\/\/santaanadelosguacaras.gob.ar\/sitio\/sentir-santa-ana-de-los-guacaras\/","og_site_name":"Municipalidad de Santa Ana de los Gu\u00e1caras","article_publisher":"https:\/\/www.facebook.com\/MuniSantaAnaDeLosGuacaras","article_published_time":"2026-03-05T22:16:06+00:00","article_modified_time":"2026-03-26T22:18:43+00:00","og_image":[{"width":832,"height":1280,"url":"https:\/\/santaanadelosguacaras.gob.ar\/sitio\/wp-content\/uploads\/2026\/03\/visitantes_marzo.webp","type":"image\/webp"}],"author":"Comunicaci\u00f3n","twitter_card":"summary_large_image","twitter_misc":{"Escrito por":"Comunicaci\u00f3n","Tiempo de lectura":"5 minutos"},"schema":{"@context":"https:\/\/schema.org","@graph":[{"@type":"Article","@id":"https:\/\/santaanadelosguacaras.gob.ar\/sitio\/sentir-santa-ana-de-los-guacaras\/#article","isPartOf":{"@id":"https:\/\/santaanadelosguacaras.gob.ar\/sitio\/sentir-santa-ana-de-los-guacaras\/"},"author":{"name":"Comunicaci\u00f3n","@id":"https:\/\/santaanadelosguacaras.gob.ar\/sitio\/#\/schema\/person\/aa85e53bbb5a7c7e19834c20ede5e205"},"headline":"Sentir Santa Ana de los Gu\u00e1caras","datePublished":"2026-03-05T22:16:06+00:00","dateModified":"2026-03-26T22:18:43+00:00","mainEntityOfPage":{"@id":"https:\/\/santaanadelosguacaras.gob.ar\/sitio\/sentir-santa-ana-de-los-guacaras\/"},"wordCount":114,"publisher":{"@id":"https:\/\/santaanadelosguacaras.gob.ar\/sitio\/#organization"},"image":{"@id":"https:\/\/santaanadelosguacaras.gob.ar\/sitio\/sentir-santa-ana-de-los-guacaras\/#primaryimage"},"thumbnailUrl":"https:\/\/santaanadelosguacaras.gob.ar\/sitio\/wp-content\/uploads\/2026\/03\/visitantes_marzo.webp","articleSection":["Cultura y Turismo","Turismo - Visitantes"],"inLanguage":"es"},{"@type":"WebPage","@id":"https:\/\/santaanadelosguacaras.gob.ar\/sitio\/sentir-santa-ana-de-los-guacaras\/","url":"https:\/\/santaanadelosguacaras.gob.ar\/sitio\/sentir-santa-ana-de-los-guacaras\/","name":"Sentir Santa Ana de los Gu\u00e1caras - Municipalidad de Santa Ana de los Gu\u00e1caras","isPartOf":{"@id":"https:\/\/santaanadelosguacaras.gob.ar\/sitio\/#website"},"primaryImageOfPage":{"@id":"https:\/\/santaanadelosguacaras.gob.ar\/sitio\/sentir-santa-ana-de-los-guacaras\/#primaryimage"},"image":{"@id":"https:\/\/santaanadelosguacaras.gob.ar\/sitio\/sentir-santa-ana-de-los-guacaras\/#primaryimage"},"thumbnailUrl":"https:\/\/santaanadelosguacaras.gob.ar\/sitio\/wp-content\/uploads\/2026\/03\/visitantes_marzo.webp","datePublished":"2026-03-05T22:16:06+00:00","dateModified":"2026-03-26T22:18:43+00:00","breadcrumb":{"@id":"https:\/\/santaanadelosguacaras.gob.ar\/sitio\/sentir-santa-ana-de-los-guacaras\/#breadcrumb"},"inLanguage":"es","potentialAction":[{"@type":"ReadAction","target":["https:\/\/santaanadelosguacaras.gob.ar\/sitio\/sentir-santa-ana-de-los-guacaras\/"]}]},{"@type":"ImageObject","inLanguage":"es","@id":"https:\/\/santaanadelosguacaras.gob.ar\/sitio\/sentir-santa-ana-de-los-guacaras\/#primaryimage","url":"https:\/\/santaanadelosguacaras.gob.ar\/sitio\/wp-content\/uploads\/2026\/03\/visitantes_marzo.webp","contentUrl":"https:\/\/santaanadelosguacaras.gob.ar\/sitio\/wp-content\/uploads\/2026\/03\/visitantes_marzo.webp","width":832,"height":1280},{"@type":"BreadcrumbList","@id":"https:\/\/santaanadelosguacaras.gob.ar\/sitio\/sentir-santa-ana-de-los-guacaras\/#breadcrumb","itemListElement":[{"@type":"ListItem","position":1,"name":"Portada","item":"https:\/\/santaanadelosguacaras.gob.ar\/sitio\/"},{"@type":"ListItem","position":2,"name":"Sentir Santa Ana de los Gu\u00e1caras"}]},{"@type":"WebSite","@id":"https:\/\/santaanadelosguacaras.gob.ar\/sitio\/#website","url":"https:\/\/santaanadelosguacaras.gob.ar\/sitio\/","name":"Municipalidad de Santa Ana de los Gu\u00e1caras","description":"Descubre Santa Ana de los Gu\u00e1caras, un rinc\u00f3n lleno de historia, cultura y naturaleza en Corrientes. Informaci\u00f3n oficial sobre eventos, turismo, servicios municipales y m\u00e1s. \u00a1Con\u00e9ctate con nuestra comunidad!","publisher":{"@id":"https:\/\/santaanadelosguacaras.gob.ar\/sitio\/#organization"},"alternateName":"MuniSantaAna","potentialAction":[{"@type":"SearchAction","target":{"@type":"EntryPoint","urlTemplate":"https:\/\/santaanadelosguacaras.gob.ar\/sitio\/?s={search_term_string}"},"query-input":{"@type":"PropertyValueSpecification","valueRequired":true,"valueName":"search_term_string"}}],"inLanguage":"es"},{"@type":"Organization","@id":"https:\/\/santaanadelosguacaras.gob.ar\/sitio\/#organization","name":"Municipalidad de Santa Ana de los Gu\u00e1caras","alternateName":"MuniSantaAna","url":"https:\/\/santaanadelosguacaras.gob.ar\/sitio\/","logo":{"@type":"ImageObject","inLanguage":"es","@id":"https:\/\/santaanadelosguacaras.gob.ar\/sitio\/#\/schema\/logo\/image\/","url":"https:\/\/santaanadelosguacaras.gob.ar\/sitio\/wp-content\/uploads\/2024\/12\/cropped-logo_muni_250.png","contentUrl":"https:\/\/santaanadelosguacaras.gob.ar\/sitio\/wp-content\/uploads\/2024\/12\/cropped-logo_muni_250.png","width":247,"height":95,"caption":"Municipalidad de Santa Ana de los Gu\u00e1caras"},"image":{"@id":"https:\/\/santaanadelosguacaras.gob.ar\/sitio\/#\/schema\/logo\/image\/"},"sameAs":["https:\/\/www.facebook.com\/MuniSantaAnaDeLosGuacaras","https:\/\/www.instagram.com\/muni_santaana_ctes"]},{"@type":"Person","@id":"https:\/\/santaanadelosguacaras.gob.ar\/sitio\/#\/schema\/person\/aa85e53bbb5a7c7e19834c20ede5e205","name":"Comunicaci\u00f3n","image":{"@type":"ImageObject","inLanguage":"es","@id":"https:\/\/santaanadelosguacaras.gob.ar\/sitio\/#\/schema\/person\/image\/","url":"https:\/\/secure.gravatar.com\/avatar\/3e81e68b8dcb0733c78bbafb464befc4a66ce4135950c3e3ac0d3c09e53e7092?s=96&d=mm&r=g","contentUrl":"https:\/\/secure.gravatar.com\/avatar\/3e81e68b8dcb0733c78bbafb464befc4a66ce4135950c3e3ac0d3c09e53e7092?s=96&d=mm&r=g","caption":"Comunicaci\u00f3n"}}]}},"_links":{"self":[{"href":"https:\/\/santaanadelosguacaras.gob.ar\/sitio\/wp-json\/wp\/v2\/posts\/4756","targetHints":{"allow":["GET"]}}],"collection":[{"href":"https:\/\/santaanadelosguacaras.gob.ar\/sitio\/wp-json\/wp\/v2\/posts"}],"about":[{"href":"https:\/\/santaanadelosguacaras.gob.ar\/sitio\/wp-json\/wp\/v2\/types\/post"}],"author":[{"embeddable":true,"href":"https:\/\/santaanadelosguacaras.gob.ar\/sitio\/wp-json\/wp\/v2\/users\/2"}],"replies":[{"embeddable":true,"href":"https:\/\/santaanadelosguacaras.gob.ar\/sitio\/wp-json\/wp\/v2\/comments?post=4756"}],"version-history":[{"count":1,"href":"https:\/\/santaanadelosguacaras.gob.ar\/sitio\/wp-json\/wp\/v2\/posts\/4756\/revisions"}],"predecessor-version":[{"id":4775,"href":"https:\/\/santaanadelosguacaras.gob.ar\/sitio\/wp-json\/wp\/v2\/posts\/4756\/revisions\/4775"}],"wp:featuredmedia":[{"embeddable":true,"href":"https:\/\/santaanadelosguacaras.gob.ar\/sitio\/wp-json\/wp\/v2\/media\/4757"}],"wp:attachment":[{"href":"https:\/\/santaanadelosguacaras.gob.ar\/sitio\/wp-json\/wp\/v2\/media?parent=4756"}],"wp:term":[{"taxonomy":"category","embeddable":true,"href":"https:\/\/santaanadelosguacaras.gob.ar\/sitio\/wp-json\/wp\/v2\/categories?post=4756"},{"taxonomy":"post_tag","embeddable":true,"href":"https:\/\/santaanadelosguacaras.gob.ar\/sitio\/wp-json\/wp\/v2\/tags?post=4756"}],"curies":[{"name":"wp","href":"https:\/\/api.w.org\/{rel}","templated":true}]}}