{"id":5312,"date":"2026-08-30T22:09:56","date_gmt":"2026-08-31T01:09:56","guid":{"rendered":"https:\/\/santaanadelosguacaras.gob.ar\/sitio\/?p=5312"},"modified":"2026-08-30T22:09:57","modified_gmt":"2026-08-31T01:09:57","slug":"gracias-por-visitarnos-natalicio-delgado-%f0%9f%aa%97%e2%9c%a8","status":"publish","type":"post","link":"https:\/\/santaanadelosguacaras.gob.ar\/sitio\/gracias-por-visitarnos-natalicio-delgado-%f0%9f%aa%97%e2%9c%a8\/","title":{"rendered":"\u00a1Gracias por visitarnos, Natalicio Delgado! &#x1fa97;&#x2728;"},"content":{"rendered":"\n<div class=\"wp-block-group is-nowrap is-layout-flex wp-container-core-group-is-layout-8f761849 wp-block-group-is-layout-flex\">\n<figure class=\"wp-block-video\"><video height=\"720\" style=\"aspect-ratio: 1280 \/ 720;\" width=\"1280\" controls src=\"https:\/\/santaanadelosguacaras.gob.ar\/sitio\/wp-content\/uploads\/2026\/08\/video-mejorado-sin-marca.mp4\"><\/video><\/figure>\n\n\n\n<figure class=\"wp-block-video\"><video height=\"720\" style=\"aspect-ratio: 1280 \/ 720;\" width=\"1280\" controls src=\"https:\/\/santaanadelosguacaras.gob.ar\/sitio\/wp-content\/uploads\/2026\/08\/Diseno-sin-titulo-sin-marca-1.mp4\"><\/video><\/figure>\n<\/div>\n\n\n\n<blockquote class=\"wp-block-quote is-layout-flow wp-block-quote-is-layout-flow\">\n<p class=\"wp-block-paragraph\">Queremos hacer llegar un agradecimiento muy especial a <strong> Natalicio Delgado<\/strong>, a su hija Patricia y a su ch\u00f3fer Toni, quienes viajaron desde la capital correntina para recorrer, conocer y disfrutar de nuestro querido pueblo de <strong>Santa Ana de los Gu\u00e1caras<\/strong>.<\/p>\n\n\n\n<ul class=\"wp-block-list\">\n<li>En el video, Heraclio comparte su historia con un gran sentido de pertenencia: cuenta que naci\u00f3 en Palmar Grande (Departamento de General Paz) y que hace 60 a\u00f1os est\u00e1 radicado en la ciudad de Corrientes, donde crio a su familia.<\/li>\n\n\n\n<li>Con su acorde\u00f3n en mano y vistiendo su tradicional boina roja, recuerda con nostalgia los viejos tiempos del trencito econ\u00f3mico que un\u00eda Mburucuy\u00e1 con Corrientes, el cual dej\u00f3 de funcionar en el a\u00f1o 1970 (hace 56 a\u00f1os).<\/li>\n\n\n\n<li>Expresa su inmensa alegr\u00eda por haber visitado Santa Ana, despejarse un poco de la rutina y compartir su m\u00fasica y sus vivencias con todos nosotros.<\/li>\n<\/ul>\n\n\n\n<p class=\"wp-block-paragraph\">Las puertas de Santa Ana siempre van a estar abiertas para cuando deseen regresar a estos pagos. \u00a1Muchas gracias por su hermosa visita, su m\u00fasica y su calidez! &#x1f9c9;&#x1f333;<\/p>\n<\/blockquote>\n","protected":false},"excerpt":{"rendered":"","protected":false},"author":3,"featured_media":5313,"comment_status":"closed","ping_status":"open","sticky":false,"template":"","format":"standard","meta":{"footnotes":""},"categories":[3,42],"tags":[],"class_list":["post-5312","post","type-post","status-publish","format-standard","has-post-thumbnail","hentry","category-cultura-y-turismo","category-turismo-visitantes"],"yoast_head":"<!-- This site is optimized with the Yoast SEO plugin v24.8.1 - https:\/\/yoast.com\/wordpress\/plugins\/seo\/ -->\n<title>\u00a1Gracias por visitarnos, Natalicio Delgado! &#x1fa97;&#x2728; - Municipalidad de Santa Ana de los Gu\u00e1caras<\/title>\n<meta name=\"robots\" content=\"index, follow, max-snippet:-1, max-image-preview:large, max-video-preview:-1\" \/>\n<link rel=\"canonical\" href=\"https:\/\/santaanadelosguacaras.gob.ar\/sitio\/gracias-por-visitarnos-natalicio-delgado-\ud83e\ude97\u2728\/\" \/>\n<meta property=\"og:locale\" content=\"es_ES\" \/>\n<meta property=\"og:type\" content=\"article\" \/>\n<meta property=\"og:title\" content=\"\u00a1Gracias por visitarnos, Natalicio Delgado! &#x1fa97;&#x2728; - Municipalidad de Santa Ana de los Gu\u00e1caras\" \/>\n<meta property=\"og:url\" content=\"https:\/\/santaanadelosguacaras.gob.ar\/sitio\/gracias-por-visitarnos-natalicio-delgado-\ud83e\ude97\u2728\/\" \/>\n<meta property=\"og:site_name\" content=\"Municipalidad de Santa Ana de los Gu\u00e1caras\" \/>\n<meta property=\"article:publisher\" content=\"https:\/\/www.facebook.com\/MuniSantaAnaDeLosGuacaras\" \/>\n<meta property=\"article:published_time\" content=\"2026-08-31T01:09:56+00:00\" \/>\n<meta property=\"article:modified_time\" content=\"2026-08-31T01:09:57+00:00\" \/>\n<meta property=\"og:image\" content=\"https:\/\/santaanadelosguacaras.gob.ar\/sitio\/wp-content\/uploads\/2026\/08\/WhatsApp-Image-2026-08-29-at-16.52.03.jpeg\" \/>\n\t<meta property=\"og:image:width\" content=\"378\" \/>\n\t<meta property=\"og:image:height\" content=\"683\" \/>\n\t<meta property=\"og:image:type\" content=\"image\/jpeg\" \/>\n<meta name=\"author\" content=\"Ariel Zibecchi\" \/>\n<meta name=\"twitter:card\" content=\"summary_large_image\" \/>\n<meta name=\"twitter:label1\" content=\"Escrito por\" \/>\n\t<meta name=\"twitter:data1\" content=\"Ariel Zibecchi\" \/>\n\t<meta name=\"twitter:label2\" content=\"Tiempo de lectura\" \/>\n\t<meta name=\"twitter:data2\" content=\"1 minuto\" \/>\n<script type=\"application\/ld+json\" class=\"yoast-schema-graph\">{\"@context\":\"https:\/\/schema.org\",\"@graph\":[{\"@type\":\"Article\",\"@id\":\"https:\/\/santaanadelosguacaras.gob.ar\/sitio\/gracias-por-visitarnos-natalicio-delgado-%f0%9f%aa%97%e2%9c%a8\/#article\",\"isPartOf\":{\"@id\":\"https:\/\/santaanadelosguacaras.gob.ar\/sitio\/gracias-por-visitarnos-natalicio-delgado-%f0%9f%aa%97%e2%9c%a8\/\"},\"author\":{\"name\":\"Ariel Zibecchi\",\"@id\":\"https:\/\/santaanadelosguacaras.gob.ar\/sitio\/#\/schema\/person\/eeb746b50527eb528d8cddb8513c7e9a\"},\"headline\":\"\u00a1Gracias por visitarnos, Natalicio Delgado! &#x1fa97;&#x2728;\",\"datePublished\":\"2026-08-31T01:09:56+00:00\",\"dateModified\":\"2026-08-31T01:09:57+00:00\",\"mainEntityOfPage\":{\"@id\":\"https:\/\/santaanadelosguacaras.gob.ar\/sitio\/gracias-por-visitarnos-natalicio-delgado-%f0%9f%aa%97%e2%9c%a8\/\"},\"wordCount\":191,\"publisher\":{\"@id\":\"https:\/\/santaanadelosguacaras.gob.ar\/sitio\/#organization\"},\"image\":{\"@id\":\"https:\/\/santaanadelosguacaras.gob.ar\/sitio\/gracias-por-visitarnos-natalicio-delgado-%f0%9f%aa%97%e2%9c%a8\/#primaryimage\"},\"thumbnailUrl\":\"https:\/\/santaanadelosguacaras.gob.ar\/sitio\/wp-content\/uploads\/2026\/08\/WhatsApp-Image-2026-08-29-at-16.52.03.jpeg\",\"articleSection\":[\"Cultura y Turismo\",\"Turismo - Visitantes\"],\"inLanguage\":\"es\"},{\"@type\":\"WebPage\",\"@id\":\"https:\/\/santaanadelosguacaras.gob.ar\/sitio\/gracias-por-visitarnos-natalicio-delgado-%f0%9f%aa%97%e2%9c%a8\/\",\"url\":\"https:\/\/santaanadelosguacaras.gob.ar\/sitio\/gracias-por-visitarnos-natalicio-delgado-%f0%9f%aa%97%e2%9c%a8\/\",\"name\":\"\u00a1Gracias por visitarnos, Natalicio Delgado! &#x1fa97;&#x2728; - Municipalidad de Santa Ana de los Gu\u00e1caras\",\"isPartOf\":{\"@id\":\"https:\/\/santaanadelosguacaras.gob.ar\/sitio\/#website\"},\"primaryImageOfPage\":{\"@id\":\"https:\/\/santaanadelosguacaras.gob.ar\/sitio\/gracias-por-visitarnos-natalicio-delgado-%f0%9f%aa%97%e2%9c%a8\/#primaryimage\"},\"image\":{\"@id\":\"https:\/\/santaanadelosguacaras.gob.ar\/sitio\/gracias-por-visitarnos-natalicio-delgado-%f0%9f%aa%97%e2%9c%a8\/#primaryimage\"},\"thumbnailUrl\":\"https:\/\/santaanadelosguacaras.gob.ar\/sitio\/wp-content\/uploads\/2026\/08\/WhatsApp-Image-2026-08-29-at-16.52.03.jpeg\",\"datePublished\":\"2026-08-31T01:09:56+00:00\",\"dateModified\":\"2026-08-31T01:09:57+00:00\",\"breadcrumb\":{\"@id\":\"https:\/\/santaanadelosguacaras.gob.ar\/sitio\/gracias-por-visitarnos-natalicio-delgado-%f0%9f%aa%97%e2%9c%a8\/#breadcrumb\"},\"inLanguage\":\"es\",\"potentialAction\":[{\"@type\":\"ReadAction\",\"target\":[\"https:\/\/santaanadelosguacaras.gob.ar\/sitio\/gracias-por-visitarnos-natalicio-delgado-%f0%9f%aa%97%e2%9c%a8\/\"]}]},{\"@type\":\"ImageObject\",\"inLanguage\":\"es\",\"@id\":\"https:\/\/santaanadelosguacaras.gob.ar\/sitio\/gracias-por-visitarnos-natalicio-delgado-%f0%9f%aa%97%e2%9c%a8\/#primaryimage\",\"url\":\"https:\/\/santaanadelosguacaras.gob.ar\/sitio\/wp-content\/uploads\/2026\/08\/WhatsApp-Image-2026-08-29-at-16.52.03.jpeg\",\"contentUrl\":\"https:\/\/santaanadelosguacaras.gob.ar\/sitio\/wp-content\/uploads\/2026\/08\/WhatsApp-Image-2026-08-29-at-16.52.03.jpeg\",\"width\":378,\"height\":683},{\"@type\":\"BreadcrumbList\",\"@id\":\"https:\/\/santaanadelosguacaras.gob.ar\/sitio\/gracias-por-visitarnos-natalicio-delgado-%f0%9f%aa%97%e2%9c%a8\/#breadcrumb\",\"itemListElement\":[{\"@type\":\"ListItem\",\"position\":1,\"name\":\"Portada\",\"item\":\"https:\/\/santaanadelosguacaras.gob.ar\/sitio\/\"},{\"@type\":\"ListItem\",\"position\":2,\"name\":\"\u00a1Gracias por visitarnos, Natalicio Delgado! &#x1fa97;&#x2728;\"}]},{\"@type\":\"WebSite\",\"@id\":\"https:\/\/santaanadelosguacaras.gob.ar\/sitio\/#website\",\"url\":\"https:\/\/santaanadelosguacaras.gob.ar\/sitio\/\",\"name\":\"Municipalidad de Santa Ana de los Gu\u00e1caras\",\"description\":\"Descubre Santa Ana de los Gu\u00e1caras, un rinc\u00f3n lleno de historia, cultura y naturaleza en Corrientes. Informaci\u00f3n oficial sobre eventos, turismo, servicios municipales y m\u00e1s. \u00a1Con\u00e9ctate con nuestra comunidad!\",\"publisher\":{\"@id\":\"https:\/\/santaanadelosguacaras.gob.ar\/sitio\/#organization\"},\"alternateName\":\"MuniSantaAna\",\"potentialAction\":[{\"@type\":\"SearchAction\",\"target\":{\"@type\":\"EntryPoint\",\"urlTemplate\":\"https:\/\/santaanadelosguacaras.gob.ar\/sitio\/?s={search_term_string}\"},\"query-input\":{\"@type\":\"PropertyValueSpecification\",\"valueRequired\":true,\"valueName\":\"search_term_string\"}}],\"inLanguage\":\"es\"},{\"@type\":\"Organization\",\"@id\":\"https:\/\/santaanadelosguacaras.gob.ar\/sitio\/#organization\",\"name\":\"Municipalidad de Santa Ana de los Gu\u00e1caras\",\"alternateName\":\"MuniSantaAna\",\"url\":\"https:\/\/santaanadelosguacaras.gob.ar\/sitio\/\",\"logo\":{\"@type\":\"ImageObject\",\"inLanguage\":\"es\",\"@id\":\"https:\/\/santaanadelosguacaras.gob.ar\/sitio\/#\/schema\/logo\/image\/\",\"url\":\"https:\/\/santaanadelosguacaras.gob.ar\/sitio\/wp-content\/uploads\/2024\/12\/cropped-logo_muni_250.png\",\"contentUrl\":\"https:\/\/santaanadelosguacaras.gob.ar\/sitio\/wp-content\/uploads\/2024\/12\/cropped-logo_muni_250.png\",\"width\":247,\"height\":95,\"caption\":\"Municipalidad de Santa Ana de los Gu\u00e1caras\"},\"image\":{\"@id\":\"https:\/\/santaanadelosguacaras.gob.ar\/sitio\/#\/schema\/logo\/image\/\"},\"sameAs\":[\"https:\/\/www.facebook.com\/MuniSantaAnaDeLosGuacaras\",\"https:\/\/www.instagram.com\/muni_santaana_ctes\"]},{\"@type\":\"Person\",\"@id\":\"https:\/\/santaanadelosguacaras.gob.ar\/sitio\/#\/schema\/person\/eeb746b50527eb528d8cddb8513c7e9a\",\"name\":\"Ariel Zibecchi\",\"image\":{\"@type\":\"ImageObject\",\"inLanguage\":\"es\",\"@id\":\"https:\/\/santaanadelosguacaras.gob.ar\/sitio\/#\/schema\/person\/image\/\",\"url\":\"https:\/\/secure.gravatar.com\/avatar\/b8c9902784889523a37386e455ac4d9fe8d5ae6bd87277ebdf40eb3b24b585c9?s=96&d=mm&r=g\",\"contentUrl\":\"https:\/\/secure.gravatar.com\/avatar\/b8c9902784889523a37386e455ac4d9fe8d5ae6bd87277ebdf40eb3b24b585c9?s=96&d=mm&r=g\",\"caption\":\"Ariel Zibecchi\"}}]}<\/script>\n<!-- \/ Yoast SEO plugin. -->","yoast_head_json":{"title":"\u00a1Gracias por visitarnos, Natalicio Delgado! &#x1fa97;&#x2728; - Municipalidad de Santa Ana de los Gu\u00e1caras","robots":{"index":"index","follow":"follow","max-snippet":"max-snippet:-1","max-image-preview":"max-image-preview:large","max-video-preview":"max-video-preview:-1"},"canonical":"https:\/\/santaanadelosguacaras.gob.ar\/sitio\/gracias-por-visitarnos-natalicio-delgado-\ud83e\ude97\u2728\/","og_locale":"es_ES","og_type":"article","og_title":"\u00a1Gracias por visitarnos, Natalicio Delgado! &#x1fa97;&#x2728; - Municipalidad de Santa Ana de los Gu\u00e1caras","og_url":"https:\/\/santaanadelosguacaras.gob.ar\/sitio\/gracias-por-visitarnos-natalicio-delgado-\ud83e\ude97\u2728\/","og_site_name":"Municipalidad de Santa Ana de los Gu\u00e1caras","article_publisher":"https:\/\/www.facebook.com\/MuniSantaAnaDeLosGuacaras","article_published_time":"2026-08-31T01:09:56+00:00","article_modified_time":"2026-08-31T01:09:57+00:00","og_image":[{"width":378,"height":683,"url":"https:\/\/santaanadelosguacaras.gob.ar\/sitio\/wp-content\/uploads\/2026\/08\/WhatsApp-Image-2026-08-29-at-16.52.03.jpeg","type":"image\/jpeg"}],"author":"Ariel Zibecchi","twitter_card":"summary_large_image","twitter_misc":{"Escrito por":"Ariel Zibecchi","Tiempo de lectura":"1 minuto"},"schema":{"@context":"https:\/\/schema.org","@graph":[{"@type":"Article","@id":"https:\/\/santaanadelosguacaras.gob.ar\/sitio\/gracias-por-visitarnos-natalicio-delgado-%f0%9f%aa%97%e2%9c%a8\/#article","isPartOf":{"@id":"https:\/\/santaanadelosguacaras.gob.ar\/sitio\/gracias-por-visitarnos-natalicio-delgado-%f0%9f%aa%97%e2%9c%a8\/"},"author":{"name":"Ariel Zibecchi","@id":"https:\/\/santaanadelosguacaras.gob.ar\/sitio\/#\/schema\/person\/eeb746b50527eb528d8cddb8513c7e9a"},"headline":"\u00a1Gracias por visitarnos, Natalicio Delgado! &#x1fa97;&#x2728;","datePublished":"2026-08-31T01:09:56+00:00","dateModified":"2026-08-31T01:09:57+00:00","mainEntityOfPage":{"@id":"https:\/\/santaanadelosguacaras.gob.ar\/sitio\/gracias-por-visitarnos-natalicio-delgado-%f0%9f%aa%97%e2%9c%a8\/"},"wordCount":191,"publisher":{"@id":"https:\/\/santaanadelosguacaras.gob.ar\/sitio\/#organization"},"image":{"@id":"https:\/\/santaanadelosguacaras.gob.ar\/sitio\/gracias-por-visitarnos-natalicio-delgado-%f0%9f%aa%97%e2%9c%a8\/#primaryimage"},"thumbnailUrl":"https:\/\/santaanadelosguacaras.gob.ar\/sitio\/wp-content\/uploads\/2026\/08\/WhatsApp-Image-2026-08-29-at-16.52.03.jpeg","articleSection":["Cultura y Turismo","Turismo - Visitantes"],"inLanguage":"es"},{"@type":"WebPage","@id":"https:\/\/santaanadelosguacaras.gob.ar\/sitio\/gracias-por-visitarnos-natalicio-delgado-%f0%9f%aa%97%e2%9c%a8\/","url":"https:\/\/santaanadelosguacaras.gob.ar\/sitio\/gracias-por-visitarnos-natalicio-delgado-%f0%9f%aa%97%e2%9c%a8\/","name":"\u00a1Gracias por visitarnos, Natalicio Delgado! &#x1fa97;&#x2728; - Municipalidad de Santa Ana de los Gu\u00e1caras","isPartOf":{"@id":"https:\/\/santaanadelosguacaras.gob.ar\/sitio\/#website"},"primaryImageOfPage":{"@id":"https:\/\/santaanadelosguacaras.gob.ar\/sitio\/gracias-por-visitarnos-natalicio-delgado-%f0%9f%aa%97%e2%9c%a8\/#primaryimage"},"image":{"@id":"https:\/\/santaanadelosguacaras.gob.ar\/sitio\/gracias-por-visitarnos-natalicio-delgado-%f0%9f%aa%97%e2%9c%a8\/#primaryimage"},"thumbnailUrl":"https:\/\/santaanadelosguacaras.gob.ar\/sitio\/wp-content\/uploads\/2026\/08\/WhatsApp-Image-2026-08-29-at-16.52.03.jpeg","datePublished":"2026-08-31T01:09:56+00:00","dateModified":"2026-08-31T01:09:57+00:00","breadcrumb":{"@id":"https:\/\/santaanadelosguacaras.gob.ar\/sitio\/gracias-por-visitarnos-natalicio-delgado-%f0%9f%aa%97%e2%9c%a8\/#breadcrumb"},"inLanguage":"es","potentialAction":[{"@type":"ReadAction","target":["https:\/\/santaanadelosguacaras.gob.ar\/sitio\/gracias-por-visitarnos-natalicio-delgado-%f0%9f%aa%97%e2%9c%a8\/"]}]},{"@type":"ImageObject","inLanguage":"es","@id":"https:\/\/santaanadelosguacaras.gob.ar\/sitio\/gracias-por-visitarnos-natalicio-delgado-%f0%9f%aa%97%e2%9c%a8\/#primaryimage","url":"https:\/\/santaanadelosguacaras.gob.ar\/sitio\/wp-content\/uploads\/2026\/08\/WhatsApp-Image-2026-08-29-at-16.52.03.jpeg","contentUrl":"https:\/\/santaanadelosguacaras.gob.ar\/sitio\/wp-content\/uploads\/2026\/08\/WhatsApp-Image-2026-08-29-at-16.52.03.jpeg","width":378,"height":683},{"@type":"BreadcrumbList","@id":"https:\/\/santaanadelosguacaras.gob.ar\/sitio\/gracias-por-visitarnos-natalicio-delgado-%f0%9f%aa%97%e2%9c%a8\/#breadcrumb","itemListElement":[{"@type":"ListItem","position":1,"name":"Portada","item":"https:\/\/santaanadelosguacaras.gob.ar\/sitio\/"},{"@type":"ListItem","position":2,"name":"\u00a1Gracias por visitarnos, Natalicio Delgado! &#x1fa97;&#x2728;"}]},{"@type":"WebSite","@id":"https:\/\/santaanadelosguacaras.gob.ar\/sitio\/#website","url":"https:\/\/santaanadelosguacaras.gob.ar\/sitio\/","name":"Municipalidad de Santa Ana de los Gu\u00e1caras","description":"Descubre Santa Ana de los Gu\u00e1caras, un rinc\u00f3n lleno de historia, cultura y naturaleza en Corrientes. Informaci\u00f3n oficial sobre eventos, turismo, servicios municipales y m\u00e1s. \u00a1Con\u00e9ctate con nuestra comunidad!","publisher":{"@id":"https:\/\/santaanadelosguacaras.gob.ar\/sitio\/#organization"},"alternateName":"MuniSantaAna","potentialAction":[{"@type":"SearchAction","target":{"@type":"EntryPoint","urlTemplate":"https:\/\/santaanadelosguacaras.gob.ar\/sitio\/?s={search_term_string}"},"query-input":{"@type":"PropertyValueSpecification","valueRequired":true,"valueName":"search_term_string"}}],"inLanguage":"es"},{"@type":"Organization","@id":"https:\/\/santaanadelosguacaras.gob.ar\/sitio\/#organization","name":"Municipalidad de Santa Ana de los Gu\u00e1caras","alternateName":"MuniSantaAna","url":"https:\/\/santaanadelosguacaras.gob.ar\/sitio\/","logo":{"@type":"ImageObject","inLanguage":"es","@id":"https:\/\/santaanadelosguacaras.gob.ar\/sitio\/#\/schema\/logo\/image\/","url":"https:\/\/santaanadelosguacaras.gob.ar\/sitio\/wp-content\/uploads\/2024\/12\/cropped-logo_muni_250.png","contentUrl":"https:\/\/santaanadelosguacaras.gob.ar\/sitio\/wp-content\/uploads\/2024\/12\/cropped-logo_muni_250.png","width":247,"height":95,"caption":"Municipalidad de Santa Ana de los Gu\u00e1caras"},"image":{"@id":"https:\/\/santaanadelosguacaras.gob.ar\/sitio\/#\/schema\/logo\/image\/"},"sameAs":["https:\/\/www.facebook.com\/MuniSantaAnaDeLosGuacaras","https:\/\/www.instagram.com\/muni_santaana_ctes"]},{"@type":"Person","@id":"https:\/\/santaanadelosguacaras.gob.ar\/sitio\/#\/schema\/person\/eeb746b50527eb528d8cddb8513c7e9a","name":"Ariel Zibecchi","image":{"@type":"ImageObject","inLanguage":"es","@id":"https:\/\/santaanadelosguacaras.gob.ar\/sitio\/#\/schema\/person\/image\/","url":"https:\/\/secure.gravatar.com\/avatar\/b8c9902784889523a37386e455ac4d9fe8d5ae6bd87277ebdf40eb3b24b585c9?s=96&d=mm&r=g","contentUrl":"https:\/\/secure.gravatar.com\/avatar\/b8c9902784889523a37386e455ac4d9fe8d5ae6bd87277ebdf40eb3b24b585c9?s=96&d=mm&r=g","caption":"Ariel Zibecchi"}}]}},"_links":{"self":[{"href":"https:\/\/santaanadelosguacaras.gob.ar\/sitio\/wp-json\/wp\/v2\/posts\/5312","targetHints":{"allow":["GET"]}}],"collection":[{"href":"https:\/\/santaanadelosguacaras.gob.ar\/sitio\/wp-json\/wp\/v2\/posts"}],"about":[{"href":"https:\/\/santaanadelosguacaras.gob.ar\/sitio\/wp-json\/wp\/v2\/types\/post"}],"author":[{"embeddable":true,"href":"https:\/\/santaanadelosguacaras.gob.ar\/sitio\/wp-json\/wp\/v2\/users\/3"}],"replies":[{"embeddable":true,"href":"https:\/\/santaanadelosguacaras.gob.ar\/sitio\/wp-json\/wp\/v2\/comments?post=5312"}],"version-history":[{"count":1,"href":"https:\/\/santaanadelosguacaras.gob.ar\/sitio\/wp-json\/wp\/v2\/posts\/5312\/revisions"}],"predecessor-version":[{"id":5317,"href":"https:\/\/santaanadelosguacaras.gob.ar\/sitio\/wp-json\/wp\/v2\/posts\/5312\/revisions\/5317"}],"wp:featuredmedia":[{"embeddable":true,"href":"https:\/\/santaanadelosguacaras.gob.ar\/sitio\/wp-json\/wp\/v2\/media\/5313"}],"wp:attachment":[{"href":"https:\/\/santaanadelosguacaras.gob.ar\/sitio\/wp-json\/wp\/v2\/media?parent=5312"}],"wp:term":[{"taxonomy":"category","embeddable":true,"href":"https:\/\/santaanadelosguacaras.gob.ar\/sitio\/wp-json\/wp\/v2\/categories?post=5312"},{"taxonomy":"post_tag","embeddable":true,"href":"https:\/\/santaanadelosguacaras.gob.ar\/sitio\/wp-json\/wp\/v2\/tags?post=5312"}],"curies":[{"name":"wp","href":"https:\/\/api.w.org\/{rel}","templated":true}]}}