{"id":538,"date":"2024-06-17T10:07:08","date_gmt":"2024-06-17T13:07:08","guid":{"rendered":"https:\/\/santaanadelosguacaras.gob.ar\/sitio\/?p=538"},"modified":"2025-01-15T10:09:30","modified_gmt":"2025-01-15T13:09:30","slug":"obra-para-la-educacion-de-santa-ana","status":"publish","type":"post","link":"https:\/\/santaanadelosguacaras.gob.ar\/sitio\/obra-para-la-educacion-de-santa-ana\/","title":{"rendered":"Obra para la Educaci\u00f3n de Santa Ana"},"content":{"rendered":"\n<p>La intendente Silvana Almir\u00f3n y el gobernador Gustavo Vald\u00e9s, firmaron convenio para la finalizaci\u00f3n del edificio propio del Jard\u00edn de Infantes.<br><br>De esta manera, esta obra nacional que ya se hab\u00eda iniciado ser\u00e1 financiada por el Gobierno de Corrientes, con una inversi\u00f3n de $ 563.341.380, para su finalizaci\u00f3n y entrega a la comunidad educativa.<br><br>\u201cAgradezco al Gobernador Gustavo Vald\u00e9s, por las respuestas inmediatas a las gestiones locales, y en beneficio de la educaci\u00f3n de Santa Ana, al Gobierno de Corrientes por las continuas inversiones en obras\u201d, expres\u00f3 la intendente.<\/p>\n\n\n\n<p>&nbsp;Los trabajos del edificio propio est\u00e1n en marcha, compromiso asumido por la intendente ante la comunidad educativa.<\/p>\n\n\n\n<figure class=\"wp-block-gallery has-nested-images columns-default is-cropped wp-block-gallery-1 is-layout-flex wp-block-gallery-is-layout-flex\">\n<figure class=\"wp-block-image size-large\"><a href=\"https:\/\/santaanadelosguacaras.gob.ar\/sitio\/wp-content\/uploads\/2025\/01\/20240628_132535.webp\"><img loading=\"lazy\" decoding=\"async\" width=\"1024\" height=\"768\" data-id=\"542\" src=\"https:\/\/santaanadelosguacaras.gob.ar\/sitio\/wp-content\/uploads\/2025\/01\/20240628_132535-1024x768.webp\" alt=\"\" class=\"wp-image-542\" srcset=\"https:\/\/santaanadelosguacaras.gob.ar\/sitio\/wp-content\/uploads\/2025\/01\/20240628_132535-1024x768.webp 1024w, https:\/\/santaanadelosguacaras.gob.ar\/sitio\/wp-content\/uploads\/2025\/01\/20240628_132535-300x225.webp 300w, https:\/\/santaanadelosguacaras.gob.ar\/sitio\/wp-content\/uploads\/2025\/01\/20240628_132535-768x576.webp 768w, https:\/\/santaanadelosguacaras.gob.ar\/sitio\/wp-content\/uploads\/2025\/01\/20240628_132535.webp 1263w\" sizes=\"auto, (max-width: 1024px) 100vw, 1024px\" \/><\/a><\/figure>\n\n\n\n<figure class=\"wp-block-image size-large\"><a href=\"https:\/\/santaanadelosguacaras.gob.ar\/sitio\/wp-content\/uploads\/2025\/01\/20240628_132637.webp\"><img loading=\"lazy\" decoding=\"async\" width=\"1024\" height=\"768\" data-id=\"543\" src=\"https:\/\/santaanadelosguacaras.gob.ar\/sitio\/wp-content\/uploads\/2025\/01\/20240628_132637-1024x768.webp\" alt=\"\" class=\"wp-image-543\" srcset=\"https:\/\/santaanadelosguacaras.gob.ar\/sitio\/wp-content\/uploads\/2025\/01\/20240628_132637-1024x768.webp 1024w, https:\/\/santaanadelosguacaras.gob.ar\/sitio\/wp-content\/uploads\/2025\/01\/20240628_132637-300x225.webp 300w, https:\/\/santaanadelosguacaras.gob.ar\/sitio\/wp-content\/uploads\/2025\/01\/20240628_132637-768x576.webp 768w, https:\/\/santaanadelosguacaras.gob.ar\/sitio\/wp-content\/uploads\/2025\/01\/20240628_132637.webp 1263w\" sizes=\"auto, (max-width: 1024px) 100vw, 1024px\" \/><\/a><\/figure>\n\n\n\n<figure class=\"wp-block-image size-large\"><a href=\"https:\/\/santaanadelosguacaras.gob.ar\/sitio\/wp-content\/uploads\/2025\/01\/20241129_115948.webp\"><img loading=\"lazy\" decoding=\"async\" width=\"1024\" height=\"768\" data-id=\"545\" src=\"https:\/\/santaanadelosguacaras.gob.ar\/sitio\/wp-content\/uploads\/2025\/01\/20241129_115948-1024x768.webp\" alt=\"\" class=\"wp-image-545\" srcset=\"https:\/\/santaanadelosguacaras.gob.ar\/sitio\/wp-content\/uploads\/2025\/01\/20241129_115948-1024x768.webp 1024w, https:\/\/santaanadelosguacaras.gob.ar\/sitio\/wp-content\/uploads\/2025\/01\/20241129_115948-300x225.webp 300w, https:\/\/santaanadelosguacaras.gob.ar\/sitio\/wp-content\/uploads\/2025\/01\/20241129_115948-768x576.webp 768w, https:\/\/santaanadelosguacaras.gob.ar\/sitio\/wp-content\/uploads\/2025\/01\/20241129_115948.webp 1263w\" sizes=\"auto, (max-width: 1024px) 100vw, 1024px\" \/><\/a><\/figure>\n\n\n\n<figure class=\"wp-block-image size-large\"><a href=\"https:\/\/santaanadelosguacaras.gob.ar\/sitio\/wp-content\/uploads\/2025\/01\/20241129_120115.webp\"><img loading=\"lazy\" decoding=\"async\" width=\"1024\" height=\"768\" data-id=\"546\" src=\"https:\/\/santaanadelosguacaras.gob.ar\/sitio\/wp-content\/uploads\/2025\/01\/20241129_120115-1024x768.webp\" alt=\"\" class=\"wp-image-546\" srcset=\"https:\/\/santaanadelosguacaras.gob.ar\/sitio\/wp-content\/uploads\/2025\/01\/20241129_120115-1024x768.webp 1024w, https:\/\/santaanadelosguacaras.gob.ar\/sitio\/wp-content\/uploads\/2025\/01\/20241129_120115-300x225.webp 300w, https:\/\/santaanadelosguacaras.gob.ar\/sitio\/wp-content\/uploads\/2025\/01\/20241129_120115-768x576.webp 768w, https:\/\/santaanadelosguacaras.gob.ar\/sitio\/wp-content\/uploads\/2025\/01\/20241129_120115.webp 1263w\" sizes=\"auto, (max-width: 1024px) 100vw, 1024px\" \/><\/a><\/figure>\n\n\n\n<figure class=\"wp-block-image size-large\"><a href=\"https:\/\/santaanadelosguacaras.gob.ar\/sitio\/wp-content\/uploads\/2025\/01\/20241129_120316.webp\"><img loading=\"lazy\" decoding=\"async\" width=\"1024\" height=\"768\" data-id=\"544\" src=\"https:\/\/santaanadelosguacaras.gob.ar\/sitio\/wp-content\/uploads\/2025\/01\/20241129_120316-1024x768.webp\" alt=\"\" class=\"wp-image-544\" srcset=\"https:\/\/santaanadelosguacaras.gob.ar\/sitio\/wp-content\/uploads\/2025\/01\/20241129_120316-1024x768.webp 1024w, https:\/\/santaanadelosguacaras.gob.ar\/sitio\/wp-content\/uploads\/2025\/01\/20241129_120316-300x225.webp 300w, https:\/\/santaanadelosguacaras.gob.ar\/sitio\/wp-content\/uploads\/2025\/01\/20241129_120316-768x576.webp 768w, https:\/\/santaanadelosguacaras.gob.ar\/sitio\/wp-content\/uploads\/2025\/01\/20241129_120316.webp 1263w\" sizes=\"auto, (max-width: 1024px) 100vw, 1024px\" \/><\/a><\/figure>\n\n\n\n<figure class=\"wp-block-image size-large\"><a href=\"https:\/\/santaanadelosguacaras.gob.ar\/sitio\/wp-content\/uploads\/2025\/01\/453769978_852049360322842_8037536746272399764_n.webp\"><img loading=\"lazy\" decoding=\"async\" width=\"1024\" height=\"683\" data-id=\"540\" src=\"https:\/\/santaanadelosguacaras.gob.ar\/sitio\/wp-content\/uploads\/2025\/01\/453769978_852049360322842_8037536746272399764_n-1024x683.webp\" alt=\"\" class=\"wp-image-540\" srcset=\"https:\/\/santaanadelosguacaras.gob.ar\/sitio\/wp-content\/uploads\/2025\/01\/453769978_852049360322842_8037536746272399764_n-1024x683.webp 1024w, https:\/\/santaanadelosguacaras.gob.ar\/sitio\/wp-content\/uploads\/2025\/01\/453769978_852049360322842_8037536746272399764_n-300x200.webp 300w, https:\/\/santaanadelosguacaras.gob.ar\/sitio\/wp-content\/uploads\/2025\/01\/453769978_852049360322842_8037536746272399764_n-768x512.webp 768w, https:\/\/santaanadelosguacaras.gob.ar\/sitio\/wp-content\/uploads\/2025\/01\/453769978_852049360322842_8037536746272399764_n.webp 1080w\" sizes=\"auto, (max-width: 1024px) 100vw, 1024px\" \/><\/a><\/figure>\n\n\n\n<figure class=\"wp-block-image size-large\"><a href=\"https:\/\/santaanadelosguacaras.gob.ar\/sitio\/wp-content\/uploads\/2025\/01\/453817564_852049250322853_7153886516687572362_n.webp\"><img loading=\"lazy\" decoding=\"async\" width=\"1024\" height=\"683\" data-id=\"541\" src=\"https:\/\/santaanadelosguacaras.gob.ar\/sitio\/wp-content\/uploads\/2025\/01\/453817564_852049250322853_7153886516687572362_n-1024x683.webp\" alt=\"\" class=\"wp-image-541\" srcset=\"https:\/\/santaanadelosguacaras.gob.ar\/sitio\/wp-content\/uploads\/2025\/01\/453817564_852049250322853_7153886516687572362_n-1024x683.webp 1024w, https:\/\/santaanadelosguacaras.gob.ar\/sitio\/wp-content\/uploads\/2025\/01\/453817564_852049250322853_7153886516687572362_n-300x200.webp 300w, https:\/\/santaanadelosguacaras.gob.ar\/sitio\/wp-content\/uploads\/2025\/01\/453817564_852049250322853_7153886516687572362_n-768x512.webp 768w, https:\/\/santaanadelosguacaras.gob.ar\/sitio\/wp-content\/uploads\/2025\/01\/453817564_852049250322853_7153886516687572362_n.webp 1080w\" sizes=\"auto, (max-width: 1024px) 100vw, 1024px\" \/><\/a><\/figure>\n\n\n\n<figure class=\"wp-block-image size-large\"><a href=\"https:\/\/santaanadelosguacaras.gob.ar\/sitio\/wp-content\/uploads\/2025\/01\/453845816_852049186989526_4830288694269822075_n.webp\"><img loading=\"lazy\" decoding=\"async\" width=\"1024\" height=\"683\" data-id=\"539\" src=\"https:\/\/santaanadelosguacaras.gob.ar\/sitio\/wp-content\/uploads\/2025\/01\/453845816_852049186989526_4830288694269822075_n-1024x683.webp\" alt=\"\" class=\"wp-image-539\" srcset=\"https:\/\/santaanadelosguacaras.gob.ar\/sitio\/wp-content\/uploads\/2025\/01\/453845816_852049186989526_4830288694269822075_n-1024x683.webp 1024w, https:\/\/santaanadelosguacaras.gob.ar\/sitio\/wp-content\/uploads\/2025\/01\/453845816_852049186989526_4830288694269822075_n-300x200.webp 300w, https:\/\/santaanadelosguacaras.gob.ar\/sitio\/wp-content\/uploads\/2025\/01\/453845816_852049186989526_4830288694269822075_n-768x512.webp 768w, https:\/\/santaanadelosguacaras.gob.ar\/sitio\/wp-content\/uploads\/2025\/01\/453845816_852049186989526_4830288694269822075_n.webp 1080w\" sizes=\"auto, (max-width: 1024px) 100vw, 1024px\" \/><\/a><\/figure>\n<\/figure>\n","protected":false},"excerpt":{"rendered":"<p>La intendente Silvana Almir\u00f3n y el gobernador Gustavo Vald\u00e9s, firmaron convenio para la finalizaci\u00f3n del edificio propio del Jard\u00edn de Infantes. De esta manera, esta obra nacional que ya se&hellip; <\/p>\n","protected":false},"author":2,"featured_media":543,"comment_status":"closed","ping_status":"open","sticky":false,"template":"","format":"standard","meta":{"footnotes":""},"categories":[15],"tags":[],"class_list":["post-538","post","type-post","status-publish","format-standard","has-post-thumbnail","hentry","category-gestion"],"yoast_head":"<!-- This site is optimized with the Yoast SEO plugin v24.8.1 - https:\/\/yoast.com\/wordpress\/plugins\/seo\/ -->\n<title>Obra para la Educaci\u00f3n de Santa Ana - Municipalidad de Santa Ana de los Gu\u00e1caras<\/title>\n<meta name=\"robots\" content=\"index, follow, max-snippet:-1, max-image-preview:large, max-video-preview:-1\" \/>\n<link rel=\"canonical\" href=\"https:\/\/santaanadelosguacaras.gob.ar\/sitio\/obra-para-la-educacion-de-santa-ana\/\" \/>\n<meta property=\"og:locale\" content=\"es_ES\" \/>\n<meta property=\"og:type\" content=\"article\" \/>\n<meta property=\"og:title\" content=\"Obra para la Educaci\u00f3n de Santa Ana - Municipalidad de Santa Ana de los Gu\u00e1caras\" \/>\n<meta property=\"og:description\" content=\"La intendente Silvana Almir\u00f3n y el gobernador Gustavo Vald\u00e9s, firmaron convenio para la finalizaci\u00f3n del edificio propio del Jard\u00edn de Infantes. De esta manera, esta obra nacional que ya se&hellip;\" \/>\n<meta property=\"og:url\" content=\"https:\/\/santaanadelosguacaras.gob.ar\/sitio\/obra-para-la-educacion-de-santa-ana\/\" \/>\n<meta property=\"og:site_name\" content=\"Municipalidad de Santa Ana de los Gu\u00e1caras\" \/>\n<meta property=\"article:publisher\" content=\"https:\/\/www.facebook.com\/MuniSantaAnaDeLosGuacaras\" \/>\n<meta property=\"article:published_time\" content=\"2024-06-17T13:07:08+00:00\" \/>\n<meta property=\"article:modified_time\" content=\"2025-01-15T13:09:30+00:00\" \/>\n<meta property=\"og:image\" content=\"https:\/\/santaanadelosguacaras.gob.ar\/sitio\/wp-content\/uploads\/2025\/01\/20240628_132637.webp\" \/>\n\t<meta property=\"og:image:width\" content=\"1263\" \/>\n\t<meta property=\"og:image:height\" content=\"947\" \/>\n\t<meta property=\"og:image:type\" content=\"image\/webp\" \/>\n<meta name=\"author\" content=\"Comunicaci\u00f3n\" \/>\n<meta name=\"twitter:card\" content=\"summary_large_image\" \/>\n<meta name=\"twitter:label1\" content=\"Escrito por\" \/>\n\t<meta name=\"twitter:data1\" content=\"Comunicaci\u00f3n\" \/>\n\t<meta name=\"twitter:label2\" content=\"Tiempo de lectura\" \/>\n\t<meta name=\"twitter:data2\" content=\"3 minutos\" \/>\n<script type=\"application\/ld+json\" class=\"yoast-schema-graph\">{\"@context\":\"https:\/\/schema.org\",\"@graph\":[{\"@type\":\"Article\",\"@id\":\"https:\/\/santaanadelosguacaras.gob.ar\/sitio\/obra-para-la-educacion-de-santa-ana\/#article\",\"isPartOf\":{\"@id\":\"https:\/\/santaanadelosguacaras.gob.ar\/sitio\/obra-para-la-educacion-de-santa-ana\/\"},\"author\":{\"name\":\"Comunicaci\u00f3n\",\"@id\":\"https:\/\/santaanadelosguacaras.gob.ar\/sitio\/#\/schema\/person\/aa85e53bbb5a7c7e19834c20ede5e205\"},\"headline\":\"Obra para la Educaci\u00f3n de Santa Ana\",\"datePublished\":\"2024-06-17T13:07:08+00:00\",\"dateModified\":\"2025-01-15T13:09:30+00:00\",\"mainEntityOfPage\":{\"@id\":\"https:\/\/santaanadelosguacaras.gob.ar\/sitio\/obra-para-la-educacion-de-santa-ana\/\"},\"wordCount\":123,\"publisher\":{\"@id\":\"https:\/\/santaanadelosguacaras.gob.ar\/sitio\/#organization\"},\"image\":{\"@id\":\"https:\/\/santaanadelosguacaras.gob.ar\/sitio\/obra-para-la-educacion-de-santa-ana\/#primaryimage\"},\"thumbnailUrl\":\"https:\/\/santaanadelosguacaras.gob.ar\/sitio\/wp-content\/uploads\/2025\/01\/20240628_132637.webp\",\"articleSection\":[\"Gesti\u00f3n\"],\"inLanguage\":\"es\"},{\"@type\":\"WebPage\",\"@id\":\"https:\/\/santaanadelosguacaras.gob.ar\/sitio\/obra-para-la-educacion-de-santa-ana\/\",\"url\":\"https:\/\/santaanadelosguacaras.gob.ar\/sitio\/obra-para-la-educacion-de-santa-ana\/\",\"name\":\"Obra para la Educaci\u00f3n de Santa Ana - Municipalidad de Santa Ana de los Gu\u00e1caras\",\"isPartOf\":{\"@id\":\"https:\/\/santaanadelosguacaras.gob.ar\/sitio\/#website\"},\"primaryImageOfPage\":{\"@id\":\"https:\/\/santaanadelosguacaras.gob.ar\/sitio\/obra-para-la-educacion-de-santa-ana\/#primaryimage\"},\"image\":{\"@id\":\"https:\/\/santaanadelosguacaras.gob.ar\/sitio\/obra-para-la-educacion-de-santa-ana\/#primaryimage\"},\"thumbnailUrl\":\"https:\/\/santaanadelosguacaras.gob.ar\/sitio\/wp-content\/uploads\/2025\/01\/20240628_132637.webp\",\"datePublished\":\"2024-06-17T13:07:08+00:00\",\"dateModified\":\"2025-01-15T13:09:30+00:00\",\"breadcrumb\":{\"@id\":\"https:\/\/santaanadelosguacaras.gob.ar\/sitio\/obra-para-la-educacion-de-santa-ana\/#breadcrumb\"},\"inLanguage\":\"es\",\"potentialAction\":[{\"@type\":\"ReadAction\",\"target\":[\"https:\/\/santaanadelosguacaras.gob.ar\/sitio\/obra-para-la-educacion-de-santa-ana\/\"]}]},{\"@type\":\"ImageObject\",\"inLanguage\":\"es\",\"@id\":\"https:\/\/santaanadelosguacaras.gob.ar\/sitio\/obra-para-la-educacion-de-santa-ana\/#primaryimage\",\"url\":\"https:\/\/santaanadelosguacaras.gob.ar\/sitio\/wp-content\/uploads\/2025\/01\/20240628_132637.webp\",\"contentUrl\":\"https:\/\/santaanadelosguacaras.gob.ar\/sitio\/wp-content\/uploads\/2025\/01\/20240628_132637.webp\",\"width\":1263,\"height\":947},{\"@type\":\"BreadcrumbList\",\"@id\":\"https:\/\/santaanadelosguacaras.gob.ar\/sitio\/obra-para-la-educacion-de-santa-ana\/#breadcrumb\",\"itemListElement\":[{\"@type\":\"ListItem\",\"position\":1,\"name\":\"Portada\",\"item\":\"https:\/\/santaanadelosguacaras.gob.ar\/sitio\/\"},{\"@type\":\"ListItem\",\"position\":2,\"name\":\"Obra para la Educaci\u00f3n de Santa Ana\"}]},{\"@type\":\"WebSite\",\"@id\":\"https:\/\/santaanadelosguacaras.gob.ar\/sitio\/#website\",\"url\":\"https:\/\/santaanadelosguacaras.gob.ar\/sitio\/\",\"name\":\"Municipalidad de Santa Ana de los Gu\u00e1caras\",\"description\":\"Descubre Santa Ana de los Gu\u00e1caras, un rinc\u00f3n lleno de historia, cultura y naturaleza en Corrientes. Informaci\u00f3n oficial sobre eventos, turismo, servicios municipales y m\u00e1s. \u00a1Con\u00e9ctate con nuestra comunidad!\",\"publisher\":{\"@id\":\"https:\/\/santaanadelosguacaras.gob.ar\/sitio\/#organization\"},\"alternateName\":\"MuniSantaAna\",\"potentialAction\":[{\"@type\":\"SearchAction\",\"target\":{\"@type\":\"EntryPoint\",\"urlTemplate\":\"https:\/\/santaanadelosguacaras.gob.ar\/sitio\/?s={search_term_string}\"},\"query-input\":{\"@type\":\"PropertyValueSpecification\",\"valueRequired\":true,\"valueName\":\"search_term_string\"}}],\"inLanguage\":\"es\"},{\"@type\":\"Organization\",\"@id\":\"https:\/\/santaanadelosguacaras.gob.ar\/sitio\/#organization\",\"name\":\"Municipalidad de Santa Ana de los Gu\u00e1caras\",\"alternateName\":\"MuniSantaAna\",\"url\":\"https:\/\/santaanadelosguacaras.gob.ar\/sitio\/\",\"logo\":{\"@type\":\"ImageObject\",\"inLanguage\":\"es\",\"@id\":\"https:\/\/santaanadelosguacaras.gob.ar\/sitio\/#\/schema\/logo\/image\/\",\"url\":\"https:\/\/santaanadelosguacaras.gob.ar\/sitio\/wp-content\/uploads\/2024\/12\/cropped-logo_muni_250.png\",\"contentUrl\":\"https:\/\/santaanadelosguacaras.gob.ar\/sitio\/wp-content\/uploads\/2024\/12\/cropped-logo_muni_250.png\",\"width\":247,\"height\":95,\"caption\":\"Municipalidad de Santa Ana de los Gu\u00e1caras\"},\"image\":{\"@id\":\"https:\/\/santaanadelosguacaras.gob.ar\/sitio\/#\/schema\/logo\/image\/\"},\"sameAs\":[\"https:\/\/www.facebook.com\/MuniSantaAnaDeLosGuacaras\",\"https:\/\/www.instagram.com\/muni_santaana_ctes\"]},{\"@type\":\"Person\",\"@id\":\"https:\/\/santaanadelosguacaras.gob.ar\/sitio\/#\/schema\/person\/aa85e53bbb5a7c7e19834c20ede5e205\",\"name\":\"Comunicaci\u00f3n\",\"image\":{\"@type\":\"ImageObject\",\"inLanguage\":\"es\",\"@id\":\"https:\/\/santaanadelosguacaras.gob.ar\/sitio\/#\/schema\/person\/image\/\",\"url\":\"https:\/\/secure.gravatar.com\/avatar\/3e81e68b8dcb0733c78bbafb464befc4a66ce4135950c3e3ac0d3c09e53e7092?s=96&d=mm&r=g\",\"contentUrl\":\"https:\/\/secure.gravatar.com\/avatar\/3e81e68b8dcb0733c78bbafb464befc4a66ce4135950c3e3ac0d3c09e53e7092?s=96&d=mm&r=g\",\"caption\":\"Comunicaci\u00f3n\"}}]}<\/script>\n<!-- \/ Yoast SEO plugin. -->","yoast_head_json":{"title":"Obra para la Educaci\u00f3n de Santa Ana - Municipalidad de Santa Ana de los Gu\u00e1caras","robots":{"index":"index","follow":"follow","max-snippet":"max-snippet:-1","max-image-preview":"max-image-preview:large","max-video-preview":"max-video-preview:-1"},"canonical":"https:\/\/santaanadelosguacaras.gob.ar\/sitio\/obra-para-la-educacion-de-santa-ana\/","og_locale":"es_ES","og_type":"article","og_title":"Obra para la Educaci\u00f3n de Santa Ana - Municipalidad de Santa Ana de los Gu\u00e1caras","og_description":"La intendente Silvana Almir\u00f3n y el gobernador Gustavo Vald\u00e9s, firmaron convenio para la finalizaci\u00f3n del edificio propio del Jard\u00edn de Infantes. De esta manera, esta obra nacional que ya se&hellip;","og_url":"https:\/\/santaanadelosguacaras.gob.ar\/sitio\/obra-para-la-educacion-de-santa-ana\/","og_site_name":"Municipalidad de Santa Ana de los Gu\u00e1caras","article_publisher":"https:\/\/www.facebook.com\/MuniSantaAnaDeLosGuacaras","article_published_time":"2024-06-17T13:07:08+00:00","article_modified_time":"2025-01-15T13:09:30+00:00","og_image":[{"width":1263,"height":947,"url":"https:\/\/santaanadelosguacaras.gob.ar\/sitio\/wp-content\/uploads\/2025\/01\/20240628_132637.webp","type":"image\/webp"}],"author":"Comunicaci\u00f3n","twitter_card":"summary_large_image","twitter_misc":{"Escrito por":"Comunicaci\u00f3n","Tiempo de lectura":"3 minutos"},"schema":{"@context":"https:\/\/schema.org","@graph":[{"@type":"Article","@id":"https:\/\/santaanadelosguacaras.gob.ar\/sitio\/obra-para-la-educacion-de-santa-ana\/#article","isPartOf":{"@id":"https:\/\/santaanadelosguacaras.gob.ar\/sitio\/obra-para-la-educacion-de-santa-ana\/"},"author":{"name":"Comunicaci\u00f3n","@id":"https:\/\/santaanadelosguacaras.gob.ar\/sitio\/#\/schema\/person\/aa85e53bbb5a7c7e19834c20ede5e205"},"headline":"Obra para la Educaci\u00f3n de Santa Ana","datePublished":"2024-06-17T13:07:08+00:00","dateModified":"2025-01-15T13:09:30+00:00","mainEntityOfPage":{"@id":"https:\/\/santaanadelosguacaras.gob.ar\/sitio\/obra-para-la-educacion-de-santa-ana\/"},"wordCount":123,"publisher":{"@id":"https:\/\/santaanadelosguacaras.gob.ar\/sitio\/#organization"},"image":{"@id":"https:\/\/santaanadelosguacaras.gob.ar\/sitio\/obra-para-la-educacion-de-santa-ana\/#primaryimage"},"thumbnailUrl":"https:\/\/santaanadelosguacaras.gob.ar\/sitio\/wp-content\/uploads\/2025\/01\/20240628_132637.webp","articleSection":["Gesti\u00f3n"],"inLanguage":"es"},{"@type":"WebPage","@id":"https:\/\/santaanadelosguacaras.gob.ar\/sitio\/obra-para-la-educacion-de-santa-ana\/","url":"https:\/\/santaanadelosguacaras.gob.ar\/sitio\/obra-para-la-educacion-de-santa-ana\/","name":"Obra para la Educaci\u00f3n de Santa Ana - Municipalidad de Santa Ana de los Gu\u00e1caras","isPartOf":{"@id":"https:\/\/santaanadelosguacaras.gob.ar\/sitio\/#website"},"primaryImageOfPage":{"@id":"https:\/\/santaanadelosguacaras.gob.ar\/sitio\/obra-para-la-educacion-de-santa-ana\/#primaryimage"},"image":{"@id":"https:\/\/santaanadelosguacaras.gob.ar\/sitio\/obra-para-la-educacion-de-santa-ana\/#primaryimage"},"thumbnailUrl":"https:\/\/santaanadelosguacaras.gob.ar\/sitio\/wp-content\/uploads\/2025\/01\/20240628_132637.webp","datePublished":"2024-06-17T13:07:08+00:00","dateModified":"2025-01-15T13:09:30+00:00","breadcrumb":{"@id":"https:\/\/santaanadelosguacaras.gob.ar\/sitio\/obra-para-la-educacion-de-santa-ana\/#breadcrumb"},"inLanguage":"es","potentialAction":[{"@type":"ReadAction","target":["https:\/\/santaanadelosguacaras.gob.ar\/sitio\/obra-para-la-educacion-de-santa-ana\/"]}]},{"@type":"ImageObject","inLanguage":"es","@id":"https:\/\/santaanadelosguacaras.gob.ar\/sitio\/obra-para-la-educacion-de-santa-ana\/#primaryimage","url":"https:\/\/santaanadelosguacaras.gob.ar\/sitio\/wp-content\/uploads\/2025\/01\/20240628_132637.webp","contentUrl":"https:\/\/santaanadelosguacaras.gob.ar\/sitio\/wp-content\/uploads\/2025\/01\/20240628_132637.webp","width":1263,"height":947},{"@type":"BreadcrumbList","@id":"https:\/\/santaanadelosguacaras.gob.ar\/sitio\/obra-para-la-educacion-de-santa-ana\/#breadcrumb","itemListElement":[{"@type":"ListItem","position":1,"name":"Portada","item":"https:\/\/santaanadelosguacaras.gob.ar\/sitio\/"},{"@type":"ListItem","position":2,"name":"Obra para la Educaci\u00f3n de Santa Ana"}]},{"@type":"WebSite","@id":"https:\/\/santaanadelosguacaras.gob.ar\/sitio\/#website","url":"https:\/\/santaanadelosguacaras.gob.ar\/sitio\/","name":"Municipalidad de Santa Ana de los Gu\u00e1caras","description":"Descubre Santa Ana de los Gu\u00e1caras, un rinc\u00f3n lleno de historia, cultura y naturaleza en Corrientes. Informaci\u00f3n oficial sobre eventos, turismo, servicios municipales y m\u00e1s. \u00a1Con\u00e9ctate con nuestra comunidad!","publisher":{"@id":"https:\/\/santaanadelosguacaras.gob.ar\/sitio\/#organization"},"alternateName":"MuniSantaAna","potentialAction":[{"@type":"SearchAction","target":{"@type":"EntryPoint","urlTemplate":"https:\/\/santaanadelosguacaras.gob.ar\/sitio\/?s={search_term_string}"},"query-input":{"@type":"PropertyValueSpecification","valueRequired":true,"valueName":"search_term_string"}}],"inLanguage":"es"},{"@type":"Organization","@id":"https:\/\/santaanadelosguacaras.gob.ar\/sitio\/#organization","name":"Municipalidad de Santa Ana de los Gu\u00e1caras","alternateName":"MuniSantaAna","url":"https:\/\/santaanadelosguacaras.gob.ar\/sitio\/","logo":{"@type":"ImageObject","inLanguage":"es","@id":"https:\/\/santaanadelosguacaras.gob.ar\/sitio\/#\/schema\/logo\/image\/","url":"https:\/\/santaanadelosguacaras.gob.ar\/sitio\/wp-content\/uploads\/2024\/12\/cropped-logo_muni_250.png","contentUrl":"https:\/\/santaanadelosguacaras.gob.ar\/sitio\/wp-content\/uploads\/2024\/12\/cropped-logo_muni_250.png","width":247,"height":95,"caption":"Municipalidad de Santa Ana de los Gu\u00e1caras"},"image":{"@id":"https:\/\/santaanadelosguacaras.gob.ar\/sitio\/#\/schema\/logo\/image\/"},"sameAs":["https:\/\/www.facebook.com\/MuniSantaAnaDeLosGuacaras","https:\/\/www.instagram.com\/muni_santaana_ctes"]},{"@type":"Person","@id":"https:\/\/santaanadelosguacaras.gob.ar\/sitio\/#\/schema\/person\/aa85e53bbb5a7c7e19834c20ede5e205","name":"Comunicaci\u00f3n","image":{"@type":"ImageObject","inLanguage":"es","@id":"https:\/\/santaanadelosguacaras.gob.ar\/sitio\/#\/schema\/person\/image\/","url":"https:\/\/secure.gravatar.com\/avatar\/3e81e68b8dcb0733c78bbafb464befc4a66ce4135950c3e3ac0d3c09e53e7092?s=96&d=mm&r=g","contentUrl":"https:\/\/secure.gravatar.com\/avatar\/3e81e68b8dcb0733c78bbafb464befc4a66ce4135950c3e3ac0d3c09e53e7092?s=96&d=mm&r=g","caption":"Comunicaci\u00f3n"}}]}},"_links":{"self":[{"href":"https:\/\/santaanadelosguacaras.gob.ar\/sitio\/wp-json\/wp\/v2\/posts\/538","targetHints":{"allow":["GET"]}}],"collection":[{"href":"https:\/\/santaanadelosguacaras.gob.ar\/sitio\/wp-json\/wp\/v2\/posts"}],"about":[{"href":"https:\/\/santaanadelosguacaras.gob.ar\/sitio\/wp-json\/wp\/v2\/types\/post"}],"author":[{"embeddable":true,"href":"https:\/\/santaanadelosguacaras.gob.ar\/sitio\/wp-json\/wp\/v2\/users\/2"}],"replies":[{"embeddable":true,"href":"https:\/\/santaanadelosguacaras.gob.ar\/sitio\/wp-json\/wp\/v2\/comments?post=538"}],"version-history":[{"count":1,"href":"https:\/\/santaanadelosguacaras.gob.ar\/sitio\/wp-json\/wp\/v2\/posts\/538\/revisions"}],"predecessor-version":[{"id":547,"href":"https:\/\/santaanadelosguacaras.gob.ar\/sitio\/wp-json\/wp\/v2\/posts\/538\/revisions\/547"}],"wp:featuredmedia":[{"embeddable":true,"href":"https:\/\/santaanadelosguacaras.gob.ar\/sitio\/wp-json\/wp\/v2\/media\/543"}],"wp:attachment":[{"href":"https:\/\/santaanadelosguacaras.gob.ar\/sitio\/wp-json\/wp\/v2\/media?parent=538"}],"wp:term":[{"taxonomy":"category","embeddable":true,"href":"https:\/\/santaanadelosguacaras.gob.ar\/sitio\/wp-json\/wp\/v2\/categories?post=538"},{"taxonomy":"post_tag","embeddable":true,"href":"https:\/\/santaanadelosguacaras.gob.ar\/sitio\/wp-json\/wp\/v2\/tags?post=538"}],"curies":[{"name":"wp","href":"https:\/\/api.w.org\/{rel}","templated":true}]}}