{"id":54,"date":"2024-10-25T21:05:38","date_gmt":"2024-10-26T00:05:38","guid":{"rendered":"https:\/\/santaanadelosguacaras.gob.ar\/sitionuevo\/?p=54"},"modified":"2024-12-28T21:08:02","modified_gmt":"2024-12-29T00:08:02","slug":"prohibicion-del-arbol-tulipanero-africano-spatodhea-campanulata-en-santa-ana","status":"publish","type":"post","link":"https:\/\/santaanadelosguacaras.gob.ar\/sitio\/prohibicion-del-arbol-tulipanero-africano-spatodhea-campanulata-en-santa-ana\/","title":{"rendered":"Prohibici\u00f3n del \u00e1rbol \u201cTulipanero africano\u201d (Spatodhea Campanulata) en Santa Ana"},"content":{"rendered":"\n<p>Tulipanero africano se reemplazar\u00e1 por \u00e1rboles aut\u00f3ctonos<\/p>\n\n\n\n<p>En cumplimiento de la Ordenanza 166\/2024 elevada por el Concejo Deliberante al Poder Ejecutivo, a trav\u00e9s de la cual:<\/p>\n\n\n\n<blockquote class=\"wp-block-quote is-layout-flow wp-block-quote-is-layout-flow\">\n<p>\u201cSe proh\u00edbe en Santa Ana la comercializaci\u00f3n, transporte, del Tulipanero Africano (Spatodhea Campanulata), su extracci\u00f3n de la v\u00eda p\u00fablica e insta a los vecinos erradicar esta especie en predios de propiedad privada,&nbsp;<strong>por ser t\u00f3xica<\/strong>, causante de mortalidad en la entomofauna nativa, el Ejecutivo Municipal adhiere a dicha Ordenanza, en cuidado y conservaci\u00f3n del ambiente.\u201d<\/p>\n<\/blockquote>\n\n\n\n<p>Por ello, la Municipalidad realizar\u00e1 en la v\u00eda p\u00fablica la extracci\u00f3n de estas especies y reemplazo por \u00e1rboles aut\u00f3ctonos. Tambi\u00e9n para los vecinos se realizar\u00e1 el trabajo de extracci\u00f3n de sus predios, sin costo junto a la donaci\u00f3n de otras especies.<\/p>\n\n\n\n<p>Para consultas, tel\u00e9fono: 3795344177<\/p>\n\n\n\n<figure class=\"wp-block-gallery has-nested-images columns-default is-cropped wp-block-gallery-1 is-layout-flex wp-block-gallery-is-layout-flex\">\n<figure class=\"wp-block-image size-large\"><a href=\"https:\/\/santaanadelosguacaras.gob.ar\/sitio\/wp-content\/uploads\/2024\/12\/Spatodhea-Campanulata-01-1024x768-1.jpg\"><img loading=\"lazy\" decoding=\"async\" width=\"1024\" height=\"768\" data-id=\"57\" src=\"https:\/\/santaanadelosguacaras.gob.ar\/sitio\/wp-content\/uploads\/2024\/12\/Spatodhea-Campanulata-01-1024x768-1.jpg\" alt=\"\" class=\"wp-image-57\" srcset=\"https:\/\/santaanadelosguacaras.gob.ar\/sitio\/wp-content\/uploads\/2024\/12\/Spatodhea-Campanulata-01-1024x768-1.jpg 1024w, https:\/\/santaanadelosguacaras.gob.ar\/sitio\/wp-content\/uploads\/2024\/12\/Spatodhea-Campanulata-01-1024x768-1-300x225.jpg 300w, https:\/\/santaanadelosguacaras.gob.ar\/sitio\/wp-content\/uploads\/2024\/12\/Spatodhea-Campanulata-01-1024x768-1-768x576.jpg 768w\" sizes=\"auto, (max-width: 1024px) 100vw, 1024px\" \/><\/a><\/figure>\n\n\n\n<figure class=\"wp-block-image size-large\"><a href=\"https:\/\/santaanadelosguacaras.gob.ar\/sitio\/wp-content\/uploads\/2024\/12\/Spatodhea-Campanulata-1024x682-1.jpeg\"><img loading=\"lazy\" decoding=\"async\" width=\"1024\" height=\"682\" data-id=\"56\" src=\"https:\/\/santaanadelosguacaras.gob.ar\/sitio\/wp-content\/uploads\/2024\/12\/Spatodhea-Campanulata-1024x682-1.jpeg\" alt=\"\" class=\"wp-image-56\" srcset=\"https:\/\/santaanadelosguacaras.gob.ar\/sitio\/wp-content\/uploads\/2024\/12\/Spatodhea-Campanulata-1024x682-1.jpeg 1024w, https:\/\/santaanadelosguacaras.gob.ar\/sitio\/wp-content\/uploads\/2024\/12\/Spatodhea-Campanulata-1024x682-1-300x200.jpeg 300w, https:\/\/santaanadelosguacaras.gob.ar\/sitio\/wp-content\/uploads\/2024\/12\/Spatodhea-Campanulata-1024x682-1-768x512.jpeg 768w\" sizes=\"auto, (max-width: 1024px) 100vw, 1024px\" \/><\/a><\/figure>\n\n\n\n<figure class=\"wp-block-image size-large\"><a href=\"https:\/\/santaanadelosguacaras.gob.ar\/sitio\/wp-content\/uploads\/2024\/12\/Spatodhea-Campanulata-flores.jpg\"><img loading=\"lazy\" decoding=\"async\" width=\"768\" height=\"480\" data-id=\"55\" src=\"https:\/\/santaanadelosguacaras.gob.ar\/sitio\/wp-content\/uploads\/2024\/12\/Spatodhea-Campanulata-flores.jpg\" alt=\"\" class=\"wp-image-55\" srcset=\"https:\/\/santaanadelosguacaras.gob.ar\/sitio\/wp-content\/uploads\/2024\/12\/Spatodhea-Campanulata-flores.jpg 768w, https:\/\/santaanadelosguacaras.gob.ar\/sitio\/wp-content\/uploads\/2024\/12\/Spatodhea-Campanulata-flores-300x188.jpg 300w\" sizes=\"auto, (max-width: 768px) 100vw, 768px\" \/><\/a><\/figure>\n<\/figure>\n","protected":false},"excerpt":{"rendered":"<p>Tulipanero africano se reemplazar\u00e1 por \u00e1rboles aut\u00f3ctonos En cumplimiento de la Ordenanza 166\/2024 elevada por el Concejo Deliberante al Poder Ejecutivo, a trav\u00e9s de la cual: \u201cSe proh\u00edbe en Santa&hellip; <\/p>\n","protected":false},"author":2,"featured_media":59,"comment_status":"open","ping_status":"open","sticky":false,"template":"","format":"standard","meta":{"footnotes":""},"categories":[19],"tags":[],"class_list":["post-54","post","type-post","status-publish","format-standard","has-post-thumbnail","hentry","category-ambiente"],"yoast_head":"<!-- This site is optimized with the Yoast SEO plugin v24.8.1 - https:\/\/yoast.com\/wordpress\/plugins\/seo\/ -->\n<title>Prohibici\u00f3n del \u00e1rbol \u201cTulipanero africano\u201d (Spatodhea Campanulata) en Santa Ana - Municipalidad de Santa Ana de los Gu\u00e1caras<\/title>\n<meta name=\"robots\" content=\"index, follow, max-snippet:-1, max-image-preview:large, max-video-preview:-1\" \/>\n<link rel=\"canonical\" href=\"https:\/\/santaanadelosguacaras.gob.ar\/sitio\/prohibicion-del-arbol-tulipanero-africano-spatodhea-campanulata-en-santa-ana\/\" \/>\n<meta property=\"og:locale\" content=\"es_ES\" \/>\n<meta property=\"og:type\" content=\"article\" \/>\n<meta property=\"og:title\" content=\"Prohibici\u00f3n del \u00e1rbol \u201cTulipanero africano\u201d (Spatodhea Campanulata) en Santa Ana - Municipalidad de Santa Ana de los Gu\u00e1caras\" \/>\n<meta property=\"og:description\" content=\"Tulipanero africano se reemplazar\u00e1 por \u00e1rboles aut\u00f3ctonos En cumplimiento de la Ordenanza 166\/2024 elevada por el Concejo Deliberante al Poder Ejecutivo, a trav\u00e9s de la cual: \u201cSe proh\u00edbe en Santa&hellip;\" \/>\n<meta property=\"og:url\" content=\"https:\/\/santaanadelosguacaras.gob.ar\/sitio\/prohibicion-del-arbol-tulipanero-africano-spatodhea-campanulata-en-santa-ana\/\" \/>\n<meta property=\"og:site_name\" content=\"Municipalidad de Santa Ana de los Gu\u00e1caras\" \/>\n<meta property=\"article:publisher\" content=\"https:\/\/www.facebook.com\/MuniSantaAnaDeLosGuacaras\" \/>\n<meta property=\"article:published_time\" content=\"2024-10-26T00:05:38+00:00\" \/>\n<meta property=\"article:modified_time\" content=\"2024-12-29T00:08:02+00:00\" \/>\n<meta property=\"og:image\" content=\"https:\/\/santaanadelosguacaras.gob.ar\/sitio\/wp-content\/uploads\/2024\/12\/Spatodhea-Campanulata-flores-1-400x280-1.jpg\" \/>\n\t<meta property=\"og:image:width\" content=\"400\" \/>\n\t<meta property=\"og:image:height\" content=\"280\" \/>\n\t<meta property=\"og:image:type\" content=\"image\/jpeg\" \/>\n<meta name=\"author\" content=\"Comunicaci\u00f3n\" \/>\n<meta name=\"twitter:card\" content=\"summary_large_image\" \/>\n<meta name=\"twitter:label1\" content=\"Escrito por\" \/>\n\t<meta name=\"twitter:data1\" content=\"Comunicaci\u00f3n\" \/>\n\t<meta name=\"twitter:label2\" content=\"Tiempo de lectura\" \/>\n\t<meta name=\"twitter:data2\" content=\"1 minuto\" \/>\n<script type=\"application\/ld+json\" class=\"yoast-schema-graph\">{\"@context\":\"https:\/\/schema.org\",\"@graph\":[{\"@type\":\"Article\",\"@id\":\"https:\/\/santaanadelosguacaras.gob.ar\/sitio\/prohibicion-del-arbol-tulipanero-africano-spatodhea-campanulata-en-santa-ana\/#article\",\"isPartOf\":{\"@id\":\"https:\/\/santaanadelosguacaras.gob.ar\/sitio\/prohibicion-del-arbol-tulipanero-africano-spatodhea-campanulata-en-santa-ana\/\"},\"author\":{\"name\":\"Comunicaci\u00f3n\",\"@id\":\"https:\/\/santaanadelosguacaras.gob.ar\/sitio\/#\/schema\/person\/aa85e53bbb5a7c7e19834c20ede5e205\"},\"headline\":\"Prohibici\u00f3n del \u00e1rbol \u201cTulipanero africano\u201d (Spatodhea Campanulata) en Santa Ana\",\"datePublished\":\"2024-10-26T00:05:38+00:00\",\"dateModified\":\"2024-12-29T00:08:02+00:00\",\"mainEntityOfPage\":{\"@id\":\"https:\/\/santaanadelosguacaras.gob.ar\/sitio\/prohibicion-del-arbol-tulipanero-africano-spatodhea-campanulata-en-santa-ana\/\"},\"wordCount\":153,\"commentCount\":0,\"publisher\":{\"@id\":\"https:\/\/santaanadelosguacaras.gob.ar\/sitio\/#organization\"},\"image\":{\"@id\":\"https:\/\/santaanadelosguacaras.gob.ar\/sitio\/prohibicion-del-arbol-tulipanero-africano-spatodhea-campanulata-en-santa-ana\/#primaryimage\"},\"thumbnailUrl\":\"https:\/\/santaanadelosguacaras.gob.ar\/sitio\/wp-content\/uploads\/2024\/12\/Spatodhea-Campanulata-flores-1-400x280-1.jpg\",\"articleSection\":[\"Ambiente\"],\"inLanguage\":\"es\",\"potentialAction\":[{\"@type\":\"CommentAction\",\"name\":\"Comment\",\"target\":[\"https:\/\/santaanadelosguacaras.gob.ar\/sitio\/prohibicion-del-arbol-tulipanero-africano-spatodhea-campanulata-en-santa-ana\/#respond\"]}]},{\"@type\":\"WebPage\",\"@id\":\"https:\/\/santaanadelosguacaras.gob.ar\/sitio\/prohibicion-del-arbol-tulipanero-africano-spatodhea-campanulata-en-santa-ana\/\",\"url\":\"https:\/\/santaanadelosguacaras.gob.ar\/sitio\/prohibicion-del-arbol-tulipanero-africano-spatodhea-campanulata-en-santa-ana\/\",\"name\":\"Prohibici\u00f3n del \u00e1rbol \u201cTulipanero africano\u201d (Spatodhea Campanulata) en Santa Ana - Municipalidad de Santa Ana de los Gu\u00e1caras\",\"isPartOf\":{\"@id\":\"https:\/\/santaanadelosguacaras.gob.ar\/sitio\/#website\"},\"primaryImageOfPage\":{\"@id\":\"https:\/\/santaanadelosguacaras.gob.ar\/sitio\/prohibicion-del-arbol-tulipanero-africano-spatodhea-campanulata-en-santa-ana\/#primaryimage\"},\"image\":{\"@id\":\"https:\/\/santaanadelosguacaras.gob.ar\/sitio\/prohibicion-del-arbol-tulipanero-africano-spatodhea-campanulata-en-santa-ana\/#primaryimage\"},\"thumbnailUrl\":\"https:\/\/santaanadelosguacaras.gob.ar\/sitio\/wp-content\/uploads\/2024\/12\/Spatodhea-Campanulata-flores-1-400x280-1.jpg\",\"datePublished\":\"2024-10-26T00:05:38+00:00\",\"dateModified\":\"2024-12-29T00:08:02+00:00\",\"breadcrumb\":{\"@id\":\"https:\/\/santaanadelosguacaras.gob.ar\/sitio\/prohibicion-del-arbol-tulipanero-africano-spatodhea-campanulata-en-santa-ana\/#breadcrumb\"},\"inLanguage\":\"es\",\"potentialAction\":[{\"@type\":\"ReadAction\",\"target\":[\"https:\/\/santaanadelosguacaras.gob.ar\/sitio\/prohibicion-del-arbol-tulipanero-africano-spatodhea-campanulata-en-santa-ana\/\"]}]},{\"@type\":\"ImageObject\",\"inLanguage\":\"es\",\"@id\":\"https:\/\/santaanadelosguacaras.gob.ar\/sitio\/prohibicion-del-arbol-tulipanero-africano-spatodhea-campanulata-en-santa-ana\/#primaryimage\",\"url\":\"https:\/\/santaanadelosguacaras.gob.ar\/sitio\/wp-content\/uploads\/2024\/12\/Spatodhea-Campanulata-flores-1-400x280-1.jpg\",\"contentUrl\":\"https:\/\/santaanadelosguacaras.gob.ar\/sitio\/wp-content\/uploads\/2024\/12\/Spatodhea-Campanulata-flores-1-400x280-1.jpg\",\"width\":400,\"height\":280},{\"@type\":\"BreadcrumbList\",\"@id\":\"https:\/\/santaanadelosguacaras.gob.ar\/sitio\/prohibicion-del-arbol-tulipanero-africano-spatodhea-campanulata-en-santa-ana\/#breadcrumb\",\"itemListElement\":[{\"@type\":\"ListItem\",\"position\":1,\"name\":\"Portada\",\"item\":\"https:\/\/santaanadelosguacaras.gob.ar\/sitio\/\"},{\"@type\":\"ListItem\",\"position\":2,\"name\":\"Prohibici\u00f3n del \u00e1rbol \u201cTulipanero africano\u201d (Spatodhea Campanulata) en Santa Ana\"}]},{\"@type\":\"WebSite\",\"@id\":\"https:\/\/santaanadelosguacaras.gob.ar\/sitio\/#website\",\"url\":\"https:\/\/santaanadelosguacaras.gob.ar\/sitio\/\",\"name\":\"Municipalidad de Santa Ana de los Gu\u00e1caras\",\"description\":\"Descubre Santa Ana de los Gu\u00e1caras, un rinc\u00f3n lleno de historia, cultura y naturaleza en Corrientes. Informaci\u00f3n oficial sobre eventos, turismo, servicios municipales y m\u00e1s. \u00a1Con\u00e9ctate con nuestra comunidad!\",\"publisher\":{\"@id\":\"https:\/\/santaanadelosguacaras.gob.ar\/sitio\/#organization\"},\"alternateName\":\"MuniSantaAna\",\"potentialAction\":[{\"@type\":\"SearchAction\",\"target\":{\"@type\":\"EntryPoint\",\"urlTemplate\":\"https:\/\/santaanadelosguacaras.gob.ar\/sitio\/?s={search_term_string}\"},\"query-input\":{\"@type\":\"PropertyValueSpecification\",\"valueRequired\":true,\"valueName\":\"search_term_string\"}}],\"inLanguage\":\"es\"},{\"@type\":\"Organization\",\"@id\":\"https:\/\/santaanadelosguacaras.gob.ar\/sitio\/#organization\",\"name\":\"Municipalidad de Santa Ana de los Gu\u00e1caras\",\"alternateName\":\"MuniSantaAna\",\"url\":\"https:\/\/santaanadelosguacaras.gob.ar\/sitio\/\",\"logo\":{\"@type\":\"ImageObject\",\"inLanguage\":\"es\",\"@id\":\"https:\/\/santaanadelosguacaras.gob.ar\/sitio\/#\/schema\/logo\/image\/\",\"url\":\"https:\/\/santaanadelosguacaras.gob.ar\/sitio\/wp-content\/uploads\/2024\/12\/cropped-logo_muni_250.png\",\"contentUrl\":\"https:\/\/santaanadelosguacaras.gob.ar\/sitio\/wp-content\/uploads\/2024\/12\/cropped-logo_muni_250.png\",\"width\":247,\"height\":95,\"caption\":\"Municipalidad de Santa Ana de los Gu\u00e1caras\"},\"image\":{\"@id\":\"https:\/\/santaanadelosguacaras.gob.ar\/sitio\/#\/schema\/logo\/image\/\"},\"sameAs\":[\"https:\/\/www.facebook.com\/MuniSantaAnaDeLosGuacaras\",\"https:\/\/www.instagram.com\/muni_santaana_ctes\"]},{\"@type\":\"Person\",\"@id\":\"https:\/\/santaanadelosguacaras.gob.ar\/sitio\/#\/schema\/person\/aa85e53bbb5a7c7e19834c20ede5e205\",\"name\":\"Comunicaci\u00f3n\",\"image\":{\"@type\":\"ImageObject\",\"inLanguage\":\"es\",\"@id\":\"https:\/\/santaanadelosguacaras.gob.ar\/sitio\/#\/schema\/person\/image\/\",\"url\":\"https:\/\/secure.gravatar.com\/avatar\/3e81e68b8dcb0733c78bbafb464befc4a66ce4135950c3e3ac0d3c09e53e7092?s=96&d=mm&r=g\",\"contentUrl\":\"https:\/\/secure.gravatar.com\/avatar\/3e81e68b8dcb0733c78bbafb464befc4a66ce4135950c3e3ac0d3c09e53e7092?s=96&d=mm&r=g\",\"caption\":\"Comunicaci\u00f3n\"}}]}<\/script>\n<!-- \/ Yoast SEO plugin. -->","yoast_head_json":{"title":"Prohibici\u00f3n del \u00e1rbol \u201cTulipanero africano\u201d (Spatodhea Campanulata) en Santa Ana - Municipalidad de Santa Ana de los Gu\u00e1caras","robots":{"index":"index","follow":"follow","max-snippet":"max-snippet:-1","max-image-preview":"max-image-preview:large","max-video-preview":"max-video-preview:-1"},"canonical":"https:\/\/santaanadelosguacaras.gob.ar\/sitio\/prohibicion-del-arbol-tulipanero-africano-spatodhea-campanulata-en-santa-ana\/","og_locale":"es_ES","og_type":"article","og_title":"Prohibici\u00f3n del \u00e1rbol \u201cTulipanero africano\u201d (Spatodhea Campanulata) en Santa Ana - Municipalidad de Santa Ana de los Gu\u00e1caras","og_description":"Tulipanero africano se reemplazar\u00e1 por \u00e1rboles aut\u00f3ctonos En cumplimiento de la Ordenanza 166\/2024 elevada por el Concejo Deliberante al Poder Ejecutivo, a trav\u00e9s de la cual: \u201cSe proh\u00edbe en Santa&hellip;","og_url":"https:\/\/santaanadelosguacaras.gob.ar\/sitio\/prohibicion-del-arbol-tulipanero-africano-spatodhea-campanulata-en-santa-ana\/","og_site_name":"Municipalidad de Santa Ana de los Gu\u00e1caras","article_publisher":"https:\/\/www.facebook.com\/MuniSantaAnaDeLosGuacaras","article_published_time":"2024-10-26T00:05:38+00:00","article_modified_time":"2024-12-29T00:08:02+00:00","og_image":[{"width":400,"height":280,"url":"https:\/\/santaanadelosguacaras.gob.ar\/sitio\/wp-content\/uploads\/2024\/12\/Spatodhea-Campanulata-flores-1-400x280-1.jpg","type":"image\/jpeg"}],"author":"Comunicaci\u00f3n","twitter_card":"summary_large_image","twitter_misc":{"Escrito por":"Comunicaci\u00f3n","Tiempo de lectura":"1 minuto"},"schema":{"@context":"https:\/\/schema.org","@graph":[{"@type":"Article","@id":"https:\/\/santaanadelosguacaras.gob.ar\/sitio\/prohibicion-del-arbol-tulipanero-africano-spatodhea-campanulata-en-santa-ana\/#article","isPartOf":{"@id":"https:\/\/santaanadelosguacaras.gob.ar\/sitio\/prohibicion-del-arbol-tulipanero-africano-spatodhea-campanulata-en-santa-ana\/"},"author":{"name":"Comunicaci\u00f3n","@id":"https:\/\/santaanadelosguacaras.gob.ar\/sitio\/#\/schema\/person\/aa85e53bbb5a7c7e19834c20ede5e205"},"headline":"Prohibici\u00f3n del \u00e1rbol \u201cTulipanero africano\u201d (Spatodhea Campanulata) en Santa Ana","datePublished":"2024-10-26T00:05:38+00:00","dateModified":"2024-12-29T00:08:02+00:00","mainEntityOfPage":{"@id":"https:\/\/santaanadelosguacaras.gob.ar\/sitio\/prohibicion-del-arbol-tulipanero-africano-spatodhea-campanulata-en-santa-ana\/"},"wordCount":153,"commentCount":0,"publisher":{"@id":"https:\/\/santaanadelosguacaras.gob.ar\/sitio\/#organization"},"image":{"@id":"https:\/\/santaanadelosguacaras.gob.ar\/sitio\/prohibicion-del-arbol-tulipanero-africano-spatodhea-campanulata-en-santa-ana\/#primaryimage"},"thumbnailUrl":"https:\/\/santaanadelosguacaras.gob.ar\/sitio\/wp-content\/uploads\/2024\/12\/Spatodhea-Campanulata-flores-1-400x280-1.jpg","articleSection":["Ambiente"],"inLanguage":"es","potentialAction":[{"@type":"CommentAction","name":"Comment","target":["https:\/\/santaanadelosguacaras.gob.ar\/sitio\/prohibicion-del-arbol-tulipanero-africano-spatodhea-campanulata-en-santa-ana\/#respond"]}]},{"@type":"WebPage","@id":"https:\/\/santaanadelosguacaras.gob.ar\/sitio\/prohibicion-del-arbol-tulipanero-africano-spatodhea-campanulata-en-santa-ana\/","url":"https:\/\/santaanadelosguacaras.gob.ar\/sitio\/prohibicion-del-arbol-tulipanero-africano-spatodhea-campanulata-en-santa-ana\/","name":"Prohibici\u00f3n del \u00e1rbol \u201cTulipanero africano\u201d (Spatodhea Campanulata) en Santa Ana - Municipalidad de Santa Ana de los Gu\u00e1caras","isPartOf":{"@id":"https:\/\/santaanadelosguacaras.gob.ar\/sitio\/#website"},"primaryImageOfPage":{"@id":"https:\/\/santaanadelosguacaras.gob.ar\/sitio\/prohibicion-del-arbol-tulipanero-africano-spatodhea-campanulata-en-santa-ana\/#primaryimage"},"image":{"@id":"https:\/\/santaanadelosguacaras.gob.ar\/sitio\/prohibicion-del-arbol-tulipanero-africano-spatodhea-campanulata-en-santa-ana\/#primaryimage"},"thumbnailUrl":"https:\/\/santaanadelosguacaras.gob.ar\/sitio\/wp-content\/uploads\/2024\/12\/Spatodhea-Campanulata-flores-1-400x280-1.jpg","datePublished":"2024-10-26T00:05:38+00:00","dateModified":"2024-12-29T00:08:02+00:00","breadcrumb":{"@id":"https:\/\/santaanadelosguacaras.gob.ar\/sitio\/prohibicion-del-arbol-tulipanero-africano-spatodhea-campanulata-en-santa-ana\/#breadcrumb"},"inLanguage":"es","potentialAction":[{"@type":"ReadAction","target":["https:\/\/santaanadelosguacaras.gob.ar\/sitio\/prohibicion-del-arbol-tulipanero-africano-spatodhea-campanulata-en-santa-ana\/"]}]},{"@type":"ImageObject","inLanguage":"es","@id":"https:\/\/santaanadelosguacaras.gob.ar\/sitio\/prohibicion-del-arbol-tulipanero-africano-spatodhea-campanulata-en-santa-ana\/#primaryimage","url":"https:\/\/santaanadelosguacaras.gob.ar\/sitio\/wp-content\/uploads\/2024\/12\/Spatodhea-Campanulata-flores-1-400x280-1.jpg","contentUrl":"https:\/\/santaanadelosguacaras.gob.ar\/sitio\/wp-content\/uploads\/2024\/12\/Spatodhea-Campanulata-flores-1-400x280-1.jpg","width":400,"height":280},{"@type":"BreadcrumbList","@id":"https:\/\/santaanadelosguacaras.gob.ar\/sitio\/prohibicion-del-arbol-tulipanero-africano-spatodhea-campanulata-en-santa-ana\/#breadcrumb","itemListElement":[{"@type":"ListItem","position":1,"name":"Portada","item":"https:\/\/santaanadelosguacaras.gob.ar\/sitio\/"},{"@type":"ListItem","position":2,"name":"Prohibici\u00f3n del \u00e1rbol \u201cTulipanero africano\u201d (Spatodhea Campanulata) en Santa Ana"}]},{"@type":"WebSite","@id":"https:\/\/santaanadelosguacaras.gob.ar\/sitio\/#website","url":"https:\/\/santaanadelosguacaras.gob.ar\/sitio\/","name":"Municipalidad de Santa Ana de los Gu\u00e1caras","description":"Descubre Santa Ana de los Gu\u00e1caras, un rinc\u00f3n lleno de historia, cultura y naturaleza en Corrientes. Informaci\u00f3n oficial sobre eventos, turismo, servicios municipales y m\u00e1s. \u00a1Con\u00e9ctate con nuestra comunidad!","publisher":{"@id":"https:\/\/santaanadelosguacaras.gob.ar\/sitio\/#organization"},"alternateName":"MuniSantaAna","potentialAction":[{"@type":"SearchAction","target":{"@type":"EntryPoint","urlTemplate":"https:\/\/santaanadelosguacaras.gob.ar\/sitio\/?s={search_term_string}"},"query-input":{"@type":"PropertyValueSpecification","valueRequired":true,"valueName":"search_term_string"}}],"inLanguage":"es"},{"@type":"Organization","@id":"https:\/\/santaanadelosguacaras.gob.ar\/sitio\/#organization","name":"Municipalidad de Santa Ana de los Gu\u00e1caras","alternateName":"MuniSantaAna","url":"https:\/\/santaanadelosguacaras.gob.ar\/sitio\/","logo":{"@type":"ImageObject","inLanguage":"es","@id":"https:\/\/santaanadelosguacaras.gob.ar\/sitio\/#\/schema\/logo\/image\/","url":"https:\/\/santaanadelosguacaras.gob.ar\/sitio\/wp-content\/uploads\/2024\/12\/cropped-logo_muni_250.png","contentUrl":"https:\/\/santaanadelosguacaras.gob.ar\/sitio\/wp-content\/uploads\/2024\/12\/cropped-logo_muni_250.png","width":247,"height":95,"caption":"Municipalidad de Santa Ana de los Gu\u00e1caras"},"image":{"@id":"https:\/\/santaanadelosguacaras.gob.ar\/sitio\/#\/schema\/logo\/image\/"},"sameAs":["https:\/\/www.facebook.com\/MuniSantaAnaDeLosGuacaras","https:\/\/www.instagram.com\/muni_santaana_ctes"]},{"@type":"Person","@id":"https:\/\/santaanadelosguacaras.gob.ar\/sitio\/#\/schema\/person\/aa85e53bbb5a7c7e19834c20ede5e205","name":"Comunicaci\u00f3n","image":{"@type":"ImageObject","inLanguage":"es","@id":"https:\/\/santaanadelosguacaras.gob.ar\/sitio\/#\/schema\/person\/image\/","url":"https:\/\/secure.gravatar.com\/avatar\/3e81e68b8dcb0733c78bbafb464befc4a66ce4135950c3e3ac0d3c09e53e7092?s=96&d=mm&r=g","contentUrl":"https:\/\/secure.gravatar.com\/avatar\/3e81e68b8dcb0733c78bbafb464befc4a66ce4135950c3e3ac0d3c09e53e7092?s=96&d=mm&r=g","caption":"Comunicaci\u00f3n"}}]}},"_links":{"self":[{"href":"https:\/\/santaanadelosguacaras.gob.ar\/sitio\/wp-json\/wp\/v2\/posts\/54","targetHints":{"allow":["GET"]}}],"collection":[{"href":"https:\/\/santaanadelosguacaras.gob.ar\/sitio\/wp-json\/wp\/v2\/posts"}],"about":[{"href":"https:\/\/santaanadelosguacaras.gob.ar\/sitio\/wp-json\/wp\/v2\/types\/post"}],"author":[{"embeddable":true,"href":"https:\/\/santaanadelosguacaras.gob.ar\/sitio\/wp-json\/wp\/v2\/users\/2"}],"replies":[{"embeddable":true,"href":"https:\/\/santaanadelosguacaras.gob.ar\/sitio\/wp-json\/wp\/v2\/comments?post=54"}],"version-history":[{"count":1,"href":"https:\/\/santaanadelosguacaras.gob.ar\/sitio\/wp-json\/wp\/v2\/posts\/54\/revisions"}],"predecessor-version":[{"id":58,"href":"https:\/\/santaanadelosguacaras.gob.ar\/sitio\/wp-json\/wp\/v2\/posts\/54\/revisions\/58"}],"wp:featuredmedia":[{"embeddable":true,"href":"https:\/\/santaanadelosguacaras.gob.ar\/sitio\/wp-json\/wp\/v2\/media\/59"}],"wp:attachment":[{"href":"https:\/\/santaanadelosguacaras.gob.ar\/sitio\/wp-json\/wp\/v2\/media?parent=54"}],"wp:term":[{"taxonomy":"category","embeddable":true,"href":"https:\/\/santaanadelosguacaras.gob.ar\/sitio\/wp-json\/wp\/v2\/categories?post=54"},{"taxonomy":"post_tag","embeddable":true,"href":"https:\/\/santaanadelosguacaras.gob.ar\/sitio\/wp-json\/wp\/v2\/tags?post=54"}],"curies":[{"name":"wp","href":"https:\/\/api.w.org\/{rel}","templated":true}]}}