{"id":592,"date":"2024-07-15T14:40:24","date_gmt":"2024-07-15T17:40:24","guid":{"rendered":"https:\/\/santaanadelosguacaras.gob.ar\/sitio\/?p=592"},"modified":"2025-01-15T14:41:42","modified_gmt":"2025-01-15T17:41:42","slug":"santa-ana-obtuvo-el-sello-de-calidad-turistica","status":"publish","type":"post","link":"https:\/\/santaanadelosguacaras.gob.ar\/sitio\/santa-ana-obtuvo-el-sello-de-calidad-turistica\/","title":{"rendered":"Santa Ana obtuvo el Sello de Calidad Tur\u00edstica"},"content":{"rendered":"\n<p>La Oficina de Informes Tur\u00edsticos de Santa Ana tras cumplir y aprobar los procesos de certificaci\u00f3n recibi\u00f3 el Sello Correntino de Calidad Tur\u00edstica.<br><br>La entrega se realiz\u00f3 el 8 de julio, en Casa Iber\u00e1, con la presencia de la Ministra de Turismo,<a href=\"https:\/\/www.facebook.com\/alejandraeliciri?__cft__%5b0%5d=AZUNZcyCi0bYbBrO95zS5mfvvRI8LSH-EtKUmQe2sLBkD1t5z2VaPyBdcwJRVNNeD0xXXdJZhP8IP8v7UxT175dznRr3SeqJV1pymmeXvRrvvjzGwYgFFWL61Dg-EDVNY2W_H4rYibONH8UFCP2krPNbb6egUcrT7fwLNDzsFzBI77sjX7WvVL6GnVTwghXs3vQ&amp;__tn__=-%5dK-R\"> Alejandra Eliciri<\/a> representantes de Direcciones de Turismo,\u00a0 emprendimientos, empresas del sector.<br><br>Este programa del<a href=\"https:\/\/www.facebook.com\/Ministerio-de-Turismo-de-Corrientes-344564532872042\/?__cft__%5b0%5d=AZUNZcyCi0bYbBrO95zS5mfvvRI8LSH-EtKUmQe2sLBkD1t5z2VaPyBdcwJRVNNeD0xXXdJZhP8IP8v7UxT175dznRr3SeqJV1pymmeXvRrvvjzGwYgFFWL61Dg-EDVNY2W_H4rYibONH8UFCP2krPNbb6egUcrT7fwLNDzsFzBI77sjX7WvVL6GnVTwghXs3vQ&amp;__tn__=kK-R\"> Ministerio de Turismo de Corrientes<\/a> tiene como objetivo capacitar y evaluar a los servicios tur\u00edsticos, para la mejora y calidad.<br><br>La intendente Silvana Almir\u00f3n expres\u00f3 \u00aben el marco de nuestras pol\u00edticas tur\u00edsticas, adherimos a este programa que brind\u00f3 capacitaci\u00f3n y evaluaci\u00f3n en procesos internos y externos para mejorar los servicios,\u00a0 que continuaremos fortaleciendo. Agradecemos al Gobierno de Corrientes, al Ministerio de Turismo, por estas herramientas para el turismo de<a href=\"https:\/\/www.facebook.com\/santaanadelosguacarascorrientes?__cft__%5b0%5d=AZUNZcyCi0bYbBrO95zS5mfvvRI8LSH-EtKUmQe2sLBkD1t5z2VaPyBdcwJRVNNeD0xXXdJZhP8IP8v7UxT175dznRr3SeqJV1pymmeXvRrvvjzGwYgFFWL61Dg-EDVNY2W_H4rYibONH8UFCP2krPNbb6egUcrT7fwLNDzsFzBI77sjX7WvVL6GnVTwghXs3vQ&amp;__tn__=-%5dK-R\"> Santa Ana de los Gu\u00e1caras<\/a> que contribuir\u00e1 al trabajo desde este sector\u00bb.<br><br>Tras la entrega de los Sellos, la intendente Almir\u00f3n y la Directora de Cultura y Turismo, profesora Elsa Medina, comunicaron ante la prensa la oferta tur\u00edstica de Santa Ana para las vacaciones de invierno.<\/p>\n\n\n\n<figure class=\"wp-block-gallery has-nested-images columns-default is-cropped wp-block-gallery-1 is-layout-flex wp-block-gallery-is-layout-flex\">\n<figure class=\"wp-block-image size-large\"><a href=\"https:\/\/santaanadelosguacaras.gob.ar\/sitio\/wp-content\/uploads\/2025\/01\/20240708_095318.webp\"><img loading=\"lazy\" decoding=\"async\" width=\"1024\" height=\"768\" data-id=\"593\" src=\"https:\/\/santaanadelosguacaras.gob.ar\/sitio\/wp-content\/uploads\/2025\/01\/20240708_095318-1024x768.webp\" alt=\"\" class=\"wp-image-593\" srcset=\"https:\/\/santaanadelosguacaras.gob.ar\/sitio\/wp-content\/uploads\/2025\/01\/20240708_095318-1024x768.webp 1024w, https:\/\/santaanadelosguacaras.gob.ar\/sitio\/wp-content\/uploads\/2025\/01\/20240708_095318-300x225.webp 300w, https:\/\/santaanadelosguacaras.gob.ar\/sitio\/wp-content\/uploads\/2025\/01\/20240708_095318-768x576.webp 768w, https:\/\/santaanadelosguacaras.gob.ar\/sitio\/wp-content\/uploads\/2025\/01\/20240708_095318.webp 1263w\" sizes=\"auto, (max-width: 1024px) 100vw, 1024px\" \/><\/a><\/figure>\n\n\n\n<figure class=\"wp-block-image size-large\"><a href=\"https:\/\/santaanadelosguacaras.gob.ar\/sitio\/wp-content\/uploads\/2025\/01\/20240708_100717.webp\"><img loading=\"lazy\" decoding=\"async\" width=\"1024\" height=\"768\" data-id=\"594\" src=\"https:\/\/santaanadelosguacaras.gob.ar\/sitio\/wp-content\/uploads\/2025\/01\/20240708_100717-1024x768.webp\" alt=\"\" class=\"wp-image-594\" srcset=\"https:\/\/santaanadelosguacaras.gob.ar\/sitio\/wp-content\/uploads\/2025\/01\/20240708_100717-1024x768.webp 1024w, https:\/\/santaanadelosguacaras.gob.ar\/sitio\/wp-content\/uploads\/2025\/01\/20240708_100717-300x225.webp 300w, https:\/\/santaanadelosguacaras.gob.ar\/sitio\/wp-content\/uploads\/2025\/01\/20240708_100717-768x576.webp 768w, https:\/\/santaanadelosguacaras.gob.ar\/sitio\/wp-content\/uploads\/2025\/01\/20240708_100717.webp 1263w\" sizes=\"auto, (max-width: 1024px) 100vw, 1024px\" \/><\/a><\/figure>\n\n\n\n<figure class=\"wp-block-image size-large\"><a href=\"https:\/\/santaanadelosguacaras.gob.ar\/sitio\/wp-content\/uploads\/2025\/01\/20240708_101348.webp\"><img loading=\"lazy\" decoding=\"async\" width=\"710\" height=\"947\" data-id=\"595\" src=\"https:\/\/santaanadelosguacaras.gob.ar\/sitio\/wp-content\/uploads\/2025\/01\/20240708_101348.webp\" alt=\"\" class=\"wp-image-595\" srcset=\"https:\/\/santaanadelosguacaras.gob.ar\/sitio\/wp-content\/uploads\/2025\/01\/20240708_101348.webp 710w, https:\/\/santaanadelosguacaras.gob.ar\/sitio\/wp-content\/uploads\/2025\/01\/20240708_101348-225x300.webp 225w\" sizes=\"auto, (max-width: 710px) 100vw, 710px\" \/><\/a><\/figure>\n<\/figure>\n","protected":false},"excerpt":{"rendered":"<p>La Oficina de Informes Tur\u00edsticos de Santa Ana tras cumplir y aprobar los procesos de certificaci\u00f3n recibi\u00f3 el Sello Correntino de Calidad Tur\u00edstica. La entrega se realiz\u00f3 el 8 de&hellip; <\/p>\n","protected":false},"author":2,"featured_media":594,"comment_status":"closed","ping_status":"open","sticky":false,"template":"","format":"standard","meta":{"footnotes":""},"categories":[3],"tags":[],"class_list":["post-592","post","type-post","status-publish","format-standard","has-post-thumbnail","hentry","category-cultura-y-turismo"],"yoast_head":"<!-- This site is optimized with the Yoast SEO plugin v24.8.1 - https:\/\/yoast.com\/wordpress\/plugins\/seo\/ -->\n<title>Santa Ana obtuvo el Sello de Calidad Tur\u00edstica - Municipalidad de Santa Ana de los Gu\u00e1caras<\/title>\n<meta name=\"robots\" content=\"index, follow, max-snippet:-1, max-image-preview:large, max-video-preview:-1\" \/>\n<link rel=\"canonical\" href=\"https:\/\/santaanadelosguacaras.gob.ar\/sitio\/santa-ana-obtuvo-el-sello-de-calidad-turistica\/\" \/>\n<meta property=\"og:locale\" content=\"es_ES\" \/>\n<meta property=\"og:type\" content=\"article\" \/>\n<meta property=\"og:title\" content=\"Santa Ana obtuvo el Sello de Calidad Tur\u00edstica - Municipalidad de Santa Ana de los Gu\u00e1caras\" \/>\n<meta property=\"og:description\" content=\"La Oficina de Informes Tur\u00edsticos de Santa Ana tras cumplir y aprobar los procesos de certificaci\u00f3n recibi\u00f3 el Sello Correntino de Calidad Tur\u00edstica. La entrega se realiz\u00f3 el 8 de&hellip;\" \/>\n<meta property=\"og:url\" content=\"https:\/\/santaanadelosguacaras.gob.ar\/sitio\/santa-ana-obtuvo-el-sello-de-calidad-turistica\/\" \/>\n<meta property=\"og:site_name\" content=\"Municipalidad de Santa Ana de los Gu\u00e1caras\" \/>\n<meta property=\"article:publisher\" content=\"https:\/\/www.facebook.com\/MuniSantaAnaDeLosGuacaras\" \/>\n<meta property=\"article:published_time\" content=\"2024-07-15T17:40:24+00:00\" \/>\n<meta property=\"article:modified_time\" content=\"2025-01-15T17:41:42+00:00\" \/>\n<meta property=\"og:image\" content=\"https:\/\/santaanadelosguacaras.gob.ar\/sitio\/wp-content\/uploads\/2025\/01\/20240708_100717.webp\" \/>\n\t<meta property=\"og:image:width\" content=\"1263\" \/>\n\t<meta property=\"og:image:height\" content=\"947\" \/>\n\t<meta property=\"og:image:type\" content=\"image\/webp\" \/>\n<meta name=\"author\" content=\"Comunicaci\u00f3n\" \/>\n<meta name=\"twitter:card\" content=\"summary_large_image\" \/>\n<meta name=\"twitter:label1\" content=\"Escrito por\" \/>\n\t<meta name=\"twitter:data1\" content=\"Comunicaci\u00f3n\" \/>\n\t<meta name=\"twitter:label2\" content=\"Tiempo de lectura\" \/>\n\t<meta name=\"twitter:data2\" content=\"2 minutos\" \/>\n<script type=\"application\/ld+json\" class=\"yoast-schema-graph\">{\"@context\":\"https:\/\/schema.org\",\"@graph\":[{\"@type\":\"Article\",\"@id\":\"https:\/\/santaanadelosguacaras.gob.ar\/sitio\/santa-ana-obtuvo-el-sello-de-calidad-turistica\/#article\",\"isPartOf\":{\"@id\":\"https:\/\/santaanadelosguacaras.gob.ar\/sitio\/santa-ana-obtuvo-el-sello-de-calidad-turistica\/\"},\"author\":{\"name\":\"Comunicaci\u00f3n\",\"@id\":\"https:\/\/santaanadelosguacaras.gob.ar\/sitio\/#\/schema\/person\/aa85e53bbb5a7c7e19834c20ede5e205\"},\"headline\":\"Santa Ana obtuvo el Sello de Calidad Tur\u00edstica\",\"datePublished\":\"2024-07-15T17:40:24+00:00\",\"dateModified\":\"2025-01-15T17:41:42+00:00\",\"mainEntityOfPage\":{\"@id\":\"https:\/\/santaanadelosguacaras.gob.ar\/sitio\/santa-ana-obtuvo-el-sello-de-calidad-turistica\/\"},\"wordCount\":191,\"publisher\":{\"@id\":\"https:\/\/santaanadelosguacaras.gob.ar\/sitio\/#organization\"},\"image\":{\"@id\":\"https:\/\/santaanadelosguacaras.gob.ar\/sitio\/santa-ana-obtuvo-el-sello-de-calidad-turistica\/#primaryimage\"},\"thumbnailUrl\":\"https:\/\/santaanadelosguacaras.gob.ar\/sitio\/wp-content\/uploads\/2025\/01\/20240708_100717.webp\",\"articleSection\":[\"Cultura y Turismo\"],\"inLanguage\":\"es\"},{\"@type\":\"WebPage\",\"@id\":\"https:\/\/santaanadelosguacaras.gob.ar\/sitio\/santa-ana-obtuvo-el-sello-de-calidad-turistica\/\",\"url\":\"https:\/\/santaanadelosguacaras.gob.ar\/sitio\/santa-ana-obtuvo-el-sello-de-calidad-turistica\/\",\"name\":\"Santa Ana obtuvo el Sello de Calidad Tur\u00edstica - Municipalidad de Santa Ana de los Gu\u00e1caras\",\"isPartOf\":{\"@id\":\"https:\/\/santaanadelosguacaras.gob.ar\/sitio\/#website\"},\"primaryImageOfPage\":{\"@id\":\"https:\/\/santaanadelosguacaras.gob.ar\/sitio\/santa-ana-obtuvo-el-sello-de-calidad-turistica\/#primaryimage\"},\"image\":{\"@id\":\"https:\/\/santaanadelosguacaras.gob.ar\/sitio\/santa-ana-obtuvo-el-sello-de-calidad-turistica\/#primaryimage\"},\"thumbnailUrl\":\"https:\/\/santaanadelosguacaras.gob.ar\/sitio\/wp-content\/uploads\/2025\/01\/20240708_100717.webp\",\"datePublished\":\"2024-07-15T17:40:24+00:00\",\"dateModified\":\"2025-01-15T17:41:42+00:00\",\"breadcrumb\":{\"@id\":\"https:\/\/santaanadelosguacaras.gob.ar\/sitio\/santa-ana-obtuvo-el-sello-de-calidad-turistica\/#breadcrumb\"},\"inLanguage\":\"es\",\"potentialAction\":[{\"@type\":\"ReadAction\",\"target\":[\"https:\/\/santaanadelosguacaras.gob.ar\/sitio\/santa-ana-obtuvo-el-sello-de-calidad-turistica\/\"]}]},{\"@type\":\"ImageObject\",\"inLanguage\":\"es\",\"@id\":\"https:\/\/santaanadelosguacaras.gob.ar\/sitio\/santa-ana-obtuvo-el-sello-de-calidad-turistica\/#primaryimage\",\"url\":\"https:\/\/santaanadelosguacaras.gob.ar\/sitio\/wp-content\/uploads\/2025\/01\/20240708_100717.webp\",\"contentUrl\":\"https:\/\/santaanadelosguacaras.gob.ar\/sitio\/wp-content\/uploads\/2025\/01\/20240708_100717.webp\",\"width\":1263,\"height\":947},{\"@type\":\"BreadcrumbList\",\"@id\":\"https:\/\/santaanadelosguacaras.gob.ar\/sitio\/santa-ana-obtuvo-el-sello-de-calidad-turistica\/#breadcrumb\",\"itemListElement\":[{\"@type\":\"ListItem\",\"position\":1,\"name\":\"Portada\",\"item\":\"https:\/\/santaanadelosguacaras.gob.ar\/sitio\/\"},{\"@type\":\"ListItem\",\"position\":2,\"name\":\"Santa Ana obtuvo el Sello de Calidad Tur\u00edstica\"}]},{\"@type\":\"WebSite\",\"@id\":\"https:\/\/santaanadelosguacaras.gob.ar\/sitio\/#website\",\"url\":\"https:\/\/santaanadelosguacaras.gob.ar\/sitio\/\",\"name\":\"Municipalidad de Santa Ana de los Gu\u00e1caras\",\"description\":\"Descubre Santa Ana de los Gu\u00e1caras, un rinc\u00f3n lleno de historia, cultura y naturaleza en Corrientes. Informaci\u00f3n oficial sobre eventos, turismo, servicios municipales y m\u00e1s. \u00a1Con\u00e9ctate con nuestra comunidad!\",\"publisher\":{\"@id\":\"https:\/\/santaanadelosguacaras.gob.ar\/sitio\/#organization\"},\"alternateName\":\"MuniSantaAna\",\"potentialAction\":[{\"@type\":\"SearchAction\",\"target\":{\"@type\":\"EntryPoint\",\"urlTemplate\":\"https:\/\/santaanadelosguacaras.gob.ar\/sitio\/?s={search_term_string}\"},\"query-input\":{\"@type\":\"PropertyValueSpecification\",\"valueRequired\":true,\"valueName\":\"search_term_string\"}}],\"inLanguage\":\"es\"},{\"@type\":\"Organization\",\"@id\":\"https:\/\/santaanadelosguacaras.gob.ar\/sitio\/#organization\",\"name\":\"Municipalidad de Santa Ana de los Gu\u00e1caras\",\"alternateName\":\"MuniSantaAna\",\"url\":\"https:\/\/santaanadelosguacaras.gob.ar\/sitio\/\",\"logo\":{\"@type\":\"ImageObject\",\"inLanguage\":\"es\",\"@id\":\"https:\/\/santaanadelosguacaras.gob.ar\/sitio\/#\/schema\/logo\/image\/\",\"url\":\"https:\/\/santaanadelosguacaras.gob.ar\/sitio\/wp-content\/uploads\/2024\/12\/cropped-logo_muni_250.png\",\"contentUrl\":\"https:\/\/santaanadelosguacaras.gob.ar\/sitio\/wp-content\/uploads\/2024\/12\/cropped-logo_muni_250.png\",\"width\":247,\"height\":95,\"caption\":\"Municipalidad de Santa Ana de los Gu\u00e1caras\"},\"image\":{\"@id\":\"https:\/\/santaanadelosguacaras.gob.ar\/sitio\/#\/schema\/logo\/image\/\"},\"sameAs\":[\"https:\/\/www.facebook.com\/MuniSantaAnaDeLosGuacaras\",\"https:\/\/www.instagram.com\/muni_santaana_ctes\"]},{\"@type\":\"Person\",\"@id\":\"https:\/\/santaanadelosguacaras.gob.ar\/sitio\/#\/schema\/person\/aa85e53bbb5a7c7e19834c20ede5e205\",\"name\":\"Comunicaci\u00f3n\",\"image\":{\"@type\":\"ImageObject\",\"inLanguage\":\"es\",\"@id\":\"https:\/\/santaanadelosguacaras.gob.ar\/sitio\/#\/schema\/person\/image\/\",\"url\":\"https:\/\/secure.gravatar.com\/avatar\/3e81e68b8dcb0733c78bbafb464befc4a66ce4135950c3e3ac0d3c09e53e7092?s=96&d=mm&r=g\",\"contentUrl\":\"https:\/\/secure.gravatar.com\/avatar\/3e81e68b8dcb0733c78bbafb464befc4a66ce4135950c3e3ac0d3c09e53e7092?s=96&d=mm&r=g\",\"caption\":\"Comunicaci\u00f3n\"}}]}<\/script>\n<!-- \/ Yoast SEO plugin. -->","yoast_head_json":{"title":"Santa Ana obtuvo el Sello de Calidad Tur\u00edstica - Municipalidad de Santa Ana de los Gu\u00e1caras","robots":{"index":"index","follow":"follow","max-snippet":"max-snippet:-1","max-image-preview":"max-image-preview:large","max-video-preview":"max-video-preview:-1"},"canonical":"https:\/\/santaanadelosguacaras.gob.ar\/sitio\/santa-ana-obtuvo-el-sello-de-calidad-turistica\/","og_locale":"es_ES","og_type":"article","og_title":"Santa Ana obtuvo el Sello de Calidad Tur\u00edstica - Municipalidad de Santa Ana de los Gu\u00e1caras","og_description":"La Oficina de Informes Tur\u00edsticos de Santa Ana tras cumplir y aprobar los procesos de certificaci\u00f3n recibi\u00f3 el Sello Correntino de Calidad Tur\u00edstica. La entrega se realiz\u00f3 el 8 de&hellip;","og_url":"https:\/\/santaanadelosguacaras.gob.ar\/sitio\/santa-ana-obtuvo-el-sello-de-calidad-turistica\/","og_site_name":"Municipalidad de Santa Ana de los Gu\u00e1caras","article_publisher":"https:\/\/www.facebook.com\/MuniSantaAnaDeLosGuacaras","article_published_time":"2024-07-15T17:40:24+00:00","article_modified_time":"2025-01-15T17:41:42+00:00","og_image":[{"width":1263,"height":947,"url":"https:\/\/santaanadelosguacaras.gob.ar\/sitio\/wp-content\/uploads\/2025\/01\/20240708_100717.webp","type":"image\/webp"}],"author":"Comunicaci\u00f3n","twitter_card":"summary_large_image","twitter_misc":{"Escrito por":"Comunicaci\u00f3n","Tiempo de lectura":"2 minutos"},"schema":{"@context":"https:\/\/schema.org","@graph":[{"@type":"Article","@id":"https:\/\/santaanadelosguacaras.gob.ar\/sitio\/santa-ana-obtuvo-el-sello-de-calidad-turistica\/#article","isPartOf":{"@id":"https:\/\/santaanadelosguacaras.gob.ar\/sitio\/santa-ana-obtuvo-el-sello-de-calidad-turistica\/"},"author":{"name":"Comunicaci\u00f3n","@id":"https:\/\/santaanadelosguacaras.gob.ar\/sitio\/#\/schema\/person\/aa85e53bbb5a7c7e19834c20ede5e205"},"headline":"Santa Ana obtuvo el Sello de Calidad Tur\u00edstica","datePublished":"2024-07-15T17:40:24+00:00","dateModified":"2025-01-15T17:41:42+00:00","mainEntityOfPage":{"@id":"https:\/\/santaanadelosguacaras.gob.ar\/sitio\/santa-ana-obtuvo-el-sello-de-calidad-turistica\/"},"wordCount":191,"publisher":{"@id":"https:\/\/santaanadelosguacaras.gob.ar\/sitio\/#organization"},"image":{"@id":"https:\/\/santaanadelosguacaras.gob.ar\/sitio\/santa-ana-obtuvo-el-sello-de-calidad-turistica\/#primaryimage"},"thumbnailUrl":"https:\/\/santaanadelosguacaras.gob.ar\/sitio\/wp-content\/uploads\/2025\/01\/20240708_100717.webp","articleSection":["Cultura y Turismo"],"inLanguage":"es"},{"@type":"WebPage","@id":"https:\/\/santaanadelosguacaras.gob.ar\/sitio\/santa-ana-obtuvo-el-sello-de-calidad-turistica\/","url":"https:\/\/santaanadelosguacaras.gob.ar\/sitio\/santa-ana-obtuvo-el-sello-de-calidad-turistica\/","name":"Santa Ana obtuvo el Sello de Calidad Tur\u00edstica - Municipalidad de Santa Ana de los Gu\u00e1caras","isPartOf":{"@id":"https:\/\/santaanadelosguacaras.gob.ar\/sitio\/#website"},"primaryImageOfPage":{"@id":"https:\/\/santaanadelosguacaras.gob.ar\/sitio\/santa-ana-obtuvo-el-sello-de-calidad-turistica\/#primaryimage"},"image":{"@id":"https:\/\/santaanadelosguacaras.gob.ar\/sitio\/santa-ana-obtuvo-el-sello-de-calidad-turistica\/#primaryimage"},"thumbnailUrl":"https:\/\/santaanadelosguacaras.gob.ar\/sitio\/wp-content\/uploads\/2025\/01\/20240708_100717.webp","datePublished":"2024-07-15T17:40:24+00:00","dateModified":"2025-01-15T17:41:42+00:00","breadcrumb":{"@id":"https:\/\/santaanadelosguacaras.gob.ar\/sitio\/santa-ana-obtuvo-el-sello-de-calidad-turistica\/#breadcrumb"},"inLanguage":"es","potentialAction":[{"@type":"ReadAction","target":["https:\/\/santaanadelosguacaras.gob.ar\/sitio\/santa-ana-obtuvo-el-sello-de-calidad-turistica\/"]}]},{"@type":"ImageObject","inLanguage":"es","@id":"https:\/\/santaanadelosguacaras.gob.ar\/sitio\/santa-ana-obtuvo-el-sello-de-calidad-turistica\/#primaryimage","url":"https:\/\/santaanadelosguacaras.gob.ar\/sitio\/wp-content\/uploads\/2025\/01\/20240708_100717.webp","contentUrl":"https:\/\/santaanadelosguacaras.gob.ar\/sitio\/wp-content\/uploads\/2025\/01\/20240708_100717.webp","width":1263,"height":947},{"@type":"BreadcrumbList","@id":"https:\/\/santaanadelosguacaras.gob.ar\/sitio\/santa-ana-obtuvo-el-sello-de-calidad-turistica\/#breadcrumb","itemListElement":[{"@type":"ListItem","position":1,"name":"Portada","item":"https:\/\/santaanadelosguacaras.gob.ar\/sitio\/"},{"@type":"ListItem","position":2,"name":"Santa Ana obtuvo el Sello de Calidad Tur\u00edstica"}]},{"@type":"WebSite","@id":"https:\/\/santaanadelosguacaras.gob.ar\/sitio\/#website","url":"https:\/\/santaanadelosguacaras.gob.ar\/sitio\/","name":"Municipalidad de Santa Ana de los Gu\u00e1caras","description":"Descubre Santa Ana de los Gu\u00e1caras, un rinc\u00f3n lleno de historia, cultura y naturaleza en Corrientes. Informaci\u00f3n oficial sobre eventos, turismo, servicios municipales y m\u00e1s. \u00a1Con\u00e9ctate con nuestra comunidad!","publisher":{"@id":"https:\/\/santaanadelosguacaras.gob.ar\/sitio\/#organization"},"alternateName":"MuniSantaAna","potentialAction":[{"@type":"SearchAction","target":{"@type":"EntryPoint","urlTemplate":"https:\/\/santaanadelosguacaras.gob.ar\/sitio\/?s={search_term_string}"},"query-input":{"@type":"PropertyValueSpecification","valueRequired":true,"valueName":"search_term_string"}}],"inLanguage":"es"},{"@type":"Organization","@id":"https:\/\/santaanadelosguacaras.gob.ar\/sitio\/#organization","name":"Municipalidad de Santa Ana de los Gu\u00e1caras","alternateName":"MuniSantaAna","url":"https:\/\/santaanadelosguacaras.gob.ar\/sitio\/","logo":{"@type":"ImageObject","inLanguage":"es","@id":"https:\/\/santaanadelosguacaras.gob.ar\/sitio\/#\/schema\/logo\/image\/","url":"https:\/\/santaanadelosguacaras.gob.ar\/sitio\/wp-content\/uploads\/2024\/12\/cropped-logo_muni_250.png","contentUrl":"https:\/\/santaanadelosguacaras.gob.ar\/sitio\/wp-content\/uploads\/2024\/12\/cropped-logo_muni_250.png","width":247,"height":95,"caption":"Municipalidad de Santa Ana de los Gu\u00e1caras"},"image":{"@id":"https:\/\/santaanadelosguacaras.gob.ar\/sitio\/#\/schema\/logo\/image\/"},"sameAs":["https:\/\/www.facebook.com\/MuniSantaAnaDeLosGuacaras","https:\/\/www.instagram.com\/muni_santaana_ctes"]},{"@type":"Person","@id":"https:\/\/santaanadelosguacaras.gob.ar\/sitio\/#\/schema\/person\/aa85e53bbb5a7c7e19834c20ede5e205","name":"Comunicaci\u00f3n","image":{"@type":"ImageObject","inLanguage":"es","@id":"https:\/\/santaanadelosguacaras.gob.ar\/sitio\/#\/schema\/person\/image\/","url":"https:\/\/secure.gravatar.com\/avatar\/3e81e68b8dcb0733c78bbafb464befc4a66ce4135950c3e3ac0d3c09e53e7092?s=96&d=mm&r=g","contentUrl":"https:\/\/secure.gravatar.com\/avatar\/3e81e68b8dcb0733c78bbafb464befc4a66ce4135950c3e3ac0d3c09e53e7092?s=96&d=mm&r=g","caption":"Comunicaci\u00f3n"}}]}},"_links":{"self":[{"href":"https:\/\/santaanadelosguacaras.gob.ar\/sitio\/wp-json\/wp\/v2\/posts\/592","targetHints":{"allow":["GET"]}}],"collection":[{"href":"https:\/\/santaanadelosguacaras.gob.ar\/sitio\/wp-json\/wp\/v2\/posts"}],"about":[{"href":"https:\/\/santaanadelosguacaras.gob.ar\/sitio\/wp-json\/wp\/v2\/types\/post"}],"author":[{"embeddable":true,"href":"https:\/\/santaanadelosguacaras.gob.ar\/sitio\/wp-json\/wp\/v2\/users\/2"}],"replies":[{"embeddable":true,"href":"https:\/\/santaanadelosguacaras.gob.ar\/sitio\/wp-json\/wp\/v2\/comments?post=592"}],"version-history":[{"count":1,"href":"https:\/\/santaanadelosguacaras.gob.ar\/sitio\/wp-json\/wp\/v2\/posts\/592\/revisions"}],"predecessor-version":[{"id":596,"href":"https:\/\/santaanadelosguacaras.gob.ar\/sitio\/wp-json\/wp\/v2\/posts\/592\/revisions\/596"}],"wp:featuredmedia":[{"embeddable":true,"href":"https:\/\/santaanadelosguacaras.gob.ar\/sitio\/wp-json\/wp\/v2\/media\/594"}],"wp:attachment":[{"href":"https:\/\/santaanadelosguacaras.gob.ar\/sitio\/wp-json\/wp\/v2\/media?parent=592"}],"wp:term":[{"taxonomy":"category","embeddable":true,"href":"https:\/\/santaanadelosguacaras.gob.ar\/sitio\/wp-json\/wp\/v2\/categories?post=592"},{"taxonomy":"post_tag","embeddable":true,"href":"https:\/\/santaanadelosguacaras.gob.ar\/sitio\/wp-json\/wp\/v2\/tags?post=592"}],"curies":[{"name":"wp","href":"https:\/\/api.w.org\/{rel}","templated":true}]}}