{"id":609,"date":"2024-10-07T14:47:38","date_gmt":"2024-10-07T17:47:38","guid":{"rendered":"https:\/\/santaanadelosguacaras.gob.ar\/sitio\/?p=609"},"modified":"2025-01-21T08:53:37","modified_gmt":"2025-01-21T11:53:37","slug":"turismo-santa-ana-trabajos-conjuntos-municipalidad-y-unne","status":"publish","type":"post","link":"https:\/\/santaanadelosguacaras.gob.ar\/sitio\/turismo-santa-ana-trabajos-conjuntos-municipalidad-y-unne\/","title":{"rendered":"Turismo Santa Ana: Trabajos Conjuntos Municipalidad y UNNE"},"content":{"rendered":"\n<p>Municipio de Santa Ana y Universidad Nacional del Nordeste -UNNE- trabajan&nbsp; para dar continuidad a un singular circuito tur\u00edstico cultural en el marco de la Convocatoria de la Universidad Nacional del Nordeste \u00abLa Universidad en el Medio\u201d.<br><br>La Municipalidad junto a la Licenciatura en Turismo, de la Facultad de Artes, Dise\u00f1o y Ciencias de la Cultura -FADyCC- de la UNNE, ha concluido recientemente el proyecto\u00bb Desarrollo participativo de un circuito tur\u00edstico cultural en localidades del Corredor Gran Corrientes\u00bb, bajo la direcci\u00f3n de la Mgter. Arq. In\u00e9s Presman y el Lic. en Turismo Roberto Bezos.<br><br>En el proyecto que incluye a Santa Ana, ya se est\u00e1n implementando acciones vinculadas.<br><br>En este contexto, el Poder Ejecutivo Municipal propone solicitar al Decano de FADyCC, Mgter. Arquitecto Gabriel Romero, la firma de un Acuerdo Espec\u00edfico de Cooperaci\u00f3n, para Asistencia T\u00e9cnica en tem\u00e1ticas afines a la Licenciatura en Gesti\u00f3n y Desarrollo Cultural y la Licenciatura en Turismo.<br><br>El proyecto incluye en su recorrido tur\u00edstico cultural lugares como las plazas Manuel Belgrano, San Mart\u00edn, el \u00abTrencito El Econ\u00f3mico\u00bb, la Parroquia Santa Ana, el Museo Hist\u00f3rico, El<a href=\"https:\/\/www.facebook.com\/ingenioprimercorrentino?__cft__%5b0%5d=AZUNJm7KeKDD2s0CDppohdK8EUfXr-U7__30gPWBnehIv8dLcd7em_Zz9-ncJuQht0RDKSDHqDEyYX_CeVAA0izPMM2N1JeS714g2ERvLpYaL7o_A148liojOyuUSswt2SFijpJ2nu-wu8i9NSbk4HMrYw_mtknlQ_4QY3tQjgfDKWsQkHQATciEM3P4EyO5eYQ&amp;__tn__=-%5dK-R\"> Ingenio Primer Correntino<\/a>.<\/p>\n\n\n\n<p>&nbsp;Este viernes 4 de octubre, la intendente Silvana Almir\u00f3n y la directora de Cultura y Turismo, Elsa Medina recibieron a la directora del proyecto, arquitecta Presman, docente de dicha carrera, con miras a la gesti\u00f3n de dicho Acuerdo de Cooperaci\u00f3n, con una agenda de prioridades a definir.<\/p>\n\n\n\n<figure class=\"wp-block-gallery has-nested-images columns-default is-cropped wp-block-gallery-1 is-layout-flex wp-block-gallery-is-layout-flex\">\n<figure class=\"wp-block-image size-large\"><a href=\"https:\/\/santaanadelosguacaras.gob.ar\/sitio\/wp-content\/uploads\/2025\/01\/20241004_102157.webp\"><img loading=\"lazy\" decoding=\"async\" width=\"1024\" height=\"768\" data-id=\"610\" src=\"https:\/\/santaanadelosguacaras.gob.ar\/sitio\/wp-content\/uploads\/2025\/01\/20241004_102157-1024x768.webp\" alt=\"\" class=\"wp-image-610\" srcset=\"https:\/\/santaanadelosguacaras.gob.ar\/sitio\/wp-content\/uploads\/2025\/01\/20241004_102157-1024x768.webp 1024w, https:\/\/santaanadelosguacaras.gob.ar\/sitio\/wp-content\/uploads\/2025\/01\/20241004_102157-300x225.webp 300w, https:\/\/santaanadelosguacaras.gob.ar\/sitio\/wp-content\/uploads\/2025\/01\/20241004_102157-768x576.webp 768w, https:\/\/santaanadelosguacaras.gob.ar\/sitio\/wp-content\/uploads\/2025\/01\/20241004_102157.webp 1263w\" sizes=\"auto, (max-width: 1024px) 100vw, 1024px\" \/><\/a><\/figure>\n<\/figure>\n","protected":false},"excerpt":{"rendered":"<p>Municipio de Santa Ana y Universidad Nacional del Nordeste -UNNE- trabajan&nbsp; para dar continuidad a un singular circuito tur\u00edstico cultural en el marco de la Convocatoria de la Universidad Nacional&hellip; <\/p>\n","protected":false},"author":2,"featured_media":610,"comment_status":"closed","ping_status":"open","sticky":false,"template":"","format":"standard","meta":{"footnotes":""},"categories":[3],"tags":[],"class_list":["post-609","post","type-post","status-publish","format-standard","has-post-thumbnail","hentry","category-cultura-y-turismo"],"yoast_head":"<!-- This site is optimized with the Yoast SEO plugin v24.8.1 - https:\/\/yoast.com\/wordpress\/plugins\/seo\/ -->\n<title>Turismo Santa Ana: Trabajos Conjuntos Municipalidad y UNNE - Municipalidad de Santa Ana de los Gu\u00e1caras<\/title>\n<meta name=\"description\" content=\"Municipio de Santa Ana y Universidad Nacional del Nordeste -UNNE- trabajan\u00a0 para dar continuidad a un singular circuito tur\u00edstico cultural en el marco de la Convocatoria de la Universidad Nacional del Nordeste &quot;La Universidad en el Medio\u201d.\" \/>\n<meta name=\"robots\" content=\"index, follow, max-snippet:-1, max-image-preview:large, max-video-preview:-1\" \/>\n<link rel=\"canonical\" href=\"https:\/\/santaanadelosguacaras.gob.ar\/sitio\/turismo-santa-ana-trabajos-conjuntos-municipalidad-y-unne\/\" \/>\n<meta property=\"og:locale\" content=\"es_ES\" \/>\n<meta property=\"og:type\" content=\"article\" \/>\n<meta property=\"og:title\" content=\"Turismo Santa Ana: Trabajos Conjuntos Municipalidad y UNNE - Municipalidad de Santa Ana de los Gu\u00e1caras\" \/>\n<meta property=\"og:description\" content=\"Municipio de Santa Ana y Universidad Nacional del Nordeste -UNNE- trabajan\u00a0 para dar continuidad a un singular circuito tur\u00edstico cultural en el marco de la Convocatoria de la Universidad Nacional del Nordeste &quot;La Universidad en el Medio\u201d.\" \/>\n<meta property=\"og:url\" content=\"https:\/\/santaanadelosguacaras.gob.ar\/sitio\/turismo-santa-ana-trabajos-conjuntos-municipalidad-y-unne\/\" \/>\n<meta property=\"og:site_name\" content=\"Municipalidad de Santa Ana de los Gu\u00e1caras\" \/>\n<meta property=\"article:publisher\" content=\"https:\/\/www.facebook.com\/MuniSantaAnaDeLosGuacaras\" \/>\n<meta property=\"article:published_time\" content=\"2024-10-07T17:47:38+00:00\" \/>\n<meta property=\"article:modified_time\" content=\"2025-01-21T11:53:37+00:00\" \/>\n<meta property=\"og:image\" content=\"https:\/\/santaanadelosguacaras.gob.ar\/sitio\/wp-content\/uploads\/2025\/01\/20241004_102157.webp\" \/>\n\t<meta property=\"og:image:width\" content=\"1263\" \/>\n\t<meta property=\"og:image:height\" content=\"947\" \/>\n\t<meta property=\"og:image:type\" content=\"image\/webp\" \/>\n<meta name=\"author\" content=\"Comunicaci\u00f3n\" \/>\n<meta name=\"twitter:card\" content=\"summary_large_image\" \/>\n<meta name=\"twitter:label1\" content=\"Escrito por\" \/>\n\t<meta name=\"twitter:data1\" content=\"Comunicaci\u00f3n\" \/>\n\t<meta name=\"twitter:label2\" content=\"Tiempo de lectura\" \/>\n\t<meta name=\"twitter:data2\" content=\"2 minutos\" \/>\n<script type=\"application\/ld+json\" class=\"yoast-schema-graph\">{\"@context\":\"https:\/\/schema.org\",\"@graph\":[{\"@type\":\"Article\",\"@id\":\"https:\/\/santaanadelosguacaras.gob.ar\/sitio\/turismo-santa-ana-trabajos-conjuntos-municipalidad-y-unne\/#article\",\"isPartOf\":{\"@id\":\"https:\/\/santaanadelosguacaras.gob.ar\/sitio\/turismo-santa-ana-trabajos-conjuntos-municipalidad-y-unne\/\"},\"author\":{\"name\":\"Comunicaci\u00f3n\",\"@id\":\"https:\/\/santaanadelosguacaras.gob.ar\/sitio\/#\/schema\/person\/aa85e53bbb5a7c7e19834c20ede5e205\"},\"headline\":\"Turismo Santa Ana: Trabajos Conjuntos Municipalidad y UNNE\",\"datePublished\":\"2024-10-07T17:47:38+00:00\",\"dateModified\":\"2025-01-21T11:53:37+00:00\",\"mainEntityOfPage\":{\"@id\":\"https:\/\/santaanadelosguacaras.gob.ar\/sitio\/turismo-santa-ana-trabajos-conjuntos-municipalidad-y-unne\/\"},\"wordCount\":257,\"publisher\":{\"@id\":\"https:\/\/santaanadelosguacaras.gob.ar\/sitio\/#organization\"},\"image\":{\"@id\":\"https:\/\/santaanadelosguacaras.gob.ar\/sitio\/turismo-santa-ana-trabajos-conjuntos-municipalidad-y-unne\/#primaryimage\"},\"thumbnailUrl\":\"https:\/\/santaanadelosguacaras.gob.ar\/sitio\/wp-content\/uploads\/2025\/01\/20241004_102157.webp\",\"articleSection\":[\"Cultura y Turismo\"],\"inLanguage\":\"es\"},{\"@type\":\"WebPage\",\"@id\":\"https:\/\/santaanadelosguacaras.gob.ar\/sitio\/turismo-santa-ana-trabajos-conjuntos-municipalidad-y-unne\/\",\"url\":\"https:\/\/santaanadelosguacaras.gob.ar\/sitio\/turismo-santa-ana-trabajos-conjuntos-municipalidad-y-unne\/\",\"name\":\"Turismo Santa Ana: Trabajos Conjuntos Municipalidad y UNNE - Municipalidad de Santa Ana de los Gu\u00e1caras\",\"isPartOf\":{\"@id\":\"https:\/\/santaanadelosguacaras.gob.ar\/sitio\/#website\"},\"primaryImageOfPage\":{\"@id\":\"https:\/\/santaanadelosguacaras.gob.ar\/sitio\/turismo-santa-ana-trabajos-conjuntos-municipalidad-y-unne\/#primaryimage\"},\"image\":{\"@id\":\"https:\/\/santaanadelosguacaras.gob.ar\/sitio\/turismo-santa-ana-trabajos-conjuntos-municipalidad-y-unne\/#primaryimage\"},\"thumbnailUrl\":\"https:\/\/santaanadelosguacaras.gob.ar\/sitio\/wp-content\/uploads\/2025\/01\/20241004_102157.webp\",\"datePublished\":\"2024-10-07T17:47:38+00:00\",\"dateModified\":\"2025-01-21T11:53:37+00:00\",\"description\":\"Municipio de Santa Ana y Universidad Nacional del Nordeste -UNNE- trabajan\u00a0 para dar continuidad a un singular circuito tur\u00edstico cultural en el marco de la Convocatoria de la Universidad Nacional del Nordeste \\\"La Universidad en el Medio\u201d.\",\"breadcrumb\":{\"@id\":\"https:\/\/santaanadelosguacaras.gob.ar\/sitio\/turismo-santa-ana-trabajos-conjuntos-municipalidad-y-unne\/#breadcrumb\"},\"inLanguage\":\"es\",\"potentialAction\":[{\"@type\":\"ReadAction\",\"target\":[\"https:\/\/santaanadelosguacaras.gob.ar\/sitio\/turismo-santa-ana-trabajos-conjuntos-municipalidad-y-unne\/\"]}]},{\"@type\":\"ImageObject\",\"inLanguage\":\"es\",\"@id\":\"https:\/\/santaanadelosguacaras.gob.ar\/sitio\/turismo-santa-ana-trabajos-conjuntos-municipalidad-y-unne\/#primaryimage\",\"url\":\"https:\/\/santaanadelosguacaras.gob.ar\/sitio\/wp-content\/uploads\/2025\/01\/20241004_102157.webp\",\"contentUrl\":\"https:\/\/santaanadelosguacaras.gob.ar\/sitio\/wp-content\/uploads\/2025\/01\/20241004_102157.webp\",\"width\":1263,\"height\":947},{\"@type\":\"BreadcrumbList\",\"@id\":\"https:\/\/santaanadelosguacaras.gob.ar\/sitio\/turismo-santa-ana-trabajos-conjuntos-municipalidad-y-unne\/#breadcrumb\",\"itemListElement\":[{\"@type\":\"ListItem\",\"position\":1,\"name\":\"Portada\",\"item\":\"https:\/\/santaanadelosguacaras.gob.ar\/sitio\/\"},{\"@type\":\"ListItem\",\"position\":2,\"name\":\"Turismo Santa Ana: Trabajos Conjuntos Municipalidad y UNNE\"}]},{\"@type\":\"WebSite\",\"@id\":\"https:\/\/santaanadelosguacaras.gob.ar\/sitio\/#website\",\"url\":\"https:\/\/santaanadelosguacaras.gob.ar\/sitio\/\",\"name\":\"Municipalidad de Santa Ana de los Gu\u00e1caras\",\"description\":\"Descubre Santa Ana de los Gu\u00e1caras, un rinc\u00f3n lleno de historia, cultura y naturaleza en Corrientes. Informaci\u00f3n oficial sobre eventos, turismo, servicios municipales y m\u00e1s. \u00a1Con\u00e9ctate con nuestra comunidad!\",\"publisher\":{\"@id\":\"https:\/\/santaanadelosguacaras.gob.ar\/sitio\/#organization\"},\"alternateName\":\"MuniSantaAna\",\"potentialAction\":[{\"@type\":\"SearchAction\",\"target\":{\"@type\":\"EntryPoint\",\"urlTemplate\":\"https:\/\/santaanadelosguacaras.gob.ar\/sitio\/?s={search_term_string}\"},\"query-input\":{\"@type\":\"PropertyValueSpecification\",\"valueRequired\":true,\"valueName\":\"search_term_string\"}}],\"inLanguage\":\"es\"},{\"@type\":\"Organization\",\"@id\":\"https:\/\/santaanadelosguacaras.gob.ar\/sitio\/#organization\",\"name\":\"Municipalidad de Santa Ana de los Gu\u00e1caras\",\"alternateName\":\"MuniSantaAna\",\"url\":\"https:\/\/santaanadelosguacaras.gob.ar\/sitio\/\",\"logo\":{\"@type\":\"ImageObject\",\"inLanguage\":\"es\",\"@id\":\"https:\/\/santaanadelosguacaras.gob.ar\/sitio\/#\/schema\/logo\/image\/\",\"url\":\"https:\/\/santaanadelosguacaras.gob.ar\/sitio\/wp-content\/uploads\/2024\/12\/cropped-logo_muni_250.png\",\"contentUrl\":\"https:\/\/santaanadelosguacaras.gob.ar\/sitio\/wp-content\/uploads\/2024\/12\/cropped-logo_muni_250.png\",\"width\":247,\"height\":95,\"caption\":\"Municipalidad de Santa Ana de los Gu\u00e1caras\"},\"image\":{\"@id\":\"https:\/\/santaanadelosguacaras.gob.ar\/sitio\/#\/schema\/logo\/image\/\"},\"sameAs\":[\"https:\/\/www.facebook.com\/MuniSantaAnaDeLosGuacaras\",\"https:\/\/www.instagram.com\/muni_santaana_ctes\"]},{\"@type\":\"Person\",\"@id\":\"https:\/\/santaanadelosguacaras.gob.ar\/sitio\/#\/schema\/person\/aa85e53bbb5a7c7e19834c20ede5e205\",\"name\":\"Comunicaci\u00f3n\",\"image\":{\"@type\":\"ImageObject\",\"inLanguage\":\"es\",\"@id\":\"https:\/\/santaanadelosguacaras.gob.ar\/sitio\/#\/schema\/person\/image\/\",\"url\":\"https:\/\/secure.gravatar.com\/avatar\/3e81e68b8dcb0733c78bbafb464befc4a66ce4135950c3e3ac0d3c09e53e7092?s=96&d=mm&r=g\",\"contentUrl\":\"https:\/\/secure.gravatar.com\/avatar\/3e81e68b8dcb0733c78bbafb464befc4a66ce4135950c3e3ac0d3c09e53e7092?s=96&d=mm&r=g\",\"caption\":\"Comunicaci\u00f3n\"}}]}<\/script>\n<!-- \/ Yoast SEO plugin. -->","yoast_head_json":{"title":"Turismo Santa Ana: Trabajos Conjuntos Municipalidad y UNNE - Municipalidad de Santa Ana de los Gu\u00e1caras","description":"Municipio de Santa Ana y Universidad Nacional del Nordeste -UNNE- trabajan\u00a0 para dar continuidad a un singular circuito tur\u00edstico cultural en el marco de la Convocatoria de la Universidad Nacional del Nordeste \"La Universidad en el Medio\u201d.","robots":{"index":"index","follow":"follow","max-snippet":"max-snippet:-1","max-image-preview":"max-image-preview:large","max-video-preview":"max-video-preview:-1"},"canonical":"https:\/\/santaanadelosguacaras.gob.ar\/sitio\/turismo-santa-ana-trabajos-conjuntos-municipalidad-y-unne\/","og_locale":"es_ES","og_type":"article","og_title":"Turismo Santa Ana: Trabajos Conjuntos Municipalidad y UNNE - Municipalidad de Santa Ana de los Gu\u00e1caras","og_description":"Municipio de Santa Ana y Universidad Nacional del Nordeste -UNNE- trabajan\u00a0 para dar continuidad a un singular circuito tur\u00edstico cultural en el marco de la Convocatoria de la Universidad Nacional del Nordeste \"La Universidad en el Medio\u201d.","og_url":"https:\/\/santaanadelosguacaras.gob.ar\/sitio\/turismo-santa-ana-trabajos-conjuntos-municipalidad-y-unne\/","og_site_name":"Municipalidad de Santa Ana de los Gu\u00e1caras","article_publisher":"https:\/\/www.facebook.com\/MuniSantaAnaDeLosGuacaras","article_published_time":"2024-10-07T17:47:38+00:00","article_modified_time":"2025-01-21T11:53:37+00:00","og_image":[{"width":1263,"height":947,"url":"https:\/\/santaanadelosguacaras.gob.ar\/sitio\/wp-content\/uploads\/2025\/01\/20241004_102157.webp","type":"image\/webp"}],"author":"Comunicaci\u00f3n","twitter_card":"summary_large_image","twitter_misc":{"Escrito por":"Comunicaci\u00f3n","Tiempo de lectura":"2 minutos"},"schema":{"@context":"https:\/\/schema.org","@graph":[{"@type":"Article","@id":"https:\/\/santaanadelosguacaras.gob.ar\/sitio\/turismo-santa-ana-trabajos-conjuntos-municipalidad-y-unne\/#article","isPartOf":{"@id":"https:\/\/santaanadelosguacaras.gob.ar\/sitio\/turismo-santa-ana-trabajos-conjuntos-municipalidad-y-unne\/"},"author":{"name":"Comunicaci\u00f3n","@id":"https:\/\/santaanadelosguacaras.gob.ar\/sitio\/#\/schema\/person\/aa85e53bbb5a7c7e19834c20ede5e205"},"headline":"Turismo Santa Ana: Trabajos Conjuntos Municipalidad y UNNE","datePublished":"2024-10-07T17:47:38+00:00","dateModified":"2025-01-21T11:53:37+00:00","mainEntityOfPage":{"@id":"https:\/\/santaanadelosguacaras.gob.ar\/sitio\/turismo-santa-ana-trabajos-conjuntos-municipalidad-y-unne\/"},"wordCount":257,"publisher":{"@id":"https:\/\/santaanadelosguacaras.gob.ar\/sitio\/#organization"},"image":{"@id":"https:\/\/santaanadelosguacaras.gob.ar\/sitio\/turismo-santa-ana-trabajos-conjuntos-municipalidad-y-unne\/#primaryimage"},"thumbnailUrl":"https:\/\/santaanadelosguacaras.gob.ar\/sitio\/wp-content\/uploads\/2025\/01\/20241004_102157.webp","articleSection":["Cultura y Turismo"],"inLanguage":"es"},{"@type":"WebPage","@id":"https:\/\/santaanadelosguacaras.gob.ar\/sitio\/turismo-santa-ana-trabajos-conjuntos-municipalidad-y-unne\/","url":"https:\/\/santaanadelosguacaras.gob.ar\/sitio\/turismo-santa-ana-trabajos-conjuntos-municipalidad-y-unne\/","name":"Turismo Santa Ana: Trabajos Conjuntos Municipalidad y UNNE - Municipalidad de Santa Ana de los Gu\u00e1caras","isPartOf":{"@id":"https:\/\/santaanadelosguacaras.gob.ar\/sitio\/#website"},"primaryImageOfPage":{"@id":"https:\/\/santaanadelosguacaras.gob.ar\/sitio\/turismo-santa-ana-trabajos-conjuntos-municipalidad-y-unne\/#primaryimage"},"image":{"@id":"https:\/\/santaanadelosguacaras.gob.ar\/sitio\/turismo-santa-ana-trabajos-conjuntos-municipalidad-y-unne\/#primaryimage"},"thumbnailUrl":"https:\/\/santaanadelosguacaras.gob.ar\/sitio\/wp-content\/uploads\/2025\/01\/20241004_102157.webp","datePublished":"2024-10-07T17:47:38+00:00","dateModified":"2025-01-21T11:53:37+00:00","description":"Municipio de Santa Ana y Universidad Nacional del Nordeste -UNNE- trabajan\u00a0 para dar continuidad a un singular circuito tur\u00edstico cultural en el marco de la Convocatoria de la Universidad Nacional del Nordeste \"La Universidad en el Medio\u201d.","breadcrumb":{"@id":"https:\/\/santaanadelosguacaras.gob.ar\/sitio\/turismo-santa-ana-trabajos-conjuntos-municipalidad-y-unne\/#breadcrumb"},"inLanguage":"es","potentialAction":[{"@type":"ReadAction","target":["https:\/\/santaanadelosguacaras.gob.ar\/sitio\/turismo-santa-ana-trabajos-conjuntos-municipalidad-y-unne\/"]}]},{"@type":"ImageObject","inLanguage":"es","@id":"https:\/\/santaanadelosguacaras.gob.ar\/sitio\/turismo-santa-ana-trabajos-conjuntos-municipalidad-y-unne\/#primaryimage","url":"https:\/\/santaanadelosguacaras.gob.ar\/sitio\/wp-content\/uploads\/2025\/01\/20241004_102157.webp","contentUrl":"https:\/\/santaanadelosguacaras.gob.ar\/sitio\/wp-content\/uploads\/2025\/01\/20241004_102157.webp","width":1263,"height":947},{"@type":"BreadcrumbList","@id":"https:\/\/santaanadelosguacaras.gob.ar\/sitio\/turismo-santa-ana-trabajos-conjuntos-municipalidad-y-unne\/#breadcrumb","itemListElement":[{"@type":"ListItem","position":1,"name":"Portada","item":"https:\/\/santaanadelosguacaras.gob.ar\/sitio\/"},{"@type":"ListItem","position":2,"name":"Turismo Santa Ana: Trabajos Conjuntos Municipalidad y UNNE"}]},{"@type":"WebSite","@id":"https:\/\/santaanadelosguacaras.gob.ar\/sitio\/#website","url":"https:\/\/santaanadelosguacaras.gob.ar\/sitio\/","name":"Municipalidad de Santa Ana de los Gu\u00e1caras","description":"Descubre Santa Ana de los Gu\u00e1caras, un rinc\u00f3n lleno de historia, cultura y naturaleza en Corrientes. Informaci\u00f3n oficial sobre eventos, turismo, servicios municipales y m\u00e1s. \u00a1Con\u00e9ctate con nuestra comunidad!","publisher":{"@id":"https:\/\/santaanadelosguacaras.gob.ar\/sitio\/#organization"},"alternateName":"MuniSantaAna","potentialAction":[{"@type":"SearchAction","target":{"@type":"EntryPoint","urlTemplate":"https:\/\/santaanadelosguacaras.gob.ar\/sitio\/?s={search_term_string}"},"query-input":{"@type":"PropertyValueSpecification","valueRequired":true,"valueName":"search_term_string"}}],"inLanguage":"es"},{"@type":"Organization","@id":"https:\/\/santaanadelosguacaras.gob.ar\/sitio\/#organization","name":"Municipalidad de Santa Ana de los Gu\u00e1caras","alternateName":"MuniSantaAna","url":"https:\/\/santaanadelosguacaras.gob.ar\/sitio\/","logo":{"@type":"ImageObject","inLanguage":"es","@id":"https:\/\/santaanadelosguacaras.gob.ar\/sitio\/#\/schema\/logo\/image\/","url":"https:\/\/santaanadelosguacaras.gob.ar\/sitio\/wp-content\/uploads\/2024\/12\/cropped-logo_muni_250.png","contentUrl":"https:\/\/santaanadelosguacaras.gob.ar\/sitio\/wp-content\/uploads\/2024\/12\/cropped-logo_muni_250.png","width":247,"height":95,"caption":"Municipalidad de Santa Ana de los Gu\u00e1caras"},"image":{"@id":"https:\/\/santaanadelosguacaras.gob.ar\/sitio\/#\/schema\/logo\/image\/"},"sameAs":["https:\/\/www.facebook.com\/MuniSantaAnaDeLosGuacaras","https:\/\/www.instagram.com\/muni_santaana_ctes"]},{"@type":"Person","@id":"https:\/\/santaanadelosguacaras.gob.ar\/sitio\/#\/schema\/person\/aa85e53bbb5a7c7e19834c20ede5e205","name":"Comunicaci\u00f3n","image":{"@type":"ImageObject","inLanguage":"es","@id":"https:\/\/santaanadelosguacaras.gob.ar\/sitio\/#\/schema\/person\/image\/","url":"https:\/\/secure.gravatar.com\/avatar\/3e81e68b8dcb0733c78bbafb464befc4a66ce4135950c3e3ac0d3c09e53e7092?s=96&d=mm&r=g","contentUrl":"https:\/\/secure.gravatar.com\/avatar\/3e81e68b8dcb0733c78bbafb464befc4a66ce4135950c3e3ac0d3c09e53e7092?s=96&d=mm&r=g","caption":"Comunicaci\u00f3n"}}]}},"_links":{"self":[{"href":"https:\/\/santaanadelosguacaras.gob.ar\/sitio\/wp-json\/wp\/v2\/posts\/609","targetHints":{"allow":["GET"]}}],"collection":[{"href":"https:\/\/santaanadelosguacaras.gob.ar\/sitio\/wp-json\/wp\/v2\/posts"}],"about":[{"href":"https:\/\/santaanadelosguacaras.gob.ar\/sitio\/wp-json\/wp\/v2\/types\/post"}],"author":[{"embeddable":true,"href":"https:\/\/santaanadelosguacaras.gob.ar\/sitio\/wp-json\/wp\/v2\/users\/2"}],"replies":[{"embeddable":true,"href":"https:\/\/santaanadelosguacaras.gob.ar\/sitio\/wp-json\/wp\/v2\/comments?post=609"}],"version-history":[{"count":1,"href":"https:\/\/santaanadelosguacaras.gob.ar\/sitio\/wp-json\/wp\/v2\/posts\/609\/revisions"}],"predecessor-version":[{"id":611,"href":"https:\/\/santaanadelosguacaras.gob.ar\/sitio\/wp-json\/wp\/v2\/posts\/609\/revisions\/611"}],"wp:featuredmedia":[{"embeddable":true,"href":"https:\/\/santaanadelosguacaras.gob.ar\/sitio\/wp-json\/wp\/v2\/media\/610"}],"wp:attachment":[{"href":"https:\/\/santaanadelosguacaras.gob.ar\/sitio\/wp-json\/wp\/v2\/media?parent=609"}],"wp:term":[{"taxonomy":"category","embeddable":true,"href":"https:\/\/santaanadelosguacaras.gob.ar\/sitio\/wp-json\/wp\/v2\/categories?post=609"},{"taxonomy":"post_tag","embeddable":true,"href":"https:\/\/santaanadelosguacaras.gob.ar\/sitio\/wp-json\/wp\/v2\/tags?post=609"}],"curies":[{"name":"wp","href":"https:\/\/api.w.org\/{rel}","templated":true}]}}