{"id":617,"date":"2024-10-08T15:00:24","date_gmt":"2024-10-08T18:00:24","guid":{"rendered":"https:\/\/santaanadelosguacaras.gob.ar\/sitio\/?p=617"},"modified":"2025-01-15T15:01:30","modified_gmt":"2025-01-15T18:01:30","slug":"capacitacion-de-trabajadores-municipales","status":"publish","type":"post","link":"https:\/\/santaanadelosguacaras.gob.ar\/sitio\/capacitacion-de-trabajadores-municipales\/","title":{"rendered":"Capacitaci\u00f3n de Trabajadores Municipales"},"content":{"rendered":"\n<p>La intendente Silvana Almir\u00f3n y el licenciado Ezequiel Nardelli, representante y coordinador de Munigesti\u00f3n por la Universidad Nacional del Nordeste -UNNE- firmaron convenio para capacitaciones de trabajadores del Municipio.<\/p>\n\n\n\n<p>Munigesti\u00f3n es un programa de capacitaciones para gobiernos locales, llevado adelante por la<a href=\"https:\/\/www.facebook.com\/UNLitoralAr?__cft__%5b0%5d=AZUFv0H5CUwsqHS08Mzo7IFcVGUM0rtTUqM1X9K19h6BvW2rpyUcGpLFeaoqq53Ky_VebKI-HOgFpVheVq5vcTbCmW9VjrfWHSoOC2l4VY_RU3SS7T_BsHFqiKZ1G_tH5mLxr2Mg-AXpsQ09s979DrT-PHeNIWE4Pm4a5kRCoinojd_rC01mZBy2PVkNsaQhhOO-Taz4j4C3uUjkS4MkKN__-L7S8gCuzzMi0NnwKBIEEw&amp;__tn__=-%5dK-y-R\"> Universidad Nacional del Litoral<\/a> (UNL), la<a href=\"https:\/\/www.facebook.com\/UNRoficial?__cft__%5b0%5d=AZUFv0H5CUwsqHS08Mzo7IFcVGUM0rtTUqM1X9K19h6BvW2rpyUcGpLFeaoqq53Ky_VebKI-HOgFpVheVq5vcTbCmW9VjrfWHSoOC2l4VY_RU3SS7T_BsHFqiKZ1G_tH5mLxr2Mg-AXpsQ09s979DrT-PHeNIWE4Pm4a5kRCoinojd_rC01mZBy2PVkNsaQhhOO-Taz4j4C3uUjkS4MkKN__-L7S8gCuzzMi0NnwKBIEEw&amp;__tn__=-%5dK-y-R\"> UNR &#8211; Universidad Nacional de Rosario<\/a> y la<a href=\"https:\/\/www.facebook.com\/UnneArgentina?__cft__%5b0%5d=AZUFv0H5CUwsqHS08Mzo7IFcVGUM0rtTUqM1X9K19h6BvW2rpyUcGpLFeaoqq53Ky_VebKI-HOgFpVheVq5vcTbCmW9VjrfWHSoOC2l4VY_RU3SS7T_BsHFqiKZ1G_tH5mLxr2Mg-AXpsQ09s979DrT-PHeNIWE4Pm4a5kRCoinojd_rC01mZBy2PVkNsaQhhOO-Taz4j4C3uUjkS4MkKN__-L7S8gCuzzMi0NnwKBIEEw&amp;__tn__=-%5dK-y-R\"> UNNE &#8211; Universidad Nacional del Nordeste<\/a>, con el objeto de fortalecer el v\u00ednculo de la universidad con el territorio y mejorar las capacidades de gesti\u00f3n e innovaci\u00f3n en pol\u00edticas p\u00fablicas.<\/p>\n\n\n\n<p>El Gobernador<a href=\"https:\/\/www.facebook.com\/GustavoValdesOk?__cft__%5b0%5d=AZUFv0H5CUwsqHS08Mzo7IFcVGUM0rtTUqM1X9K19h6BvW2rpyUcGpLFeaoqq53Ky_VebKI-HOgFpVheVq5vcTbCmW9VjrfWHSoOC2l4VY_RU3SS7T_BsHFqiKZ1G_tH5mLxr2Mg-AXpsQ09s979DrT-PHeNIWE4Pm4a5kRCoinojd_rC01mZBy2PVkNsaQhhOO-Taz4j4C3uUjkS4MkKN__-L7S8gCuzzMi0NnwKBIEEw&amp;__tn__=-%5dK-y-R\"> Gustavo Vald\u00e9s<\/a> junto a Municipios de Corrientes adhirieron a dicho programa para formaci\u00f3n de las gestiones y desarrollo local.<\/p>\n\n\n\n<p>La gesti\u00f3n de la intendente Silvana Almir\u00f3n firm\u00f3 este convenio,&nbsp; en el marco de las acciones de capacitaci\u00f3n de los trabajadores municipales, para mejor servicio a la comunidad.<\/p>\n\n\n\n<figure class=\"wp-block-gallery has-nested-images columns-default is-cropped wp-block-gallery-1 is-layout-flex wp-block-gallery-is-layout-flex\">\n<figure class=\"wp-block-image size-large\"><a href=\"https:\/\/santaanadelosguacaras.gob.ar\/sitio\/wp-content\/uploads\/2025\/01\/462118946_889095063319674_9017935770362581663_n.webp\"><img loading=\"lazy\" decoding=\"async\" width=\"1024\" height=\"537\" data-id=\"618\" src=\"https:\/\/santaanadelosguacaras.gob.ar\/sitio\/wp-content\/uploads\/2025\/01\/462118946_889095063319674_9017935770362581663_n-1024x537.webp\" alt=\"\" class=\"wp-image-618\" srcset=\"https:\/\/santaanadelosguacaras.gob.ar\/sitio\/wp-content\/uploads\/2025\/01\/462118946_889095063319674_9017935770362581663_n-1024x537.webp 1024w, https:\/\/santaanadelosguacaras.gob.ar\/sitio\/wp-content\/uploads\/2025\/01\/462118946_889095063319674_9017935770362581663_n-300x157.webp 300w, https:\/\/santaanadelosguacaras.gob.ar\/sitio\/wp-content\/uploads\/2025\/01\/462118946_889095063319674_9017935770362581663_n-768x402.webp 768w, https:\/\/santaanadelosguacaras.gob.ar\/sitio\/wp-content\/uploads\/2025\/01\/462118946_889095063319674_9017935770362581663_n.webp 1080w\" sizes=\"auto, (max-width: 1024px) 100vw, 1024px\" \/><\/a><\/figure>\n\n\n\n<figure class=\"wp-block-image size-large\"><a href=\"https:\/\/santaanadelosguacaras.gob.ar\/sitio\/wp-content\/uploads\/2025\/01\/462134475_889095036653010_9153090266708161831_n.webp\"><img loading=\"lazy\" decoding=\"async\" width=\"430\" height=\"313\" data-id=\"619\" src=\"https:\/\/santaanadelosguacaras.gob.ar\/sitio\/wp-content\/uploads\/2025\/01\/462134475_889095036653010_9153090266708161831_n.webp\" alt=\"\" class=\"wp-image-619\" srcset=\"https:\/\/santaanadelosguacaras.gob.ar\/sitio\/wp-content\/uploads\/2025\/01\/462134475_889095036653010_9153090266708161831_n.webp 430w, https:\/\/santaanadelosguacaras.gob.ar\/sitio\/wp-content\/uploads\/2025\/01\/462134475_889095036653010_9153090266708161831_n-300x218.webp 300w\" sizes=\"auto, (max-width: 430px) 100vw, 430px\" \/><\/a><\/figure>\n<\/figure>\n","protected":false},"excerpt":{"rendered":"<p>La intendente Silvana Almir\u00f3n y el licenciado Ezequiel Nardelli, representante y coordinador de Munigesti\u00f3n por la Universidad Nacional del Nordeste -UNNE- firmaron convenio para capacitaciones de trabajadores del Municipio. Munigesti\u00f3n&hellip; <\/p>\n","protected":false},"author":2,"featured_media":619,"comment_status":"closed","ping_status":"open","sticky":false,"template":"","format":"standard","meta":{"footnotes":""},"categories":[15],"tags":[],"class_list":["post-617","post","type-post","status-publish","format-standard","has-post-thumbnail","hentry","category-gestion"],"yoast_head":"<!-- This site is optimized with the Yoast SEO plugin v24.8.1 - https:\/\/yoast.com\/wordpress\/plugins\/seo\/ -->\n<title>Capacitaci\u00f3n de Trabajadores Municipales - Municipalidad de Santa Ana de los Gu\u00e1caras<\/title>\n<meta name=\"robots\" content=\"index, follow, max-snippet:-1, max-image-preview:large, max-video-preview:-1\" \/>\n<link rel=\"canonical\" href=\"https:\/\/santaanadelosguacaras.gob.ar\/sitio\/capacitacion-de-trabajadores-municipales\/\" \/>\n<meta property=\"og:locale\" content=\"es_ES\" \/>\n<meta property=\"og:type\" content=\"article\" \/>\n<meta property=\"og:title\" content=\"Capacitaci\u00f3n de Trabajadores Municipales - Municipalidad de Santa Ana de los Gu\u00e1caras\" \/>\n<meta property=\"og:description\" content=\"La intendente Silvana Almir\u00f3n y el licenciado Ezequiel Nardelli, representante y coordinador de Munigesti\u00f3n por la Universidad Nacional del Nordeste -UNNE- firmaron convenio para capacitaciones de trabajadores del Municipio. Munigesti\u00f3n&hellip;\" \/>\n<meta property=\"og:url\" content=\"https:\/\/santaanadelosguacaras.gob.ar\/sitio\/capacitacion-de-trabajadores-municipales\/\" \/>\n<meta property=\"og:site_name\" content=\"Municipalidad de Santa Ana de los Gu\u00e1caras\" \/>\n<meta property=\"article:publisher\" content=\"https:\/\/www.facebook.com\/MuniSantaAnaDeLosGuacaras\" \/>\n<meta property=\"article:published_time\" content=\"2024-10-08T18:00:24+00:00\" \/>\n<meta property=\"article:modified_time\" content=\"2025-01-15T18:01:30+00:00\" \/>\n<meta property=\"og:image\" content=\"https:\/\/santaanadelosguacaras.gob.ar\/sitio\/wp-content\/uploads\/2025\/01\/462134475_889095036653010_9153090266708161831_n.webp\" \/>\n\t<meta property=\"og:image:width\" content=\"430\" \/>\n\t<meta property=\"og:image:height\" content=\"313\" \/>\n\t<meta property=\"og:image:type\" content=\"image\/webp\" \/>\n<meta name=\"author\" content=\"Comunicaci\u00f3n\" \/>\n<meta name=\"twitter:card\" content=\"summary_large_image\" \/>\n<meta name=\"twitter:label1\" content=\"Escrito por\" \/>\n\t<meta name=\"twitter:data1\" content=\"Comunicaci\u00f3n\" \/>\n\t<meta name=\"twitter:label2\" content=\"Tiempo de lectura\" \/>\n\t<meta name=\"twitter:data2\" content=\"2 minutos\" \/>\n<script type=\"application\/ld+json\" class=\"yoast-schema-graph\">{\"@context\":\"https:\/\/schema.org\",\"@graph\":[{\"@type\":\"Article\",\"@id\":\"https:\/\/santaanadelosguacaras.gob.ar\/sitio\/capacitacion-de-trabajadores-municipales\/#article\",\"isPartOf\":{\"@id\":\"https:\/\/santaanadelosguacaras.gob.ar\/sitio\/capacitacion-de-trabajadores-municipales\/\"},\"author\":{\"name\":\"Comunicaci\u00f3n\",\"@id\":\"https:\/\/santaanadelosguacaras.gob.ar\/sitio\/#\/schema\/person\/aa85e53bbb5a7c7e19834c20ede5e205\"},\"headline\":\"Capacitaci\u00f3n de Trabajadores Municipales\",\"datePublished\":\"2024-10-08T18:00:24+00:00\",\"dateModified\":\"2025-01-15T18:01:30+00:00\",\"mainEntityOfPage\":{\"@id\":\"https:\/\/santaanadelosguacaras.gob.ar\/sitio\/capacitacion-de-trabajadores-municipales\/\"},\"wordCount\":154,\"publisher\":{\"@id\":\"https:\/\/santaanadelosguacaras.gob.ar\/sitio\/#organization\"},\"image\":{\"@id\":\"https:\/\/santaanadelosguacaras.gob.ar\/sitio\/capacitacion-de-trabajadores-municipales\/#primaryimage\"},\"thumbnailUrl\":\"https:\/\/santaanadelosguacaras.gob.ar\/sitio\/wp-content\/uploads\/2025\/01\/462134475_889095036653010_9153090266708161831_n.webp\",\"articleSection\":[\"Gesti\u00f3n\"],\"inLanguage\":\"es\"},{\"@type\":\"WebPage\",\"@id\":\"https:\/\/santaanadelosguacaras.gob.ar\/sitio\/capacitacion-de-trabajadores-municipales\/\",\"url\":\"https:\/\/santaanadelosguacaras.gob.ar\/sitio\/capacitacion-de-trabajadores-municipales\/\",\"name\":\"Capacitaci\u00f3n de Trabajadores Municipales - Municipalidad de Santa Ana de los Gu\u00e1caras\",\"isPartOf\":{\"@id\":\"https:\/\/santaanadelosguacaras.gob.ar\/sitio\/#website\"},\"primaryImageOfPage\":{\"@id\":\"https:\/\/santaanadelosguacaras.gob.ar\/sitio\/capacitacion-de-trabajadores-municipales\/#primaryimage\"},\"image\":{\"@id\":\"https:\/\/santaanadelosguacaras.gob.ar\/sitio\/capacitacion-de-trabajadores-municipales\/#primaryimage\"},\"thumbnailUrl\":\"https:\/\/santaanadelosguacaras.gob.ar\/sitio\/wp-content\/uploads\/2025\/01\/462134475_889095036653010_9153090266708161831_n.webp\",\"datePublished\":\"2024-10-08T18:00:24+00:00\",\"dateModified\":\"2025-01-15T18:01:30+00:00\",\"breadcrumb\":{\"@id\":\"https:\/\/santaanadelosguacaras.gob.ar\/sitio\/capacitacion-de-trabajadores-municipales\/#breadcrumb\"},\"inLanguage\":\"es\",\"potentialAction\":[{\"@type\":\"ReadAction\",\"target\":[\"https:\/\/santaanadelosguacaras.gob.ar\/sitio\/capacitacion-de-trabajadores-municipales\/\"]}]},{\"@type\":\"ImageObject\",\"inLanguage\":\"es\",\"@id\":\"https:\/\/santaanadelosguacaras.gob.ar\/sitio\/capacitacion-de-trabajadores-municipales\/#primaryimage\",\"url\":\"https:\/\/santaanadelosguacaras.gob.ar\/sitio\/wp-content\/uploads\/2025\/01\/462134475_889095036653010_9153090266708161831_n.webp\",\"contentUrl\":\"https:\/\/santaanadelosguacaras.gob.ar\/sitio\/wp-content\/uploads\/2025\/01\/462134475_889095036653010_9153090266708161831_n.webp\",\"width\":430,\"height\":313},{\"@type\":\"BreadcrumbList\",\"@id\":\"https:\/\/santaanadelosguacaras.gob.ar\/sitio\/capacitacion-de-trabajadores-municipales\/#breadcrumb\",\"itemListElement\":[{\"@type\":\"ListItem\",\"position\":1,\"name\":\"Portada\",\"item\":\"https:\/\/santaanadelosguacaras.gob.ar\/sitio\/\"},{\"@type\":\"ListItem\",\"position\":2,\"name\":\"Capacitaci\u00f3n de Trabajadores Municipales\"}]},{\"@type\":\"WebSite\",\"@id\":\"https:\/\/santaanadelosguacaras.gob.ar\/sitio\/#website\",\"url\":\"https:\/\/santaanadelosguacaras.gob.ar\/sitio\/\",\"name\":\"Municipalidad de Santa Ana de los Gu\u00e1caras\",\"description\":\"Descubre Santa Ana de los Gu\u00e1caras, un rinc\u00f3n lleno de historia, cultura y naturaleza en Corrientes. Informaci\u00f3n oficial sobre eventos, turismo, servicios municipales y m\u00e1s. \u00a1Con\u00e9ctate con nuestra comunidad!\",\"publisher\":{\"@id\":\"https:\/\/santaanadelosguacaras.gob.ar\/sitio\/#organization\"},\"alternateName\":\"MuniSantaAna\",\"potentialAction\":[{\"@type\":\"SearchAction\",\"target\":{\"@type\":\"EntryPoint\",\"urlTemplate\":\"https:\/\/santaanadelosguacaras.gob.ar\/sitio\/?s={search_term_string}\"},\"query-input\":{\"@type\":\"PropertyValueSpecification\",\"valueRequired\":true,\"valueName\":\"search_term_string\"}}],\"inLanguage\":\"es\"},{\"@type\":\"Organization\",\"@id\":\"https:\/\/santaanadelosguacaras.gob.ar\/sitio\/#organization\",\"name\":\"Municipalidad de Santa Ana de los Gu\u00e1caras\",\"alternateName\":\"MuniSantaAna\",\"url\":\"https:\/\/santaanadelosguacaras.gob.ar\/sitio\/\",\"logo\":{\"@type\":\"ImageObject\",\"inLanguage\":\"es\",\"@id\":\"https:\/\/santaanadelosguacaras.gob.ar\/sitio\/#\/schema\/logo\/image\/\",\"url\":\"https:\/\/santaanadelosguacaras.gob.ar\/sitio\/wp-content\/uploads\/2024\/12\/cropped-logo_muni_250.png\",\"contentUrl\":\"https:\/\/santaanadelosguacaras.gob.ar\/sitio\/wp-content\/uploads\/2024\/12\/cropped-logo_muni_250.png\",\"width\":247,\"height\":95,\"caption\":\"Municipalidad de Santa Ana de los Gu\u00e1caras\"},\"image\":{\"@id\":\"https:\/\/santaanadelosguacaras.gob.ar\/sitio\/#\/schema\/logo\/image\/\"},\"sameAs\":[\"https:\/\/www.facebook.com\/MuniSantaAnaDeLosGuacaras\",\"https:\/\/www.instagram.com\/muni_santaana_ctes\"]},{\"@type\":\"Person\",\"@id\":\"https:\/\/santaanadelosguacaras.gob.ar\/sitio\/#\/schema\/person\/aa85e53bbb5a7c7e19834c20ede5e205\",\"name\":\"Comunicaci\u00f3n\",\"image\":{\"@type\":\"ImageObject\",\"inLanguage\":\"es\",\"@id\":\"https:\/\/santaanadelosguacaras.gob.ar\/sitio\/#\/schema\/person\/image\/\",\"url\":\"https:\/\/secure.gravatar.com\/avatar\/3e81e68b8dcb0733c78bbafb464befc4a66ce4135950c3e3ac0d3c09e53e7092?s=96&d=mm&r=g\",\"contentUrl\":\"https:\/\/secure.gravatar.com\/avatar\/3e81e68b8dcb0733c78bbafb464befc4a66ce4135950c3e3ac0d3c09e53e7092?s=96&d=mm&r=g\",\"caption\":\"Comunicaci\u00f3n\"}}]}<\/script>\n<!-- \/ Yoast SEO plugin. -->","yoast_head_json":{"title":"Capacitaci\u00f3n de Trabajadores Municipales - Municipalidad de Santa Ana de los Gu\u00e1caras","robots":{"index":"index","follow":"follow","max-snippet":"max-snippet:-1","max-image-preview":"max-image-preview:large","max-video-preview":"max-video-preview:-1"},"canonical":"https:\/\/santaanadelosguacaras.gob.ar\/sitio\/capacitacion-de-trabajadores-municipales\/","og_locale":"es_ES","og_type":"article","og_title":"Capacitaci\u00f3n de Trabajadores Municipales - Municipalidad de Santa Ana de los Gu\u00e1caras","og_description":"La intendente Silvana Almir\u00f3n y el licenciado Ezequiel Nardelli, representante y coordinador de Munigesti\u00f3n por la Universidad Nacional del Nordeste -UNNE- firmaron convenio para capacitaciones de trabajadores del Municipio. Munigesti\u00f3n&hellip;","og_url":"https:\/\/santaanadelosguacaras.gob.ar\/sitio\/capacitacion-de-trabajadores-municipales\/","og_site_name":"Municipalidad de Santa Ana de los Gu\u00e1caras","article_publisher":"https:\/\/www.facebook.com\/MuniSantaAnaDeLosGuacaras","article_published_time":"2024-10-08T18:00:24+00:00","article_modified_time":"2025-01-15T18:01:30+00:00","og_image":[{"width":430,"height":313,"url":"https:\/\/santaanadelosguacaras.gob.ar\/sitio\/wp-content\/uploads\/2025\/01\/462134475_889095036653010_9153090266708161831_n.webp","type":"image\/webp"}],"author":"Comunicaci\u00f3n","twitter_card":"summary_large_image","twitter_misc":{"Escrito por":"Comunicaci\u00f3n","Tiempo de lectura":"2 minutos"},"schema":{"@context":"https:\/\/schema.org","@graph":[{"@type":"Article","@id":"https:\/\/santaanadelosguacaras.gob.ar\/sitio\/capacitacion-de-trabajadores-municipales\/#article","isPartOf":{"@id":"https:\/\/santaanadelosguacaras.gob.ar\/sitio\/capacitacion-de-trabajadores-municipales\/"},"author":{"name":"Comunicaci\u00f3n","@id":"https:\/\/santaanadelosguacaras.gob.ar\/sitio\/#\/schema\/person\/aa85e53bbb5a7c7e19834c20ede5e205"},"headline":"Capacitaci\u00f3n de Trabajadores Municipales","datePublished":"2024-10-08T18:00:24+00:00","dateModified":"2025-01-15T18:01:30+00:00","mainEntityOfPage":{"@id":"https:\/\/santaanadelosguacaras.gob.ar\/sitio\/capacitacion-de-trabajadores-municipales\/"},"wordCount":154,"publisher":{"@id":"https:\/\/santaanadelosguacaras.gob.ar\/sitio\/#organization"},"image":{"@id":"https:\/\/santaanadelosguacaras.gob.ar\/sitio\/capacitacion-de-trabajadores-municipales\/#primaryimage"},"thumbnailUrl":"https:\/\/santaanadelosguacaras.gob.ar\/sitio\/wp-content\/uploads\/2025\/01\/462134475_889095036653010_9153090266708161831_n.webp","articleSection":["Gesti\u00f3n"],"inLanguage":"es"},{"@type":"WebPage","@id":"https:\/\/santaanadelosguacaras.gob.ar\/sitio\/capacitacion-de-trabajadores-municipales\/","url":"https:\/\/santaanadelosguacaras.gob.ar\/sitio\/capacitacion-de-trabajadores-municipales\/","name":"Capacitaci\u00f3n de Trabajadores Municipales - Municipalidad de Santa Ana de los Gu\u00e1caras","isPartOf":{"@id":"https:\/\/santaanadelosguacaras.gob.ar\/sitio\/#website"},"primaryImageOfPage":{"@id":"https:\/\/santaanadelosguacaras.gob.ar\/sitio\/capacitacion-de-trabajadores-municipales\/#primaryimage"},"image":{"@id":"https:\/\/santaanadelosguacaras.gob.ar\/sitio\/capacitacion-de-trabajadores-municipales\/#primaryimage"},"thumbnailUrl":"https:\/\/santaanadelosguacaras.gob.ar\/sitio\/wp-content\/uploads\/2025\/01\/462134475_889095036653010_9153090266708161831_n.webp","datePublished":"2024-10-08T18:00:24+00:00","dateModified":"2025-01-15T18:01:30+00:00","breadcrumb":{"@id":"https:\/\/santaanadelosguacaras.gob.ar\/sitio\/capacitacion-de-trabajadores-municipales\/#breadcrumb"},"inLanguage":"es","potentialAction":[{"@type":"ReadAction","target":["https:\/\/santaanadelosguacaras.gob.ar\/sitio\/capacitacion-de-trabajadores-municipales\/"]}]},{"@type":"ImageObject","inLanguage":"es","@id":"https:\/\/santaanadelosguacaras.gob.ar\/sitio\/capacitacion-de-trabajadores-municipales\/#primaryimage","url":"https:\/\/santaanadelosguacaras.gob.ar\/sitio\/wp-content\/uploads\/2025\/01\/462134475_889095036653010_9153090266708161831_n.webp","contentUrl":"https:\/\/santaanadelosguacaras.gob.ar\/sitio\/wp-content\/uploads\/2025\/01\/462134475_889095036653010_9153090266708161831_n.webp","width":430,"height":313},{"@type":"BreadcrumbList","@id":"https:\/\/santaanadelosguacaras.gob.ar\/sitio\/capacitacion-de-trabajadores-municipales\/#breadcrumb","itemListElement":[{"@type":"ListItem","position":1,"name":"Portada","item":"https:\/\/santaanadelosguacaras.gob.ar\/sitio\/"},{"@type":"ListItem","position":2,"name":"Capacitaci\u00f3n de Trabajadores Municipales"}]},{"@type":"WebSite","@id":"https:\/\/santaanadelosguacaras.gob.ar\/sitio\/#website","url":"https:\/\/santaanadelosguacaras.gob.ar\/sitio\/","name":"Municipalidad de Santa Ana de los Gu\u00e1caras","description":"Descubre Santa Ana de los Gu\u00e1caras, un rinc\u00f3n lleno de historia, cultura y naturaleza en Corrientes. Informaci\u00f3n oficial sobre eventos, turismo, servicios municipales y m\u00e1s. \u00a1Con\u00e9ctate con nuestra comunidad!","publisher":{"@id":"https:\/\/santaanadelosguacaras.gob.ar\/sitio\/#organization"},"alternateName":"MuniSantaAna","potentialAction":[{"@type":"SearchAction","target":{"@type":"EntryPoint","urlTemplate":"https:\/\/santaanadelosguacaras.gob.ar\/sitio\/?s={search_term_string}"},"query-input":{"@type":"PropertyValueSpecification","valueRequired":true,"valueName":"search_term_string"}}],"inLanguage":"es"},{"@type":"Organization","@id":"https:\/\/santaanadelosguacaras.gob.ar\/sitio\/#organization","name":"Municipalidad de Santa Ana de los Gu\u00e1caras","alternateName":"MuniSantaAna","url":"https:\/\/santaanadelosguacaras.gob.ar\/sitio\/","logo":{"@type":"ImageObject","inLanguage":"es","@id":"https:\/\/santaanadelosguacaras.gob.ar\/sitio\/#\/schema\/logo\/image\/","url":"https:\/\/santaanadelosguacaras.gob.ar\/sitio\/wp-content\/uploads\/2024\/12\/cropped-logo_muni_250.png","contentUrl":"https:\/\/santaanadelosguacaras.gob.ar\/sitio\/wp-content\/uploads\/2024\/12\/cropped-logo_muni_250.png","width":247,"height":95,"caption":"Municipalidad de Santa Ana de los Gu\u00e1caras"},"image":{"@id":"https:\/\/santaanadelosguacaras.gob.ar\/sitio\/#\/schema\/logo\/image\/"},"sameAs":["https:\/\/www.facebook.com\/MuniSantaAnaDeLosGuacaras","https:\/\/www.instagram.com\/muni_santaana_ctes"]},{"@type":"Person","@id":"https:\/\/santaanadelosguacaras.gob.ar\/sitio\/#\/schema\/person\/aa85e53bbb5a7c7e19834c20ede5e205","name":"Comunicaci\u00f3n","image":{"@type":"ImageObject","inLanguage":"es","@id":"https:\/\/santaanadelosguacaras.gob.ar\/sitio\/#\/schema\/person\/image\/","url":"https:\/\/secure.gravatar.com\/avatar\/3e81e68b8dcb0733c78bbafb464befc4a66ce4135950c3e3ac0d3c09e53e7092?s=96&d=mm&r=g","contentUrl":"https:\/\/secure.gravatar.com\/avatar\/3e81e68b8dcb0733c78bbafb464befc4a66ce4135950c3e3ac0d3c09e53e7092?s=96&d=mm&r=g","caption":"Comunicaci\u00f3n"}}]}},"_links":{"self":[{"href":"https:\/\/santaanadelosguacaras.gob.ar\/sitio\/wp-json\/wp\/v2\/posts\/617","targetHints":{"allow":["GET"]}}],"collection":[{"href":"https:\/\/santaanadelosguacaras.gob.ar\/sitio\/wp-json\/wp\/v2\/posts"}],"about":[{"href":"https:\/\/santaanadelosguacaras.gob.ar\/sitio\/wp-json\/wp\/v2\/types\/post"}],"author":[{"embeddable":true,"href":"https:\/\/santaanadelosguacaras.gob.ar\/sitio\/wp-json\/wp\/v2\/users\/2"}],"replies":[{"embeddable":true,"href":"https:\/\/santaanadelosguacaras.gob.ar\/sitio\/wp-json\/wp\/v2\/comments?post=617"}],"version-history":[{"count":1,"href":"https:\/\/santaanadelosguacaras.gob.ar\/sitio\/wp-json\/wp\/v2\/posts\/617\/revisions"}],"predecessor-version":[{"id":620,"href":"https:\/\/santaanadelosguacaras.gob.ar\/sitio\/wp-json\/wp\/v2\/posts\/617\/revisions\/620"}],"wp:featuredmedia":[{"embeddable":true,"href":"https:\/\/santaanadelosguacaras.gob.ar\/sitio\/wp-json\/wp\/v2\/media\/619"}],"wp:attachment":[{"href":"https:\/\/santaanadelosguacaras.gob.ar\/sitio\/wp-json\/wp\/v2\/media?parent=617"}],"wp:term":[{"taxonomy":"category","embeddable":true,"href":"https:\/\/santaanadelosguacaras.gob.ar\/sitio\/wp-json\/wp\/v2\/categories?post=617"},{"taxonomy":"post_tag","embeddable":true,"href":"https:\/\/santaanadelosguacaras.gob.ar\/sitio\/wp-json\/wp\/v2\/tags?post=617"}],"curies":[{"name":"wp","href":"https:\/\/api.w.org\/{rel}","templated":true}]}}