{"id":91,"date":"2024-12-26T16:01:14","date_gmt":"2024-12-26T19:01:14","guid":{"rendered":"https:\/\/santaanadelosguacaras.gob.ar\/sitionuevo\/?p=91"},"modified":"2025-02-18T08:29:42","modified_gmt":"2025-02-18T11:29:42","slug":"josefina-contte-en-santa-ana","status":"publish","type":"post","link":"https:\/\/santaanadelosguacaras.gob.ar\/sitio\/josefina-contte-en-santa-ana\/","title":{"rendered":"Santa Ana tendr\u00e1 una Extensi\u00f3n \u00c1ulica del Instituto \u00abJosefina Contte\u00bb"},"content":{"rendered":"\n<p>Por gestiones de la intendente Silvana Almir\u00f3n, desde el a\u00f1o 2025, Santa Ana tendr\u00e1 una Extensi\u00f3n \u00c1ulica del Instituto \u201cJosefina Contte\u201d, para el dictado de ingl\u00e9s.<\/p>\n\n\n\n<p>La Resoluci\u00f3n 4093 del Ministerio de Educaci\u00f3n de Corrientes, avala dicha Extensi\u00f3n y las inscripciones se realizar\u00e1n en febrero de 2025.<\/p>\n\n\n\n<p>Las clases ser\u00e1n en la Escuela 105 \u00abPedro Matoso\u00bb, de lunes a jueves, desde las 18 horas, para j\u00f3venes y adultos.<\/p>\n\n\n\n<p>Las inscripciones se realizar\u00e1n del 17 al 28 de febrero 2025, a trav\u00e9s de la p\u00e1gina web del Instituto Josefina Contte<a href=\"http:\/\/www.josefinacontte.edu.ar\/?fbclid=IwZXh0bgNhZW0CMTAAAR3M0z0Zvwao4LhY0foLELN-D7LF4tzKP2A8uBVY72fJw16zyuL8jOwrLBg_aem_lqm2XwQL11bCWr1jdzZwSQ\"> www.josefinacontte.edu.ar<\/a><\/p>\n\n\n\n<h2 class=\"wp-block-heading\"><strong>AYUDA CON LAS INSCRIPCIONES<\/strong><\/h2>\n\n\n\n<p>El Punto Digital Santa Ana, en calles Virasoro y Resistencia, que cuenta con servicio de internet, queda a disposici\u00f3n de los vecinos para realizar sus inscripciones y los trabajadores del lugar para guiarlos con las mismas.\u00bbAgradezco al Gobernador<a href=\"https:\/\/www.facebook.com\/GustavoValdesOk?__cft__%5b0%5d=AZWyZLEj6YmJ6WWSIzxLqMqHY9kqrwqO5hN-nq19ABwwHY2z4sNzoGeW4NsaR0eUYbOKIyDUl6JwK9U5uj1xgp6I4TcdIqI9-39DvJYanKTVQg1cxo_UuUPPccvMEidWA3rylD43swZUqEt3aPQwOQsCZdE1H92SlcAgrx3Zj9LDWlt13mrc9fheplaDmftZiyM&amp;__tn__=-%5dK-R\"> Gustavo Vald\u00e9s<\/a>, a la Ministra Educaci\u00f3n Pr\u00e1xedes L\u00f3pez, por las respuestas a las gestiones, para la educaci\u00f3n de Santa Ana, siendo la educaci\u00f3n uno de los pilares para el desarrollo de una comunidad, a la rectora del Instituto Josefina Contte, Licenciada Lourdes Godoy, a la Directora del Nivel Superior Corrientes, licenciada Graciela Yaya, por los trabajos conjuntos, a la directora de la Escuela Pedro Matoso, Virginia Coronel, por colaborar con el uso de las instalaciones de la escuela para el dictado de clases\u00bb, resalt\u00f3 la intendente Silvana Almir\u00f3n.<\/p>\n\n\n\n<p><\/p>\n\n\n\n<figure class=\"wp-block-gallery has-nested-images columns-default is-cropped wp-block-gallery-1 is-layout-flex wp-block-gallery-is-layout-flex\">\n<figure class=\"wp-block-image size-large\"><a href=\"https:\/\/santaanadelosguacaras.gob.ar\/sitio\/wp-content\/uploads\/2024\/12\/458083233_866620572233790_1433699213693700346_n.webp\"><img loading=\"lazy\" decoding=\"async\" width=\"1024\" height=\"535\" data-id=\"598\" src=\"https:\/\/santaanadelosguacaras.gob.ar\/sitio\/wp-content\/uploads\/2024\/12\/458083233_866620572233790_1433699213693700346_n-1024x535.webp\" alt=\"\" class=\"wp-image-598\" srcset=\"https:\/\/santaanadelosguacaras.gob.ar\/sitio\/wp-content\/uploads\/2024\/12\/458083233_866620572233790_1433699213693700346_n-1024x535.webp 1024w, https:\/\/santaanadelosguacaras.gob.ar\/sitio\/wp-content\/uploads\/2024\/12\/458083233_866620572233790_1433699213693700346_n-300x157.webp 300w, https:\/\/santaanadelosguacaras.gob.ar\/sitio\/wp-content\/uploads\/2024\/12\/458083233_866620572233790_1433699213693700346_n-768x401.webp 768w, https:\/\/santaanadelosguacaras.gob.ar\/sitio\/wp-content\/uploads\/2024\/12\/458083233_866620572233790_1433699213693700346_n.webp 1035w\" sizes=\"auto, (max-width: 1024px) 100vw, 1024px\" \/><\/a><\/figure>\n\n\n\n<figure class=\"wp-block-image size-large\"><a href=\"https:\/\/santaanadelosguacaras.gob.ar\/sitio\/wp-content\/uploads\/2024\/12\/458129473_866620492233798_6507231175579183073_n.webp\"><img loading=\"lazy\" decoding=\"async\" width=\"898\" height=\"469\" data-id=\"599\" src=\"https:\/\/santaanadelosguacaras.gob.ar\/sitio\/wp-content\/uploads\/2024\/12\/458129473_866620492233798_6507231175579183073_n.webp\" alt=\"\" class=\"wp-image-599\" srcset=\"https:\/\/santaanadelosguacaras.gob.ar\/sitio\/wp-content\/uploads\/2024\/12\/458129473_866620492233798_6507231175579183073_n.webp 898w, https:\/\/santaanadelosguacaras.gob.ar\/sitio\/wp-content\/uploads\/2024\/12\/458129473_866620492233798_6507231175579183073_n-300x157.webp 300w, https:\/\/santaanadelosguacaras.gob.ar\/sitio\/wp-content\/uploads\/2024\/12\/458129473_866620492233798_6507231175579183073_n-768x401.webp 768w\" sizes=\"auto, (max-width: 898px) 100vw, 898px\" \/><\/a><\/figure>\n\n\n\n<figure class=\"wp-block-image size-large\"><a href=\"https:\/\/santaanadelosguacaras.gob.ar\/sitio\/wp-content\/uploads\/2024\/12\/458398295_866620428900471_5920870985190297485_n.webp\"><img loading=\"lazy\" decoding=\"async\" width=\"1024\" height=\"535\" data-id=\"601\" src=\"https:\/\/santaanadelosguacaras.gob.ar\/sitio\/wp-content\/uploads\/2024\/12\/458398295_866620428900471_5920870985190297485_n-1024x535.webp\" alt=\"\" class=\"wp-image-601\" srcset=\"https:\/\/santaanadelosguacaras.gob.ar\/sitio\/wp-content\/uploads\/2024\/12\/458398295_866620428900471_5920870985190297485_n-1024x535.webp 1024w, https:\/\/santaanadelosguacaras.gob.ar\/sitio\/wp-content\/uploads\/2024\/12\/458398295_866620428900471_5920870985190297485_n-300x157.webp 300w, https:\/\/santaanadelosguacaras.gob.ar\/sitio\/wp-content\/uploads\/2024\/12\/458398295_866620428900471_5920870985190297485_n-768x401.webp 768w, https:\/\/santaanadelosguacaras.gob.ar\/sitio\/wp-content\/uploads\/2024\/12\/458398295_866620428900471_5920870985190297485_n.webp 1080w\" sizes=\"auto, (max-width: 1024px) 100vw, 1024px\" \/><\/a><\/figure>\n<\/figure>\n\n\n\n<figure class=\"wp-block-image size-full\"><a href=\"https:\/\/santaanadelosguacaras.gob.ar\/sitio\/wp-content\/uploads\/2024\/12\/Inscripcion_josefina_contte.webp\"><img loading=\"lazy\" decoding=\"async\" width=\"816\" height=\"960\" src=\"https:\/\/santaanadelosguacaras.gob.ar\/sitio\/wp-content\/uploads\/2024\/12\/Inscripcion_josefina_contte.webp\" alt=\"\" class=\"wp-image-807\" srcset=\"https:\/\/santaanadelosguacaras.gob.ar\/sitio\/wp-content\/uploads\/2024\/12\/Inscripcion_josefina_contte.webp 816w, https:\/\/santaanadelosguacaras.gob.ar\/sitio\/wp-content\/uploads\/2024\/12\/Inscripcion_josefina_contte-255x300.webp 255w, https:\/\/santaanadelosguacaras.gob.ar\/sitio\/wp-content\/uploads\/2024\/12\/Inscripcion_josefina_contte-768x904.webp 768w\" sizes=\"auto, (max-width: 816px) 100vw, 816px\" \/><\/a><\/figure>\n","protected":false},"excerpt":{"rendered":"<p>Por gestiones de la intendente Silvana Almir\u00f3n, desde el a\u00f1o 2025, Santa Ana tendr\u00e1 una Extensi\u00f3n \u00c1ulica del Instituto \u201cJosefina Contte\u201d, para el dictado de ingl\u00e9s. La Resoluci\u00f3n 4093 del&hellip; <\/p>\n","protected":false},"author":2,"featured_media":97,"comment_status":"open","ping_status":"open","sticky":false,"template":"","format":"standard","meta":{"footnotes":""},"categories":[15],"tags":[],"class_list":["post-91","post","type-post","status-publish","format-standard","has-post-thumbnail","hentry","category-gestion"],"yoast_head":"<!-- This site is optimized with the Yoast SEO plugin v24.8.1 - https:\/\/yoast.com\/wordpress\/plugins\/seo\/ -->\n<title>Santa Ana tendr\u00e1 una Extensi\u00f3n \u00c1ulica del Instituto &quot;Josefina Contte&quot; - Municipalidad de Santa Ana de los Gu\u00e1caras<\/title>\n<meta name=\"description\" content=\"Por gestiones de la intendente Silvana Almir\u00f3n, desde el a\u00f1o 2025, Santa Ana tendr\u00e1 una Extensi\u00f3n \u00c1ulica del Instituto \u201cJosefina Contte\u201d, para el dictado de ingl\u00e9s.\" \/>\n<meta name=\"robots\" content=\"index, follow, max-snippet:-1, max-image-preview:large, max-video-preview:-1\" \/>\n<link rel=\"canonical\" href=\"https:\/\/santaanadelosguacaras.gob.ar\/sitio\/josefina-contte-en-santa-ana\/\" \/>\n<meta property=\"og:locale\" content=\"es_ES\" \/>\n<meta property=\"og:type\" content=\"article\" \/>\n<meta property=\"og:title\" content=\"Santa Ana tendr\u00e1 una Extensi\u00f3n \u00c1ulica del Instituto &quot;Josefina Contte&quot; - Municipalidad de Santa Ana de los Gu\u00e1caras\" \/>\n<meta property=\"og:description\" content=\"Por gestiones de la intendente Silvana Almir\u00f3n, desde el a\u00f1o 2025, Santa Ana tendr\u00e1 una Extensi\u00f3n \u00c1ulica del Instituto \u201cJosefina Contte\u201d, para el dictado de ingl\u00e9s.\" \/>\n<meta property=\"og:url\" content=\"https:\/\/santaanadelosguacaras.gob.ar\/sitio\/josefina-contte-en-santa-ana\/\" \/>\n<meta property=\"og:site_name\" content=\"Municipalidad de Santa Ana de los Gu\u00e1caras\" \/>\n<meta property=\"article:publisher\" content=\"https:\/\/www.facebook.com\/MuniSantaAnaDeLosGuacaras\" \/>\n<meta property=\"article:published_time\" content=\"2024-12-26T19:01:14+00:00\" \/>\n<meta property=\"article:modified_time\" content=\"2025-02-18T11:29:42+00:00\" \/>\n<meta property=\"og:image\" content=\"https:\/\/santaanadelosguacaras.gob.ar\/sitio\/wp-content\/uploads\/2024\/12\/ingles_portada.png\" \/>\n\t<meta property=\"og:image:width\" content=\"400\" \/>\n\t<meta property=\"og:image:height\" content=\"280\" \/>\n\t<meta property=\"og:image:type\" content=\"image\/png\" \/>\n<meta name=\"author\" content=\"Comunicaci\u00f3n\" \/>\n<meta name=\"twitter:card\" content=\"summary_large_image\" \/>\n<meta name=\"twitter:label1\" content=\"Escrito por\" \/>\n\t<meta name=\"twitter:data1\" content=\"Comunicaci\u00f3n\" \/>\n\t<meta name=\"twitter:label2\" content=\"Tiempo de lectura\" \/>\n\t<meta name=\"twitter:data2\" content=\"3 minutos\" \/>\n<script type=\"application\/ld+json\" class=\"yoast-schema-graph\">{\"@context\":\"https:\/\/schema.org\",\"@graph\":[{\"@type\":\"Article\",\"@id\":\"https:\/\/santaanadelosguacaras.gob.ar\/sitio\/josefina-contte-en-santa-ana\/#article\",\"isPartOf\":{\"@id\":\"https:\/\/santaanadelosguacaras.gob.ar\/sitio\/josefina-contte-en-santa-ana\/\"},\"author\":{\"name\":\"Comunicaci\u00f3n\",\"@id\":\"https:\/\/santaanadelosguacaras.gob.ar\/sitio\/#\/schema\/person\/aa85e53bbb5a7c7e19834c20ede5e205\"},\"headline\":\"Santa Ana tendr\u00e1 una Extensi\u00f3n \u00c1ulica del Instituto \u00abJosefina Contte\u00bb\",\"datePublished\":\"2024-12-26T19:01:14+00:00\",\"dateModified\":\"2025-02-18T11:29:42+00:00\",\"mainEntityOfPage\":{\"@id\":\"https:\/\/santaanadelosguacaras.gob.ar\/sitio\/josefina-contte-en-santa-ana\/\"},\"wordCount\":248,\"commentCount\":0,\"publisher\":{\"@id\":\"https:\/\/santaanadelosguacaras.gob.ar\/sitio\/#organization\"},\"image\":{\"@id\":\"https:\/\/santaanadelosguacaras.gob.ar\/sitio\/josefina-contte-en-santa-ana\/#primaryimage\"},\"thumbnailUrl\":\"https:\/\/santaanadelosguacaras.gob.ar\/sitio\/wp-content\/uploads\/2024\/12\/ingles_portada.png\",\"articleSection\":[\"Gesti\u00f3n\"],\"inLanguage\":\"es\",\"potentialAction\":[{\"@type\":\"CommentAction\",\"name\":\"Comment\",\"target\":[\"https:\/\/santaanadelosguacaras.gob.ar\/sitio\/josefina-contte-en-santa-ana\/#respond\"]}]},{\"@type\":\"WebPage\",\"@id\":\"https:\/\/santaanadelosguacaras.gob.ar\/sitio\/josefina-contte-en-santa-ana\/\",\"url\":\"https:\/\/santaanadelosguacaras.gob.ar\/sitio\/josefina-contte-en-santa-ana\/\",\"name\":\"Santa Ana tendr\u00e1 una Extensi\u00f3n \u00c1ulica del Instituto \\\"Josefina Contte\\\" - Municipalidad de Santa Ana de los Gu\u00e1caras\",\"isPartOf\":{\"@id\":\"https:\/\/santaanadelosguacaras.gob.ar\/sitio\/#website\"},\"primaryImageOfPage\":{\"@id\":\"https:\/\/santaanadelosguacaras.gob.ar\/sitio\/josefina-contte-en-santa-ana\/#primaryimage\"},\"image\":{\"@id\":\"https:\/\/santaanadelosguacaras.gob.ar\/sitio\/josefina-contte-en-santa-ana\/#primaryimage\"},\"thumbnailUrl\":\"https:\/\/santaanadelosguacaras.gob.ar\/sitio\/wp-content\/uploads\/2024\/12\/ingles_portada.png\",\"datePublished\":\"2024-12-26T19:01:14+00:00\",\"dateModified\":\"2025-02-18T11:29:42+00:00\",\"description\":\"Por gestiones de la intendente Silvana Almir\u00f3n, desde el a\u00f1o 2025, Santa Ana tendr\u00e1 una Extensi\u00f3n \u00c1ulica del Instituto \u201cJosefina Contte\u201d, para el dictado de ingl\u00e9s.\",\"breadcrumb\":{\"@id\":\"https:\/\/santaanadelosguacaras.gob.ar\/sitio\/josefina-contte-en-santa-ana\/#breadcrumb\"},\"inLanguage\":\"es\",\"potentialAction\":[{\"@type\":\"ReadAction\",\"target\":[\"https:\/\/santaanadelosguacaras.gob.ar\/sitio\/josefina-contte-en-santa-ana\/\"]}]},{\"@type\":\"ImageObject\",\"inLanguage\":\"es\",\"@id\":\"https:\/\/santaanadelosguacaras.gob.ar\/sitio\/josefina-contte-en-santa-ana\/#primaryimage\",\"url\":\"https:\/\/santaanadelosguacaras.gob.ar\/sitio\/wp-content\/uploads\/2024\/12\/ingles_portada.png\",\"contentUrl\":\"https:\/\/santaanadelosguacaras.gob.ar\/sitio\/wp-content\/uploads\/2024\/12\/ingles_portada.png\",\"width\":400,\"height\":280},{\"@type\":\"BreadcrumbList\",\"@id\":\"https:\/\/santaanadelosguacaras.gob.ar\/sitio\/josefina-contte-en-santa-ana\/#breadcrumb\",\"itemListElement\":[{\"@type\":\"ListItem\",\"position\":1,\"name\":\"Portada\",\"item\":\"https:\/\/santaanadelosguacaras.gob.ar\/sitio\/\"},{\"@type\":\"ListItem\",\"position\":2,\"name\":\"Santa Ana tendr\u00e1 una Extensi\u00f3n \u00c1ulica del Instituto \u00abJosefina Contte\u00bb\"}]},{\"@type\":\"WebSite\",\"@id\":\"https:\/\/santaanadelosguacaras.gob.ar\/sitio\/#website\",\"url\":\"https:\/\/santaanadelosguacaras.gob.ar\/sitio\/\",\"name\":\"Municipalidad de Santa Ana de los Gu\u00e1caras\",\"description\":\"Descubre Santa Ana de los Gu\u00e1caras, un rinc\u00f3n lleno de historia, cultura y naturaleza en Corrientes. Informaci\u00f3n oficial sobre eventos, turismo, servicios municipales y m\u00e1s. \u00a1Con\u00e9ctate con nuestra comunidad!\",\"publisher\":{\"@id\":\"https:\/\/santaanadelosguacaras.gob.ar\/sitio\/#organization\"},\"alternateName\":\"MuniSantaAna\",\"potentialAction\":[{\"@type\":\"SearchAction\",\"target\":{\"@type\":\"EntryPoint\",\"urlTemplate\":\"https:\/\/santaanadelosguacaras.gob.ar\/sitio\/?s={search_term_string}\"},\"query-input\":{\"@type\":\"PropertyValueSpecification\",\"valueRequired\":true,\"valueName\":\"search_term_string\"}}],\"inLanguage\":\"es\"},{\"@type\":\"Organization\",\"@id\":\"https:\/\/santaanadelosguacaras.gob.ar\/sitio\/#organization\",\"name\":\"Municipalidad de Santa Ana de los Gu\u00e1caras\",\"alternateName\":\"MuniSantaAna\",\"url\":\"https:\/\/santaanadelosguacaras.gob.ar\/sitio\/\",\"logo\":{\"@type\":\"ImageObject\",\"inLanguage\":\"es\",\"@id\":\"https:\/\/santaanadelosguacaras.gob.ar\/sitio\/#\/schema\/logo\/image\/\",\"url\":\"https:\/\/santaanadelosguacaras.gob.ar\/sitio\/wp-content\/uploads\/2024\/12\/cropped-logo_muni_250.png\",\"contentUrl\":\"https:\/\/santaanadelosguacaras.gob.ar\/sitio\/wp-content\/uploads\/2024\/12\/cropped-logo_muni_250.png\",\"width\":247,\"height\":95,\"caption\":\"Municipalidad de Santa Ana de los Gu\u00e1caras\"},\"image\":{\"@id\":\"https:\/\/santaanadelosguacaras.gob.ar\/sitio\/#\/schema\/logo\/image\/\"},\"sameAs\":[\"https:\/\/www.facebook.com\/MuniSantaAnaDeLosGuacaras\",\"https:\/\/www.instagram.com\/muni_santaana_ctes\"]},{\"@type\":\"Person\",\"@id\":\"https:\/\/santaanadelosguacaras.gob.ar\/sitio\/#\/schema\/person\/aa85e53bbb5a7c7e19834c20ede5e205\",\"name\":\"Comunicaci\u00f3n\",\"image\":{\"@type\":\"ImageObject\",\"inLanguage\":\"es\",\"@id\":\"https:\/\/santaanadelosguacaras.gob.ar\/sitio\/#\/schema\/person\/image\/\",\"url\":\"https:\/\/secure.gravatar.com\/avatar\/3e81e68b8dcb0733c78bbafb464befc4a66ce4135950c3e3ac0d3c09e53e7092?s=96&d=mm&r=g\",\"contentUrl\":\"https:\/\/secure.gravatar.com\/avatar\/3e81e68b8dcb0733c78bbafb464befc4a66ce4135950c3e3ac0d3c09e53e7092?s=96&d=mm&r=g\",\"caption\":\"Comunicaci\u00f3n\"}}]}<\/script>\n<!-- \/ Yoast SEO plugin. -->","yoast_head_json":{"title":"Santa Ana tendr\u00e1 una Extensi\u00f3n \u00c1ulica del Instituto \"Josefina Contte\" - Municipalidad de Santa Ana de los Gu\u00e1caras","description":"Por gestiones de la intendente Silvana Almir\u00f3n, desde el a\u00f1o 2025, Santa Ana tendr\u00e1 una Extensi\u00f3n \u00c1ulica del Instituto \u201cJosefina Contte\u201d, para el dictado de ingl\u00e9s.","robots":{"index":"index","follow":"follow","max-snippet":"max-snippet:-1","max-image-preview":"max-image-preview:large","max-video-preview":"max-video-preview:-1"},"canonical":"https:\/\/santaanadelosguacaras.gob.ar\/sitio\/josefina-contte-en-santa-ana\/","og_locale":"es_ES","og_type":"article","og_title":"Santa Ana tendr\u00e1 una Extensi\u00f3n \u00c1ulica del Instituto \"Josefina Contte\" - Municipalidad de Santa Ana de los Gu\u00e1caras","og_description":"Por gestiones de la intendente Silvana Almir\u00f3n, desde el a\u00f1o 2025, Santa Ana tendr\u00e1 una Extensi\u00f3n \u00c1ulica del Instituto \u201cJosefina Contte\u201d, para el dictado de ingl\u00e9s.","og_url":"https:\/\/santaanadelosguacaras.gob.ar\/sitio\/josefina-contte-en-santa-ana\/","og_site_name":"Municipalidad de Santa Ana de los Gu\u00e1caras","article_publisher":"https:\/\/www.facebook.com\/MuniSantaAnaDeLosGuacaras","article_published_time":"2024-12-26T19:01:14+00:00","article_modified_time":"2025-02-18T11:29:42+00:00","og_image":[{"width":400,"height":280,"url":"https:\/\/santaanadelosguacaras.gob.ar\/sitio\/wp-content\/uploads\/2024\/12\/ingles_portada.png","type":"image\/png"}],"author":"Comunicaci\u00f3n","twitter_card":"summary_large_image","twitter_misc":{"Escrito por":"Comunicaci\u00f3n","Tiempo de lectura":"3 minutos"},"schema":{"@context":"https:\/\/schema.org","@graph":[{"@type":"Article","@id":"https:\/\/santaanadelosguacaras.gob.ar\/sitio\/josefina-contte-en-santa-ana\/#article","isPartOf":{"@id":"https:\/\/santaanadelosguacaras.gob.ar\/sitio\/josefina-contte-en-santa-ana\/"},"author":{"name":"Comunicaci\u00f3n","@id":"https:\/\/santaanadelosguacaras.gob.ar\/sitio\/#\/schema\/person\/aa85e53bbb5a7c7e19834c20ede5e205"},"headline":"Santa Ana tendr\u00e1 una Extensi\u00f3n \u00c1ulica del Instituto \u00abJosefina Contte\u00bb","datePublished":"2024-12-26T19:01:14+00:00","dateModified":"2025-02-18T11:29:42+00:00","mainEntityOfPage":{"@id":"https:\/\/santaanadelosguacaras.gob.ar\/sitio\/josefina-contte-en-santa-ana\/"},"wordCount":248,"commentCount":0,"publisher":{"@id":"https:\/\/santaanadelosguacaras.gob.ar\/sitio\/#organization"},"image":{"@id":"https:\/\/santaanadelosguacaras.gob.ar\/sitio\/josefina-contte-en-santa-ana\/#primaryimage"},"thumbnailUrl":"https:\/\/santaanadelosguacaras.gob.ar\/sitio\/wp-content\/uploads\/2024\/12\/ingles_portada.png","articleSection":["Gesti\u00f3n"],"inLanguage":"es","potentialAction":[{"@type":"CommentAction","name":"Comment","target":["https:\/\/santaanadelosguacaras.gob.ar\/sitio\/josefina-contte-en-santa-ana\/#respond"]}]},{"@type":"WebPage","@id":"https:\/\/santaanadelosguacaras.gob.ar\/sitio\/josefina-contte-en-santa-ana\/","url":"https:\/\/santaanadelosguacaras.gob.ar\/sitio\/josefina-contte-en-santa-ana\/","name":"Santa Ana tendr\u00e1 una Extensi\u00f3n \u00c1ulica del Instituto \"Josefina Contte\" - Municipalidad de Santa Ana de los Gu\u00e1caras","isPartOf":{"@id":"https:\/\/santaanadelosguacaras.gob.ar\/sitio\/#website"},"primaryImageOfPage":{"@id":"https:\/\/santaanadelosguacaras.gob.ar\/sitio\/josefina-contte-en-santa-ana\/#primaryimage"},"image":{"@id":"https:\/\/santaanadelosguacaras.gob.ar\/sitio\/josefina-contte-en-santa-ana\/#primaryimage"},"thumbnailUrl":"https:\/\/santaanadelosguacaras.gob.ar\/sitio\/wp-content\/uploads\/2024\/12\/ingles_portada.png","datePublished":"2024-12-26T19:01:14+00:00","dateModified":"2025-02-18T11:29:42+00:00","description":"Por gestiones de la intendente Silvana Almir\u00f3n, desde el a\u00f1o 2025, Santa Ana tendr\u00e1 una Extensi\u00f3n \u00c1ulica del Instituto \u201cJosefina Contte\u201d, para el dictado de ingl\u00e9s.","breadcrumb":{"@id":"https:\/\/santaanadelosguacaras.gob.ar\/sitio\/josefina-contte-en-santa-ana\/#breadcrumb"},"inLanguage":"es","potentialAction":[{"@type":"ReadAction","target":["https:\/\/santaanadelosguacaras.gob.ar\/sitio\/josefina-contte-en-santa-ana\/"]}]},{"@type":"ImageObject","inLanguage":"es","@id":"https:\/\/santaanadelosguacaras.gob.ar\/sitio\/josefina-contte-en-santa-ana\/#primaryimage","url":"https:\/\/santaanadelosguacaras.gob.ar\/sitio\/wp-content\/uploads\/2024\/12\/ingles_portada.png","contentUrl":"https:\/\/santaanadelosguacaras.gob.ar\/sitio\/wp-content\/uploads\/2024\/12\/ingles_portada.png","width":400,"height":280},{"@type":"BreadcrumbList","@id":"https:\/\/santaanadelosguacaras.gob.ar\/sitio\/josefina-contte-en-santa-ana\/#breadcrumb","itemListElement":[{"@type":"ListItem","position":1,"name":"Portada","item":"https:\/\/santaanadelosguacaras.gob.ar\/sitio\/"},{"@type":"ListItem","position":2,"name":"Santa Ana tendr\u00e1 una Extensi\u00f3n \u00c1ulica del Instituto \u00abJosefina Contte\u00bb"}]},{"@type":"WebSite","@id":"https:\/\/santaanadelosguacaras.gob.ar\/sitio\/#website","url":"https:\/\/santaanadelosguacaras.gob.ar\/sitio\/","name":"Municipalidad de Santa Ana de los Gu\u00e1caras","description":"Descubre Santa Ana de los Gu\u00e1caras, un rinc\u00f3n lleno de historia, cultura y naturaleza en Corrientes. Informaci\u00f3n oficial sobre eventos, turismo, servicios municipales y m\u00e1s. \u00a1Con\u00e9ctate con nuestra comunidad!","publisher":{"@id":"https:\/\/santaanadelosguacaras.gob.ar\/sitio\/#organization"},"alternateName":"MuniSantaAna","potentialAction":[{"@type":"SearchAction","target":{"@type":"EntryPoint","urlTemplate":"https:\/\/santaanadelosguacaras.gob.ar\/sitio\/?s={search_term_string}"},"query-input":{"@type":"PropertyValueSpecification","valueRequired":true,"valueName":"search_term_string"}}],"inLanguage":"es"},{"@type":"Organization","@id":"https:\/\/santaanadelosguacaras.gob.ar\/sitio\/#organization","name":"Municipalidad de Santa Ana de los Gu\u00e1caras","alternateName":"MuniSantaAna","url":"https:\/\/santaanadelosguacaras.gob.ar\/sitio\/","logo":{"@type":"ImageObject","inLanguage":"es","@id":"https:\/\/santaanadelosguacaras.gob.ar\/sitio\/#\/schema\/logo\/image\/","url":"https:\/\/santaanadelosguacaras.gob.ar\/sitio\/wp-content\/uploads\/2024\/12\/cropped-logo_muni_250.png","contentUrl":"https:\/\/santaanadelosguacaras.gob.ar\/sitio\/wp-content\/uploads\/2024\/12\/cropped-logo_muni_250.png","width":247,"height":95,"caption":"Municipalidad de Santa Ana de los Gu\u00e1caras"},"image":{"@id":"https:\/\/santaanadelosguacaras.gob.ar\/sitio\/#\/schema\/logo\/image\/"},"sameAs":["https:\/\/www.facebook.com\/MuniSantaAnaDeLosGuacaras","https:\/\/www.instagram.com\/muni_santaana_ctes"]},{"@type":"Person","@id":"https:\/\/santaanadelosguacaras.gob.ar\/sitio\/#\/schema\/person\/aa85e53bbb5a7c7e19834c20ede5e205","name":"Comunicaci\u00f3n","image":{"@type":"ImageObject","inLanguage":"es","@id":"https:\/\/santaanadelosguacaras.gob.ar\/sitio\/#\/schema\/person\/image\/","url":"https:\/\/secure.gravatar.com\/avatar\/3e81e68b8dcb0733c78bbafb464befc4a66ce4135950c3e3ac0d3c09e53e7092?s=96&d=mm&r=g","contentUrl":"https:\/\/secure.gravatar.com\/avatar\/3e81e68b8dcb0733c78bbafb464befc4a66ce4135950c3e3ac0d3c09e53e7092?s=96&d=mm&r=g","caption":"Comunicaci\u00f3n"}}]}},"_links":{"self":[{"href":"https:\/\/santaanadelosguacaras.gob.ar\/sitio\/wp-json\/wp\/v2\/posts\/91","targetHints":{"allow":["GET"]}}],"collection":[{"href":"https:\/\/santaanadelosguacaras.gob.ar\/sitio\/wp-json\/wp\/v2\/posts"}],"about":[{"href":"https:\/\/santaanadelosguacaras.gob.ar\/sitio\/wp-json\/wp\/v2\/types\/post"}],"author":[{"embeddable":true,"href":"https:\/\/santaanadelosguacaras.gob.ar\/sitio\/wp-json\/wp\/v2\/users\/2"}],"replies":[{"embeddable":true,"href":"https:\/\/santaanadelosguacaras.gob.ar\/sitio\/wp-json\/wp\/v2\/comments?post=91"}],"version-history":[{"count":5,"href":"https:\/\/santaanadelosguacaras.gob.ar\/sitio\/wp-json\/wp\/v2\/posts\/91\/revisions"}],"predecessor-version":[{"id":808,"href":"https:\/\/santaanadelosguacaras.gob.ar\/sitio\/wp-json\/wp\/v2\/posts\/91\/revisions\/808"}],"wp:featuredmedia":[{"embeddable":true,"href":"https:\/\/santaanadelosguacaras.gob.ar\/sitio\/wp-json\/wp\/v2\/media\/97"}],"wp:attachment":[{"href":"https:\/\/santaanadelosguacaras.gob.ar\/sitio\/wp-json\/wp\/v2\/media?parent=91"}],"wp:term":[{"taxonomy":"category","embeddable":true,"href":"https:\/\/santaanadelosguacaras.gob.ar\/sitio\/wp-json\/wp\/v2\/categories?post=91"},{"taxonomy":"post_tag","embeddable":true,"href":"https:\/\/santaanadelosguacaras.gob.ar\/sitio\/wp-json\/wp\/v2\/tags?post=91"}],"curies":[{"name":"wp","href":"https:\/\/api.w.org\/{rel}","templated":true}]}}